{"id":37887,"date":"2015-02-22T17:24:26","date_gmt":"2015-02-22T20:24:26","guid":{"rendered":"http:\/\/www.notibras.com\/site\/?p=37887"},"modified":"2015-02-22T18:26:50","modified_gmt":"2015-02-22T21:26:50","slug":"robinho-encerra-jejum-de-tres-meses-e-santos-bate-lusa","status":"publish","type":"post","link":"https:\/\/www.notibras.com\/site\/robinho-encerra-jejum-de-tres-meses-e-santos-bate-lusa\/","title":{"rendered":"Robinho encerra jejum de tr\u00eas meses e Santos bate Lusa"},"content":{"rendered":"<p>Mais de tr\u00eas meses. Foi o tempo que Robinho ficou sem balan\u00e7ar as redes. Mas na tarde deste domingo, no est\u00e1dio do Pacaembu, o camisa 7 acabou com este longo jejum em grande estilo. Marcou um gola\u00e7o com a bola rolando, fez outro de p\u00eanalti \u2013 sofrido por ele mesmo \u2013 e ainda deu uma assist\u00eancia perfeita para o gol de Cicinho. Resultado: 3 a 1 Santos sobre a Portuguesa, em jogo v\u00e1lido pela sexta rodada do Campeonato Paulista.<\/p>\n<p>Robinho n\u00e3o ia \u00e0s redes desde o dia 19 de novembro, quando marcou o \u00fanico gol alvinegro no empate de 1 a 1 com o Atl\u00e9tico-PR na Arena da Baixada, pela 35\u00aa rodada do Campeonato Brasileiro. Desde ent\u00e3o, havia entrado em campo seis vezes, e em todas elas passou em branco. Mas neste domingo a hist\u00f3ria mudou. O atacante relembrou as grandes atua\u00e7\u00f5es da carreira \u2013 dando show pelo setor esquerdo de ataque \u2013 e comandou a quarta vit\u00f3ria santista.<\/p>\n<p>Com o resultado, o Santos chega a 14 pontos no grupo D e mant\u00e9m os oito pontos de dist\u00e2ncia em rela\u00e7\u00e3o ao segundo colocado, que agora \u00e9 o Capivariano. Fora isso, segue na cola do S\u00e3o Paulo, l\u00edder da classifica\u00e7\u00e3o geral com 16. J\u00e1 a Portuguesa perde a primeira no Paulist\u00e3o, estaciona nos seis pontos e fica com a terceira posi\u00e7\u00e3o da chave C.<\/p>\n<p>Debaixo de muito sol (cerca de 32\u00baC), Santos e Portuguesa iniciaram o duelo com as mesmas armas: a bola parada. Foi desta forma que os times criaram suas primeiras jogadas de perigo. Mas foi atrav\u00e9s do contra-ataque que o placar foi inaugurado no Pacaembu, e com uma pintura. Vanderlei &#8216;ligou&#8217; Robinho, que recebeu pela esquerda pouco depois da intermedi\u00e1ria, avan\u00e7ou at\u00e9 a \u00e1rea, tirou o zagueiro cortando para dentro e finalizou com extrema categoria de perna direita, aos 17min. 1 a 0. Era o come\u00e7o do show do camisa 7, que aos 33min encontrou um espa\u00e7o m\u00ednimo para driblar Alex Lima pelo lado esquerdo, na linha de fundo, e acabou derrubado dentro da \u00e1rea. P\u00eanalti que ele mesmo cobrou e ampliou. 2 a 0.<\/p>\n<blockquote><p>Confort\u00e1vel dentro do Pacaembu e levando mais perigo que a Portuguesa, o Santos n\u00e3o demorou para encontrar o terceiro, que veio aos 44min. Novamente pelo lado esquerdo, Robinho tabelou com Lucas Lima e, de perna esquerda, cruzou na medida para Cicinho aparecer j\u00e1 dentro da pequena \u00e1rea e mandar de cabe\u00e7a para as redes, j\u00e1 com o goleiro Rafael Santos batido no lance. 3 a 0, em um primeiro tempo espetacular de Robinho. &#8220;Grande lan\u00e7amento do Vanderlei e fiz uma bela jogada. Belos quarenta cinco minutos do time, e que no segundo tempo continue assim&#8221;, disse o Rei das Pedaladas na sa\u00edda para o intervalo. Mas, ao contr\u00e1rio do que queria Robinho, o Santos n\u00e3o conseguiu manter o ritmo na etapa final.<\/p><\/blockquote>\n<p>Ainda assim, seguiu tranquilo na partida. Perdeu um pouco da posse de bola, mas continuou com o goleiro Vanderlei n\u00e3o sendo incomodado pelo ataque rubro-verde. E aos 13min, com a expuls\u00e3o de Alex Lima, que recebeu o segundo amarelo e foi expulso, voltou a tomar conta do jogo. Quase ampliou aos 17min, com chute da entrada da \u00e1rea de Robinho, e aos 18min, com Ricardo Oliveira quase marcando ao tentar encobrir o goleiro Rafael Santos. Mas curiosamente, o time da Vila Belmiro \u2013 que marcou tr\u00eas gols no 11 contra 11 \u2013 terminou o segundo tempo sem marcar um gol sequer, apesar da vantagem num\u00e9rica. E de quebra, a Portuguesa ainda conseguiu marcar o gol de honra com Jean Mota, que aproveitou rebote de Vanderlei ap\u00f3s chute de Edno.<\/p>\n","protected":false},"excerpt":{"rendered":"<p>Mais de tr\u00eas meses. Foi o tempo que Robinho ficou sem balan\u00e7ar as redes. Mas na tarde deste domingo, no est\u00e1dio do Pacaembu, o camisa 7 acabou com este longo jejum em grande estilo. Marcou um gola\u00e7o com a bola rolando, fez outro de p\u00eanalti \u2013 sofrido por ele mesmo \u2013 e ainda deu uma [&hellip;]<\/p>\n","protected":false},"author":2,"featured_media":37888,"comment_status":"open","ping_status":"closed","sticky":false,"template":"","format":"standard","meta":{"_acf_changed":false,"footnotes":""},"categories":[19,29],"tags":[],"class_list":["post-37887","post","type-post","status-publish","format-standard","has-post-thumbnail","hentry","category-esportes","category-futebol"],"acf":[],"yoast_head":"<!-- This site is optimized with the Yoast SEO plugin v27.2 - https:\/\/yoast.com\/product\/yoast-seo-wordpress\/ -->\n<title>Robinho encerra jejum de tr\u00eas meses e Santos bate Lusa - Notibras<\/title>\n<meta name=\"robots\" content=\"index, follow, max-snippet:-1, max-image-preview:large, max-video-preview:-1\" \/>\n<link rel=\"canonical\" href=\"https:\/\/www.notibras.com\/site\/robinho-encerra-jejum-de-tres-meses-e-santos-bate-lusa\/\" \/>\n<meta property=\"og:locale\" content=\"pt_BR\" \/>\n<meta property=\"og:type\" content=\"article\" \/>\n<meta property=\"og:title\" content=\"Robinho encerra jejum de tr\u00eas meses e Santos bate Lusa - Notibras\" \/>\n<meta property=\"og:description\" content=\"Mais de tr\u00eas meses. Foi o tempo que Robinho ficou sem balan\u00e7ar as redes. Mas na tarde deste domingo, no est\u00e1dio do Pacaembu, o camisa 7 acabou com este longo jejum em grande estilo. Marcou um gola\u00e7o com a bola rolando, fez outro de p\u00eanalti \u2013 sofrido por ele mesmo \u2013 e ainda deu uma [&hellip;]\" \/>\n<meta property=\"og:url\" content=\"https:\/\/www.notibras.com\/site\/robinho-encerra-jejum-de-tres-meses-e-santos-bate-lusa\/\" \/>\n<meta property=\"og:site_name\" content=\"Notibras\" \/>\n<meta property=\"article:publisher\" content=\"https:\/\/www.facebook.com\/notibras\/\" \/>\n<meta property=\"article:published_time\" content=\"2015-02-22T20:24:26+00:00\" \/>\n<meta property=\"article:modified_time\" content=\"2015-02-22T21:26:50+00:00\" \/>\n<meta property=\"og:image\" content=\"https:\/\/www.notibras.com\/site\/wp-content\/uploads\/2015\/02\/robinhoportuguesaxsantosluismouragazeta.jpg\" \/>\n\t<meta property=\"og:image:width\" content=\"940\" \/>\n\t<meta property=\"og:image:height\" content=\"627\" \/>\n\t<meta property=\"og:image:type\" content=\"image\/jpeg\" \/>\n<meta name=\"author\" content=\"Reda\u00e7\u00e3o\" \/>\n<meta name=\"twitter:card\" content=\"summary_large_image\" \/>\n<meta name=\"twitter:creator\" content=\"@Notibras\" \/>\n<meta name=\"twitter:site\" content=\"@Notibras\" \/>\n<meta name=\"twitter:label1\" content=\"Escrito por\" \/>\n\t<meta name=\"twitter:data1\" content=\"Reda\u00e7\u00e3o\" \/>\n\t<meta name=\"twitter:label2\" content=\"Est. tempo de leitura\" \/>\n\t<meta name=\"twitter:data2\" content=\"3 minutos\" \/>\n<script type=\"application\/ld+json\" class=\"yoast-schema-graph\">{\"@context\":\"https:\/\/schema.org\",\"@graph\":[{\"@type\":\"Article\",\"@id\":\"https:\/\/www.notibras.com\/site\/robinho-encerra-jejum-de-tres-meses-e-santos-bate-lusa\/#article\",\"isPartOf\":{\"@id\":\"https:\/\/www.notibras.com\/site\/robinho-encerra-jejum-de-tres-meses-e-santos-bate-lusa\/\"},\"author\":{\"name\":\"Reda\u00e7\u00e3o\",\"@id\":\"https:\/\/www.notibras.com\/site\/#\/schema\/person\/36ab0979449956132d3e5b517ea76ac8\"},\"headline\":\"Robinho encerra jejum de tr\u00eas meses e Santos bate Lusa\",\"datePublished\":\"2015-02-22T20:24:26+00:00\",\"dateModified\":\"2015-02-22T21:26:50+00:00\",\"mainEntityOfPage\":{\"@id\":\"https:\/\/www.notibras.com\/site\/robinho-encerra-jejum-de-tres-meses-e-santos-bate-lusa\/\"},\"wordCount\":624,\"commentCount\":0,\"publisher\":{\"@id\":\"https:\/\/www.notibras.com\/site\/#organization\"},\"image\":{\"@id\":\"https:\/\/www.notibras.com\/site\/robinho-encerra-jejum-de-tres-meses-e-santos-bate-lusa\/#primaryimage\"},\"thumbnailUrl\":\"https:\/\/www.notibras.com\/site\/wp-content\/uploads\/2015\/02\/robinhoportuguesaxsantosluismouragazeta.jpg\",\"articleSection\":[\"Esportes\",\"Futebol\"],\"inLanguage\":\"pt-BR\",\"potentialAction\":[{\"@type\":\"CommentAction\",\"name\":\"Comment\",\"target\":[\"https:\/\/www.notibras.com\/site\/robinho-encerra-jejum-de-tres-meses-e-santos-bate-lusa\/#respond\"]}]},{\"@type\":\"WebPage\",\"@id\":\"https:\/\/www.notibras.com\/site\/robinho-encerra-jejum-de-tres-meses-e-santos-bate-lusa\/\",\"url\":\"https:\/\/www.notibras.com\/site\/robinho-encerra-jejum-de-tres-meses-e-santos-bate-lusa\/\",\"name\":\"Robinho encerra jejum de tr\u00eas meses e Santos bate Lusa - Notibras\",\"isPartOf\":{\"@id\":\"https:\/\/www.notibras.com\/site\/#website\"},\"primaryImageOfPage\":{\"@id\":\"https:\/\/www.notibras.com\/site\/robinho-encerra-jejum-de-tres-meses-e-santos-bate-lusa\/#primaryimage\"},\"image\":{\"@id\":\"https:\/\/www.notibras.com\/site\/robinho-encerra-jejum-de-tres-meses-e-santos-bate-lusa\/#primaryimage\"},\"thumbnailUrl\":\"https:\/\/www.notibras.com\/site\/wp-content\/uploads\/2015\/02\/robinhoportuguesaxsantosluismouragazeta.jpg\",\"datePublished\":\"2015-02-22T20:24:26+00:00\",\"dateModified\":\"2015-02-22T21:26:50+00:00\",\"breadcrumb\":{\"@id\":\"https:\/\/www.notibras.com\/site\/robinho-encerra-jejum-de-tres-meses-e-santos-bate-lusa\/#breadcrumb\"},\"inLanguage\":\"pt-BR\",\"potentialAction\":[{\"@type\":\"ReadAction\",\"target\":[\"https:\/\/www.notibras.com\/site\/robinho-encerra-jejum-de-tres-meses-e-santos-bate-lusa\/\"]}]},{\"@type\":\"ImageObject\",\"inLanguage\":\"pt-BR\",\"@id\":\"https:\/\/www.notibras.com\/site\/robinho-encerra-jejum-de-tres-meses-e-santos-bate-lusa\/#primaryimage\",\"url\":\"https:\/\/www.notibras.com\/site\/wp-content\/uploads\/2015\/02\/robinhoportuguesaxsantosluismouragazeta.jpg\",\"contentUrl\":\"https:\/\/www.notibras.com\/site\/wp-content\/uploads\/2015\/02\/robinhoportuguesaxsantosluismouragazeta.jpg\",\"width\":940,\"height\":627},{\"@type\":\"BreadcrumbList\",\"@id\":\"https:\/\/www.notibras.com\/site\/robinho-encerra-jejum-de-tres-meses-e-santos-bate-lusa\/#breadcrumb\",\"itemListElement\":[{\"@type\":\"ListItem\",\"position\":1,\"name\":\"In\u00edcio\",\"item\":\"https:\/\/www.notibras.com\/site\/\"},{\"@type\":\"ListItem\",\"position\":2,\"name\":\"Robinho encerra jejum de tr\u00eas meses e Santos bate Lusa\"}]},{\"@type\":\"WebSite\",\"@id\":\"https:\/\/www.notibras.com\/site\/#website\",\"url\":\"https:\/\/www.notibras.com\/site\/\",\"name\":\"Notibras\",\"description\":\"Not\u00edcias de Bras\u00edlia, do Brasil e do Mundo\",\"publisher\":{\"@id\":\"https:\/\/www.notibras.com\/site\/#organization\"},\"potentialAction\":[{\"@type\":\"SearchAction\",\"target\":{\"@type\":\"EntryPoint\",\"urlTemplate\":\"https:\/\/www.notibras.com\/site\/?s={search_term_string}\"},\"query-input\":{\"@type\":\"PropertyValueSpecification\",\"valueRequired\":true,\"valueName\":\"search_term_string\"}}],\"inLanguage\":\"pt-BR\"},{\"@type\":\"Organization\",\"@id\":\"https:\/\/www.notibras.com\/site\/#organization\",\"name\":\"Grupo Notibras de Comunica\u00e7\u00e3o\",\"url\":\"https:\/\/www.notibras.com\/site\/\",\"logo\":{\"@type\":\"ImageObject\",\"inLanguage\":\"pt-BR\",\"@id\":\"https:\/\/www.notibras.com\/site\/#\/schema\/logo\/image\/\",\"url\":\"https:\/\/www.notibras.com\/site\/wp-content\/uploads\/2023\/01\/notibras23.png\",\"contentUrl\":\"https:\/\/www.notibras.com\/site\/wp-content\/uploads\/2023\/01\/notibras23.png\",\"width\":350,\"height\":87,\"caption\":\"Grupo Notibras de Comunica\u00e7\u00e3o\"},\"image\":{\"@id\":\"https:\/\/www.notibras.com\/site\/#\/schema\/logo\/image\/\"},\"sameAs\":[\"https:\/\/www.facebook.com\/notibras\/\",\"https:\/\/x.com\/Notibras\",\"https:\/\/www.instagram.com\/notibras\/\"]},{\"@type\":\"Person\",\"@id\":\"https:\/\/www.notibras.com\/site\/#\/schema\/person\/36ab0979449956132d3e5b517ea76ac8\",\"name\":\"Reda\u00e7\u00e3o\",\"image\":{\"@type\":\"ImageObject\",\"inLanguage\":\"pt-BR\",\"@id\":\"https:\/\/secure.gravatar.com\/avatar\/e0a867bdedb85fd243eadf09663511f96fc81e0720a4a42581f334ad4303aa6b?s=96&d=mm&r=g\",\"url\":\"https:\/\/secure.gravatar.com\/avatar\/e0a867bdedb85fd243eadf09663511f96fc81e0720a4a42581f334ad4303aa6b?s=96&d=mm&r=g\",\"contentUrl\":\"https:\/\/secure.gravatar.com\/avatar\/e0a867bdedb85fd243eadf09663511f96fc81e0720a4a42581f334ad4303aa6b?s=96&d=mm&r=g\",\"caption\":\"Reda\u00e7\u00e3o\"}}]}<\/script>\n<!-- \/ Yoast SEO plugin. -->","yoast_head_json":{"title":"Robinho encerra jejum de tr\u00eas meses e Santos bate Lusa - Notibras","robots":{"index":"index","follow":"follow","max-snippet":"max-snippet:-1","max-image-preview":"max-image-preview:large","max-video-preview":"max-video-preview:-1"},"canonical":"https:\/\/www.notibras.com\/site\/robinho-encerra-jejum-de-tres-meses-e-santos-bate-lusa\/","og_locale":"pt_BR","og_type":"article","og_title":"Robinho encerra jejum de tr\u00eas meses e Santos bate Lusa - Notibras","og_description":"Mais de tr\u00eas meses. Foi o tempo que Robinho ficou sem balan\u00e7ar as redes. Mas na tarde deste domingo, no est\u00e1dio do Pacaembu, o camisa 7 acabou com este longo jejum em grande estilo. Marcou um gola\u00e7o com a bola rolando, fez outro de p\u00eanalti \u2013 sofrido por ele mesmo \u2013 e ainda deu uma [&hellip;]","og_url":"https:\/\/www.notibras.com\/site\/robinho-encerra-jejum-de-tres-meses-e-santos-bate-lusa\/","og_site_name":"Notibras","article_publisher":"https:\/\/www.facebook.com\/notibras\/","article_published_time":"2015-02-22T20:24:26+00:00","article_modified_time":"2015-02-22T21:26:50+00:00","og_image":[{"width":940,"height":627,"url":"https:\/\/www.notibras.com\/site\/wp-content\/uploads\/2015\/02\/robinhoportuguesaxsantosluismouragazeta.jpg","type":"image\/jpeg"}],"author":"Reda\u00e7\u00e3o","twitter_card":"summary_large_image","twitter_creator":"@Notibras","twitter_site":"@Notibras","twitter_misc":{"Escrito por":"Reda\u00e7\u00e3o","Est. tempo de leitura":"3 minutos"},"schema":{"@context":"https:\/\/schema.org","@graph":[{"@type":"Article","@id":"https:\/\/www.notibras.com\/site\/robinho-encerra-jejum-de-tres-meses-e-santos-bate-lusa\/#article","isPartOf":{"@id":"https:\/\/www.notibras.com\/site\/robinho-encerra-jejum-de-tres-meses-e-santos-bate-lusa\/"},"author":{"name":"Reda\u00e7\u00e3o","@id":"https:\/\/www.notibras.com\/site\/#\/schema\/person\/36ab0979449956132d3e5b517ea76ac8"},"headline":"Robinho encerra jejum de tr\u00eas meses e Santos bate Lusa","datePublished":"2015-02-22T20:24:26+00:00","dateModified":"2015-02-22T21:26:50+00:00","mainEntityOfPage":{"@id":"https:\/\/www.notibras.com\/site\/robinho-encerra-jejum-de-tres-meses-e-santos-bate-lusa\/"},"wordCount":624,"commentCount":0,"publisher":{"@id":"https:\/\/www.notibras.com\/site\/#organization"},"image":{"@id":"https:\/\/www.notibras.com\/site\/robinho-encerra-jejum-de-tres-meses-e-santos-bate-lusa\/#primaryimage"},"thumbnailUrl":"https:\/\/www.notibras.com\/site\/wp-content\/uploads\/2015\/02\/robinhoportuguesaxsantosluismouragazeta.jpg","articleSection":["Esportes","Futebol"],"inLanguage":"pt-BR","potentialAction":[{"@type":"CommentAction","name":"Comment","target":["https:\/\/www.notibras.com\/site\/robinho-encerra-jejum-de-tres-meses-e-santos-bate-lusa\/#respond"]}]},{"@type":"WebPage","@id":"https:\/\/www.notibras.com\/site\/robinho-encerra-jejum-de-tres-meses-e-santos-bate-lusa\/","url":"https:\/\/www.notibras.com\/site\/robinho-encerra-jejum-de-tres-meses-e-santos-bate-lusa\/","name":"Robinho encerra jejum de tr\u00eas meses e Santos bate Lusa - Notibras","isPartOf":{"@id":"https:\/\/www.notibras.com\/site\/#website"},"primaryImageOfPage":{"@id":"https:\/\/www.notibras.com\/site\/robinho-encerra-jejum-de-tres-meses-e-santos-bate-lusa\/#primaryimage"},"image":{"@id":"https:\/\/www.notibras.com\/site\/robinho-encerra-jejum-de-tres-meses-e-santos-bate-lusa\/#primaryimage"},"thumbnailUrl":"https:\/\/www.notibras.com\/site\/wp-content\/uploads\/2015\/02\/robinhoportuguesaxsantosluismouragazeta.jpg","datePublished":"2015-02-22T20:24:26+00:00","dateModified":"2015-02-22T21:26:50+00:00","breadcrumb":{"@id":"https:\/\/www.notibras.com\/site\/robinho-encerra-jejum-de-tres-meses-e-santos-bate-lusa\/#breadcrumb"},"inLanguage":"pt-BR","potentialAction":[{"@type":"ReadAction","target":["https:\/\/www.notibras.com\/site\/robinho-encerra-jejum-de-tres-meses-e-santos-bate-lusa\/"]}]},{"@type":"ImageObject","inLanguage":"pt-BR","@id":"https:\/\/www.notibras.com\/site\/robinho-encerra-jejum-de-tres-meses-e-santos-bate-lusa\/#primaryimage","url":"https:\/\/www.notibras.com\/site\/wp-content\/uploads\/2015\/02\/robinhoportuguesaxsantosluismouragazeta.jpg","contentUrl":"https:\/\/www.notibras.com\/site\/wp-content\/uploads\/2015\/02\/robinhoportuguesaxsantosluismouragazeta.jpg","width":940,"height":627},{"@type":"BreadcrumbList","@id":"https:\/\/www.notibras.com\/site\/robinho-encerra-jejum-de-tres-meses-e-santos-bate-lusa\/#breadcrumb","itemListElement":[{"@type":"ListItem","position":1,"name":"In\u00edcio","item":"https:\/\/www.notibras.com\/site\/"},{"@type":"ListItem","position":2,"name":"Robinho encerra jejum de tr\u00eas meses e Santos bate Lusa"}]},{"@type":"WebSite","@id":"https:\/\/www.notibras.com\/site\/#website","url":"https:\/\/www.notibras.com\/site\/","name":"Notibras","description":"Not\u00edcias de Bras\u00edlia, do Brasil e do Mundo","publisher":{"@id":"https:\/\/www.notibras.com\/site\/#organization"},"potentialAction":[{"@type":"SearchAction","target":{"@type":"EntryPoint","urlTemplate":"https:\/\/www.notibras.com\/site\/?s={search_term_string}"},"query-input":{"@type":"PropertyValueSpecification","valueRequired":true,"valueName":"search_term_string"}}],"inLanguage":"pt-BR"},{"@type":"Organization","@id":"https:\/\/www.notibras.com\/site\/#organization","name":"Grupo Notibras de Comunica\u00e7\u00e3o","url":"https:\/\/www.notibras.com\/site\/","logo":{"@type":"ImageObject","inLanguage":"pt-BR","@id":"https:\/\/www.notibras.com\/site\/#\/schema\/logo\/image\/","url":"https:\/\/www.notibras.com\/site\/wp-content\/uploads\/2023\/01\/notibras23.png","contentUrl":"https:\/\/www.notibras.com\/site\/wp-content\/uploads\/2023\/01\/notibras23.png","width":350,"height":87,"caption":"Grupo Notibras de Comunica\u00e7\u00e3o"},"image":{"@id":"https:\/\/www.notibras.com\/site\/#\/schema\/logo\/image\/"},"sameAs":["https:\/\/www.facebook.com\/notibras\/","https:\/\/x.com\/Notibras","https:\/\/www.instagram.com\/notibras\/"]},{"@type":"Person","@id":"https:\/\/www.notibras.com\/site\/#\/schema\/person\/36ab0979449956132d3e5b517ea76ac8","name":"Reda\u00e7\u00e3o","image":{"@type":"ImageObject","inLanguage":"pt-BR","@id":"https:\/\/secure.gravatar.com\/avatar\/e0a867bdedb85fd243eadf09663511f96fc81e0720a4a42581f334ad4303aa6b?s=96&d=mm&r=g","url":"https:\/\/secure.gravatar.com\/avatar\/e0a867bdedb85fd243eadf09663511f96fc81e0720a4a42581f334ad4303aa6b?s=96&d=mm&r=g","contentUrl":"https:\/\/secure.gravatar.com\/avatar\/e0a867bdedb85fd243eadf09663511f96fc81e0720a4a42581f334ad4303aa6b?s=96&d=mm&r=g","caption":"Reda\u00e7\u00e3o"}}]}},"amp_enabled":true,"_links":{"self":[{"href":"https:\/\/www.notibras.com\/site\/wp-json\/wp\/v2\/posts\/37887","targetHints":{"allow":["GET"]}}],"collection":[{"href":"https:\/\/www.notibras.com\/site\/wp-json\/wp\/v2\/posts"}],"about":[{"href":"https:\/\/www.notibras.com\/site\/wp-json\/wp\/v2\/types\/post"}],"author":[{"embeddable":true,"href":"https:\/\/www.notibras.com\/site\/wp-json\/wp\/v2\/users\/2"}],"replies":[{"embeddable":true,"href":"https:\/\/www.notibras.com\/site\/wp-json\/wp\/v2\/comments?post=37887"}],"version-history":[{"count":0,"href":"https:\/\/www.notibras.com\/site\/wp-json\/wp\/v2\/posts\/37887\/revisions"}],"wp:featuredmedia":[{"embeddable":true,"href":"https:\/\/www.notibras.com\/site\/wp-json\/wp\/v2\/media\/37888"}],"wp:attachment":[{"href":"https:\/\/www.notibras.com\/site\/wp-json\/wp\/v2\/media?parent=37887"}],"wp:term":[{"taxonomy":"category","embeddable":true,"href":"https:\/\/www.notibras.com\/site\/wp-json\/wp\/v2\/categories?post=37887"},{"taxonomy":"post_tag","embeddable":true,"href":"https:\/\/www.notibras.com\/site\/wp-json\/wp\/v2\/tags?post=37887"}],"curies":[{"name":"wp","href":"https:\/\/api.w.org\/{rel}","templated":true}]}}