{"id":378873,"date":"2026-01-13T14:43:18","date_gmt":"2026-01-13T17:43:18","guid":{"rendered":"https:\/\/www.notibras.com\/site\/?p=378873"},"modified":"2026-01-13T16:44:53","modified_gmt":"2026-01-13T19:44:53","slug":"abertas-inscricoes-para-o-premio-grande-otelo","status":"publish","type":"post","link":"https:\/\/www.notibras.com\/site\/abertas-inscricoes-para-o-premio-grande-otelo\/","title":{"rendered":"Abertas inscri\u00e7\u00f5es para o Pr\u00eamio Grande Otelo"},"content":{"rendered":"<p>Est\u00e3o abertas at\u00e9 o dia 20 de mar\u00e7o as inscri\u00e7\u00f5es para a 25\u00aa edi\u00e7\u00e3o do Pr\u00eamio Grande Otelo, a mais importante premia\u00e7\u00e3o do setor audiovisual do pa\u00eds. O regulamento pode ser acessado no site da Academia Brasileira de Cinema. Esta edi\u00e7\u00e3o marca o retorno da categoria Melhor Longa-metragem Com\u00e9dia e inclui o pr\u00eamio de Melhor Montagem Document\u00e1rio. Poder\u00e3o concorrer tamb\u00e9m \u00e0 premia\u00e7\u00e3o obras cinematogr\u00e1ficas e s\u00e9ries brasileiras lan\u00e7adas entre 1\u00ba de maio de 2025 e 30 de abril de 2026.<\/p>\n<p>Os filmes e s\u00e9ries com lan\u00e7amento previsto para depois do encerramento das inscri\u00e7\u00f5es, em 20 de mar\u00e7o, dever\u00e3o enviar carta de compromisso da distribuidora ou canal exibidor com a data de lan\u00e7amento at\u00e9 30 de abril deste ano. Durante o per\u00edodo de vota\u00e7\u00e3o do primeiro turno, essas produ\u00e7\u00f5es precisam enviar documentos comprobat\u00f3rios de lan\u00e7amento.<\/p>\n<p>No total, ser\u00e3o entregues 32 pr\u00eamios para longas-metragens, curtas-metragens e s\u00e9ries brasileiras, sendo 31 produ\u00e7\u00f5es escolhidas por um j\u00fari formado por profissionais associados \u00e0 Academia Brasileira de Cinema (ABC), al\u00e9m do Pr\u00eamio Grande Otelo de Melhor Filme, escolhido pelo J\u00fari Popular, por meio de vota\u00e7\u00e3o aberta realizada no site da Academia. Concorrer\u00e3o ao voto popular os cinco finalistas das categorias Melhor Longa-metragem Fic\u00e7\u00e3o, Melhor Longa-metragem Com\u00e9dia e Melhor Longa-metragem Document\u00e1rio.<\/p>\n<p><strong>Academia<\/strong><br \/>\nSediada no Rio de Janeiro, a Academia Brasileira de Cinema foi criada no dia 20 de maio de 2002 com o objetivo de instituir o Grande Pr\u00eamio do Cinema Brasileiro, agora denominado Pr\u00eamio Grande Otelo, al\u00e9m de contribuir para a discuss\u00e3o, promo\u00e7\u00e3o e fortalecimento da ind\u00fastria audiovisual em todo o Brasil.<\/p>\n<p>Em 2020, a Academia Brasileira de Cinema foi reconhecida pela Academy of Motion Picture, Arts and Sciences como \u00fanica entidade credenciada para indicar o filme que representa o cinema brasileiro na categoria Melhor Longa-Metragem Internacional no Oscar, sem qualquer tutela do governo que esteja no poder.<\/p>\n<p>Profissionais de diversas \u00e1reas do setor cinematogr\u00e1fico podem se associar \u00e0 academia, com direito de votar no Pr\u00eamio Grande Otelo e participar tamb\u00e9m das assembleias e eventos que acontecem ao longo do ano, como a elei\u00e7\u00e3o para a comiss\u00e3o que escolhe o filme brasileiro indicado para representar o pa\u00eds no Oscar. A Academia Brasileira de Cinema \u00e9 presidida por Renata Almeida Magalh\u00e3es, com diretoria composta por Paulo Mendon\u00e7a (vice-presidente), B\u00e1rbara Paz, Ariadne Mazzetti, Allan Deberton e Jeferson De.<\/p>\n","protected":false},"excerpt":{"rendered":"<p>Est\u00e3o abertas at\u00e9 o dia 20 de mar\u00e7o as inscri\u00e7\u00f5es para a 25\u00aa edi\u00e7\u00e3o do Pr\u00eamio Grande Otelo, a mais importante premia\u00e7\u00e3o do setor audiovisual do pa\u00eds. O regulamento pode ser acessado no site da Academia Brasileira de Cinema. Esta edi\u00e7\u00e3o marca o retorno da categoria Melhor Longa-metragem Com\u00e9dia e inclui o pr\u00eamio de Melhor [&hellip;]<\/p>\n","protected":false},"author":2,"featured_media":378874,"comment_status":"closed","ping_status":"closed","sticky":false,"template":"","format":"standard","meta":{"_acf_changed":false,"footnotes":""},"categories":[155],"tags":[],"class_list":["post-378873","post","type-post","status-publish","format-standard","has-post-thumbnail","hentry","category-leitura-vip"],"acf":[],"yoast_head":"<!-- This site is optimized with the Yoast SEO plugin v27.2 - https:\/\/yoast.com\/product\/yoast-seo-wordpress\/ -->\n<title>Abertas inscri\u00e7\u00f5es para o Pr\u00eamio Grande Otelo - Notibras<\/title>\n<meta name=\"robots\" content=\"index, follow, max-snippet:-1, max-image-preview:large, max-video-preview:-1\" \/>\n<link rel=\"canonical\" href=\"https:\/\/www.notibras.com\/site\/abertas-inscricoes-para-o-premio-grande-otelo\/\" \/>\n<meta property=\"og:locale\" content=\"pt_BR\" \/>\n<meta property=\"og:type\" content=\"article\" \/>\n<meta property=\"og:title\" content=\"Abertas inscri\u00e7\u00f5es para o Pr\u00eamio Grande Otelo - Notibras\" \/>\n<meta property=\"og:description\" content=\"Est\u00e3o abertas at\u00e9 o dia 20 de mar\u00e7o as inscri\u00e7\u00f5es para a 25\u00aa edi\u00e7\u00e3o do Pr\u00eamio Grande Otelo, a mais importante premia\u00e7\u00e3o do setor audiovisual do pa\u00eds. O regulamento pode ser acessado no site da Academia Brasileira de Cinema. Esta edi\u00e7\u00e3o marca o retorno da categoria Melhor Longa-metragem Com\u00e9dia e inclui o pr\u00eamio de Melhor [&hellip;]\" \/>\n<meta property=\"og:url\" content=\"https:\/\/www.notibras.com\/site\/abertas-inscricoes-para-o-premio-grande-otelo\/\" \/>\n<meta property=\"og:site_name\" content=\"Notibras\" \/>\n<meta property=\"article:publisher\" content=\"https:\/\/www.facebook.com\/notibras\/\" \/>\n<meta property=\"article:published_time\" content=\"2026-01-13T17:43:18+00:00\" \/>\n<meta property=\"article:modified_time\" content=\"2026-01-13T19:44:53+00:00\" \/>\n<meta property=\"og:image\" content=\"https:\/\/www.notibras.com\/site\/wp-content\/uploads\/2026\/01\/trofeu-foto-rogerio-resende-433-scaled-1.webp\" \/>\n\t<meta property=\"og:image:width\" content=\"1170\" \/>\n\t<meta property=\"og:image:height\" content=\"700\" \/>\n\t<meta property=\"og:image:type\" content=\"image\/webp\" \/>\n<meta name=\"author\" content=\"Reda\u00e7\u00e3o\" \/>\n<meta name=\"twitter:card\" content=\"summary_large_image\" \/>\n<meta name=\"twitter:creator\" content=\"@Notibras\" \/>\n<meta name=\"twitter:site\" content=\"@Notibras\" \/>\n<meta name=\"twitter:label1\" content=\"Escrito por\" \/>\n\t<meta name=\"twitter:data1\" content=\"Reda\u00e7\u00e3o\" \/>\n\t<meta name=\"twitter:label2\" content=\"Est. tempo de leitura\" \/>\n\t<meta name=\"twitter:data2\" content=\"3 minutos\" \/>\n<script type=\"application\/ld+json\" class=\"yoast-schema-graph\">{\"@context\":\"https:\/\/schema.org\",\"@graph\":[{\"@type\":\"Article\",\"@id\":\"https:\/\/www.notibras.com\/site\/abertas-inscricoes-para-o-premio-grande-otelo\/#article\",\"isPartOf\":{\"@id\":\"https:\/\/www.notibras.com\/site\/abertas-inscricoes-para-o-premio-grande-otelo\/\"},\"author\":{\"name\":\"Reda\u00e7\u00e3o\",\"@id\":\"https:\/\/www.notibras.com\/site\/#\/schema\/person\/36ab0979449956132d3e5b517ea76ac8\"},\"headline\":\"Abertas inscri\u00e7\u00f5es para o Pr\u00eamio Grande Otelo\",\"datePublished\":\"2026-01-13T17:43:18+00:00\",\"dateModified\":\"2026-01-13T19:44:53+00:00\",\"mainEntityOfPage\":{\"@id\":\"https:\/\/www.notibras.com\/site\/abertas-inscricoes-para-o-premio-grande-otelo\/\"},\"wordCount\":428,\"publisher\":{\"@id\":\"https:\/\/www.notibras.com\/site\/#organization\"},\"image\":{\"@id\":\"https:\/\/www.notibras.com\/site\/abertas-inscricoes-para-o-premio-grande-otelo\/#primaryimage\"},\"thumbnailUrl\":\"https:\/\/www.notibras.com\/site\/wp-content\/uploads\/2026\/01\/trofeu-foto-rogerio-resende-433-scaled-1.webp\",\"articleSection\":[\"Leitura Vip\"],\"inLanguage\":\"pt-BR\"},{\"@type\":\"WebPage\",\"@id\":\"https:\/\/www.notibras.com\/site\/abertas-inscricoes-para-o-premio-grande-otelo\/\",\"url\":\"https:\/\/www.notibras.com\/site\/abertas-inscricoes-para-o-premio-grande-otelo\/\",\"name\":\"Abertas inscri\u00e7\u00f5es para o Pr\u00eamio Grande Otelo - Notibras\",\"isPartOf\":{\"@id\":\"https:\/\/www.notibras.com\/site\/#website\"},\"primaryImageOfPage\":{\"@id\":\"https:\/\/www.notibras.com\/site\/abertas-inscricoes-para-o-premio-grande-otelo\/#primaryimage\"},\"image\":{\"@id\":\"https:\/\/www.notibras.com\/site\/abertas-inscricoes-para-o-premio-grande-otelo\/#primaryimage\"},\"thumbnailUrl\":\"https:\/\/www.notibras.com\/site\/wp-content\/uploads\/2026\/01\/trofeu-foto-rogerio-resende-433-scaled-1.webp\",\"datePublished\":\"2026-01-13T17:43:18+00:00\",\"dateModified\":\"2026-01-13T19:44:53+00:00\",\"breadcrumb\":{\"@id\":\"https:\/\/www.notibras.com\/site\/abertas-inscricoes-para-o-premio-grande-otelo\/#breadcrumb\"},\"inLanguage\":\"pt-BR\",\"potentialAction\":[{\"@type\":\"ReadAction\",\"target\":[\"https:\/\/www.notibras.com\/site\/abertas-inscricoes-para-o-premio-grande-otelo\/\"]}]},{\"@type\":\"ImageObject\",\"inLanguage\":\"pt-BR\",\"@id\":\"https:\/\/www.notibras.com\/site\/abertas-inscricoes-para-o-premio-grande-otelo\/#primaryimage\",\"url\":\"https:\/\/www.notibras.com\/site\/wp-content\/uploads\/2026\/01\/trofeu-foto-rogerio-resende-433-scaled-1.webp\",\"contentUrl\":\"https:\/\/www.notibras.com\/site\/wp-content\/uploads\/2026\/01\/trofeu-foto-rogerio-resende-433-scaled-1.webp\",\"width\":1170,\"height\":700},{\"@type\":\"BreadcrumbList\",\"@id\":\"https:\/\/www.notibras.com\/site\/abertas-inscricoes-para-o-premio-grande-otelo\/#breadcrumb\",\"itemListElement\":[{\"@type\":\"ListItem\",\"position\":1,\"name\":\"In\u00edcio\",\"item\":\"https:\/\/www.notibras.com\/site\/\"},{\"@type\":\"ListItem\",\"position\":2,\"name\":\"Abertas inscri\u00e7\u00f5es para o Pr\u00eamio Grande Otelo\"}]},{\"@type\":\"WebSite\",\"@id\":\"https:\/\/www.notibras.com\/site\/#website\",\"url\":\"https:\/\/www.notibras.com\/site\/\",\"name\":\"Notibras\",\"description\":\"Not\u00edcias de Bras\u00edlia, do Brasil e do Mundo\",\"publisher\":{\"@id\":\"https:\/\/www.notibras.com\/site\/#organization\"},\"potentialAction\":[{\"@type\":\"SearchAction\",\"target\":{\"@type\":\"EntryPoint\",\"urlTemplate\":\"https:\/\/www.notibras.com\/site\/?s={search_term_string}\"},\"query-input\":{\"@type\":\"PropertyValueSpecification\",\"valueRequired\":true,\"valueName\":\"search_term_string\"}}],\"inLanguage\":\"pt-BR\"},{\"@type\":\"Organization\",\"@id\":\"https:\/\/www.notibras.com\/site\/#organization\",\"name\":\"Grupo Notibras de Comunica\u00e7\u00e3o\",\"url\":\"https:\/\/www.notibras.com\/site\/\",\"logo\":{\"@type\":\"ImageObject\",\"inLanguage\":\"pt-BR\",\"@id\":\"https:\/\/www.notibras.com\/site\/#\/schema\/logo\/image\/\",\"url\":\"https:\/\/www.notibras.com\/site\/wp-content\/uploads\/2023\/01\/notibras23.png\",\"contentUrl\":\"https:\/\/www.notibras.com\/site\/wp-content\/uploads\/2023\/01\/notibras23.png\",\"width\":350,\"height\":87,\"caption\":\"Grupo Notibras de Comunica\u00e7\u00e3o\"},\"image\":{\"@id\":\"https:\/\/www.notibras.com\/site\/#\/schema\/logo\/image\/\"},\"sameAs\":[\"https:\/\/www.facebook.com\/notibras\/\",\"https:\/\/x.com\/Notibras\",\"https:\/\/www.instagram.com\/notibras\/\"]},{\"@type\":\"Person\",\"@id\":\"https:\/\/www.notibras.com\/site\/#\/schema\/person\/36ab0979449956132d3e5b517ea76ac8\",\"name\":\"Reda\u00e7\u00e3o\",\"image\":{\"@type\":\"ImageObject\",\"inLanguage\":\"pt-BR\",\"@id\":\"https:\/\/secure.gravatar.com\/avatar\/e0a867bdedb85fd243eadf09663511f96fc81e0720a4a42581f334ad4303aa6b?s=96&d=mm&r=g\",\"url\":\"https:\/\/secure.gravatar.com\/avatar\/e0a867bdedb85fd243eadf09663511f96fc81e0720a4a42581f334ad4303aa6b?s=96&d=mm&r=g\",\"contentUrl\":\"https:\/\/secure.gravatar.com\/avatar\/e0a867bdedb85fd243eadf09663511f96fc81e0720a4a42581f334ad4303aa6b?s=96&d=mm&r=g\",\"caption\":\"Reda\u00e7\u00e3o\"}}]}<\/script>\n<!-- \/ Yoast SEO plugin. -->","yoast_head_json":{"title":"Abertas inscri\u00e7\u00f5es para o Pr\u00eamio Grande Otelo - Notibras","robots":{"index":"index","follow":"follow","max-snippet":"max-snippet:-1","max-image-preview":"max-image-preview:large","max-video-preview":"max-video-preview:-1"},"canonical":"https:\/\/www.notibras.com\/site\/abertas-inscricoes-para-o-premio-grande-otelo\/","og_locale":"pt_BR","og_type":"article","og_title":"Abertas inscri\u00e7\u00f5es para o Pr\u00eamio Grande Otelo - Notibras","og_description":"Est\u00e3o abertas at\u00e9 o dia 20 de mar\u00e7o as inscri\u00e7\u00f5es para a 25\u00aa edi\u00e7\u00e3o do Pr\u00eamio Grande Otelo, a mais importante premia\u00e7\u00e3o do setor audiovisual do pa\u00eds. O regulamento pode ser acessado no site da Academia Brasileira de Cinema. Esta edi\u00e7\u00e3o marca o retorno da categoria Melhor Longa-metragem Com\u00e9dia e inclui o pr\u00eamio de Melhor [&hellip;]","og_url":"https:\/\/www.notibras.com\/site\/abertas-inscricoes-para-o-premio-grande-otelo\/","og_site_name":"Notibras","article_publisher":"https:\/\/www.facebook.com\/notibras\/","article_published_time":"2026-01-13T17:43:18+00:00","article_modified_time":"2026-01-13T19:44:53+00:00","og_image":[{"width":1170,"height":700,"url":"https:\/\/www.notibras.com\/site\/wp-content\/uploads\/2026\/01\/trofeu-foto-rogerio-resende-433-scaled-1.webp","type":"image\/webp"}],"author":"Reda\u00e7\u00e3o","twitter_card":"summary_large_image","twitter_creator":"@Notibras","twitter_site":"@Notibras","twitter_misc":{"Escrito por":"Reda\u00e7\u00e3o","Est. tempo de leitura":"3 minutos"},"schema":{"@context":"https:\/\/schema.org","@graph":[{"@type":"Article","@id":"https:\/\/www.notibras.com\/site\/abertas-inscricoes-para-o-premio-grande-otelo\/#article","isPartOf":{"@id":"https:\/\/www.notibras.com\/site\/abertas-inscricoes-para-o-premio-grande-otelo\/"},"author":{"name":"Reda\u00e7\u00e3o","@id":"https:\/\/www.notibras.com\/site\/#\/schema\/person\/36ab0979449956132d3e5b517ea76ac8"},"headline":"Abertas inscri\u00e7\u00f5es para o Pr\u00eamio Grande Otelo","datePublished":"2026-01-13T17:43:18+00:00","dateModified":"2026-01-13T19:44:53+00:00","mainEntityOfPage":{"@id":"https:\/\/www.notibras.com\/site\/abertas-inscricoes-para-o-premio-grande-otelo\/"},"wordCount":428,"publisher":{"@id":"https:\/\/www.notibras.com\/site\/#organization"},"image":{"@id":"https:\/\/www.notibras.com\/site\/abertas-inscricoes-para-o-premio-grande-otelo\/#primaryimage"},"thumbnailUrl":"https:\/\/www.notibras.com\/site\/wp-content\/uploads\/2026\/01\/trofeu-foto-rogerio-resende-433-scaled-1.webp","articleSection":["Leitura Vip"],"inLanguage":"pt-BR"},{"@type":"WebPage","@id":"https:\/\/www.notibras.com\/site\/abertas-inscricoes-para-o-premio-grande-otelo\/","url":"https:\/\/www.notibras.com\/site\/abertas-inscricoes-para-o-premio-grande-otelo\/","name":"Abertas inscri\u00e7\u00f5es para o Pr\u00eamio Grande Otelo - Notibras","isPartOf":{"@id":"https:\/\/www.notibras.com\/site\/#website"},"primaryImageOfPage":{"@id":"https:\/\/www.notibras.com\/site\/abertas-inscricoes-para-o-premio-grande-otelo\/#primaryimage"},"image":{"@id":"https:\/\/www.notibras.com\/site\/abertas-inscricoes-para-o-premio-grande-otelo\/#primaryimage"},"thumbnailUrl":"https:\/\/www.notibras.com\/site\/wp-content\/uploads\/2026\/01\/trofeu-foto-rogerio-resende-433-scaled-1.webp","datePublished":"2026-01-13T17:43:18+00:00","dateModified":"2026-01-13T19:44:53+00:00","breadcrumb":{"@id":"https:\/\/www.notibras.com\/site\/abertas-inscricoes-para-o-premio-grande-otelo\/#breadcrumb"},"inLanguage":"pt-BR","potentialAction":[{"@type":"ReadAction","target":["https:\/\/www.notibras.com\/site\/abertas-inscricoes-para-o-premio-grande-otelo\/"]}]},{"@type":"ImageObject","inLanguage":"pt-BR","@id":"https:\/\/www.notibras.com\/site\/abertas-inscricoes-para-o-premio-grande-otelo\/#primaryimage","url":"https:\/\/www.notibras.com\/site\/wp-content\/uploads\/2026\/01\/trofeu-foto-rogerio-resende-433-scaled-1.webp","contentUrl":"https:\/\/www.notibras.com\/site\/wp-content\/uploads\/2026\/01\/trofeu-foto-rogerio-resende-433-scaled-1.webp","width":1170,"height":700},{"@type":"BreadcrumbList","@id":"https:\/\/www.notibras.com\/site\/abertas-inscricoes-para-o-premio-grande-otelo\/#breadcrumb","itemListElement":[{"@type":"ListItem","position":1,"name":"In\u00edcio","item":"https:\/\/www.notibras.com\/site\/"},{"@type":"ListItem","position":2,"name":"Abertas inscri\u00e7\u00f5es para o Pr\u00eamio Grande Otelo"}]},{"@type":"WebSite","@id":"https:\/\/www.notibras.com\/site\/#website","url":"https:\/\/www.notibras.com\/site\/","name":"Notibras","description":"Not\u00edcias de Bras\u00edlia, do Brasil e do Mundo","publisher":{"@id":"https:\/\/www.notibras.com\/site\/#organization"},"potentialAction":[{"@type":"SearchAction","target":{"@type":"EntryPoint","urlTemplate":"https:\/\/www.notibras.com\/site\/?s={search_term_string}"},"query-input":{"@type":"PropertyValueSpecification","valueRequired":true,"valueName":"search_term_string"}}],"inLanguage":"pt-BR"},{"@type":"Organization","@id":"https:\/\/www.notibras.com\/site\/#organization","name":"Grupo Notibras de Comunica\u00e7\u00e3o","url":"https:\/\/www.notibras.com\/site\/","logo":{"@type":"ImageObject","inLanguage":"pt-BR","@id":"https:\/\/www.notibras.com\/site\/#\/schema\/logo\/image\/","url":"https:\/\/www.notibras.com\/site\/wp-content\/uploads\/2023\/01\/notibras23.png","contentUrl":"https:\/\/www.notibras.com\/site\/wp-content\/uploads\/2023\/01\/notibras23.png","width":350,"height":87,"caption":"Grupo Notibras de Comunica\u00e7\u00e3o"},"image":{"@id":"https:\/\/www.notibras.com\/site\/#\/schema\/logo\/image\/"},"sameAs":["https:\/\/www.facebook.com\/notibras\/","https:\/\/x.com\/Notibras","https:\/\/www.instagram.com\/notibras\/"]},{"@type":"Person","@id":"https:\/\/www.notibras.com\/site\/#\/schema\/person\/36ab0979449956132d3e5b517ea76ac8","name":"Reda\u00e7\u00e3o","image":{"@type":"ImageObject","inLanguage":"pt-BR","@id":"https:\/\/secure.gravatar.com\/avatar\/e0a867bdedb85fd243eadf09663511f96fc81e0720a4a42581f334ad4303aa6b?s=96&d=mm&r=g","url":"https:\/\/secure.gravatar.com\/avatar\/e0a867bdedb85fd243eadf09663511f96fc81e0720a4a42581f334ad4303aa6b?s=96&d=mm&r=g","contentUrl":"https:\/\/secure.gravatar.com\/avatar\/e0a867bdedb85fd243eadf09663511f96fc81e0720a4a42581f334ad4303aa6b?s=96&d=mm&r=g","caption":"Reda\u00e7\u00e3o"}}]}},"amp_enabled":true,"_links":{"self":[{"href":"https:\/\/www.notibras.com\/site\/wp-json\/wp\/v2\/posts\/378873","targetHints":{"allow":["GET"]}}],"collection":[{"href":"https:\/\/www.notibras.com\/site\/wp-json\/wp\/v2\/posts"}],"about":[{"href":"https:\/\/www.notibras.com\/site\/wp-json\/wp\/v2\/types\/post"}],"author":[{"embeddable":true,"href":"https:\/\/www.notibras.com\/site\/wp-json\/wp\/v2\/users\/2"}],"replies":[{"embeddable":true,"href":"https:\/\/www.notibras.com\/site\/wp-json\/wp\/v2\/comments?post=378873"}],"version-history":[{"count":1,"href":"https:\/\/www.notibras.com\/site\/wp-json\/wp\/v2\/posts\/378873\/revisions"}],"predecessor-version":[{"id":378875,"href":"https:\/\/www.notibras.com\/site\/wp-json\/wp\/v2\/posts\/378873\/revisions\/378875"}],"wp:featuredmedia":[{"embeddable":true,"href":"https:\/\/www.notibras.com\/site\/wp-json\/wp\/v2\/media\/378874"}],"wp:attachment":[{"href":"https:\/\/www.notibras.com\/site\/wp-json\/wp\/v2\/media?parent=378873"}],"wp:term":[{"taxonomy":"category","embeddable":true,"href":"https:\/\/www.notibras.com\/site\/wp-json\/wp\/v2\/categories?post=378873"},{"taxonomy":"post_tag","embeddable":true,"href":"https:\/\/www.notibras.com\/site\/wp-json\/wp\/v2\/tags?post=378873"}],"curies":[{"name":"wp","href":"https:\/\/api.w.org\/{rel}","templated":true}]}}