{"id":378880,"date":"2026-01-14T00:45:38","date_gmt":"2026-01-14T03:45:38","guid":{"rendered":"https:\/\/www.notibras.com\/site\/?p=378880"},"modified":"2026-01-14T04:27:33","modified_gmt":"2026-01-14T07:27:33","slug":"toxina-em-formula-infantil-tem-2-casos-confirmados","status":"publish","type":"post","link":"https:\/\/www.notibras.com\/site\/toxina-em-formula-infantil-tem-2-casos-confirmados\/","title":{"rendered":"Toxina em f\u00f3rmula infantil tem 2 casos confirmados"},"content":{"rendered":"<p>A Secretaria de Sa\u00fade (SES-DF) confirmou, nesta ter\u00e7a-feira (13), a contamina\u00e7\u00e3o de dois pacientes do Distrito Federal devido \u00e0 ingest\u00e3o de f\u00f3rmula infantil. Os beb\u00eas consumiram os produtos dos lotes contaminados identificados pela empresa Nestl\u00e9. Os lactantes, que t\u00eam cerca de um ano de idade, apresentaram v\u00f4mitos persistentes e diarreia. Ap\u00f3s a identifica\u00e7\u00e3o dos lotes consumidos, as fam\u00edlias suspenderam o consumo dos produtos e os pacientes evoluem bem.<\/p>\n<p>Na \u00faltima semana, a Ag\u00eancia Nacional de Vigil\u00e2ncia Sanit\u00e1ria (Anvisa) proibiu a comercializa\u00e7\u00e3o, distribui\u00e7\u00e3o e uso de lotes espec\u00edficos desses produtos. A medida foi motivada ap\u00f3s o recolhimento volunt\u00e1rio realizado pela empresa devido ao risco de contamina\u00e7\u00e3o pela toxina cereulide, produzida pela bact\u00e9ria Bacillus Cereus.<\/p>\n<p>Todas as drogarias, estabelecimentos de sa\u00fade e pontos de comercializa\u00e7\u00e3o do produto no DF j\u00e1 foram devidamente informados pela Vigil\u00e2ncia Sanit\u00e1ria sobre a situa\u00e7\u00e3o. Mas, caso seja constatada a venda do item recolhido, o estabelecimento tamb\u00e9m ser\u00e1 responsabilizado, conforme a legisla\u00e7\u00e3o sanit\u00e1ria vigente.<\/p>\n<p>A diretora da Vigil\u00e2ncia Sanit\u00e1ria do DF, M\u00e1rcia Oliv\u00e9, explica que os pacientes consumiram produtos comprados antes do recolhimento e alerta que todas as fam\u00edlias precisam estar atentas aos produtos em casa. \u201cOs pais devem conferir se possuem o produto dos lotes contaminados. A lista est\u00e1 dispon\u00edvel no site da empresa, que oferece o suporte e oferece at\u00e9 um novo produto ao consumidor\u201d.<\/p>\n<p>Mais informa\u00e7\u00f5es para identifica\u00e7\u00e3o dos produtos e de todos os lotes envolvidos no recolhimento podem ser obtidas diretamente com a Anvisa e com a Nestl\u00e9.<\/p>\n","protected":false},"excerpt":{"rendered":"<p>A Secretaria de Sa\u00fade (SES-DF) confirmou, nesta ter\u00e7a-feira (13), a contamina\u00e7\u00e3o de dois pacientes do Distrito Federal devido \u00e0 ingest\u00e3o de f\u00f3rmula infantil. Os beb\u00eas consumiram os produtos dos lotes contaminados identificados pela empresa Nestl\u00e9. Os lactantes, que t\u00eam cerca de um ano de idade, apresentaram v\u00f4mitos persistentes e diarreia. Ap\u00f3s a identifica\u00e7\u00e3o dos lotes [&hellip;]<\/p>\n","protected":false},"author":21,"featured_media":378881,"comment_status":"closed","ping_status":"closed","sticky":false,"template":"","format":"standard","meta":{"_acf_changed":false,"footnotes":""},"categories":[161],"tags":[],"class_list":["post-378880","post","type-post","status-publish","format-standard","has-post-thumbnail","hentry","category-quadradinho-em-foco"],"acf":[],"yoast_head":"<!-- This site is optimized with the Yoast SEO plugin v27.2 - https:\/\/yoast.com\/product\/yoast-seo-wordpress\/ -->\n<title>Toxina em f\u00f3rmula infantil tem 2 casos confirmados - Notibras<\/title>\n<meta name=\"robots\" content=\"index, follow, max-snippet:-1, max-image-preview:large, max-video-preview:-1\" \/>\n<link rel=\"canonical\" href=\"https:\/\/www.notibras.com\/site\/toxina-em-formula-infantil-tem-2-casos-confirmados\/\" \/>\n<meta property=\"og:locale\" content=\"pt_BR\" \/>\n<meta property=\"og:type\" content=\"article\" \/>\n<meta property=\"og:title\" content=\"Toxina em f\u00f3rmula infantil tem 2 casos confirmados - Notibras\" \/>\n<meta property=\"og:description\" content=\"A Secretaria de Sa\u00fade (SES-DF) confirmou, nesta ter\u00e7a-feira (13), a contamina\u00e7\u00e3o de dois pacientes do Distrito Federal devido \u00e0 ingest\u00e3o de f\u00f3rmula infantil. Os beb\u00eas consumiram os produtos dos lotes contaminados identificados pela empresa Nestl\u00e9. Os lactantes, que t\u00eam cerca de um ano de idade, apresentaram v\u00f4mitos persistentes e diarreia. Ap\u00f3s a identifica\u00e7\u00e3o dos lotes [&hellip;]\" \/>\n<meta property=\"og:url\" content=\"https:\/\/www.notibras.com\/site\/toxina-em-formula-infantil-tem-2-casos-confirmados\/\" \/>\n<meta property=\"og:site_name\" content=\"Notibras\" \/>\n<meta property=\"article:publisher\" content=\"https:\/\/www.facebook.com\/notibras\/\" \/>\n<meta property=\"article:published_time\" content=\"2026-01-14T03:45:38+00:00\" \/>\n<meta property=\"article:modified_time\" content=\"2026-01-14T07:27:33+00:00\" \/>\n<meta property=\"og:image\" content=\"https:\/\/www.notibras.com\/site\/wp-content\/uploads\/2026\/01\/WhatsApp-Image-2026-01-13-at-19.52.05-1.jpeg\" \/>\n\t<meta property=\"og:image:width\" content=\"1600\" \/>\n\t<meta property=\"og:image:height\" content=\"1062\" \/>\n\t<meta property=\"og:image:type\" content=\"image\/jpeg\" \/>\n<meta name=\"author\" content=\"Eduardo Mart\u00ednez\" \/>\n<meta name=\"twitter:card\" content=\"summary_large_image\" \/>\n<meta name=\"twitter:creator\" content=\"@Notibras\" \/>\n<meta name=\"twitter:site\" content=\"@Notibras\" \/>\n<meta name=\"twitter:label1\" content=\"Escrito por\" \/>\n\t<meta name=\"twitter:data1\" content=\"Eduardo Mart\u00ednez\" \/>\n\t<meta name=\"twitter:label2\" content=\"Est. tempo de leitura\" \/>\n\t<meta name=\"twitter:data2\" content=\"2 minutos\" \/>\n<script type=\"application\/ld+json\" class=\"yoast-schema-graph\">{\"@context\":\"https:\/\/schema.org\",\"@graph\":[{\"@type\":\"Article\",\"@id\":\"https:\/\/www.notibras.com\/site\/toxina-em-formula-infantil-tem-2-casos-confirmados\/#article\",\"isPartOf\":{\"@id\":\"https:\/\/www.notibras.com\/site\/toxina-em-formula-infantil-tem-2-casos-confirmados\/\"},\"author\":{\"name\":\"Eduardo Mart\u00ednez\",\"@id\":\"https:\/\/www.notibras.com\/site\/#\/schema\/person\/5b7fabf2aedc3ada2105f03b22b4d3dd\"},\"headline\":\"Toxina em f\u00f3rmula infantil tem 2 casos confirmados\",\"datePublished\":\"2026-01-14T03:45:38+00:00\",\"dateModified\":\"2026-01-14T07:27:33+00:00\",\"mainEntityOfPage\":{\"@id\":\"https:\/\/www.notibras.com\/site\/toxina-em-formula-infantil-tem-2-casos-confirmados\/\"},\"wordCount\":286,\"publisher\":{\"@id\":\"https:\/\/www.notibras.com\/site\/#organization\"},\"image\":{\"@id\":\"https:\/\/www.notibras.com\/site\/toxina-em-formula-infantil-tem-2-casos-confirmados\/#primaryimage\"},\"thumbnailUrl\":\"https:\/\/www.notibras.com\/site\/wp-content\/uploads\/2026\/01\/WhatsApp-Image-2026-01-13-at-19.52.05-1.jpeg\",\"articleSection\":[\"Quadradinho em Foco\"],\"inLanguage\":\"pt-BR\"},{\"@type\":\"WebPage\",\"@id\":\"https:\/\/www.notibras.com\/site\/toxina-em-formula-infantil-tem-2-casos-confirmados\/\",\"url\":\"https:\/\/www.notibras.com\/site\/toxina-em-formula-infantil-tem-2-casos-confirmados\/\",\"name\":\"Toxina em f\u00f3rmula infantil tem 2 casos confirmados - Notibras\",\"isPartOf\":{\"@id\":\"https:\/\/www.notibras.com\/site\/#website\"},\"primaryImageOfPage\":{\"@id\":\"https:\/\/www.notibras.com\/site\/toxina-em-formula-infantil-tem-2-casos-confirmados\/#primaryimage\"},\"image\":{\"@id\":\"https:\/\/www.notibras.com\/site\/toxina-em-formula-infantil-tem-2-casos-confirmados\/#primaryimage\"},\"thumbnailUrl\":\"https:\/\/www.notibras.com\/site\/wp-content\/uploads\/2026\/01\/WhatsApp-Image-2026-01-13-at-19.52.05-1.jpeg\",\"datePublished\":\"2026-01-14T03:45:38+00:00\",\"dateModified\":\"2026-01-14T07:27:33+00:00\",\"breadcrumb\":{\"@id\":\"https:\/\/www.notibras.com\/site\/toxina-em-formula-infantil-tem-2-casos-confirmados\/#breadcrumb\"},\"inLanguage\":\"pt-BR\",\"potentialAction\":[{\"@type\":\"ReadAction\",\"target\":[\"https:\/\/www.notibras.com\/site\/toxina-em-formula-infantil-tem-2-casos-confirmados\/\"]}]},{\"@type\":\"ImageObject\",\"inLanguage\":\"pt-BR\",\"@id\":\"https:\/\/www.notibras.com\/site\/toxina-em-formula-infantil-tem-2-casos-confirmados\/#primaryimage\",\"url\":\"https:\/\/www.notibras.com\/site\/wp-content\/uploads\/2026\/01\/WhatsApp-Image-2026-01-13-at-19.52.05-1.jpeg\",\"contentUrl\":\"https:\/\/www.notibras.com\/site\/wp-content\/uploads\/2026\/01\/WhatsApp-Image-2026-01-13-at-19.52.05-1.jpeg\",\"width\":1600,\"height\":1062},{\"@type\":\"BreadcrumbList\",\"@id\":\"https:\/\/www.notibras.com\/site\/toxina-em-formula-infantil-tem-2-casos-confirmados\/#breadcrumb\",\"itemListElement\":[{\"@type\":\"ListItem\",\"position\":1,\"name\":\"In\u00edcio\",\"item\":\"https:\/\/www.notibras.com\/site\/\"},{\"@type\":\"ListItem\",\"position\":2,\"name\":\"Toxina em f\u00f3rmula infantil tem 2 casos confirmados\"}]},{\"@type\":\"WebSite\",\"@id\":\"https:\/\/www.notibras.com\/site\/#website\",\"url\":\"https:\/\/www.notibras.com\/site\/\",\"name\":\"Notibras\",\"description\":\"Not\u00edcias de Bras\u00edlia, do Brasil e do Mundo\",\"publisher\":{\"@id\":\"https:\/\/www.notibras.com\/site\/#organization\"},\"potentialAction\":[{\"@type\":\"SearchAction\",\"target\":{\"@type\":\"EntryPoint\",\"urlTemplate\":\"https:\/\/www.notibras.com\/site\/?s={search_term_string}\"},\"query-input\":{\"@type\":\"PropertyValueSpecification\",\"valueRequired\":true,\"valueName\":\"search_term_string\"}}],\"inLanguage\":\"pt-BR\"},{\"@type\":\"Organization\",\"@id\":\"https:\/\/www.notibras.com\/site\/#organization\",\"name\":\"Grupo Notibras de Comunica\u00e7\u00e3o\",\"url\":\"https:\/\/www.notibras.com\/site\/\",\"logo\":{\"@type\":\"ImageObject\",\"inLanguage\":\"pt-BR\",\"@id\":\"https:\/\/www.notibras.com\/site\/#\/schema\/logo\/image\/\",\"url\":\"https:\/\/www.notibras.com\/site\/wp-content\/uploads\/2023\/01\/notibras23.png\",\"contentUrl\":\"https:\/\/www.notibras.com\/site\/wp-content\/uploads\/2023\/01\/notibras23.png\",\"width\":350,\"height\":87,\"caption\":\"Grupo Notibras de Comunica\u00e7\u00e3o\"},\"image\":{\"@id\":\"https:\/\/www.notibras.com\/site\/#\/schema\/logo\/image\/\"},\"sameAs\":[\"https:\/\/www.facebook.com\/notibras\/\",\"https:\/\/x.com\/Notibras\",\"https:\/\/www.instagram.com\/notibras\/\"]},{\"@type\":\"Person\",\"@id\":\"https:\/\/www.notibras.com\/site\/#\/schema\/person\/5b7fabf2aedc3ada2105f03b22b4d3dd\",\"name\":\"Eduardo Mart\u00ednez\",\"image\":{\"@type\":\"ImageObject\",\"inLanguage\":\"pt-BR\",\"@id\":\"https:\/\/secure.gravatar.com\/avatar\/7902f906289926289cbcda644b5197c796b893c6ffd7b9a536a42d290f7704a0?s=96&d=mm&r=g\",\"url\":\"https:\/\/secure.gravatar.com\/avatar\/7902f906289926289cbcda644b5197c796b893c6ffd7b9a536a42d290f7704a0?s=96&d=mm&r=g\",\"contentUrl\":\"https:\/\/secure.gravatar.com\/avatar\/7902f906289926289cbcda644b5197c796b893c6ffd7b9a536a42d290f7704a0?s=96&d=mm&r=g\",\"caption\":\"Eduardo Mart\u00ednez\"}}]}<\/script>\n<!-- \/ Yoast SEO plugin. -->","yoast_head_json":{"title":"Toxina em f\u00f3rmula infantil tem 2 casos confirmados - Notibras","robots":{"index":"index","follow":"follow","max-snippet":"max-snippet:-1","max-image-preview":"max-image-preview:large","max-video-preview":"max-video-preview:-1"},"canonical":"https:\/\/www.notibras.com\/site\/toxina-em-formula-infantil-tem-2-casos-confirmados\/","og_locale":"pt_BR","og_type":"article","og_title":"Toxina em f\u00f3rmula infantil tem 2 casos confirmados - Notibras","og_description":"A Secretaria de Sa\u00fade (SES-DF) confirmou, nesta ter\u00e7a-feira (13), a contamina\u00e7\u00e3o de dois pacientes do Distrito Federal devido \u00e0 ingest\u00e3o de f\u00f3rmula infantil. Os beb\u00eas consumiram os produtos dos lotes contaminados identificados pela empresa Nestl\u00e9. Os lactantes, que t\u00eam cerca de um ano de idade, apresentaram v\u00f4mitos persistentes e diarreia. Ap\u00f3s a identifica\u00e7\u00e3o dos lotes [&hellip;]","og_url":"https:\/\/www.notibras.com\/site\/toxina-em-formula-infantil-tem-2-casos-confirmados\/","og_site_name":"Notibras","article_publisher":"https:\/\/www.facebook.com\/notibras\/","article_published_time":"2026-01-14T03:45:38+00:00","article_modified_time":"2026-01-14T07:27:33+00:00","og_image":[{"width":1600,"height":1062,"url":"https:\/\/www.notibras.com\/site\/wp-content\/uploads\/2026\/01\/WhatsApp-Image-2026-01-13-at-19.52.05-1.jpeg","type":"image\/jpeg"}],"author":"Eduardo Mart\u00ednez","twitter_card":"summary_large_image","twitter_creator":"@Notibras","twitter_site":"@Notibras","twitter_misc":{"Escrito por":"Eduardo Mart\u00ednez","Est. tempo de leitura":"2 minutos"},"schema":{"@context":"https:\/\/schema.org","@graph":[{"@type":"Article","@id":"https:\/\/www.notibras.com\/site\/toxina-em-formula-infantil-tem-2-casos-confirmados\/#article","isPartOf":{"@id":"https:\/\/www.notibras.com\/site\/toxina-em-formula-infantil-tem-2-casos-confirmados\/"},"author":{"name":"Eduardo Mart\u00ednez","@id":"https:\/\/www.notibras.com\/site\/#\/schema\/person\/5b7fabf2aedc3ada2105f03b22b4d3dd"},"headline":"Toxina em f\u00f3rmula infantil tem 2 casos confirmados","datePublished":"2026-01-14T03:45:38+00:00","dateModified":"2026-01-14T07:27:33+00:00","mainEntityOfPage":{"@id":"https:\/\/www.notibras.com\/site\/toxina-em-formula-infantil-tem-2-casos-confirmados\/"},"wordCount":286,"publisher":{"@id":"https:\/\/www.notibras.com\/site\/#organization"},"image":{"@id":"https:\/\/www.notibras.com\/site\/toxina-em-formula-infantil-tem-2-casos-confirmados\/#primaryimage"},"thumbnailUrl":"https:\/\/www.notibras.com\/site\/wp-content\/uploads\/2026\/01\/WhatsApp-Image-2026-01-13-at-19.52.05-1.jpeg","articleSection":["Quadradinho em Foco"],"inLanguage":"pt-BR"},{"@type":"WebPage","@id":"https:\/\/www.notibras.com\/site\/toxina-em-formula-infantil-tem-2-casos-confirmados\/","url":"https:\/\/www.notibras.com\/site\/toxina-em-formula-infantil-tem-2-casos-confirmados\/","name":"Toxina em f\u00f3rmula infantil tem 2 casos confirmados - Notibras","isPartOf":{"@id":"https:\/\/www.notibras.com\/site\/#website"},"primaryImageOfPage":{"@id":"https:\/\/www.notibras.com\/site\/toxina-em-formula-infantil-tem-2-casos-confirmados\/#primaryimage"},"image":{"@id":"https:\/\/www.notibras.com\/site\/toxina-em-formula-infantil-tem-2-casos-confirmados\/#primaryimage"},"thumbnailUrl":"https:\/\/www.notibras.com\/site\/wp-content\/uploads\/2026\/01\/WhatsApp-Image-2026-01-13-at-19.52.05-1.jpeg","datePublished":"2026-01-14T03:45:38+00:00","dateModified":"2026-01-14T07:27:33+00:00","breadcrumb":{"@id":"https:\/\/www.notibras.com\/site\/toxina-em-formula-infantil-tem-2-casos-confirmados\/#breadcrumb"},"inLanguage":"pt-BR","potentialAction":[{"@type":"ReadAction","target":["https:\/\/www.notibras.com\/site\/toxina-em-formula-infantil-tem-2-casos-confirmados\/"]}]},{"@type":"ImageObject","inLanguage":"pt-BR","@id":"https:\/\/www.notibras.com\/site\/toxina-em-formula-infantil-tem-2-casos-confirmados\/#primaryimage","url":"https:\/\/www.notibras.com\/site\/wp-content\/uploads\/2026\/01\/WhatsApp-Image-2026-01-13-at-19.52.05-1.jpeg","contentUrl":"https:\/\/www.notibras.com\/site\/wp-content\/uploads\/2026\/01\/WhatsApp-Image-2026-01-13-at-19.52.05-1.jpeg","width":1600,"height":1062},{"@type":"BreadcrumbList","@id":"https:\/\/www.notibras.com\/site\/toxina-em-formula-infantil-tem-2-casos-confirmados\/#breadcrumb","itemListElement":[{"@type":"ListItem","position":1,"name":"In\u00edcio","item":"https:\/\/www.notibras.com\/site\/"},{"@type":"ListItem","position":2,"name":"Toxina em f\u00f3rmula infantil tem 2 casos confirmados"}]},{"@type":"WebSite","@id":"https:\/\/www.notibras.com\/site\/#website","url":"https:\/\/www.notibras.com\/site\/","name":"Notibras","description":"Not\u00edcias de Bras\u00edlia, do Brasil e do Mundo","publisher":{"@id":"https:\/\/www.notibras.com\/site\/#organization"},"potentialAction":[{"@type":"SearchAction","target":{"@type":"EntryPoint","urlTemplate":"https:\/\/www.notibras.com\/site\/?s={search_term_string}"},"query-input":{"@type":"PropertyValueSpecification","valueRequired":true,"valueName":"search_term_string"}}],"inLanguage":"pt-BR"},{"@type":"Organization","@id":"https:\/\/www.notibras.com\/site\/#organization","name":"Grupo Notibras de Comunica\u00e7\u00e3o","url":"https:\/\/www.notibras.com\/site\/","logo":{"@type":"ImageObject","inLanguage":"pt-BR","@id":"https:\/\/www.notibras.com\/site\/#\/schema\/logo\/image\/","url":"https:\/\/www.notibras.com\/site\/wp-content\/uploads\/2023\/01\/notibras23.png","contentUrl":"https:\/\/www.notibras.com\/site\/wp-content\/uploads\/2023\/01\/notibras23.png","width":350,"height":87,"caption":"Grupo Notibras de Comunica\u00e7\u00e3o"},"image":{"@id":"https:\/\/www.notibras.com\/site\/#\/schema\/logo\/image\/"},"sameAs":["https:\/\/www.facebook.com\/notibras\/","https:\/\/x.com\/Notibras","https:\/\/www.instagram.com\/notibras\/"]},{"@type":"Person","@id":"https:\/\/www.notibras.com\/site\/#\/schema\/person\/5b7fabf2aedc3ada2105f03b22b4d3dd","name":"Eduardo Mart\u00ednez","image":{"@type":"ImageObject","inLanguage":"pt-BR","@id":"https:\/\/secure.gravatar.com\/avatar\/7902f906289926289cbcda644b5197c796b893c6ffd7b9a536a42d290f7704a0?s=96&d=mm&r=g","url":"https:\/\/secure.gravatar.com\/avatar\/7902f906289926289cbcda644b5197c796b893c6ffd7b9a536a42d290f7704a0?s=96&d=mm&r=g","contentUrl":"https:\/\/secure.gravatar.com\/avatar\/7902f906289926289cbcda644b5197c796b893c6ffd7b9a536a42d290f7704a0?s=96&d=mm&r=g","caption":"Eduardo Mart\u00ednez"}}]}},"amp_enabled":true,"_links":{"self":[{"href":"https:\/\/www.notibras.com\/site\/wp-json\/wp\/v2\/posts\/378880","targetHints":{"allow":["GET"]}}],"collection":[{"href":"https:\/\/www.notibras.com\/site\/wp-json\/wp\/v2\/posts"}],"about":[{"href":"https:\/\/www.notibras.com\/site\/wp-json\/wp\/v2\/types\/post"}],"author":[{"embeddable":true,"href":"https:\/\/www.notibras.com\/site\/wp-json\/wp\/v2\/users\/21"}],"replies":[{"embeddable":true,"href":"https:\/\/www.notibras.com\/site\/wp-json\/wp\/v2\/comments?post=378880"}],"version-history":[{"count":5,"href":"https:\/\/www.notibras.com\/site\/wp-json\/wp\/v2\/posts\/378880\/revisions"}],"predecessor-version":[{"id":378936,"href":"https:\/\/www.notibras.com\/site\/wp-json\/wp\/v2\/posts\/378880\/revisions\/378936"}],"wp:featuredmedia":[{"embeddable":true,"href":"https:\/\/www.notibras.com\/site\/wp-json\/wp\/v2\/media\/378881"}],"wp:attachment":[{"href":"https:\/\/www.notibras.com\/site\/wp-json\/wp\/v2\/media?parent=378880"}],"wp:term":[{"taxonomy":"category","embeddable":true,"href":"https:\/\/www.notibras.com\/site\/wp-json\/wp\/v2\/categories?post=378880"},{"taxonomy":"post_tag","embeddable":true,"href":"https:\/\/www.notibras.com\/site\/wp-json\/wp\/v2\/tags?post=378880"}],"curies":[{"name":"wp","href":"https:\/\/api.w.org\/{rel}","templated":true}]}}