{"id":378892,"date":"2026-01-14T01:15:43","date_gmt":"2026-01-14T04:15:43","guid":{"rendered":"https:\/\/www.notibras.com\/site\/?p=378892"},"modified":"2026-01-13T22:22:55","modified_gmt":"2026-01-14T01:22:55","slug":"centro-de-ensino-medio-111-representa-o-brasil-em-premiacao-internacional","status":"publish","type":"post","link":"https:\/\/www.notibras.com\/site\/centro-de-ensino-medio-111-representa-o-brasil-em-premiacao-internacional\/","title":{"rendered":"Centro de Ensino M\u00e9dio 111 representa o Brasil em premia\u00e7\u00e3o internacional"},"content":{"rendered":"<p>A delega\u00e7\u00e3o do Centro de Ensino M\u00e9dio 111 do Recanto das Emas est\u00e1 em Abu Dhabi, nos Emirados \u00c1rabes Unidos, participando da programa\u00e7\u00e3o da 18\u00aa edi\u00e7\u00e3o do Zayed Sustainability Prize, iniciativa de alcance internacional voltada \u00e0 sustentabilidade, inova\u00e7\u00e3o e impacto social. As estudantes Micaelly Vit\u00f3ria da Silva Mesquita e Pollyana Feitosa Siqueira desembarcaram no pa\u00eds no \u00faltimo 10 de janeiro, acompanhadas pela vice-diretora Duilia Ferreira de Ara\u00fajo e pelo professor e coordenador do Clube de Ci\u00eancias, Geldo Ferreira de Ara\u00fajo. O retorno ao Brasil est\u00e1 previsto para 16 de janeiro.<\/p>\n<p>Durante a semana, a equipe participa de encontros, apresenta\u00e7\u00f5es e atividades voltadas \u00e0 troca de experi\u00eancias com representantes de diferentes pa\u00edses, em uma agenda dedicada \u00e0 sustentabilidade e ao meio ambiente. O projeto da escola, Ciclo Vivo, chegou \u00e0 etapa final da premia\u00e7\u00e3o ap\u00f3s se destacar entre cerca de 8 mil iniciativas inscritas de 173 pa\u00edses, figurando entre os tr\u00eas finalistas globais.<\/p>\n<p>Mesmo sem a conquista do pr\u00eamio m\u00e1ximo, a participa\u00e7\u00e3o tem sido avaliada como um marco para a comunidade escolar. Para Duilia Ferreira de Ara\u00fajo, estar presente em um evento desse porte amplia horizontes e fortalece o trabalho desenvolvido dentro da escola. \u201cChegar at\u00e9 aqui \u00e9 resultado de anos de dedica\u00e7\u00e3o ao fazer cient\u00edfico, conduzido de forma cont\u00ednua dentro do CEM 111, acreditando no potencial dos nossos estudantes\u201d, destacou.<\/p>\n<p>A ex-aluna e atual clubista Pollyana Feitosa; a vice-diretora do CEM 111, Diulia Ara\u00fajo; a ex-aluna e atual clubista Micaelly Mesquita, e o professor Geldo | Fotos: Andr\u00e9 Amendoeira\/SEEDF<\/p>\n<p>O professor Geldo Ferreira de Ara\u00fajo refor\u00e7a que a experi\u00eancia internacional traz ganhos que v\u00e3o al\u00e9m da premia\u00e7\u00e3o. \u201cEsse contato com projetos de outros pa\u00edses, o di\u00e1logo e o network s\u00e3o fundamentais para ampliar o alcance do trabalho cient\u00edfico que j\u00e1 realizamos com nossos alunos\u201d, afirmou. Ex-aluna da escola e atualmente estudante da Universidade de Bras\u00edlia (UnB), Micaelly Vit\u00f3ria da Silva Mesquita, participa da premia\u00e7\u00e3o como integrante ativa do Clube de Ci\u00eancias e ressalta o impacto simb\u00f3lico da viv\u00eancia. \u201cEstar aqui mostra que a escola p\u00fablica tamb\u00e9m produz conhecimento, inova\u00e7\u00e3o e solu\u00e7\u00f5es sustent\u00e1veis, mesmo em contextos de vulnerabilidade\u201d, disse.<\/p>\n<p>Para Pollyana Feitosa Siqueira, a experi\u00eancia representa um reconhecimento coletivo. \u201cEsse projeto \u00e9 constru\u00eddo por muitos estudantes e professores ao longo dos anos. Estar em Abu Dhabi \u00e9 dar voz a esse trabalho e mostrar que somos capazes de transformar realidades por meio da ci\u00eancia\u201d, afirmou.<\/p>\n<p>A presen\u00e7a do CEM 111 no Zayed Sustainability Prize coloca o Recanto das Emas e o Distrito Federal no centro de uma agenda global, refor\u00e7ando o papel da educa\u00e7\u00e3o p\u00fablica brasileira na constru\u00e7\u00e3o de solu\u00e7\u00f5es sustent\u00e1veis e no protagonismo juvenil em \u00e2mbito internacional.<\/p>\n<p>Criada em 2008, a Semana de Sustentabilidade \u00e9 uma plataforma internacional voltada \u00e0 promo\u00e7\u00e3o de solu\u00e7\u00f5es e parcerias em energia limpa, meio ambiente e desenvolvimento sustent\u00e1vel. A edi\u00e7\u00e3o de 2026, com o tema &#8220;O Elo do Amanh\u00e3: Todos os Sistemas em A\u00e7\u00e3o&#8221;, destacou experi\u00eancias de diferentes pa\u00edses que inspiram a constru\u00e7\u00e3o de um futuro mais inclusivo, resiliente e sustent\u00e1vel.<\/p>\n","protected":false},"excerpt":{"rendered":"<p>A delega\u00e7\u00e3o do Centro de Ensino M\u00e9dio 111 do Recanto das Emas est\u00e1 em Abu Dhabi, nos Emirados \u00c1rabes Unidos, participando da programa\u00e7\u00e3o da 18\u00aa edi\u00e7\u00e3o do Zayed Sustainability Prize, iniciativa de alcance internacional voltada \u00e0 sustentabilidade, inova\u00e7\u00e3o e impacto social. As estudantes Micaelly Vit\u00f3ria da Silva Mesquita e Pollyana Feitosa Siqueira desembarcaram no pa\u00eds [&hellip;]<\/p>\n","protected":false},"author":21,"featured_media":378893,"comment_status":"closed","ping_status":"closed","sticky":false,"template":"","format":"standard","meta":{"_acf_changed":false,"footnotes":""},"categories":[161],"tags":[],"class_list":["post-378892","post","type-post","status-publish","format-standard","has-post-thumbnail","hentry","category-quadradinho-em-foco"],"acf":[],"yoast_head":"<!-- This site is optimized with the Yoast SEO plugin v27.2 - https:\/\/yoast.com\/product\/yoast-seo-wordpress\/ -->\n<title>Centro de Ensino M\u00e9dio 111 representa o Brasil em premia\u00e7\u00e3o internacional - Notibras<\/title>\n<meta name=\"robots\" content=\"index, follow, max-snippet:-1, max-image-preview:large, max-video-preview:-1\" \/>\n<link rel=\"canonical\" href=\"https:\/\/www.notibras.com\/site\/centro-de-ensino-medio-111-representa-o-brasil-em-premiacao-internacional\/\" \/>\n<meta property=\"og:locale\" content=\"pt_BR\" \/>\n<meta property=\"og:type\" content=\"article\" \/>\n<meta property=\"og:title\" content=\"Centro de Ensino M\u00e9dio 111 representa o Brasil em premia\u00e7\u00e3o internacional - Notibras\" \/>\n<meta property=\"og:description\" content=\"A delega\u00e7\u00e3o do Centro de Ensino M\u00e9dio 111 do Recanto das Emas est\u00e1 em Abu Dhabi, nos Emirados \u00c1rabes Unidos, participando da programa\u00e7\u00e3o da 18\u00aa edi\u00e7\u00e3o do Zayed Sustainability Prize, iniciativa de alcance internacional voltada \u00e0 sustentabilidade, inova\u00e7\u00e3o e impacto social. As estudantes Micaelly Vit\u00f3ria da Silva Mesquita e Pollyana Feitosa Siqueira desembarcaram no pa\u00eds [&hellip;]\" \/>\n<meta property=\"og:url\" content=\"https:\/\/www.notibras.com\/site\/centro-de-ensino-medio-111-representa-o-brasil-em-premiacao-internacional\/\" \/>\n<meta property=\"og:site_name\" content=\"Notibras\" \/>\n<meta property=\"article:publisher\" content=\"https:\/\/www.facebook.com\/notibras\/\" \/>\n<meta property=\"article:published_time\" content=\"2026-01-14T04:15:43+00:00\" \/>\n<meta property=\"og:image\" content=\"https:\/\/www.notibras.com\/site\/wp-content\/uploads\/2026\/01\/Finalistas-Premio-Zayed-de-Sustentabilidade-Foto-Andre-Amendoeira-4-1-1024x683.jpg\" \/>\n\t<meta property=\"og:image:width\" content=\"1024\" \/>\n\t<meta property=\"og:image:height\" content=\"683\" \/>\n\t<meta property=\"og:image:type\" content=\"image\/jpeg\" \/>\n<meta name=\"author\" content=\"Eduardo Mart\u00ednez\" \/>\n<meta name=\"twitter:card\" content=\"summary_large_image\" \/>\n<meta name=\"twitter:creator\" content=\"@Notibras\" \/>\n<meta name=\"twitter:site\" content=\"@Notibras\" \/>\n<meta name=\"twitter:label1\" content=\"Escrito por\" \/>\n\t<meta name=\"twitter:data1\" content=\"Eduardo Mart\u00ednez\" \/>\n\t<meta name=\"twitter:label2\" content=\"Est. tempo de leitura\" \/>\n\t<meta name=\"twitter:data2\" content=\"3 minutos\" \/>\n<script type=\"application\/ld+json\" class=\"yoast-schema-graph\">{\"@context\":\"https:\/\/schema.org\",\"@graph\":[{\"@type\":\"Article\",\"@id\":\"https:\/\/www.notibras.com\/site\/centro-de-ensino-medio-111-representa-o-brasil-em-premiacao-internacional\/#article\",\"isPartOf\":{\"@id\":\"https:\/\/www.notibras.com\/site\/centro-de-ensino-medio-111-representa-o-brasil-em-premiacao-internacional\/\"},\"author\":{\"name\":\"Eduardo Mart\u00ednez\",\"@id\":\"https:\/\/www.notibras.com\/site\/#\/schema\/person\/5b7fabf2aedc3ada2105f03b22b4d3dd\"},\"headline\":\"Centro de Ensino M\u00e9dio 111 representa o Brasil em premia\u00e7\u00e3o internacional\",\"datePublished\":\"2026-01-14T04:15:43+00:00\",\"mainEntityOfPage\":{\"@id\":\"https:\/\/www.notibras.com\/site\/centro-de-ensino-medio-111-representa-o-brasil-em-premiacao-internacional\/\"},\"wordCount\":553,\"publisher\":{\"@id\":\"https:\/\/www.notibras.com\/site\/#organization\"},\"image\":{\"@id\":\"https:\/\/www.notibras.com\/site\/centro-de-ensino-medio-111-representa-o-brasil-em-premiacao-internacional\/#primaryimage\"},\"thumbnailUrl\":\"https:\/\/www.notibras.com\/site\/wp-content\/uploads\/2026\/01\/Finalistas-Premio-Zayed-de-Sustentabilidade-Foto-Andre-Amendoeira-4-1.jpg\",\"articleSection\":[\"Quadradinho em Foco\"],\"inLanguage\":\"pt-BR\"},{\"@type\":\"WebPage\",\"@id\":\"https:\/\/www.notibras.com\/site\/centro-de-ensino-medio-111-representa-o-brasil-em-premiacao-internacional\/\",\"url\":\"https:\/\/www.notibras.com\/site\/centro-de-ensino-medio-111-representa-o-brasil-em-premiacao-internacional\/\",\"name\":\"Centro de Ensino M\u00e9dio 111 representa o Brasil em premia\u00e7\u00e3o internacional - Notibras\",\"isPartOf\":{\"@id\":\"https:\/\/www.notibras.com\/site\/#website\"},\"primaryImageOfPage\":{\"@id\":\"https:\/\/www.notibras.com\/site\/centro-de-ensino-medio-111-representa-o-brasil-em-premiacao-internacional\/#primaryimage\"},\"image\":{\"@id\":\"https:\/\/www.notibras.com\/site\/centro-de-ensino-medio-111-representa-o-brasil-em-premiacao-internacional\/#primaryimage\"},\"thumbnailUrl\":\"https:\/\/www.notibras.com\/site\/wp-content\/uploads\/2026\/01\/Finalistas-Premio-Zayed-de-Sustentabilidade-Foto-Andre-Amendoeira-4-1.jpg\",\"datePublished\":\"2026-01-14T04:15:43+00:00\",\"breadcrumb\":{\"@id\":\"https:\/\/www.notibras.com\/site\/centro-de-ensino-medio-111-representa-o-brasil-em-premiacao-internacional\/#breadcrumb\"},\"inLanguage\":\"pt-BR\",\"potentialAction\":[{\"@type\":\"ReadAction\",\"target\":[\"https:\/\/www.notibras.com\/site\/centro-de-ensino-medio-111-representa-o-brasil-em-premiacao-internacional\/\"]}]},{\"@type\":\"ImageObject\",\"inLanguage\":\"pt-BR\",\"@id\":\"https:\/\/www.notibras.com\/site\/centro-de-ensino-medio-111-representa-o-brasil-em-premiacao-internacional\/#primaryimage\",\"url\":\"https:\/\/www.notibras.com\/site\/wp-content\/uploads\/2026\/01\/Finalistas-Premio-Zayed-de-Sustentabilidade-Foto-Andre-Amendoeira-4-1.jpg\",\"contentUrl\":\"https:\/\/www.notibras.com\/site\/wp-content\/uploads\/2026\/01\/Finalistas-Premio-Zayed-de-Sustentabilidade-Foto-Andre-Amendoeira-4-1.jpg\",\"width\":2560,\"height\":1707},{\"@type\":\"BreadcrumbList\",\"@id\":\"https:\/\/www.notibras.com\/site\/centro-de-ensino-medio-111-representa-o-brasil-em-premiacao-internacional\/#breadcrumb\",\"itemListElement\":[{\"@type\":\"ListItem\",\"position\":1,\"name\":\"In\u00edcio\",\"item\":\"https:\/\/www.notibras.com\/site\/\"},{\"@type\":\"ListItem\",\"position\":2,\"name\":\"Centro de Ensino M\u00e9dio 111 representa o Brasil em premia\u00e7\u00e3o internacional\"}]},{\"@type\":\"WebSite\",\"@id\":\"https:\/\/www.notibras.com\/site\/#website\",\"url\":\"https:\/\/www.notibras.com\/site\/\",\"name\":\"Notibras\",\"description\":\"Not\u00edcias de Bras\u00edlia, do Brasil e do Mundo\",\"publisher\":{\"@id\":\"https:\/\/www.notibras.com\/site\/#organization\"},\"potentialAction\":[{\"@type\":\"SearchAction\",\"target\":{\"@type\":\"EntryPoint\",\"urlTemplate\":\"https:\/\/www.notibras.com\/site\/?s={search_term_string}\"},\"query-input\":{\"@type\":\"PropertyValueSpecification\",\"valueRequired\":true,\"valueName\":\"search_term_string\"}}],\"inLanguage\":\"pt-BR\"},{\"@type\":\"Organization\",\"@id\":\"https:\/\/www.notibras.com\/site\/#organization\",\"name\":\"Grupo Notibras de Comunica\u00e7\u00e3o\",\"url\":\"https:\/\/www.notibras.com\/site\/\",\"logo\":{\"@type\":\"ImageObject\",\"inLanguage\":\"pt-BR\",\"@id\":\"https:\/\/www.notibras.com\/site\/#\/schema\/logo\/image\/\",\"url\":\"https:\/\/www.notibras.com\/site\/wp-content\/uploads\/2023\/01\/notibras23.png\",\"contentUrl\":\"https:\/\/www.notibras.com\/site\/wp-content\/uploads\/2023\/01\/notibras23.png\",\"width\":350,\"height\":87,\"caption\":\"Grupo Notibras de Comunica\u00e7\u00e3o\"},\"image\":{\"@id\":\"https:\/\/www.notibras.com\/site\/#\/schema\/logo\/image\/\"},\"sameAs\":[\"https:\/\/www.facebook.com\/notibras\/\",\"https:\/\/x.com\/Notibras\",\"https:\/\/www.instagram.com\/notibras\/\"]},{\"@type\":\"Person\",\"@id\":\"https:\/\/www.notibras.com\/site\/#\/schema\/person\/5b7fabf2aedc3ada2105f03b22b4d3dd\",\"name\":\"Eduardo Mart\u00ednez\",\"image\":{\"@type\":\"ImageObject\",\"inLanguage\":\"pt-BR\",\"@id\":\"https:\/\/secure.gravatar.com\/avatar\/7902f906289926289cbcda644b5197c796b893c6ffd7b9a536a42d290f7704a0?s=96&d=mm&r=g\",\"url\":\"https:\/\/secure.gravatar.com\/avatar\/7902f906289926289cbcda644b5197c796b893c6ffd7b9a536a42d290f7704a0?s=96&d=mm&r=g\",\"contentUrl\":\"https:\/\/secure.gravatar.com\/avatar\/7902f906289926289cbcda644b5197c796b893c6ffd7b9a536a42d290f7704a0?s=96&d=mm&r=g\",\"caption\":\"Eduardo Mart\u00ednez\"}}]}<\/script>\n<!-- \/ Yoast SEO plugin. -->","yoast_head_json":{"title":"Centro de Ensino M\u00e9dio 111 representa o Brasil em premia\u00e7\u00e3o internacional - Notibras","robots":{"index":"index","follow":"follow","max-snippet":"max-snippet:-1","max-image-preview":"max-image-preview:large","max-video-preview":"max-video-preview:-1"},"canonical":"https:\/\/www.notibras.com\/site\/centro-de-ensino-medio-111-representa-o-brasil-em-premiacao-internacional\/","og_locale":"pt_BR","og_type":"article","og_title":"Centro de Ensino M\u00e9dio 111 representa o Brasil em premia\u00e7\u00e3o internacional - Notibras","og_description":"A delega\u00e7\u00e3o do Centro de Ensino M\u00e9dio 111 do Recanto das Emas est\u00e1 em Abu Dhabi, nos Emirados \u00c1rabes Unidos, participando da programa\u00e7\u00e3o da 18\u00aa edi\u00e7\u00e3o do Zayed Sustainability Prize, iniciativa de alcance internacional voltada \u00e0 sustentabilidade, inova\u00e7\u00e3o e impacto social. As estudantes Micaelly Vit\u00f3ria da Silva Mesquita e Pollyana Feitosa Siqueira desembarcaram no pa\u00eds [&hellip;]","og_url":"https:\/\/www.notibras.com\/site\/centro-de-ensino-medio-111-representa-o-brasil-em-premiacao-internacional\/","og_site_name":"Notibras","article_publisher":"https:\/\/www.facebook.com\/notibras\/","article_published_time":"2026-01-14T04:15:43+00:00","og_image":[{"width":1024,"height":683,"url":"https:\/\/www.notibras.com\/site\/wp-content\/uploads\/2026\/01\/Finalistas-Premio-Zayed-de-Sustentabilidade-Foto-Andre-Amendoeira-4-1-1024x683.jpg","type":"image\/jpeg"}],"author":"Eduardo Mart\u00ednez","twitter_card":"summary_large_image","twitter_creator":"@Notibras","twitter_site":"@Notibras","twitter_misc":{"Escrito por":"Eduardo Mart\u00ednez","Est. tempo de leitura":"3 minutos"},"schema":{"@context":"https:\/\/schema.org","@graph":[{"@type":"Article","@id":"https:\/\/www.notibras.com\/site\/centro-de-ensino-medio-111-representa-o-brasil-em-premiacao-internacional\/#article","isPartOf":{"@id":"https:\/\/www.notibras.com\/site\/centro-de-ensino-medio-111-representa-o-brasil-em-premiacao-internacional\/"},"author":{"name":"Eduardo Mart\u00ednez","@id":"https:\/\/www.notibras.com\/site\/#\/schema\/person\/5b7fabf2aedc3ada2105f03b22b4d3dd"},"headline":"Centro de Ensino M\u00e9dio 111 representa o Brasil em premia\u00e7\u00e3o internacional","datePublished":"2026-01-14T04:15:43+00:00","mainEntityOfPage":{"@id":"https:\/\/www.notibras.com\/site\/centro-de-ensino-medio-111-representa-o-brasil-em-premiacao-internacional\/"},"wordCount":553,"publisher":{"@id":"https:\/\/www.notibras.com\/site\/#organization"},"image":{"@id":"https:\/\/www.notibras.com\/site\/centro-de-ensino-medio-111-representa-o-brasil-em-premiacao-internacional\/#primaryimage"},"thumbnailUrl":"https:\/\/www.notibras.com\/site\/wp-content\/uploads\/2026\/01\/Finalistas-Premio-Zayed-de-Sustentabilidade-Foto-Andre-Amendoeira-4-1.jpg","articleSection":["Quadradinho em Foco"],"inLanguage":"pt-BR"},{"@type":"WebPage","@id":"https:\/\/www.notibras.com\/site\/centro-de-ensino-medio-111-representa-o-brasil-em-premiacao-internacional\/","url":"https:\/\/www.notibras.com\/site\/centro-de-ensino-medio-111-representa-o-brasil-em-premiacao-internacional\/","name":"Centro de Ensino M\u00e9dio 111 representa o Brasil em premia\u00e7\u00e3o internacional - Notibras","isPartOf":{"@id":"https:\/\/www.notibras.com\/site\/#website"},"primaryImageOfPage":{"@id":"https:\/\/www.notibras.com\/site\/centro-de-ensino-medio-111-representa-o-brasil-em-premiacao-internacional\/#primaryimage"},"image":{"@id":"https:\/\/www.notibras.com\/site\/centro-de-ensino-medio-111-representa-o-brasil-em-premiacao-internacional\/#primaryimage"},"thumbnailUrl":"https:\/\/www.notibras.com\/site\/wp-content\/uploads\/2026\/01\/Finalistas-Premio-Zayed-de-Sustentabilidade-Foto-Andre-Amendoeira-4-1.jpg","datePublished":"2026-01-14T04:15:43+00:00","breadcrumb":{"@id":"https:\/\/www.notibras.com\/site\/centro-de-ensino-medio-111-representa-o-brasil-em-premiacao-internacional\/#breadcrumb"},"inLanguage":"pt-BR","potentialAction":[{"@type":"ReadAction","target":["https:\/\/www.notibras.com\/site\/centro-de-ensino-medio-111-representa-o-brasil-em-premiacao-internacional\/"]}]},{"@type":"ImageObject","inLanguage":"pt-BR","@id":"https:\/\/www.notibras.com\/site\/centro-de-ensino-medio-111-representa-o-brasil-em-premiacao-internacional\/#primaryimage","url":"https:\/\/www.notibras.com\/site\/wp-content\/uploads\/2026\/01\/Finalistas-Premio-Zayed-de-Sustentabilidade-Foto-Andre-Amendoeira-4-1.jpg","contentUrl":"https:\/\/www.notibras.com\/site\/wp-content\/uploads\/2026\/01\/Finalistas-Premio-Zayed-de-Sustentabilidade-Foto-Andre-Amendoeira-4-1.jpg","width":2560,"height":1707},{"@type":"BreadcrumbList","@id":"https:\/\/www.notibras.com\/site\/centro-de-ensino-medio-111-representa-o-brasil-em-premiacao-internacional\/#breadcrumb","itemListElement":[{"@type":"ListItem","position":1,"name":"In\u00edcio","item":"https:\/\/www.notibras.com\/site\/"},{"@type":"ListItem","position":2,"name":"Centro de Ensino M\u00e9dio 111 representa o Brasil em premia\u00e7\u00e3o internacional"}]},{"@type":"WebSite","@id":"https:\/\/www.notibras.com\/site\/#website","url":"https:\/\/www.notibras.com\/site\/","name":"Notibras","description":"Not\u00edcias de Bras\u00edlia, do Brasil e do Mundo","publisher":{"@id":"https:\/\/www.notibras.com\/site\/#organization"},"potentialAction":[{"@type":"SearchAction","target":{"@type":"EntryPoint","urlTemplate":"https:\/\/www.notibras.com\/site\/?s={search_term_string}"},"query-input":{"@type":"PropertyValueSpecification","valueRequired":true,"valueName":"search_term_string"}}],"inLanguage":"pt-BR"},{"@type":"Organization","@id":"https:\/\/www.notibras.com\/site\/#organization","name":"Grupo Notibras de Comunica\u00e7\u00e3o","url":"https:\/\/www.notibras.com\/site\/","logo":{"@type":"ImageObject","inLanguage":"pt-BR","@id":"https:\/\/www.notibras.com\/site\/#\/schema\/logo\/image\/","url":"https:\/\/www.notibras.com\/site\/wp-content\/uploads\/2023\/01\/notibras23.png","contentUrl":"https:\/\/www.notibras.com\/site\/wp-content\/uploads\/2023\/01\/notibras23.png","width":350,"height":87,"caption":"Grupo Notibras de Comunica\u00e7\u00e3o"},"image":{"@id":"https:\/\/www.notibras.com\/site\/#\/schema\/logo\/image\/"},"sameAs":["https:\/\/www.facebook.com\/notibras\/","https:\/\/x.com\/Notibras","https:\/\/www.instagram.com\/notibras\/"]},{"@type":"Person","@id":"https:\/\/www.notibras.com\/site\/#\/schema\/person\/5b7fabf2aedc3ada2105f03b22b4d3dd","name":"Eduardo Mart\u00ednez","image":{"@type":"ImageObject","inLanguage":"pt-BR","@id":"https:\/\/secure.gravatar.com\/avatar\/7902f906289926289cbcda644b5197c796b893c6ffd7b9a536a42d290f7704a0?s=96&d=mm&r=g","url":"https:\/\/secure.gravatar.com\/avatar\/7902f906289926289cbcda644b5197c796b893c6ffd7b9a536a42d290f7704a0?s=96&d=mm&r=g","contentUrl":"https:\/\/secure.gravatar.com\/avatar\/7902f906289926289cbcda644b5197c796b893c6ffd7b9a536a42d290f7704a0?s=96&d=mm&r=g","caption":"Eduardo Mart\u00ednez"}}]}},"amp_enabled":true,"_links":{"self":[{"href":"https:\/\/www.notibras.com\/site\/wp-json\/wp\/v2\/posts\/378892","targetHints":{"allow":["GET"]}}],"collection":[{"href":"https:\/\/www.notibras.com\/site\/wp-json\/wp\/v2\/posts"}],"about":[{"href":"https:\/\/www.notibras.com\/site\/wp-json\/wp\/v2\/types\/post"}],"author":[{"embeddable":true,"href":"https:\/\/www.notibras.com\/site\/wp-json\/wp\/v2\/users\/21"}],"replies":[{"embeddable":true,"href":"https:\/\/www.notibras.com\/site\/wp-json\/wp\/v2\/comments?post=378892"}],"version-history":[{"count":3,"href":"https:\/\/www.notibras.com\/site\/wp-json\/wp\/v2\/posts\/378892\/revisions"}],"predecessor-version":[{"id":378896,"href":"https:\/\/www.notibras.com\/site\/wp-json\/wp\/v2\/posts\/378892\/revisions\/378896"}],"wp:featuredmedia":[{"embeddable":true,"href":"https:\/\/www.notibras.com\/site\/wp-json\/wp\/v2\/media\/378893"}],"wp:attachment":[{"href":"https:\/\/www.notibras.com\/site\/wp-json\/wp\/v2\/media?parent=378892"}],"wp:term":[{"taxonomy":"category","embeddable":true,"href":"https:\/\/www.notibras.com\/site\/wp-json\/wp\/v2\/categories?post=378892"},{"taxonomy":"post_tag","embeddable":true,"href":"https:\/\/www.notibras.com\/site\/wp-json\/wp\/v2\/tags?post=378892"}],"curies":[{"name":"wp","href":"https:\/\/api.w.org\/{rel}","templated":true}]}}