{"id":378897,"date":"2026-01-14T02:15:44","date_gmt":"2026-01-14T05:15:44","guid":{"rendered":"https:\/\/www.notibras.com\/site\/?p=378897"},"modified":"2026-01-13T22:41:10","modified_gmt":"2026-01-14T01:41:10","slug":"a-amizade-e-magica","status":"publish","type":"post","link":"https:\/\/www.notibras.com\/site\/a-amizade-e-magica\/","title":{"rendered":"A amizade \u00e9 m\u00e1gica"},"content":{"rendered":"<p>Minha pequenina tem, atualmente, 10 anos. Desde seus quatro, cinco anos, era e ainda \u00e9 fascinada por um desenho animado&#8230; &#8220;My little pony&#8221;&#8230;<\/p>\n<p>Depois de passar por diversas fases (Baby Shark, Galinha Pintadinha e outros) conheceu o fabuloso mundo de Equestria. Ficou de tal forma fascinada com as aventuras das personagens que, quando conversava com as pessoas (sim, ela adora conversar com todo mundo), sua frase favorita era o slogan da produ\u00e7\u00e3o&#8230; &#8220;a amizade \u00e9 m\u00e1gica&#8221;. E at\u00e9 hoje ela usa essa frase em seu dia a dia&#8230;<\/p>\n<p>A amizade, realmente, \u00e9 m\u00e1gica? Acredito que sim. Afinal, amizade \u00e9 o Amor em sua forma mais singela. \u00c9 aquele Amor que n\u00e3o faz cobran\u00e7as. Simplesmente existe. E seu \u00fanico objetivo \u00e9 cuidar daquele que ganhou o direito a esse amor&#8230;<\/p>\n<p>Duas pessoas amigas compartilham, muitas vezes, detalhes de sua vida que outras pessoas n\u00e3o fazem a menor ideia. S\u00e3o c\u00famplices, onde n\u00e3o existe julgamento de uma sobre a outra. Uma amiga \u00e9 o Porto Seguro para aquela que necessita de um ombro amigo para chorar quando o mundo parece desmoronar \u00e0 sua volta e algu\u00e9m para repartir uma vit\u00f3ria alcan\u00e7ada. Uma amiga est\u00e1 sempre ao lado da outra, nos bons e maus momentos da vida. Sempre se apoiando mutuamente&#8230;<\/p>\n<p>Quando voc\u00ea \u00e9 realmente amiga de algu\u00e9m, nada ao seu redor se importa. Porque voc\u00ea deseja o melhor para o objeto de sua amizade. Voc\u00ea sabe que, ao lado de seu amigo, pode se despir da m\u00e1scara que \u00e9 obrigada a usar em sua vida social. Porque voc\u00ea confia nessa pessoa, assim como esta tamb\u00e9m confia em voc\u00ea. H\u00e1 aquela cumplicidade que n\u00e3o d\u00e1 para explicar, somente quem vive essa amizade consegue sentir. \u00c9 algo que transcende a alma&#8230;<\/p>\n<p>Uma pessoa amiga n\u00e3o tem medo de dizer a verdade \u00e0 outra. Pois se v\u00ea seu amigo em perigo, e percebe que este n\u00e3o consegue visualizar tal situa\u00e7\u00e3o, faz de tudo para abrir-lhe os olhos. Mesmo que essa a\u00e7\u00e3o machuque a outra pessoa naquele momento. Pois sabe que, se n\u00e3o agir dessa maneira, seu amigo pode acabar se machucando muito mais, se n\u00e3o for alertada a tempo&#8230;<\/p>\n<p>Um amigo sabe que pode confiar no outro. E essa \u00e9 a chave que mant\u00e9m esse relacionamento&#8230; a confian\u00e7a. \u00c9 o tipo de sentimento que jamais poder\u00e1 ser quebrado, pois se tal acontecer, a magia que mantinha aquela liga\u00e7\u00e3o simplesmente se desfaz. Porque a amizade \u00e9 m\u00e1gica. E toda m\u00e1gica \u00e9 um encanto. E encantos, quando quebrados, dificilmente podem ser recuperados&#8230; pense nisso&#8230;<\/p>\n","protected":false},"excerpt":{"rendered":"<p>Minha pequenina tem, atualmente, 10 anos. Desde seus quatro, cinco anos, era e ainda \u00e9 fascinada por um desenho animado&#8230; &#8220;My little pony&#8221;&#8230; Depois de passar por diversas fases (Baby Shark, Galinha Pintadinha e outros) conheceu o fabuloso mundo de Equestria. Ficou de tal forma fascinada com as aventuras das personagens que, quando conversava com [&hellip;]<\/p>\n","protected":false},"author":21,"featured_media":378898,"comment_status":"closed","ping_status":"closed","sticky":false,"template":"","format":"standard","meta":{"_acf_changed":false,"footnotes":""},"categories":[236],"tags":[],"class_list":["post-378897","post","type-post","status-publish","format-standard","has-post-thumbnail","hentry","category-ponto-de-vista"],"acf":[],"yoast_head":"<!-- This site is optimized with the Yoast SEO plugin v27.2 - https:\/\/yoast.com\/product\/yoast-seo-wordpress\/ -->\n<title>A amizade \u00e9 m\u00e1gica - Notibras<\/title>\n<meta name=\"robots\" content=\"index, follow, max-snippet:-1, max-image-preview:large, max-video-preview:-1\" \/>\n<link rel=\"canonical\" href=\"https:\/\/www.notibras.com\/site\/a-amizade-e-magica\/\" \/>\n<meta property=\"og:locale\" content=\"pt_BR\" \/>\n<meta property=\"og:type\" content=\"article\" \/>\n<meta property=\"og:title\" content=\"A amizade \u00e9 m\u00e1gica - Notibras\" \/>\n<meta property=\"og:description\" content=\"Minha pequenina tem, atualmente, 10 anos. Desde seus quatro, cinco anos, era e ainda \u00e9 fascinada por um desenho animado&#8230; &#8220;My little pony&#8221;&#8230; Depois de passar por diversas fases (Baby Shark, Galinha Pintadinha e outros) conheceu o fabuloso mundo de Equestria. Ficou de tal forma fascinada com as aventuras das personagens que, quando conversava com [&hellip;]\" \/>\n<meta property=\"og:url\" content=\"https:\/\/www.notibras.com\/site\/a-amizade-e-magica\/\" \/>\n<meta property=\"og:site_name\" content=\"Notibras\" \/>\n<meta property=\"article:publisher\" content=\"https:\/\/www.facebook.com\/notibras\/\" \/>\n<meta property=\"article:published_time\" content=\"2026-01-14T05:15:44+00:00\" \/>\n<meta property=\"og:image\" content=\"https:\/\/www.notibras.com\/site\/wp-content\/uploads\/2026\/01\/IMG_0306.jpg\" \/>\n\t<meta property=\"og:image:width\" content=\"1023\" \/>\n\t<meta property=\"og:image:height\" content=\"918\" \/>\n\t<meta property=\"og:image:type\" content=\"image\/jpeg\" \/>\n<meta name=\"author\" content=\"Eduardo Mart\u00ednez\" \/>\n<meta name=\"twitter:card\" content=\"summary_large_image\" \/>\n<meta name=\"twitter:creator\" content=\"@Notibras\" \/>\n<meta name=\"twitter:site\" content=\"@Notibras\" \/>\n<meta name=\"twitter:label1\" content=\"Escrito por\" \/>\n\t<meta name=\"twitter:data1\" content=\"Eduardo Mart\u00ednez\" \/>\n\t<meta name=\"twitter:label2\" content=\"Est. tempo de leitura\" \/>\n\t<meta name=\"twitter:data2\" content=\"3 minutos\" \/>\n<script type=\"application\/ld+json\" class=\"yoast-schema-graph\">{\"@context\":\"https:\/\/schema.org\",\"@graph\":[{\"@type\":\"Article\",\"@id\":\"https:\/\/www.notibras.com\/site\/a-amizade-e-magica\/#article\",\"isPartOf\":{\"@id\":\"https:\/\/www.notibras.com\/site\/a-amizade-e-magica\/\"},\"author\":{\"name\":\"Eduardo Mart\u00ednez\",\"@id\":\"https:\/\/www.notibras.com\/site\/#\/schema\/person\/5b7fabf2aedc3ada2105f03b22b4d3dd\"},\"headline\":\"A amizade \u00e9 m\u00e1gica\",\"datePublished\":\"2026-01-14T05:15:44+00:00\",\"mainEntityOfPage\":{\"@id\":\"https:\/\/www.notibras.com\/site\/a-amizade-e-magica\/\"},\"wordCount\":431,\"publisher\":{\"@id\":\"https:\/\/www.notibras.com\/site\/#organization\"},\"image\":{\"@id\":\"https:\/\/www.notibras.com\/site\/a-amizade-e-magica\/#primaryimage\"},\"thumbnailUrl\":\"https:\/\/www.notibras.com\/site\/wp-content\/uploads\/2026\/01\/IMG_0306.jpg\",\"articleSection\":[\"Ponto de Vista\"],\"inLanguage\":\"pt-BR\"},{\"@type\":\"WebPage\",\"@id\":\"https:\/\/www.notibras.com\/site\/a-amizade-e-magica\/\",\"url\":\"https:\/\/www.notibras.com\/site\/a-amizade-e-magica\/\",\"name\":\"A amizade \u00e9 m\u00e1gica - Notibras\",\"isPartOf\":{\"@id\":\"https:\/\/www.notibras.com\/site\/#website\"},\"primaryImageOfPage\":{\"@id\":\"https:\/\/www.notibras.com\/site\/a-amizade-e-magica\/#primaryimage\"},\"image\":{\"@id\":\"https:\/\/www.notibras.com\/site\/a-amizade-e-magica\/#primaryimage\"},\"thumbnailUrl\":\"https:\/\/www.notibras.com\/site\/wp-content\/uploads\/2026\/01\/IMG_0306.jpg\",\"datePublished\":\"2026-01-14T05:15:44+00:00\",\"breadcrumb\":{\"@id\":\"https:\/\/www.notibras.com\/site\/a-amizade-e-magica\/#breadcrumb\"},\"inLanguage\":\"pt-BR\",\"potentialAction\":[{\"@type\":\"ReadAction\",\"target\":[\"https:\/\/www.notibras.com\/site\/a-amizade-e-magica\/\"]}]},{\"@type\":\"ImageObject\",\"inLanguage\":\"pt-BR\",\"@id\":\"https:\/\/www.notibras.com\/site\/a-amizade-e-magica\/#primaryimage\",\"url\":\"https:\/\/www.notibras.com\/site\/wp-content\/uploads\/2026\/01\/IMG_0306.jpg\",\"contentUrl\":\"https:\/\/www.notibras.com\/site\/wp-content\/uploads\/2026\/01\/IMG_0306.jpg\",\"width\":1023,\"height\":918},{\"@type\":\"BreadcrumbList\",\"@id\":\"https:\/\/www.notibras.com\/site\/a-amizade-e-magica\/#breadcrumb\",\"itemListElement\":[{\"@type\":\"ListItem\",\"position\":1,\"name\":\"In\u00edcio\",\"item\":\"https:\/\/www.notibras.com\/site\/\"},{\"@type\":\"ListItem\",\"position\":2,\"name\":\"A amizade \u00e9 m\u00e1gica\"}]},{\"@type\":\"WebSite\",\"@id\":\"https:\/\/www.notibras.com\/site\/#website\",\"url\":\"https:\/\/www.notibras.com\/site\/\",\"name\":\"Notibras\",\"description\":\"Not\u00edcias de Bras\u00edlia, do Brasil e do Mundo\",\"publisher\":{\"@id\":\"https:\/\/www.notibras.com\/site\/#organization\"},\"potentialAction\":[{\"@type\":\"SearchAction\",\"target\":{\"@type\":\"EntryPoint\",\"urlTemplate\":\"https:\/\/www.notibras.com\/site\/?s={search_term_string}\"},\"query-input\":{\"@type\":\"PropertyValueSpecification\",\"valueRequired\":true,\"valueName\":\"search_term_string\"}}],\"inLanguage\":\"pt-BR\"},{\"@type\":\"Organization\",\"@id\":\"https:\/\/www.notibras.com\/site\/#organization\",\"name\":\"Grupo Notibras de Comunica\u00e7\u00e3o\",\"url\":\"https:\/\/www.notibras.com\/site\/\",\"logo\":{\"@type\":\"ImageObject\",\"inLanguage\":\"pt-BR\",\"@id\":\"https:\/\/www.notibras.com\/site\/#\/schema\/logo\/image\/\",\"url\":\"https:\/\/www.notibras.com\/site\/wp-content\/uploads\/2023\/01\/notibras23.png\",\"contentUrl\":\"https:\/\/www.notibras.com\/site\/wp-content\/uploads\/2023\/01\/notibras23.png\",\"width\":350,\"height\":87,\"caption\":\"Grupo Notibras de Comunica\u00e7\u00e3o\"},\"image\":{\"@id\":\"https:\/\/www.notibras.com\/site\/#\/schema\/logo\/image\/\"},\"sameAs\":[\"https:\/\/www.facebook.com\/notibras\/\",\"https:\/\/x.com\/Notibras\",\"https:\/\/www.instagram.com\/notibras\/\"]},{\"@type\":\"Person\",\"@id\":\"https:\/\/www.notibras.com\/site\/#\/schema\/person\/5b7fabf2aedc3ada2105f03b22b4d3dd\",\"name\":\"Eduardo Mart\u00ednez\",\"image\":{\"@type\":\"ImageObject\",\"inLanguage\":\"pt-BR\",\"@id\":\"https:\/\/secure.gravatar.com\/avatar\/7902f906289926289cbcda644b5197c796b893c6ffd7b9a536a42d290f7704a0?s=96&d=mm&r=g\",\"url\":\"https:\/\/secure.gravatar.com\/avatar\/7902f906289926289cbcda644b5197c796b893c6ffd7b9a536a42d290f7704a0?s=96&d=mm&r=g\",\"contentUrl\":\"https:\/\/secure.gravatar.com\/avatar\/7902f906289926289cbcda644b5197c796b893c6ffd7b9a536a42d290f7704a0?s=96&d=mm&r=g\",\"caption\":\"Eduardo Mart\u00ednez\"}}]}<\/script>\n<!-- \/ Yoast SEO plugin. -->","yoast_head_json":{"title":"A amizade \u00e9 m\u00e1gica - Notibras","robots":{"index":"index","follow":"follow","max-snippet":"max-snippet:-1","max-image-preview":"max-image-preview:large","max-video-preview":"max-video-preview:-1"},"canonical":"https:\/\/www.notibras.com\/site\/a-amizade-e-magica\/","og_locale":"pt_BR","og_type":"article","og_title":"A amizade \u00e9 m\u00e1gica - Notibras","og_description":"Minha pequenina tem, atualmente, 10 anos. Desde seus quatro, cinco anos, era e ainda \u00e9 fascinada por um desenho animado&#8230; &#8220;My little pony&#8221;&#8230; Depois de passar por diversas fases (Baby Shark, Galinha Pintadinha e outros) conheceu o fabuloso mundo de Equestria. Ficou de tal forma fascinada com as aventuras das personagens que, quando conversava com [&hellip;]","og_url":"https:\/\/www.notibras.com\/site\/a-amizade-e-magica\/","og_site_name":"Notibras","article_publisher":"https:\/\/www.facebook.com\/notibras\/","article_published_time":"2026-01-14T05:15:44+00:00","og_image":[{"width":1023,"height":918,"url":"https:\/\/www.notibras.com\/site\/wp-content\/uploads\/2026\/01\/IMG_0306.jpg","type":"image\/jpeg"}],"author":"Eduardo Mart\u00ednez","twitter_card":"summary_large_image","twitter_creator":"@Notibras","twitter_site":"@Notibras","twitter_misc":{"Escrito por":"Eduardo Mart\u00ednez","Est. tempo de leitura":"3 minutos"},"schema":{"@context":"https:\/\/schema.org","@graph":[{"@type":"Article","@id":"https:\/\/www.notibras.com\/site\/a-amizade-e-magica\/#article","isPartOf":{"@id":"https:\/\/www.notibras.com\/site\/a-amizade-e-magica\/"},"author":{"name":"Eduardo Mart\u00ednez","@id":"https:\/\/www.notibras.com\/site\/#\/schema\/person\/5b7fabf2aedc3ada2105f03b22b4d3dd"},"headline":"A amizade \u00e9 m\u00e1gica","datePublished":"2026-01-14T05:15:44+00:00","mainEntityOfPage":{"@id":"https:\/\/www.notibras.com\/site\/a-amizade-e-magica\/"},"wordCount":431,"publisher":{"@id":"https:\/\/www.notibras.com\/site\/#organization"},"image":{"@id":"https:\/\/www.notibras.com\/site\/a-amizade-e-magica\/#primaryimage"},"thumbnailUrl":"https:\/\/www.notibras.com\/site\/wp-content\/uploads\/2026\/01\/IMG_0306.jpg","articleSection":["Ponto de Vista"],"inLanguage":"pt-BR"},{"@type":"WebPage","@id":"https:\/\/www.notibras.com\/site\/a-amizade-e-magica\/","url":"https:\/\/www.notibras.com\/site\/a-amizade-e-magica\/","name":"A amizade \u00e9 m\u00e1gica - Notibras","isPartOf":{"@id":"https:\/\/www.notibras.com\/site\/#website"},"primaryImageOfPage":{"@id":"https:\/\/www.notibras.com\/site\/a-amizade-e-magica\/#primaryimage"},"image":{"@id":"https:\/\/www.notibras.com\/site\/a-amizade-e-magica\/#primaryimage"},"thumbnailUrl":"https:\/\/www.notibras.com\/site\/wp-content\/uploads\/2026\/01\/IMG_0306.jpg","datePublished":"2026-01-14T05:15:44+00:00","breadcrumb":{"@id":"https:\/\/www.notibras.com\/site\/a-amizade-e-magica\/#breadcrumb"},"inLanguage":"pt-BR","potentialAction":[{"@type":"ReadAction","target":["https:\/\/www.notibras.com\/site\/a-amizade-e-magica\/"]}]},{"@type":"ImageObject","inLanguage":"pt-BR","@id":"https:\/\/www.notibras.com\/site\/a-amizade-e-magica\/#primaryimage","url":"https:\/\/www.notibras.com\/site\/wp-content\/uploads\/2026\/01\/IMG_0306.jpg","contentUrl":"https:\/\/www.notibras.com\/site\/wp-content\/uploads\/2026\/01\/IMG_0306.jpg","width":1023,"height":918},{"@type":"BreadcrumbList","@id":"https:\/\/www.notibras.com\/site\/a-amizade-e-magica\/#breadcrumb","itemListElement":[{"@type":"ListItem","position":1,"name":"In\u00edcio","item":"https:\/\/www.notibras.com\/site\/"},{"@type":"ListItem","position":2,"name":"A amizade \u00e9 m\u00e1gica"}]},{"@type":"WebSite","@id":"https:\/\/www.notibras.com\/site\/#website","url":"https:\/\/www.notibras.com\/site\/","name":"Notibras","description":"Not\u00edcias de Bras\u00edlia, do Brasil e do Mundo","publisher":{"@id":"https:\/\/www.notibras.com\/site\/#organization"},"potentialAction":[{"@type":"SearchAction","target":{"@type":"EntryPoint","urlTemplate":"https:\/\/www.notibras.com\/site\/?s={search_term_string}"},"query-input":{"@type":"PropertyValueSpecification","valueRequired":true,"valueName":"search_term_string"}}],"inLanguage":"pt-BR"},{"@type":"Organization","@id":"https:\/\/www.notibras.com\/site\/#organization","name":"Grupo Notibras de Comunica\u00e7\u00e3o","url":"https:\/\/www.notibras.com\/site\/","logo":{"@type":"ImageObject","inLanguage":"pt-BR","@id":"https:\/\/www.notibras.com\/site\/#\/schema\/logo\/image\/","url":"https:\/\/www.notibras.com\/site\/wp-content\/uploads\/2023\/01\/notibras23.png","contentUrl":"https:\/\/www.notibras.com\/site\/wp-content\/uploads\/2023\/01\/notibras23.png","width":350,"height":87,"caption":"Grupo Notibras de Comunica\u00e7\u00e3o"},"image":{"@id":"https:\/\/www.notibras.com\/site\/#\/schema\/logo\/image\/"},"sameAs":["https:\/\/www.facebook.com\/notibras\/","https:\/\/x.com\/Notibras","https:\/\/www.instagram.com\/notibras\/"]},{"@type":"Person","@id":"https:\/\/www.notibras.com\/site\/#\/schema\/person\/5b7fabf2aedc3ada2105f03b22b4d3dd","name":"Eduardo Mart\u00ednez","image":{"@type":"ImageObject","inLanguage":"pt-BR","@id":"https:\/\/secure.gravatar.com\/avatar\/7902f906289926289cbcda644b5197c796b893c6ffd7b9a536a42d290f7704a0?s=96&d=mm&r=g","url":"https:\/\/secure.gravatar.com\/avatar\/7902f906289926289cbcda644b5197c796b893c6ffd7b9a536a42d290f7704a0?s=96&d=mm&r=g","contentUrl":"https:\/\/secure.gravatar.com\/avatar\/7902f906289926289cbcda644b5197c796b893c6ffd7b9a536a42d290f7704a0?s=96&d=mm&r=g","caption":"Eduardo Mart\u00ednez"}}]}},"amp_enabled":true,"_links":{"self":[{"href":"https:\/\/www.notibras.com\/site\/wp-json\/wp\/v2\/posts\/378897","targetHints":{"allow":["GET"]}}],"collection":[{"href":"https:\/\/www.notibras.com\/site\/wp-json\/wp\/v2\/posts"}],"about":[{"href":"https:\/\/www.notibras.com\/site\/wp-json\/wp\/v2\/types\/post"}],"author":[{"embeddable":true,"href":"https:\/\/www.notibras.com\/site\/wp-json\/wp\/v2\/users\/21"}],"replies":[{"embeddable":true,"href":"https:\/\/www.notibras.com\/site\/wp-json\/wp\/v2\/comments?post=378897"}],"version-history":[{"count":2,"href":"https:\/\/www.notibras.com\/site\/wp-json\/wp\/v2\/posts\/378897\/revisions"}],"predecessor-version":[{"id":378900,"href":"https:\/\/www.notibras.com\/site\/wp-json\/wp\/v2\/posts\/378897\/revisions\/378900"}],"wp:featuredmedia":[{"embeddable":true,"href":"https:\/\/www.notibras.com\/site\/wp-json\/wp\/v2\/media\/378898"}],"wp:attachment":[{"href":"https:\/\/www.notibras.com\/site\/wp-json\/wp\/v2\/media?parent=378897"}],"wp:term":[{"taxonomy":"category","embeddable":true,"href":"https:\/\/www.notibras.com\/site\/wp-json\/wp\/v2\/categories?post=378897"},{"taxonomy":"post_tag","embeddable":true,"href":"https:\/\/www.notibras.com\/site\/wp-json\/wp\/v2\/tags?post=378897"}],"curies":[{"name":"wp","href":"https:\/\/api.w.org\/{rel}","templated":true}]}}