{"id":378901,"date":"2026-01-15T02:00:20","date_gmt":"2026-01-15T05:00:20","guid":{"rendered":"https:\/\/www.notibras.com\/site\/?p=378901"},"modified":"2026-01-13T23:16:10","modified_gmt":"2026-01-14T02:16:10","slug":"a-tempestade-se-aproxima","status":"publish","type":"post","link":"https:\/\/www.notibras.com\/site\/a-tempestade-se-aproxima\/","title":{"rendered":"A TEMPESTADE SE APROXIMA&#8230;"},"content":{"rendered":"<p>E de repente o c\u00e9u tornou-se escuro&#8230; tenebroso! O medo voltou a pairar no ar, como se fosse algo palp\u00e1vel, como se tivesse se tornado s\u00f3lido&#8230; sim, de repente o novo ciclo que se iniciou veio pesado&#8230; como se as mazelas do passado fossem apenas o prenuncio da tempestade que se aproximava&#8230;<\/p>\n<p>N\u00e3o podemos dizer que j\u00e1 estamos no meio do furac\u00e3o que se aproxima. O que sentimos em nosso \u00edntimo \u00e9 o medo at\u00e1vico daquilo que se aproxima lentamente, com passos felinos&#8230; e \u00e0s vezes, rastejando como a serpente camuflada pelas folhas secas da floresta&#8230;<\/p>\n<p>De longe ouvimos os trov\u00f5es e os rel\u00e2mpagos cortam os c\u00e9us&#8230;\u00e9 como se os Cavaleiros do Apocalipse se aproximassem velozmente de nosso plano. Sei que sempre houve conflitos por v\u00e1rios territ\u00f3rios deste nosso vasto mundo. E que, de certa forma, vivemos em constante conflito, visto que aqueles que se julgam superiores se valendo da for\u00e7a f\u00edsica costumam reivindicar as posses daqueles que n\u00e3o tem como reagir ante sua viol\u00eancia. Mas sempre em doses no varejo. Quando a viol\u00eancia \u00e9 no atacado, bem&#8230;<\/p>\n<p>Fome, Guerra, Morte, Engano&#8230; \u00e9 assim que nomeamos os inomin\u00e1veis. A Fome a muito grassa por todo o plano, onde milhares de pessoas passam \u00e0 mingua, sem que ningu\u00e9m se importe com sua real condi\u00e7\u00e3o de vida. Aqueles que muito tem, se puderem, tomam o pouco dos desafortunados para que possam vangloriar-se de ter suas posse aumentadas. N\u00e3o se importam com aqueles que estendem a m\u00e3o, pedindo socorro&#8230;<\/p>\n<p>A Guerra est\u00e1 presente em nossas vidas desde que o homem iniciou os registros de sua hist\u00f3ria. N\u00e3o importa o motivo, sempre haver\u00e1 justificativa para invadir a casa de seu semelhante para dela tomar posse. E se poss\u00edvel, eliminar o &#8220;inimigo&#8221;, pois ele \u00e9 um empecilho para seus projetos&#8230;<\/p>\n<p>O Engano \u00e9 o precursor da Guerra. \u00c9 atrav\u00e9s de suas a\u00e7\u00f5es que o Cavaleiro da Guerra consegue dominar a alma de todos. E como tal \u00e9 feito? O principal argumento usado por esse Cavaleiro \u00e9 que, se o deixarem agir livremente, tudo ir\u00e1 melhorar, pois apenas ele, o Engano, tem o mapa que conduz \u00e0 Paz Celestial. Esse Cavaleiro lan\u00e7a m\u00e3o dos mais variados artif\u00edcios, conseguindo seu intento&#8230; convence a todos que o seguirem que os guiar\u00e1 pelo Vale da Luz&#8230; mas no final da jornada o que seus seguires encontram \u00e9 o Reino das Trevas&#8230;<\/p>\n<p>Finalmente, a Inomin\u00e1vel das Inomin\u00e1veis&#8230; \u00e9 como se este Cavaleiro fosse o jardineiro contratado por uma for\u00e7a superior para dar um jeito nas plantas do Jardim. Todos n\u00f3s temos como destino certo o encontro com Ela um dia. Mas em um conflito entre Sociedades diferentes, Esta trabalha no atacado. Em pouco tempo leva para o outro plano incont\u00e1veis almas, muitas delas ainda n\u00e3o preparadas para a Grande Viagem&#8230;.<\/p>\n<p>E \u00e9 essa a vis\u00e3o que se aproxima de n\u00f3s, pouco a pouco&#8230; o Engano j\u00e1 fez seu trabalho, preparando o caminho para seus parceiros agirem. Guerra j\u00e1 esta com sua espada levantada, como se esperando as ordem de Marte, seu Chefe Supremo. A qualquer instante chega a ordem e este iniciar\u00e1 sua ceifa. Com esta, a Fome pode trabalhar, espalhando a mis\u00e9ria e doen\u00e7as por onde passar. Ent\u00e3o, restar\u00e1 a Morte ceifar as almas j\u00e1 enfraquecidas pelas a\u00e7\u00f5es de seus parceiros de armas. E o Caos estar\u00e1 instalado em nosso meio, onde rezaremos para que o Alt\u00edssimo nos salve de tal destino&#8230;<\/p>\n<p>O mundo est\u00e1 em ebuli\u00e7\u00e3o. Ainda h\u00e1 tempo de escaparmos de destino t\u00e3o cruel. Mas estaremos realmente preparados para clamar por Paz&#8230; e sermos ouvidos pelo Pai Eterno? Conseguiremos amolecer o cora\u00e7\u00e3o daqueles que det\u00e9m o poder de vida e morte de seus s\u00faditos? Ou a sede de poder, a gan\u00e2ncia que controla suas a\u00e7\u00f5es \u00e9 de tal forma intensa, que n\u00e3o conseguem entender que, destruindo a casa de seus semelhantes est\u00e3o destruindo sua pr\u00f3pria casa? Esperemos que o bom senso prevale\u00e7a, e de uma forma ou de outra, as pessoas consigam conviver em paz&#8230; mesmo que seja uma paz atribulada&#8230;<\/p>\n<p>Que o Alt\u00edssimo ilumine a vis\u00e3o de todos neste plano e os fa\u00e7a perceber que nada nesse mundo vale a vida de seu semelhante e que as riquezas acumuladas nesse plano de nada servir\u00e3o quando iniciarmos a Grande Travessia. Mas nossas a\u00e7\u00f5es contar\u00e3o, e muito, para determinar nosso destino ao passarmos para o outro plano&#8230;<\/p>\n<p>Que a Paz n\u00e3o seja uma linda Utopia em nossa vida&#8230; que aqueles que s\u00e3o seguidos como L\u00edderes compreendam que n\u00e3o s\u00e3o os donos da verdade&#8230; que a sua vontade n\u00e3o \u00e9 suprema e que um dia ter\u00e3o que prestar contas de seus atos para uma For\u00e7a Superior&#8230; tenhamos f\u00e9 de que tal vis\u00e3o ainda pode se concretizar&#8230; basta haver boa vontade entre aqueles que det\u00e9m o poder de vida ou de morte sobre seus semelhantes usem o cora\u00e7\u00e3o para decidir suas a\u00e7\u00f5es&#8230; e n\u00e3o a cobi\u00e7a por aquilo que n\u00e3o lhes pertence&#8230;<\/p>\n","protected":false},"excerpt":{"rendered":"<p>E de repente o c\u00e9u tornou-se escuro&#8230; tenebroso! O medo voltou a pairar no ar, como se fosse algo palp\u00e1vel, como se tivesse se tornado s\u00f3lido&#8230; sim, de repente o novo ciclo que se iniciou veio pesado&#8230; como se as mazelas do passado fossem apenas o prenuncio da tempestade que se aproximava&#8230; N\u00e3o podemos dizer [&hellip;]<\/p>\n","protected":false},"author":21,"featured_media":378903,"comment_status":"closed","ping_status":"closed","sticky":false,"template":"","format":"standard","meta":{"_acf_changed":false,"footnotes":""},"categories":[236],"tags":[],"class_list":["post-378901","post","type-post","status-publish","format-standard","has-post-thumbnail","hentry","category-ponto-de-vista"],"acf":[],"yoast_head":"<!-- This site is optimized with the Yoast SEO plugin v27.2 - https:\/\/yoast.com\/product\/yoast-seo-wordpress\/ -->\n<title>A TEMPESTADE SE APROXIMA... - Notibras<\/title>\n<meta name=\"robots\" content=\"index, follow, max-snippet:-1, max-image-preview:large, max-video-preview:-1\" \/>\n<link rel=\"canonical\" href=\"https:\/\/www.notibras.com\/site\/a-tempestade-se-aproxima\/\" \/>\n<meta property=\"og:locale\" content=\"pt_BR\" \/>\n<meta property=\"og:type\" content=\"article\" \/>\n<meta property=\"og:title\" content=\"A TEMPESTADE SE APROXIMA... - Notibras\" \/>\n<meta property=\"og:description\" content=\"E de repente o c\u00e9u tornou-se escuro&#8230; tenebroso! O medo voltou a pairar no ar, como se fosse algo palp\u00e1vel, como se tivesse se tornado s\u00f3lido&#8230; sim, de repente o novo ciclo que se iniciou veio pesado&#8230; como se as mazelas do passado fossem apenas o prenuncio da tempestade que se aproximava&#8230; N\u00e3o podemos dizer [&hellip;]\" \/>\n<meta property=\"og:url\" content=\"https:\/\/www.notibras.com\/site\/a-tempestade-se-aproxima\/\" \/>\n<meta property=\"og:site_name\" content=\"Notibras\" \/>\n<meta property=\"article:publisher\" content=\"https:\/\/www.facebook.com\/notibras\/\" \/>\n<meta property=\"article:published_time\" content=\"2026-01-15T05:00:20+00:00\" \/>\n<meta property=\"og:image\" content=\"https:\/\/www.notibras.com\/site\/wp-content\/uploads\/2026\/01\/IMG_0307.jpg\" \/>\n\t<meta property=\"og:image:width\" content=\"1023\" \/>\n\t<meta property=\"og:image:height\" content=\"909\" \/>\n\t<meta property=\"og:image:type\" content=\"image\/jpeg\" \/>\n<meta name=\"author\" content=\"Eduardo Mart\u00ednez\" \/>\n<meta name=\"twitter:card\" content=\"summary_large_image\" \/>\n<meta name=\"twitter:creator\" content=\"@Notibras\" \/>\n<meta name=\"twitter:site\" content=\"@Notibras\" \/>\n<meta name=\"twitter:label1\" content=\"Escrito por\" \/>\n\t<meta name=\"twitter:data1\" content=\"Eduardo Mart\u00ednez\" \/>\n\t<meta name=\"twitter:label2\" content=\"Est. tempo de leitura\" \/>\n\t<meta name=\"twitter:data2\" content=\"5 minutos\" \/>\n<script type=\"application\/ld+json\" class=\"yoast-schema-graph\">{\"@context\":\"https:\/\/schema.org\",\"@graph\":[{\"@type\":\"Article\",\"@id\":\"https:\/\/www.notibras.com\/site\/a-tempestade-se-aproxima\/#article\",\"isPartOf\":{\"@id\":\"https:\/\/www.notibras.com\/site\/a-tempestade-se-aproxima\/\"},\"author\":{\"name\":\"Eduardo Mart\u00ednez\",\"@id\":\"https:\/\/www.notibras.com\/site\/#\/schema\/person\/5b7fabf2aedc3ada2105f03b22b4d3dd\"},\"headline\":\"A TEMPESTADE SE APROXIMA&#8230;\",\"datePublished\":\"2026-01-15T05:00:20+00:00\",\"mainEntityOfPage\":{\"@id\":\"https:\/\/www.notibras.com\/site\/a-tempestade-se-aproxima\/\"},\"wordCount\":875,\"publisher\":{\"@id\":\"https:\/\/www.notibras.com\/site\/#organization\"},\"image\":{\"@id\":\"https:\/\/www.notibras.com\/site\/a-tempestade-se-aproxima\/#primaryimage\"},\"thumbnailUrl\":\"https:\/\/www.notibras.com\/site\/wp-content\/uploads\/2026\/01\/IMG_0307.jpg\",\"articleSection\":[\"Ponto de Vista\"],\"inLanguage\":\"pt-BR\"},{\"@type\":\"WebPage\",\"@id\":\"https:\/\/www.notibras.com\/site\/a-tempestade-se-aproxima\/\",\"url\":\"https:\/\/www.notibras.com\/site\/a-tempestade-se-aproxima\/\",\"name\":\"A TEMPESTADE SE APROXIMA... - Notibras\",\"isPartOf\":{\"@id\":\"https:\/\/www.notibras.com\/site\/#website\"},\"primaryImageOfPage\":{\"@id\":\"https:\/\/www.notibras.com\/site\/a-tempestade-se-aproxima\/#primaryimage\"},\"image\":{\"@id\":\"https:\/\/www.notibras.com\/site\/a-tempestade-se-aproxima\/#primaryimage\"},\"thumbnailUrl\":\"https:\/\/www.notibras.com\/site\/wp-content\/uploads\/2026\/01\/IMG_0307.jpg\",\"datePublished\":\"2026-01-15T05:00:20+00:00\",\"breadcrumb\":{\"@id\":\"https:\/\/www.notibras.com\/site\/a-tempestade-se-aproxima\/#breadcrumb\"},\"inLanguage\":\"pt-BR\",\"potentialAction\":[{\"@type\":\"ReadAction\",\"target\":[\"https:\/\/www.notibras.com\/site\/a-tempestade-se-aproxima\/\"]}]},{\"@type\":\"ImageObject\",\"inLanguage\":\"pt-BR\",\"@id\":\"https:\/\/www.notibras.com\/site\/a-tempestade-se-aproxima\/#primaryimage\",\"url\":\"https:\/\/www.notibras.com\/site\/wp-content\/uploads\/2026\/01\/IMG_0307.jpg\",\"contentUrl\":\"https:\/\/www.notibras.com\/site\/wp-content\/uploads\/2026\/01\/IMG_0307.jpg\",\"width\":1023,\"height\":909},{\"@type\":\"BreadcrumbList\",\"@id\":\"https:\/\/www.notibras.com\/site\/a-tempestade-se-aproxima\/#breadcrumb\",\"itemListElement\":[{\"@type\":\"ListItem\",\"position\":1,\"name\":\"In\u00edcio\",\"item\":\"https:\/\/www.notibras.com\/site\/\"},{\"@type\":\"ListItem\",\"position\":2,\"name\":\"A TEMPESTADE SE APROXIMA&#8230;\"}]},{\"@type\":\"WebSite\",\"@id\":\"https:\/\/www.notibras.com\/site\/#website\",\"url\":\"https:\/\/www.notibras.com\/site\/\",\"name\":\"Notibras\",\"description\":\"Not\u00edcias de Bras\u00edlia, do Brasil e do Mundo\",\"publisher\":{\"@id\":\"https:\/\/www.notibras.com\/site\/#organization\"},\"potentialAction\":[{\"@type\":\"SearchAction\",\"target\":{\"@type\":\"EntryPoint\",\"urlTemplate\":\"https:\/\/www.notibras.com\/site\/?s={search_term_string}\"},\"query-input\":{\"@type\":\"PropertyValueSpecification\",\"valueRequired\":true,\"valueName\":\"search_term_string\"}}],\"inLanguage\":\"pt-BR\"},{\"@type\":\"Organization\",\"@id\":\"https:\/\/www.notibras.com\/site\/#organization\",\"name\":\"Grupo Notibras de Comunica\u00e7\u00e3o\",\"url\":\"https:\/\/www.notibras.com\/site\/\",\"logo\":{\"@type\":\"ImageObject\",\"inLanguage\":\"pt-BR\",\"@id\":\"https:\/\/www.notibras.com\/site\/#\/schema\/logo\/image\/\",\"url\":\"https:\/\/www.notibras.com\/site\/wp-content\/uploads\/2023\/01\/notibras23.png\",\"contentUrl\":\"https:\/\/www.notibras.com\/site\/wp-content\/uploads\/2023\/01\/notibras23.png\",\"width\":350,\"height\":87,\"caption\":\"Grupo Notibras de Comunica\u00e7\u00e3o\"},\"image\":{\"@id\":\"https:\/\/www.notibras.com\/site\/#\/schema\/logo\/image\/\"},\"sameAs\":[\"https:\/\/www.facebook.com\/notibras\/\",\"https:\/\/x.com\/Notibras\",\"https:\/\/www.instagram.com\/notibras\/\"]},{\"@type\":\"Person\",\"@id\":\"https:\/\/www.notibras.com\/site\/#\/schema\/person\/5b7fabf2aedc3ada2105f03b22b4d3dd\",\"name\":\"Eduardo Mart\u00ednez\",\"image\":{\"@type\":\"ImageObject\",\"inLanguage\":\"pt-BR\",\"@id\":\"https:\/\/secure.gravatar.com\/avatar\/7902f906289926289cbcda644b5197c796b893c6ffd7b9a536a42d290f7704a0?s=96&d=mm&r=g\",\"url\":\"https:\/\/secure.gravatar.com\/avatar\/7902f906289926289cbcda644b5197c796b893c6ffd7b9a536a42d290f7704a0?s=96&d=mm&r=g\",\"contentUrl\":\"https:\/\/secure.gravatar.com\/avatar\/7902f906289926289cbcda644b5197c796b893c6ffd7b9a536a42d290f7704a0?s=96&d=mm&r=g\",\"caption\":\"Eduardo Mart\u00ednez\"}}]}<\/script>\n<!-- \/ Yoast SEO plugin. -->","yoast_head_json":{"title":"A TEMPESTADE SE APROXIMA... - Notibras","robots":{"index":"index","follow":"follow","max-snippet":"max-snippet:-1","max-image-preview":"max-image-preview:large","max-video-preview":"max-video-preview:-1"},"canonical":"https:\/\/www.notibras.com\/site\/a-tempestade-se-aproxima\/","og_locale":"pt_BR","og_type":"article","og_title":"A TEMPESTADE SE APROXIMA... - Notibras","og_description":"E de repente o c\u00e9u tornou-se escuro&#8230; tenebroso! O medo voltou a pairar no ar, como se fosse algo palp\u00e1vel, como se tivesse se tornado s\u00f3lido&#8230; sim, de repente o novo ciclo que se iniciou veio pesado&#8230; como se as mazelas do passado fossem apenas o prenuncio da tempestade que se aproximava&#8230; N\u00e3o podemos dizer [&hellip;]","og_url":"https:\/\/www.notibras.com\/site\/a-tempestade-se-aproxima\/","og_site_name":"Notibras","article_publisher":"https:\/\/www.facebook.com\/notibras\/","article_published_time":"2026-01-15T05:00:20+00:00","og_image":[{"width":1023,"height":909,"url":"https:\/\/www.notibras.com\/site\/wp-content\/uploads\/2026\/01\/IMG_0307.jpg","type":"image\/jpeg"}],"author":"Eduardo Mart\u00ednez","twitter_card":"summary_large_image","twitter_creator":"@Notibras","twitter_site":"@Notibras","twitter_misc":{"Escrito por":"Eduardo Mart\u00ednez","Est. tempo de leitura":"5 minutos"},"schema":{"@context":"https:\/\/schema.org","@graph":[{"@type":"Article","@id":"https:\/\/www.notibras.com\/site\/a-tempestade-se-aproxima\/#article","isPartOf":{"@id":"https:\/\/www.notibras.com\/site\/a-tempestade-se-aproxima\/"},"author":{"name":"Eduardo Mart\u00ednez","@id":"https:\/\/www.notibras.com\/site\/#\/schema\/person\/5b7fabf2aedc3ada2105f03b22b4d3dd"},"headline":"A TEMPESTADE SE APROXIMA&#8230;","datePublished":"2026-01-15T05:00:20+00:00","mainEntityOfPage":{"@id":"https:\/\/www.notibras.com\/site\/a-tempestade-se-aproxima\/"},"wordCount":875,"publisher":{"@id":"https:\/\/www.notibras.com\/site\/#organization"},"image":{"@id":"https:\/\/www.notibras.com\/site\/a-tempestade-se-aproxima\/#primaryimage"},"thumbnailUrl":"https:\/\/www.notibras.com\/site\/wp-content\/uploads\/2026\/01\/IMG_0307.jpg","articleSection":["Ponto de Vista"],"inLanguage":"pt-BR"},{"@type":"WebPage","@id":"https:\/\/www.notibras.com\/site\/a-tempestade-se-aproxima\/","url":"https:\/\/www.notibras.com\/site\/a-tempestade-se-aproxima\/","name":"A TEMPESTADE SE APROXIMA... - Notibras","isPartOf":{"@id":"https:\/\/www.notibras.com\/site\/#website"},"primaryImageOfPage":{"@id":"https:\/\/www.notibras.com\/site\/a-tempestade-se-aproxima\/#primaryimage"},"image":{"@id":"https:\/\/www.notibras.com\/site\/a-tempestade-se-aproxima\/#primaryimage"},"thumbnailUrl":"https:\/\/www.notibras.com\/site\/wp-content\/uploads\/2026\/01\/IMG_0307.jpg","datePublished":"2026-01-15T05:00:20+00:00","breadcrumb":{"@id":"https:\/\/www.notibras.com\/site\/a-tempestade-se-aproxima\/#breadcrumb"},"inLanguage":"pt-BR","potentialAction":[{"@type":"ReadAction","target":["https:\/\/www.notibras.com\/site\/a-tempestade-se-aproxima\/"]}]},{"@type":"ImageObject","inLanguage":"pt-BR","@id":"https:\/\/www.notibras.com\/site\/a-tempestade-se-aproxima\/#primaryimage","url":"https:\/\/www.notibras.com\/site\/wp-content\/uploads\/2026\/01\/IMG_0307.jpg","contentUrl":"https:\/\/www.notibras.com\/site\/wp-content\/uploads\/2026\/01\/IMG_0307.jpg","width":1023,"height":909},{"@type":"BreadcrumbList","@id":"https:\/\/www.notibras.com\/site\/a-tempestade-se-aproxima\/#breadcrumb","itemListElement":[{"@type":"ListItem","position":1,"name":"In\u00edcio","item":"https:\/\/www.notibras.com\/site\/"},{"@type":"ListItem","position":2,"name":"A TEMPESTADE SE APROXIMA&#8230;"}]},{"@type":"WebSite","@id":"https:\/\/www.notibras.com\/site\/#website","url":"https:\/\/www.notibras.com\/site\/","name":"Notibras","description":"Not\u00edcias de Bras\u00edlia, do Brasil e do Mundo","publisher":{"@id":"https:\/\/www.notibras.com\/site\/#organization"},"potentialAction":[{"@type":"SearchAction","target":{"@type":"EntryPoint","urlTemplate":"https:\/\/www.notibras.com\/site\/?s={search_term_string}"},"query-input":{"@type":"PropertyValueSpecification","valueRequired":true,"valueName":"search_term_string"}}],"inLanguage":"pt-BR"},{"@type":"Organization","@id":"https:\/\/www.notibras.com\/site\/#organization","name":"Grupo Notibras de Comunica\u00e7\u00e3o","url":"https:\/\/www.notibras.com\/site\/","logo":{"@type":"ImageObject","inLanguage":"pt-BR","@id":"https:\/\/www.notibras.com\/site\/#\/schema\/logo\/image\/","url":"https:\/\/www.notibras.com\/site\/wp-content\/uploads\/2023\/01\/notibras23.png","contentUrl":"https:\/\/www.notibras.com\/site\/wp-content\/uploads\/2023\/01\/notibras23.png","width":350,"height":87,"caption":"Grupo Notibras de Comunica\u00e7\u00e3o"},"image":{"@id":"https:\/\/www.notibras.com\/site\/#\/schema\/logo\/image\/"},"sameAs":["https:\/\/www.facebook.com\/notibras\/","https:\/\/x.com\/Notibras","https:\/\/www.instagram.com\/notibras\/"]},{"@type":"Person","@id":"https:\/\/www.notibras.com\/site\/#\/schema\/person\/5b7fabf2aedc3ada2105f03b22b4d3dd","name":"Eduardo Mart\u00ednez","image":{"@type":"ImageObject","inLanguage":"pt-BR","@id":"https:\/\/secure.gravatar.com\/avatar\/7902f906289926289cbcda644b5197c796b893c6ffd7b9a536a42d290f7704a0?s=96&d=mm&r=g","url":"https:\/\/secure.gravatar.com\/avatar\/7902f906289926289cbcda644b5197c796b893c6ffd7b9a536a42d290f7704a0?s=96&d=mm&r=g","contentUrl":"https:\/\/secure.gravatar.com\/avatar\/7902f906289926289cbcda644b5197c796b893c6ffd7b9a536a42d290f7704a0?s=96&d=mm&r=g","caption":"Eduardo Mart\u00ednez"}}]}},"amp_enabled":true,"_links":{"self":[{"href":"https:\/\/www.notibras.com\/site\/wp-json\/wp\/v2\/posts\/378901","targetHints":{"allow":["GET"]}}],"collection":[{"href":"https:\/\/www.notibras.com\/site\/wp-json\/wp\/v2\/posts"}],"about":[{"href":"https:\/\/www.notibras.com\/site\/wp-json\/wp\/v2\/types\/post"}],"author":[{"embeddable":true,"href":"https:\/\/www.notibras.com\/site\/wp-json\/wp\/v2\/users\/21"}],"replies":[{"embeddable":true,"href":"https:\/\/www.notibras.com\/site\/wp-json\/wp\/v2\/comments?post=378901"}],"version-history":[{"count":2,"href":"https:\/\/www.notibras.com\/site\/wp-json\/wp\/v2\/posts\/378901\/revisions"}],"predecessor-version":[{"id":378905,"href":"https:\/\/www.notibras.com\/site\/wp-json\/wp\/v2\/posts\/378901\/revisions\/378905"}],"wp:featuredmedia":[{"embeddable":true,"href":"https:\/\/www.notibras.com\/site\/wp-json\/wp\/v2\/media\/378903"}],"wp:attachment":[{"href":"https:\/\/www.notibras.com\/site\/wp-json\/wp\/v2\/media?parent=378901"}],"wp:term":[{"taxonomy":"category","embeddable":true,"href":"https:\/\/www.notibras.com\/site\/wp-json\/wp\/v2\/categories?post=378901"},{"taxonomy":"post_tag","embeddable":true,"href":"https:\/\/www.notibras.com\/site\/wp-json\/wp\/v2\/tags?post=378901"}],"curies":[{"name":"wp","href":"https:\/\/api.w.org\/{rel}","templated":true}]}}