{"id":378906,"date":"2026-01-16T02:15:16","date_gmt":"2026-01-16T05:15:16","guid":{"rendered":"https:\/\/www.notibras.com\/site\/?p=378906"},"modified":"2026-01-13T23:34:30","modified_gmt":"2026-01-14T02:34:30","slug":"a-casa","status":"publish","type":"post","link":"https:\/\/www.notibras.com\/site\/a-casa\/","title":{"rendered":"A CASA"},"content":{"rendered":"<p><em>Era uma casa muito engra\u00e7ada<\/em><br \/>\n<em>N\u00e3o tinha teto, n\u00e3o tinha nada<\/em><br \/>\n<em>Ningu\u00e9m podia entrar nela, n\u00e3o<\/em><br \/>\n<em>Porque a casa n\u00e3o tinha ch\u00e3o<\/em><br \/>\n<em>Ningu\u00e9m podia dormir na rede<\/em><br \/>\n<em>Porque na casa n\u00e3o tinha parede<\/em><br \/>\n<em>Ningu\u00e9m podia fazer pipi<\/em><br \/>\n<em>Porque pinico n\u00e3o tinha ali<\/em><br \/>\n<em>Mas era feita com muito esmero<\/em><br \/>\n<em>Na Rua dos Bobos, n\u00famero zero<\/em><br \/>\n<em>(Vin\u00edcius de Moraes &#8211; Toquinho)<\/em><\/p>\n<p>\u00c0 primeira vista, uma can\u00e7\u00e3o infantil, onde se brinca com a imagina\u00e7\u00e3o dos pequenos. Afinal, crian\u00e7as constroem castelos do nada, uma nuvem no c\u00e9u pode tanto ser uma espa\u00e7onave quanto um feroz drag\u00e3o. Depende de em qual mundo a crian\u00e7a est\u00e1 situada durante seu folguedo&#8230;<\/p>\n<p>Sim&#8230; quando pequenos, conseguimos imaginar mil maravilhas. Tudo ao nosso redor \u00e9 m\u00e1gico. O imposs\u00edvel n\u00e3o existe, pois nossa imagina\u00e7\u00e3o torna tudo tang\u00edvel ao nosso redor. O belo faz parte do imagin\u00e1rio. Certo, por vezes tememos o bicho pap\u00e3o, pois ainda n\u00e3o conhecemos a maldade real do mundo, que vem disfar\u00e7ada de benesses&#8230;<\/p>\n<p>Numa brincadeira de roda tanto podemos ser a princesa quanto a bruxa m\u00e1, sem que tenhamos que mudar nossa \u00edndole. Afinal, tudo n\u00e3o passa de brincadeira, onde tudo \u00e9 real e nada realmente existe. Quer dizer, existe em nossa imagina\u00e7\u00e3o&#8230; os perigos que enfrentamos enquanto tentamos escapar do feiti\u00e7o da bruxa s\u00e3o reais naquele momento. Mas \u00e9 uma realidade que n\u00e3o d\u00e1 medo, pois os monstros que enfrentamos s\u00e3o de mentirinha&#8230; e no final das contas, de maldade n\u00e3o tem nada&#8230; s\u00e3o vil\u00f5es bonzinhos&#8230;<\/p>\n<p>Sim, as crian\u00e7as tem o dom de tornar o mundo cor-de-rosa, com o poder de seu riso franco, de seu olhar perspicaz&#8230; ele veem a beleza onde os adultos somente percebem sombras&#8230; porque sua vis\u00e3o ainda n\u00e3o foi emba\u00e7ada pela luta pela vida. Bom seria se permanec\u00eassemos crian\u00e7as eternamente&#8230;<\/p>\n<p>De fato, acredito piamente que somos crian\u00e7as. Ainda estamos no est\u00e1gio onde necessitamos aprender sobre tudo aquilo que est\u00e1 ao nosso redor. Por vezes, a angustia nos domina&#8230; e nem sempre encontramos uma explica\u00e7\u00e3o plaus\u00edvel para isso. Necessitamos do colo materno, do conselho paterno&#8230; mas por motivos mil nos afastamos daqueles que nos auxiliaram em nossos primeiros passos. E muitas vezes s\u00f3 entendemos a falta que estes nos fazem quando j\u00e1 partiram para o outro plano. M\u00e1goas, sempre temos guardadas por aqueles que caminham ao nosso lado. E muitas vezes, por picuinhas, deixamos de lado pessoas que foram importantes em nossa vida&#8230;<\/p>\n<p>Somos crian\u00e7as que cresceram fisicamente. Mas, como dizia o grande poeta Erasmo Carlos, quando enfrentamos algum problema da vida, &#8220;sou uma crian\u00e7a, n\u00e3o entendo nada&#8221;&#8230; sim&#8230; muitas vezes clamamos em sil\u00eancio por ajuda divina. Necessitamos de ajuda para nos levantar quando trope\u00e7amos nos obst\u00e1culos da vida&#8230; mas a m\u00e3o materna, o apoio paterno, por vezes n\u00e3o \u00e9 mais uma op\u00e7\u00e3o, ao menos para n\u00f3s. Porque agora somos n\u00f3s que temos que ser fortes e manter o mundo encantado de nossos petizes, como nossos pais fizeram por n\u00f3s, torcendo para que estes aprendam, atrav\u00e9s de seus folguedos, a melhor maneira de enfrentar o mundo hostil que um dia ter\u00e3o que encarar&#8230;<\/p>\n<p>E que a casa sem teto e sem ch\u00e3o n\u00e3o seja, de forma alguma, algo que devam temer. Que seja um pal\u00e1cio encantado onde, mais que uma rede, tenham nuvens coloridas para seu repouso infantil&#8230; e que seus sonhos os elevem at\u00e9 os c\u00e9us, onde com suas vozes angelicais nos fa\u00e7am sonhar novamente e nos permitam voltar a acreditar no mundo&#8230; acreditar que o Amor \u00e9 poss\u00edvel&#8230;<\/p>\n<p>O mundo pertence ao pequeninos. Sem paredes, sem muros, sem nenhuma demarca\u00e7\u00e3o de limites, seja qual for a Natureza. Essa \u00e9 a Casa&#8230; ela nada tem e tudo possui, pois \u00e9 constru\u00edda com muito Amor. E o Amor \u00e9 a maior riqueza que podemos desejar para o nosso cora\u00e7\u00e3o&#8230;.<\/p>\n","protected":false},"excerpt":{"rendered":"<p>Era uma casa muito engra\u00e7ada N\u00e3o tinha teto, n\u00e3o tinha nada Ningu\u00e9m podia entrar nela, n\u00e3o Porque a casa n\u00e3o tinha ch\u00e3o Ningu\u00e9m podia dormir na rede Porque na casa n\u00e3o tinha parede Ningu\u00e9m podia fazer pipi Porque pinico n\u00e3o tinha ali Mas era feita com muito esmero Na Rua dos Bobos, n\u00famero zero (Vin\u00edcius [&hellip;]<\/p>\n","protected":false},"author":21,"featured_media":378907,"comment_status":"closed","ping_status":"closed","sticky":false,"template":"","format":"standard","meta":{"_acf_changed":false,"footnotes":""},"categories":[236],"tags":[],"class_list":["post-378906","post","type-post","status-publish","format-standard","has-post-thumbnail","hentry","category-ponto-de-vista"],"acf":[],"yoast_head":"<!-- This site is optimized with the Yoast SEO plugin v27.2 - https:\/\/yoast.com\/product\/yoast-seo-wordpress\/ -->\n<title>A CASA - Notibras<\/title>\n<meta name=\"robots\" content=\"index, follow, max-snippet:-1, max-image-preview:large, max-video-preview:-1\" \/>\n<link rel=\"canonical\" href=\"https:\/\/www.notibras.com\/site\/a-casa\/\" \/>\n<meta property=\"og:locale\" content=\"pt_BR\" \/>\n<meta property=\"og:type\" content=\"article\" \/>\n<meta property=\"og:title\" content=\"A CASA - Notibras\" \/>\n<meta property=\"og:description\" content=\"Era uma casa muito engra\u00e7ada N\u00e3o tinha teto, n\u00e3o tinha nada Ningu\u00e9m podia entrar nela, n\u00e3o Porque a casa n\u00e3o tinha ch\u00e3o Ningu\u00e9m podia dormir na rede Porque na casa n\u00e3o tinha parede Ningu\u00e9m podia fazer pipi Porque pinico n\u00e3o tinha ali Mas era feita com muito esmero Na Rua dos Bobos, n\u00famero zero (Vin\u00edcius [&hellip;]\" \/>\n<meta property=\"og:url\" content=\"https:\/\/www.notibras.com\/site\/a-casa\/\" \/>\n<meta property=\"og:site_name\" content=\"Notibras\" \/>\n<meta property=\"article:publisher\" content=\"https:\/\/www.facebook.com\/notibras\/\" \/>\n<meta property=\"article:published_time\" content=\"2026-01-16T05:15:16+00:00\" \/>\n<meta property=\"og:image\" content=\"https:\/\/www.notibras.com\/site\/wp-content\/uploads\/2026\/01\/5e50b823-b64a-404b-a5fa-2fd1bc5a8a1c.jpg\" \/>\n\t<meta property=\"og:image:width\" content=\"809\" \/>\n\t<meta property=\"og:image:height\" content=\"648\" \/>\n\t<meta property=\"og:image:type\" content=\"image\/jpeg\" \/>\n<meta name=\"author\" content=\"Eduardo Mart\u00ednez\" \/>\n<meta name=\"twitter:card\" content=\"summary_large_image\" \/>\n<meta name=\"twitter:creator\" content=\"@Notibras\" \/>\n<meta name=\"twitter:site\" content=\"@Notibras\" \/>\n<meta name=\"twitter:label1\" content=\"Escrito por\" \/>\n\t<meta name=\"twitter:data1\" content=\"Eduardo Mart\u00ednez\" \/>\n\t<meta name=\"twitter:label2\" content=\"Est. tempo de leitura\" \/>\n\t<meta name=\"twitter:data2\" content=\"4 minutos\" \/>\n<script type=\"application\/ld+json\" class=\"yoast-schema-graph\">{\"@context\":\"https:\/\/schema.org\",\"@graph\":[{\"@type\":\"Article\",\"@id\":\"https:\/\/www.notibras.com\/site\/a-casa\/#article\",\"isPartOf\":{\"@id\":\"https:\/\/www.notibras.com\/site\/a-casa\/\"},\"author\":{\"name\":\"Eduardo Mart\u00ednez\",\"@id\":\"https:\/\/www.notibras.com\/site\/#\/schema\/person\/5b7fabf2aedc3ada2105f03b22b4d3dd\"},\"headline\":\"A CASA\",\"datePublished\":\"2026-01-16T05:15:16+00:00\",\"mainEntityOfPage\":{\"@id\":\"https:\/\/www.notibras.com\/site\/a-casa\/\"},\"wordCount\":683,\"publisher\":{\"@id\":\"https:\/\/www.notibras.com\/site\/#organization\"},\"image\":{\"@id\":\"https:\/\/www.notibras.com\/site\/a-casa\/#primaryimage\"},\"thumbnailUrl\":\"https:\/\/www.notibras.com\/site\/wp-content\/uploads\/2026\/01\/5e50b823-b64a-404b-a5fa-2fd1bc5a8a1c.jpg\",\"articleSection\":[\"Ponto de Vista\"],\"inLanguage\":\"pt-BR\"},{\"@type\":\"WebPage\",\"@id\":\"https:\/\/www.notibras.com\/site\/a-casa\/\",\"url\":\"https:\/\/www.notibras.com\/site\/a-casa\/\",\"name\":\"A CASA - Notibras\",\"isPartOf\":{\"@id\":\"https:\/\/www.notibras.com\/site\/#website\"},\"primaryImageOfPage\":{\"@id\":\"https:\/\/www.notibras.com\/site\/a-casa\/#primaryimage\"},\"image\":{\"@id\":\"https:\/\/www.notibras.com\/site\/a-casa\/#primaryimage\"},\"thumbnailUrl\":\"https:\/\/www.notibras.com\/site\/wp-content\/uploads\/2026\/01\/5e50b823-b64a-404b-a5fa-2fd1bc5a8a1c.jpg\",\"datePublished\":\"2026-01-16T05:15:16+00:00\",\"breadcrumb\":{\"@id\":\"https:\/\/www.notibras.com\/site\/a-casa\/#breadcrumb\"},\"inLanguage\":\"pt-BR\",\"potentialAction\":[{\"@type\":\"ReadAction\",\"target\":[\"https:\/\/www.notibras.com\/site\/a-casa\/\"]}]},{\"@type\":\"ImageObject\",\"inLanguage\":\"pt-BR\",\"@id\":\"https:\/\/www.notibras.com\/site\/a-casa\/#primaryimage\",\"url\":\"https:\/\/www.notibras.com\/site\/wp-content\/uploads\/2026\/01\/5e50b823-b64a-404b-a5fa-2fd1bc5a8a1c.jpg\",\"contentUrl\":\"https:\/\/www.notibras.com\/site\/wp-content\/uploads\/2026\/01\/5e50b823-b64a-404b-a5fa-2fd1bc5a8a1c.jpg\",\"width\":809,\"height\":648},{\"@type\":\"BreadcrumbList\",\"@id\":\"https:\/\/www.notibras.com\/site\/a-casa\/#breadcrumb\",\"itemListElement\":[{\"@type\":\"ListItem\",\"position\":1,\"name\":\"In\u00edcio\",\"item\":\"https:\/\/www.notibras.com\/site\/\"},{\"@type\":\"ListItem\",\"position\":2,\"name\":\"A CASA\"}]},{\"@type\":\"WebSite\",\"@id\":\"https:\/\/www.notibras.com\/site\/#website\",\"url\":\"https:\/\/www.notibras.com\/site\/\",\"name\":\"Notibras\",\"description\":\"Not\u00edcias de Bras\u00edlia, do Brasil e do Mundo\",\"publisher\":{\"@id\":\"https:\/\/www.notibras.com\/site\/#organization\"},\"potentialAction\":[{\"@type\":\"SearchAction\",\"target\":{\"@type\":\"EntryPoint\",\"urlTemplate\":\"https:\/\/www.notibras.com\/site\/?s={search_term_string}\"},\"query-input\":{\"@type\":\"PropertyValueSpecification\",\"valueRequired\":true,\"valueName\":\"search_term_string\"}}],\"inLanguage\":\"pt-BR\"},{\"@type\":\"Organization\",\"@id\":\"https:\/\/www.notibras.com\/site\/#organization\",\"name\":\"Grupo Notibras de Comunica\u00e7\u00e3o\",\"url\":\"https:\/\/www.notibras.com\/site\/\",\"logo\":{\"@type\":\"ImageObject\",\"inLanguage\":\"pt-BR\",\"@id\":\"https:\/\/www.notibras.com\/site\/#\/schema\/logo\/image\/\",\"url\":\"https:\/\/www.notibras.com\/site\/wp-content\/uploads\/2023\/01\/notibras23.png\",\"contentUrl\":\"https:\/\/www.notibras.com\/site\/wp-content\/uploads\/2023\/01\/notibras23.png\",\"width\":350,\"height\":87,\"caption\":\"Grupo Notibras de Comunica\u00e7\u00e3o\"},\"image\":{\"@id\":\"https:\/\/www.notibras.com\/site\/#\/schema\/logo\/image\/\"},\"sameAs\":[\"https:\/\/www.facebook.com\/notibras\/\",\"https:\/\/x.com\/Notibras\",\"https:\/\/www.instagram.com\/notibras\/\"]},{\"@type\":\"Person\",\"@id\":\"https:\/\/www.notibras.com\/site\/#\/schema\/person\/5b7fabf2aedc3ada2105f03b22b4d3dd\",\"name\":\"Eduardo Mart\u00ednez\",\"image\":{\"@type\":\"ImageObject\",\"inLanguage\":\"pt-BR\",\"@id\":\"https:\/\/secure.gravatar.com\/avatar\/7902f906289926289cbcda644b5197c796b893c6ffd7b9a536a42d290f7704a0?s=96&d=mm&r=g\",\"url\":\"https:\/\/secure.gravatar.com\/avatar\/7902f906289926289cbcda644b5197c796b893c6ffd7b9a536a42d290f7704a0?s=96&d=mm&r=g\",\"contentUrl\":\"https:\/\/secure.gravatar.com\/avatar\/7902f906289926289cbcda644b5197c796b893c6ffd7b9a536a42d290f7704a0?s=96&d=mm&r=g\",\"caption\":\"Eduardo Mart\u00ednez\"}}]}<\/script>\n<!-- \/ Yoast SEO plugin. -->","yoast_head_json":{"title":"A CASA - Notibras","robots":{"index":"index","follow":"follow","max-snippet":"max-snippet:-1","max-image-preview":"max-image-preview:large","max-video-preview":"max-video-preview:-1"},"canonical":"https:\/\/www.notibras.com\/site\/a-casa\/","og_locale":"pt_BR","og_type":"article","og_title":"A CASA - Notibras","og_description":"Era uma casa muito engra\u00e7ada N\u00e3o tinha teto, n\u00e3o tinha nada Ningu\u00e9m podia entrar nela, n\u00e3o Porque a casa n\u00e3o tinha ch\u00e3o Ningu\u00e9m podia dormir na rede Porque na casa n\u00e3o tinha parede Ningu\u00e9m podia fazer pipi Porque pinico n\u00e3o tinha ali Mas era feita com muito esmero Na Rua dos Bobos, n\u00famero zero (Vin\u00edcius [&hellip;]","og_url":"https:\/\/www.notibras.com\/site\/a-casa\/","og_site_name":"Notibras","article_publisher":"https:\/\/www.facebook.com\/notibras\/","article_published_time":"2026-01-16T05:15:16+00:00","og_image":[{"width":809,"height":648,"url":"https:\/\/www.notibras.com\/site\/wp-content\/uploads\/2026\/01\/5e50b823-b64a-404b-a5fa-2fd1bc5a8a1c.jpg","type":"image\/jpeg"}],"author":"Eduardo Mart\u00ednez","twitter_card":"summary_large_image","twitter_creator":"@Notibras","twitter_site":"@Notibras","twitter_misc":{"Escrito por":"Eduardo Mart\u00ednez","Est. tempo de leitura":"4 minutos"},"schema":{"@context":"https:\/\/schema.org","@graph":[{"@type":"Article","@id":"https:\/\/www.notibras.com\/site\/a-casa\/#article","isPartOf":{"@id":"https:\/\/www.notibras.com\/site\/a-casa\/"},"author":{"name":"Eduardo Mart\u00ednez","@id":"https:\/\/www.notibras.com\/site\/#\/schema\/person\/5b7fabf2aedc3ada2105f03b22b4d3dd"},"headline":"A CASA","datePublished":"2026-01-16T05:15:16+00:00","mainEntityOfPage":{"@id":"https:\/\/www.notibras.com\/site\/a-casa\/"},"wordCount":683,"publisher":{"@id":"https:\/\/www.notibras.com\/site\/#organization"},"image":{"@id":"https:\/\/www.notibras.com\/site\/a-casa\/#primaryimage"},"thumbnailUrl":"https:\/\/www.notibras.com\/site\/wp-content\/uploads\/2026\/01\/5e50b823-b64a-404b-a5fa-2fd1bc5a8a1c.jpg","articleSection":["Ponto de Vista"],"inLanguage":"pt-BR"},{"@type":"WebPage","@id":"https:\/\/www.notibras.com\/site\/a-casa\/","url":"https:\/\/www.notibras.com\/site\/a-casa\/","name":"A CASA - Notibras","isPartOf":{"@id":"https:\/\/www.notibras.com\/site\/#website"},"primaryImageOfPage":{"@id":"https:\/\/www.notibras.com\/site\/a-casa\/#primaryimage"},"image":{"@id":"https:\/\/www.notibras.com\/site\/a-casa\/#primaryimage"},"thumbnailUrl":"https:\/\/www.notibras.com\/site\/wp-content\/uploads\/2026\/01\/5e50b823-b64a-404b-a5fa-2fd1bc5a8a1c.jpg","datePublished":"2026-01-16T05:15:16+00:00","breadcrumb":{"@id":"https:\/\/www.notibras.com\/site\/a-casa\/#breadcrumb"},"inLanguage":"pt-BR","potentialAction":[{"@type":"ReadAction","target":["https:\/\/www.notibras.com\/site\/a-casa\/"]}]},{"@type":"ImageObject","inLanguage":"pt-BR","@id":"https:\/\/www.notibras.com\/site\/a-casa\/#primaryimage","url":"https:\/\/www.notibras.com\/site\/wp-content\/uploads\/2026\/01\/5e50b823-b64a-404b-a5fa-2fd1bc5a8a1c.jpg","contentUrl":"https:\/\/www.notibras.com\/site\/wp-content\/uploads\/2026\/01\/5e50b823-b64a-404b-a5fa-2fd1bc5a8a1c.jpg","width":809,"height":648},{"@type":"BreadcrumbList","@id":"https:\/\/www.notibras.com\/site\/a-casa\/#breadcrumb","itemListElement":[{"@type":"ListItem","position":1,"name":"In\u00edcio","item":"https:\/\/www.notibras.com\/site\/"},{"@type":"ListItem","position":2,"name":"A CASA"}]},{"@type":"WebSite","@id":"https:\/\/www.notibras.com\/site\/#website","url":"https:\/\/www.notibras.com\/site\/","name":"Notibras","description":"Not\u00edcias de Bras\u00edlia, do Brasil e do Mundo","publisher":{"@id":"https:\/\/www.notibras.com\/site\/#organization"},"potentialAction":[{"@type":"SearchAction","target":{"@type":"EntryPoint","urlTemplate":"https:\/\/www.notibras.com\/site\/?s={search_term_string}"},"query-input":{"@type":"PropertyValueSpecification","valueRequired":true,"valueName":"search_term_string"}}],"inLanguage":"pt-BR"},{"@type":"Organization","@id":"https:\/\/www.notibras.com\/site\/#organization","name":"Grupo Notibras de Comunica\u00e7\u00e3o","url":"https:\/\/www.notibras.com\/site\/","logo":{"@type":"ImageObject","inLanguage":"pt-BR","@id":"https:\/\/www.notibras.com\/site\/#\/schema\/logo\/image\/","url":"https:\/\/www.notibras.com\/site\/wp-content\/uploads\/2023\/01\/notibras23.png","contentUrl":"https:\/\/www.notibras.com\/site\/wp-content\/uploads\/2023\/01\/notibras23.png","width":350,"height":87,"caption":"Grupo Notibras de Comunica\u00e7\u00e3o"},"image":{"@id":"https:\/\/www.notibras.com\/site\/#\/schema\/logo\/image\/"},"sameAs":["https:\/\/www.facebook.com\/notibras\/","https:\/\/x.com\/Notibras","https:\/\/www.instagram.com\/notibras\/"]},{"@type":"Person","@id":"https:\/\/www.notibras.com\/site\/#\/schema\/person\/5b7fabf2aedc3ada2105f03b22b4d3dd","name":"Eduardo Mart\u00ednez","image":{"@type":"ImageObject","inLanguage":"pt-BR","@id":"https:\/\/secure.gravatar.com\/avatar\/7902f906289926289cbcda644b5197c796b893c6ffd7b9a536a42d290f7704a0?s=96&d=mm&r=g","url":"https:\/\/secure.gravatar.com\/avatar\/7902f906289926289cbcda644b5197c796b893c6ffd7b9a536a42d290f7704a0?s=96&d=mm&r=g","contentUrl":"https:\/\/secure.gravatar.com\/avatar\/7902f906289926289cbcda644b5197c796b893c6ffd7b9a536a42d290f7704a0?s=96&d=mm&r=g","caption":"Eduardo Mart\u00ednez"}}]}},"amp_enabled":true,"_links":{"self":[{"href":"https:\/\/www.notibras.com\/site\/wp-json\/wp\/v2\/posts\/378906","targetHints":{"allow":["GET"]}}],"collection":[{"href":"https:\/\/www.notibras.com\/site\/wp-json\/wp\/v2\/posts"}],"about":[{"href":"https:\/\/www.notibras.com\/site\/wp-json\/wp\/v2\/types\/post"}],"author":[{"embeddable":true,"href":"https:\/\/www.notibras.com\/site\/wp-json\/wp\/v2\/users\/21"}],"replies":[{"embeddable":true,"href":"https:\/\/www.notibras.com\/site\/wp-json\/wp\/v2\/comments?post=378906"}],"version-history":[{"count":2,"href":"https:\/\/www.notibras.com\/site\/wp-json\/wp\/v2\/posts\/378906\/revisions"}],"predecessor-version":[{"id":378909,"href":"https:\/\/www.notibras.com\/site\/wp-json\/wp\/v2\/posts\/378906\/revisions\/378909"}],"wp:featuredmedia":[{"embeddable":true,"href":"https:\/\/www.notibras.com\/site\/wp-json\/wp\/v2\/media\/378907"}],"wp:attachment":[{"href":"https:\/\/www.notibras.com\/site\/wp-json\/wp\/v2\/media?parent=378906"}],"wp:term":[{"taxonomy":"category","embeddable":true,"href":"https:\/\/www.notibras.com\/site\/wp-json\/wp\/v2\/categories?post=378906"},{"taxonomy":"post_tag","embeddable":true,"href":"https:\/\/www.notibras.com\/site\/wp-json\/wp\/v2\/tags?post=378906"}],"curies":[{"name":"wp","href":"https:\/\/api.w.org\/{rel}","templated":true}]}}