{"id":378915,"date":"2026-01-14T02:15:25","date_gmt":"2026-01-14T05:15:25","guid":{"rendered":"https:\/\/www.notibras.com\/site\/?p=378915"},"modified":"2026-01-14T03:42:06","modified_gmt":"2026-01-14T06:42:06","slug":"lula-acerta-em-cheio-com-lima-e-silva-na-justica","status":"publish","type":"post","link":"https:\/\/www.notibras.com\/site\/lula-acerta-em-cheio-com-lima-e-silva-na-justica\/","title":{"rendered":"Lula acerta em cheio com Lima e Silva na Justi\u00e7a"},"content":{"rendered":"<p>Nesta ter\u00e7a-feira, 13 de janeiro, acompanhei o an\u00fancio do novo ministro da Justi\u00e7a com a sensa\u00e7\u00e3o clara de que n\u00e3o se trata apenas de uma troca de nomes, mas de um movimento pol\u00edtico bem calculado. O presidente Lula escolheu o advogado Wellington C\u00e9sar Lima e Silva, algu\u00e9m com curr\u00edculo robusto e tr\u00e2nsito conhecido nos bastidores do poder.<\/p>\n<p>Lima e Silva n\u00e3o \u00e9 um novato. Ele comandava o departamento jur\u00eddico da Petrobras e j\u00e1 havia passado, ainda que brevemente, pelo Minist\u00e9rio da Justi\u00e7a durante o governo Dilma Rousseff, quando ocupou o cargo por 11 dias. Antes disso, construiu carreira s\u00f3lida no Minist\u00e9rio P\u00fablico da Bahia, onde foi Procurador-Geral do Estado por duas vezes, e, mais recentemente, atuava como Advogado-Geral da Petrobras. Ou seja, experi\u00eancia institucional n\u00e3o lhe falta.<\/p>\n<p>Ele assume no lugar de Ricardo Lewandowski, que deixou o cargo na \u00faltima quinta-feira. A substitui\u00e7\u00e3o, ao meu ver, sinaliza mais do que continuidade administrativa: aponta para uma reorganiza\u00e7\u00e3o estrat\u00e9gica do governo num momento em que a pauta da seguran\u00e7a p\u00fablica ganha cada vez mais centralidade no debate nacional.<\/p>\n<p>Tamb\u00e9m enxergo essa escolha como uma vit\u00f3ria clara de Jorge Messias, que passa a contar com um amigo e aliado direto \u00e0 frente de uma das pastas mais sens\u00edveis do governo. Essa sintonia pol\u00edtica e jur\u00eddica tende a facilitar articula\u00e7\u00f5es e dar mais coes\u00e3o \u00e0s decis\u00f5es que vir\u00e3o.<\/p>\n<p>Sem d\u00favida, trata-se tamb\u00e9m de uma vit\u00f3ria do PT-BA, que nos \u00faltimos dias tem se organizado intensamente de olho no ano eleitoral. Tudo indica que a seguran\u00e7a p\u00fablica ser\u00e1 o eixo central desse debate, e ter um nome de confian\u00e7a no Minist\u00e9rio da Justi\u00e7a refor\u00e7a essa estrat\u00e9gia.<\/p>\n<p>No fim das contas, a escolha de Wellington Lima e Silva me parece menos improviso e mais sinaliza\u00e7\u00e3o: o governo se arma politicamente, fortalece alian\u00e7as internas e se prepara para um embate eleitoral em que justi\u00e7a e seguran\u00e7a estar\u00e3o no centro da arena.<\/p>\n","protected":false},"excerpt":{"rendered":"<p>Nesta ter\u00e7a-feira, 13 de janeiro, acompanhei o an\u00fancio do novo ministro da Justi\u00e7a com a sensa\u00e7\u00e3o clara de que n\u00e3o se trata apenas de uma troca de nomes, mas de um movimento pol\u00edtico bem calculado. O presidente Lula escolheu o advogado Wellington C\u00e9sar Lima e Silva, algu\u00e9m com curr\u00edculo robusto e tr\u00e2nsito conhecido nos bastidores [&hellip;]<\/p>\n","protected":false},"author":21,"featured_media":378918,"comment_status":"closed","ping_status":"closed","sticky":false,"template":"","format":"standard","meta":{"_acf_changed":false,"footnotes":""},"categories":[235],"tags":[],"class_list":["post-378915","post","type-post","status-publish","format-standard","has-post-thumbnail","hentry","category-dona-irene"],"acf":[],"yoast_head":"<!-- This site is optimized with the Yoast SEO plugin v27.2 - https:\/\/yoast.com\/product\/yoast-seo-wordpress\/ -->\n<title>Lula acerta em cheio com Lima e Silva na Justi\u00e7a - Notibras<\/title>\n<meta name=\"robots\" content=\"index, follow, max-snippet:-1, max-image-preview:large, max-video-preview:-1\" \/>\n<link rel=\"canonical\" href=\"https:\/\/www.notibras.com\/site\/lula-acerta-em-cheio-com-lima-e-silva-na-justica\/\" \/>\n<meta property=\"og:locale\" content=\"pt_BR\" \/>\n<meta property=\"og:type\" content=\"article\" \/>\n<meta property=\"og:title\" content=\"Lula acerta em cheio com Lima e Silva na Justi\u00e7a - Notibras\" \/>\n<meta property=\"og:description\" content=\"Nesta ter\u00e7a-feira, 13 de janeiro, acompanhei o an\u00fancio do novo ministro da Justi\u00e7a com a sensa\u00e7\u00e3o clara de que n\u00e3o se trata apenas de uma troca de nomes, mas de um movimento pol\u00edtico bem calculado. O presidente Lula escolheu o advogado Wellington C\u00e9sar Lima e Silva, algu\u00e9m com curr\u00edculo robusto e tr\u00e2nsito conhecido nos bastidores [&hellip;]\" \/>\n<meta property=\"og:url\" content=\"https:\/\/www.notibras.com\/site\/lula-acerta-em-cheio-com-lima-e-silva-na-justica\/\" \/>\n<meta property=\"og:site_name\" content=\"Notibras\" \/>\n<meta property=\"article:publisher\" content=\"https:\/\/www.facebook.com\/notibras\/\" \/>\n<meta property=\"article:published_time\" content=\"2026-01-14T05:15:25+00:00\" \/>\n<meta property=\"article:modified_time\" content=\"2026-01-14T06:42:06+00:00\" \/>\n<meta property=\"og:image\" content=\"https:\/\/www.notibras.com\/site\/wp-content\/uploads\/2026\/01\/IMG_0310.jpg\" \/>\n\t<meta property=\"og:image:width\" content=\"1170\" \/>\n\t<meta property=\"og:image:height\" content=\"774\" \/>\n\t<meta property=\"og:image:type\" content=\"image\/jpeg\" \/>\n<meta name=\"author\" content=\"Eduardo Mart\u00ednez\" \/>\n<meta name=\"twitter:card\" content=\"summary_large_image\" \/>\n<meta name=\"twitter:creator\" content=\"@Notibras\" \/>\n<meta name=\"twitter:site\" content=\"@Notibras\" \/>\n<meta name=\"twitter:label1\" content=\"Escrito por\" \/>\n\t<meta name=\"twitter:data1\" content=\"Eduardo Mart\u00ednez\" \/>\n\t<meta name=\"twitter:label2\" content=\"Est. tempo de leitura\" \/>\n\t<meta name=\"twitter:data2\" content=\"2 minutos\" \/>\n<script type=\"application\/ld+json\" class=\"yoast-schema-graph\">{\"@context\":\"https:\/\/schema.org\",\"@graph\":[{\"@type\":\"Article\",\"@id\":\"https:\/\/www.notibras.com\/site\/lula-acerta-em-cheio-com-lima-e-silva-na-justica\/#article\",\"isPartOf\":{\"@id\":\"https:\/\/www.notibras.com\/site\/lula-acerta-em-cheio-com-lima-e-silva-na-justica\/\"},\"author\":{\"name\":\"Eduardo Mart\u00ednez\",\"@id\":\"https:\/\/www.notibras.com\/site\/#\/schema\/person\/5b7fabf2aedc3ada2105f03b22b4d3dd\"},\"headline\":\"Lula acerta em cheio com Lima e Silva na Justi\u00e7a\",\"datePublished\":\"2026-01-14T05:15:25+00:00\",\"dateModified\":\"2026-01-14T06:42:06+00:00\",\"mainEntityOfPage\":{\"@id\":\"https:\/\/www.notibras.com\/site\/lula-acerta-em-cheio-com-lima-e-silva-na-justica\/\"},\"wordCount\":369,\"publisher\":{\"@id\":\"https:\/\/www.notibras.com\/site\/#organization\"},\"image\":{\"@id\":\"https:\/\/www.notibras.com\/site\/lula-acerta-em-cheio-com-lima-e-silva-na-justica\/#primaryimage\"},\"thumbnailUrl\":\"https:\/\/www.notibras.com\/site\/wp-content\/uploads\/2026\/01\/IMG_0310.jpg\",\"articleSection\":[\"Dona Irene\"],\"inLanguage\":\"pt-BR\"},{\"@type\":\"WebPage\",\"@id\":\"https:\/\/www.notibras.com\/site\/lula-acerta-em-cheio-com-lima-e-silva-na-justica\/\",\"url\":\"https:\/\/www.notibras.com\/site\/lula-acerta-em-cheio-com-lima-e-silva-na-justica\/\",\"name\":\"Lula acerta em cheio com Lima e Silva na Justi\u00e7a - Notibras\",\"isPartOf\":{\"@id\":\"https:\/\/www.notibras.com\/site\/#website\"},\"primaryImageOfPage\":{\"@id\":\"https:\/\/www.notibras.com\/site\/lula-acerta-em-cheio-com-lima-e-silva-na-justica\/#primaryimage\"},\"image\":{\"@id\":\"https:\/\/www.notibras.com\/site\/lula-acerta-em-cheio-com-lima-e-silva-na-justica\/#primaryimage\"},\"thumbnailUrl\":\"https:\/\/www.notibras.com\/site\/wp-content\/uploads\/2026\/01\/IMG_0310.jpg\",\"datePublished\":\"2026-01-14T05:15:25+00:00\",\"dateModified\":\"2026-01-14T06:42:06+00:00\",\"breadcrumb\":{\"@id\":\"https:\/\/www.notibras.com\/site\/lula-acerta-em-cheio-com-lima-e-silva-na-justica\/#breadcrumb\"},\"inLanguage\":\"pt-BR\",\"potentialAction\":[{\"@type\":\"ReadAction\",\"target\":[\"https:\/\/www.notibras.com\/site\/lula-acerta-em-cheio-com-lima-e-silva-na-justica\/\"]}]},{\"@type\":\"ImageObject\",\"inLanguage\":\"pt-BR\",\"@id\":\"https:\/\/www.notibras.com\/site\/lula-acerta-em-cheio-com-lima-e-silva-na-justica\/#primaryimage\",\"url\":\"https:\/\/www.notibras.com\/site\/wp-content\/uploads\/2026\/01\/IMG_0310.jpg\",\"contentUrl\":\"https:\/\/www.notibras.com\/site\/wp-content\/uploads\/2026\/01\/IMG_0310.jpg\",\"width\":1170,\"height\":774,\"caption\":\"Screenshot\"},{\"@type\":\"BreadcrumbList\",\"@id\":\"https:\/\/www.notibras.com\/site\/lula-acerta-em-cheio-com-lima-e-silva-na-justica\/#breadcrumb\",\"itemListElement\":[{\"@type\":\"ListItem\",\"position\":1,\"name\":\"In\u00edcio\",\"item\":\"https:\/\/www.notibras.com\/site\/\"},{\"@type\":\"ListItem\",\"position\":2,\"name\":\"Lula acerta em cheio com Lima e Silva na Justi\u00e7a\"}]},{\"@type\":\"WebSite\",\"@id\":\"https:\/\/www.notibras.com\/site\/#website\",\"url\":\"https:\/\/www.notibras.com\/site\/\",\"name\":\"Notibras\",\"description\":\"Not\u00edcias de Bras\u00edlia, do Brasil e do Mundo\",\"publisher\":{\"@id\":\"https:\/\/www.notibras.com\/site\/#organization\"},\"potentialAction\":[{\"@type\":\"SearchAction\",\"target\":{\"@type\":\"EntryPoint\",\"urlTemplate\":\"https:\/\/www.notibras.com\/site\/?s={search_term_string}\"},\"query-input\":{\"@type\":\"PropertyValueSpecification\",\"valueRequired\":true,\"valueName\":\"search_term_string\"}}],\"inLanguage\":\"pt-BR\"},{\"@type\":\"Organization\",\"@id\":\"https:\/\/www.notibras.com\/site\/#organization\",\"name\":\"Grupo Notibras de Comunica\u00e7\u00e3o\",\"url\":\"https:\/\/www.notibras.com\/site\/\",\"logo\":{\"@type\":\"ImageObject\",\"inLanguage\":\"pt-BR\",\"@id\":\"https:\/\/www.notibras.com\/site\/#\/schema\/logo\/image\/\",\"url\":\"https:\/\/www.notibras.com\/site\/wp-content\/uploads\/2023\/01\/notibras23.png\",\"contentUrl\":\"https:\/\/www.notibras.com\/site\/wp-content\/uploads\/2023\/01\/notibras23.png\",\"width\":350,\"height\":87,\"caption\":\"Grupo Notibras de Comunica\u00e7\u00e3o\"},\"image\":{\"@id\":\"https:\/\/www.notibras.com\/site\/#\/schema\/logo\/image\/\"},\"sameAs\":[\"https:\/\/www.facebook.com\/notibras\/\",\"https:\/\/x.com\/Notibras\",\"https:\/\/www.instagram.com\/notibras\/\"]},{\"@type\":\"Person\",\"@id\":\"https:\/\/www.notibras.com\/site\/#\/schema\/person\/5b7fabf2aedc3ada2105f03b22b4d3dd\",\"name\":\"Eduardo Mart\u00ednez\",\"image\":{\"@type\":\"ImageObject\",\"inLanguage\":\"pt-BR\",\"@id\":\"https:\/\/secure.gravatar.com\/avatar\/7902f906289926289cbcda644b5197c796b893c6ffd7b9a536a42d290f7704a0?s=96&d=mm&r=g\",\"url\":\"https:\/\/secure.gravatar.com\/avatar\/7902f906289926289cbcda644b5197c796b893c6ffd7b9a536a42d290f7704a0?s=96&d=mm&r=g\",\"contentUrl\":\"https:\/\/secure.gravatar.com\/avatar\/7902f906289926289cbcda644b5197c796b893c6ffd7b9a536a42d290f7704a0?s=96&d=mm&r=g\",\"caption\":\"Eduardo Mart\u00ednez\"}}]}<\/script>\n<!-- \/ Yoast SEO plugin. -->","yoast_head_json":{"title":"Lula acerta em cheio com Lima e Silva na Justi\u00e7a - Notibras","robots":{"index":"index","follow":"follow","max-snippet":"max-snippet:-1","max-image-preview":"max-image-preview:large","max-video-preview":"max-video-preview:-1"},"canonical":"https:\/\/www.notibras.com\/site\/lula-acerta-em-cheio-com-lima-e-silva-na-justica\/","og_locale":"pt_BR","og_type":"article","og_title":"Lula acerta em cheio com Lima e Silva na Justi\u00e7a - Notibras","og_description":"Nesta ter\u00e7a-feira, 13 de janeiro, acompanhei o an\u00fancio do novo ministro da Justi\u00e7a com a sensa\u00e7\u00e3o clara de que n\u00e3o se trata apenas de uma troca de nomes, mas de um movimento pol\u00edtico bem calculado. O presidente Lula escolheu o advogado Wellington C\u00e9sar Lima e Silva, algu\u00e9m com curr\u00edculo robusto e tr\u00e2nsito conhecido nos bastidores [&hellip;]","og_url":"https:\/\/www.notibras.com\/site\/lula-acerta-em-cheio-com-lima-e-silva-na-justica\/","og_site_name":"Notibras","article_publisher":"https:\/\/www.facebook.com\/notibras\/","article_published_time":"2026-01-14T05:15:25+00:00","article_modified_time":"2026-01-14T06:42:06+00:00","og_image":[{"width":1170,"height":774,"url":"https:\/\/www.notibras.com\/site\/wp-content\/uploads\/2026\/01\/IMG_0310.jpg","type":"image\/jpeg"}],"author":"Eduardo Mart\u00ednez","twitter_card":"summary_large_image","twitter_creator":"@Notibras","twitter_site":"@Notibras","twitter_misc":{"Escrito por":"Eduardo Mart\u00ednez","Est. tempo de leitura":"2 minutos"},"schema":{"@context":"https:\/\/schema.org","@graph":[{"@type":"Article","@id":"https:\/\/www.notibras.com\/site\/lula-acerta-em-cheio-com-lima-e-silva-na-justica\/#article","isPartOf":{"@id":"https:\/\/www.notibras.com\/site\/lula-acerta-em-cheio-com-lima-e-silva-na-justica\/"},"author":{"name":"Eduardo Mart\u00ednez","@id":"https:\/\/www.notibras.com\/site\/#\/schema\/person\/5b7fabf2aedc3ada2105f03b22b4d3dd"},"headline":"Lula acerta em cheio com Lima e Silva na Justi\u00e7a","datePublished":"2026-01-14T05:15:25+00:00","dateModified":"2026-01-14T06:42:06+00:00","mainEntityOfPage":{"@id":"https:\/\/www.notibras.com\/site\/lula-acerta-em-cheio-com-lima-e-silva-na-justica\/"},"wordCount":369,"publisher":{"@id":"https:\/\/www.notibras.com\/site\/#organization"},"image":{"@id":"https:\/\/www.notibras.com\/site\/lula-acerta-em-cheio-com-lima-e-silva-na-justica\/#primaryimage"},"thumbnailUrl":"https:\/\/www.notibras.com\/site\/wp-content\/uploads\/2026\/01\/IMG_0310.jpg","articleSection":["Dona Irene"],"inLanguage":"pt-BR"},{"@type":"WebPage","@id":"https:\/\/www.notibras.com\/site\/lula-acerta-em-cheio-com-lima-e-silva-na-justica\/","url":"https:\/\/www.notibras.com\/site\/lula-acerta-em-cheio-com-lima-e-silva-na-justica\/","name":"Lula acerta em cheio com Lima e Silva na Justi\u00e7a - Notibras","isPartOf":{"@id":"https:\/\/www.notibras.com\/site\/#website"},"primaryImageOfPage":{"@id":"https:\/\/www.notibras.com\/site\/lula-acerta-em-cheio-com-lima-e-silva-na-justica\/#primaryimage"},"image":{"@id":"https:\/\/www.notibras.com\/site\/lula-acerta-em-cheio-com-lima-e-silva-na-justica\/#primaryimage"},"thumbnailUrl":"https:\/\/www.notibras.com\/site\/wp-content\/uploads\/2026\/01\/IMG_0310.jpg","datePublished":"2026-01-14T05:15:25+00:00","dateModified":"2026-01-14T06:42:06+00:00","breadcrumb":{"@id":"https:\/\/www.notibras.com\/site\/lula-acerta-em-cheio-com-lima-e-silva-na-justica\/#breadcrumb"},"inLanguage":"pt-BR","potentialAction":[{"@type":"ReadAction","target":["https:\/\/www.notibras.com\/site\/lula-acerta-em-cheio-com-lima-e-silva-na-justica\/"]}]},{"@type":"ImageObject","inLanguage":"pt-BR","@id":"https:\/\/www.notibras.com\/site\/lula-acerta-em-cheio-com-lima-e-silva-na-justica\/#primaryimage","url":"https:\/\/www.notibras.com\/site\/wp-content\/uploads\/2026\/01\/IMG_0310.jpg","contentUrl":"https:\/\/www.notibras.com\/site\/wp-content\/uploads\/2026\/01\/IMG_0310.jpg","width":1170,"height":774,"caption":"Screenshot"},{"@type":"BreadcrumbList","@id":"https:\/\/www.notibras.com\/site\/lula-acerta-em-cheio-com-lima-e-silva-na-justica\/#breadcrumb","itemListElement":[{"@type":"ListItem","position":1,"name":"In\u00edcio","item":"https:\/\/www.notibras.com\/site\/"},{"@type":"ListItem","position":2,"name":"Lula acerta em cheio com Lima e Silva na Justi\u00e7a"}]},{"@type":"WebSite","@id":"https:\/\/www.notibras.com\/site\/#website","url":"https:\/\/www.notibras.com\/site\/","name":"Notibras","description":"Not\u00edcias de Bras\u00edlia, do Brasil e do Mundo","publisher":{"@id":"https:\/\/www.notibras.com\/site\/#organization"},"potentialAction":[{"@type":"SearchAction","target":{"@type":"EntryPoint","urlTemplate":"https:\/\/www.notibras.com\/site\/?s={search_term_string}"},"query-input":{"@type":"PropertyValueSpecification","valueRequired":true,"valueName":"search_term_string"}}],"inLanguage":"pt-BR"},{"@type":"Organization","@id":"https:\/\/www.notibras.com\/site\/#organization","name":"Grupo Notibras de Comunica\u00e7\u00e3o","url":"https:\/\/www.notibras.com\/site\/","logo":{"@type":"ImageObject","inLanguage":"pt-BR","@id":"https:\/\/www.notibras.com\/site\/#\/schema\/logo\/image\/","url":"https:\/\/www.notibras.com\/site\/wp-content\/uploads\/2023\/01\/notibras23.png","contentUrl":"https:\/\/www.notibras.com\/site\/wp-content\/uploads\/2023\/01\/notibras23.png","width":350,"height":87,"caption":"Grupo Notibras de Comunica\u00e7\u00e3o"},"image":{"@id":"https:\/\/www.notibras.com\/site\/#\/schema\/logo\/image\/"},"sameAs":["https:\/\/www.facebook.com\/notibras\/","https:\/\/x.com\/Notibras","https:\/\/www.instagram.com\/notibras\/"]},{"@type":"Person","@id":"https:\/\/www.notibras.com\/site\/#\/schema\/person\/5b7fabf2aedc3ada2105f03b22b4d3dd","name":"Eduardo Mart\u00ednez","image":{"@type":"ImageObject","inLanguage":"pt-BR","@id":"https:\/\/secure.gravatar.com\/avatar\/7902f906289926289cbcda644b5197c796b893c6ffd7b9a536a42d290f7704a0?s=96&d=mm&r=g","url":"https:\/\/secure.gravatar.com\/avatar\/7902f906289926289cbcda644b5197c796b893c6ffd7b9a536a42d290f7704a0?s=96&d=mm&r=g","contentUrl":"https:\/\/secure.gravatar.com\/avatar\/7902f906289926289cbcda644b5197c796b893c6ffd7b9a536a42d290f7704a0?s=96&d=mm&r=g","caption":"Eduardo Mart\u00ednez"}}]}},"amp_enabled":true,"_links":{"self":[{"href":"https:\/\/www.notibras.com\/site\/wp-json\/wp\/v2\/posts\/378915","targetHints":{"allow":["GET"]}}],"collection":[{"href":"https:\/\/www.notibras.com\/site\/wp-json\/wp\/v2\/posts"}],"about":[{"href":"https:\/\/www.notibras.com\/site\/wp-json\/wp\/v2\/types\/post"}],"author":[{"embeddable":true,"href":"https:\/\/www.notibras.com\/site\/wp-json\/wp\/v2\/users\/21"}],"replies":[{"embeddable":true,"href":"https:\/\/www.notibras.com\/site\/wp-json\/wp\/v2\/comments?post=378915"}],"version-history":[{"count":5,"href":"https:\/\/www.notibras.com\/site\/wp-json\/wp\/v2\/posts\/378915\/revisions"}],"predecessor-version":[{"id":378922,"href":"https:\/\/www.notibras.com\/site\/wp-json\/wp\/v2\/posts\/378915\/revisions\/378922"}],"wp:featuredmedia":[{"embeddable":true,"href":"https:\/\/www.notibras.com\/site\/wp-json\/wp\/v2\/media\/378918"}],"wp:attachment":[{"href":"https:\/\/www.notibras.com\/site\/wp-json\/wp\/v2\/media?parent=378915"}],"wp:term":[{"taxonomy":"category","embeddable":true,"href":"https:\/\/www.notibras.com\/site\/wp-json\/wp\/v2\/categories?post=378915"},{"taxonomy":"post_tag","embeddable":true,"href":"https:\/\/www.notibras.com\/site\/wp-json\/wp\/v2\/tags?post=378915"}],"curies":[{"name":"wp","href":"https:\/\/api.w.org\/{rel}","templated":true}]}}