{"id":378928,"date":"2026-01-14T04:07:55","date_gmt":"2026-01-14T07:07:55","guid":{"rendered":"https:\/\/www.notibras.com\/site\/?p=378928"},"modified":"2026-01-14T04:07:55","modified_gmt":"2026-01-14T07:07:55","slug":"o-vazio-de-conquistar-para-parecer-nao-para-ser","status":"publish","type":"post","link":"https:\/\/www.notibras.com\/site\/o-vazio-de-conquistar-para-parecer-nao-para-ser\/","title":{"rendered":"O vazio de conquistar para parecer, n\u00e3o para ser"},"content":{"rendered":"<p>Existem duas formas de conquistar algo: por desejo pr\u00f3prio ou pela necessidade de acompanhar o padr\u00e3o dos outros. A primeira gera satisfa\u00e7\u00e3o; a segunda, endividamento, frustra\u00e7\u00e3o e inseguran\u00e7a.<\/p>\n<p>Quando compramos ou buscamos algo porque vimos algu\u00e9m ter, ca\u00edmos na armadilha da compara\u00e7\u00e3o, e ela nunca tem fim. Sempre haver\u00e1 algu\u00e9m com mais, melhor ou mais caro. Esse movimento nos coloca num ciclo de competi\u00e7\u00e3o silenciosa, gerando escolhas baseadas no externo, e n\u00e3o nas nossas necessidades reais.<\/p>\n<p>Conquistar por voc\u00ea envolve inten\u00e7\u00e3o, prop\u00f3sito e consci\u00eancia. \u00c9 decidir porque aquilo faz sentido para sua vida, seus valores e sua jornada, n\u00e3o para provar algo a algu\u00e9m.<\/p>\n<p>A verdadeira liberdade financeira nasce quando voc\u00ea entende que n\u00e3o precisa acompanhar o ritmo de ningu\u00e9m, apenas o seu.<\/p>\n<p>Talvez hoje voc\u00ea esteja vivendo para suprir expectativas que nem s\u00e3o suas. Que tal come\u00e7ar um novo ciclo conquistando por voc\u00ea e para voc\u00ea?<\/p>\n<p>&#8230;&#8230;.<\/p>\n<p>Gabriela Oliveira \u00e9 educadora financeira comportamental, mentora, palestrante e coautora do livro Finan\u00e7as e Neg\u00f3cios \u2013 Acelere seu Potencial Financeiro e Empresarial.<\/p>\n<p>&#8230;&#8230;.<\/p>\n<p><strong>Texto publicado originalmente no site <a href=\"http:\/\/fonteemfoco.com.br\">Fonteemfoco<\/a><\/strong><\/p>\n","protected":false},"excerpt":{"rendered":"<p>Existem duas formas de conquistar algo: por desejo pr\u00f3prio ou pela necessidade de acompanhar o padr\u00e3o dos outros. A primeira gera satisfa\u00e7\u00e3o; a segunda, endividamento, frustra\u00e7\u00e3o e inseguran\u00e7a. Quando compramos ou buscamos algo porque vimos algu\u00e9m ter, ca\u00edmos na armadilha da compara\u00e7\u00e3o, e ela nunca tem fim. Sempre haver\u00e1 algu\u00e9m com mais, melhor ou mais [&hellip;]<\/p>\n","protected":false},"author":2,"featured_media":378929,"comment_status":"closed","ping_status":"closed","sticky":false,"template":"","format":"standard","meta":{"_acf_changed":false,"footnotes":""},"categories":[236],"tags":[],"class_list":["post-378928","post","type-post","status-publish","format-standard","has-post-thumbnail","hentry","category-ponto-de-vista"],"acf":[],"yoast_head":"<!-- This site is optimized with the Yoast SEO plugin v27.2 - https:\/\/yoast.com\/product\/yoast-seo-wordpress\/ -->\n<title>O vazio de conquistar para parecer, n\u00e3o para ser - Notibras<\/title>\n<meta name=\"robots\" content=\"index, follow, max-snippet:-1, max-image-preview:large, max-video-preview:-1\" \/>\n<link rel=\"canonical\" href=\"https:\/\/www.notibras.com\/site\/o-vazio-de-conquistar-para-parecer-nao-para-ser\/\" \/>\n<meta property=\"og:locale\" content=\"pt_BR\" \/>\n<meta property=\"og:type\" content=\"article\" \/>\n<meta property=\"og:title\" content=\"O vazio de conquistar para parecer, n\u00e3o para ser - Notibras\" \/>\n<meta property=\"og:description\" content=\"Existem duas formas de conquistar algo: por desejo pr\u00f3prio ou pela necessidade de acompanhar o padr\u00e3o dos outros. A primeira gera satisfa\u00e7\u00e3o; a segunda, endividamento, frustra\u00e7\u00e3o e inseguran\u00e7a. Quando compramos ou buscamos algo porque vimos algu\u00e9m ter, ca\u00edmos na armadilha da compara\u00e7\u00e3o, e ela nunca tem fim. Sempre haver\u00e1 algu\u00e9m com mais, melhor ou mais [&hellip;]\" \/>\n<meta property=\"og:url\" content=\"https:\/\/www.notibras.com\/site\/o-vazio-de-conquistar-para-parecer-nao-para-ser\/\" \/>\n<meta property=\"og:site_name\" content=\"Notibras\" \/>\n<meta property=\"article:publisher\" content=\"https:\/\/www.facebook.com\/notibras\/\" \/>\n<meta property=\"article:published_time\" content=\"2026-01-14T07:07:55+00:00\" \/>\n<meta property=\"og:image\" content=\"https:\/\/www.notibras.com\/site\/wp-content\/uploads\/2026\/01\/consumismo.freepik-696x564-1.webp\" \/>\n\t<meta property=\"og:image:width\" content=\"696\" \/>\n\t<meta property=\"og:image:height\" content=\"564\" \/>\n\t<meta property=\"og:image:type\" content=\"image\/webp\" \/>\n<meta name=\"author\" content=\"Reda\u00e7\u00e3o\" \/>\n<meta name=\"twitter:card\" content=\"summary_large_image\" \/>\n<meta name=\"twitter:creator\" content=\"@Notibras\" \/>\n<meta name=\"twitter:site\" content=\"@Notibras\" \/>\n<meta name=\"twitter:label1\" content=\"Escrito por\" \/>\n\t<meta name=\"twitter:data1\" content=\"Reda\u00e7\u00e3o\" \/>\n\t<meta name=\"twitter:label2\" content=\"Est. tempo de leitura\" \/>\n\t<meta name=\"twitter:data2\" content=\"2 minutos\" \/>\n<script type=\"application\/ld+json\" class=\"yoast-schema-graph\">{\"@context\":\"https:\/\/schema.org\",\"@graph\":[{\"@type\":\"Article\",\"@id\":\"https:\/\/www.notibras.com\/site\/o-vazio-de-conquistar-para-parecer-nao-para-ser\/#article\",\"isPartOf\":{\"@id\":\"https:\/\/www.notibras.com\/site\/o-vazio-de-conquistar-para-parecer-nao-para-ser\/\"},\"author\":{\"name\":\"Reda\u00e7\u00e3o\",\"@id\":\"https:\/\/www.notibras.com\/site\/#\/schema\/person\/36ab0979449956132d3e5b517ea76ac8\"},\"headline\":\"O vazio de conquistar para parecer, n\u00e3o para ser\",\"datePublished\":\"2026-01-14T07:07:55+00:00\",\"mainEntityOfPage\":{\"@id\":\"https:\/\/www.notibras.com\/site\/o-vazio-de-conquistar-para-parecer-nao-para-ser\/\"},\"wordCount\":204,\"publisher\":{\"@id\":\"https:\/\/www.notibras.com\/site\/#organization\"},\"image\":{\"@id\":\"https:\/\/www.notibras.com\/site\/o-vazio-de-conquistar-para-parecer-nao-para-ser\/#primaryimage\"},\"thumbnailUrl\":\"https:\/\/www.notibras.com\/site\/wp-content\/uploads\/2026\/01\/consumismo.freepik-696x564-1.webp\",\"articleSection\":[\"Ponto de Vista\"],\"inLanguage\":\"pt-BR\"},{\"@type\":\"WebPage\",\"@id\":\"https:\/\/www.notibras.com\/site\/o-vazio-de-conquistar-para-parecer-nao-para-ser\/\",\"url\":\"https:\/\/www.notibras.com\/site\/o-vazio-de-conquistar-para-parecer-nao-para-ser\/\",\"name\":\"O vazio de conquistar para parecer, n\u00e3o para ser - Notibras\",\"isPartOf\":{\"@id\":\"https:\/\/www.notibras.com\/site\/#website\"},\"primaryImageOfPage\":{\"@id\":\"https:\/\/www.notibras.com\/site\/o-vazio-de-conquistar-para-parecer-nao-para-ser\/#primaryimage\"},\"image\":{\"@id\":\"https:\/\/www.notibras.com\/site\/o-vazio-de-conquistar-para-parecer-nao-para-ser\/#primaryimage\"},\"thumbnailUrl\":\"https:\/\/www.notibras.com\/site\/wp-content\/uploads\/2026\/01\/consumismo.freepik-696x564-1.webp\",\"datePublished\":\"2026-01-14T07:07:55+00:00\",\"breadcrumb\":{\"@id\":\"https:\/\/www.notibras.com\/site\/o-vazio-de-conquistar-para-parecer-nao-para-ser\/#breadcrumb\"},\"inLanguage\":\"pt-BR\",\"potentialAction\":[{\"@type\":\"ReadAction\",\"target\":[\"https:\/\/www.notibras.com\/site\/o-vazio-de-conquistar-para-parecer-nao-para-ser\/\"]}]},{\"@type\":\"ImageObject\",\"inLanguage\":\"pt-BR\",\"@id\":\"https:\/\/www.notibras.com\/site\/o-vazio-de-conquistar-para-parecer-nao-para-ser\/#primaryimage\",\"url\":\"https:\/\/www.notibras.com\/site\/wp-content\/uploads\/2026\/01\/consumismo.freepik-696x564-1.webp\",\"contentUrl\":\"https:\/\/www.notibras.com\/site\/wp-content\/uploads\/2026\/01\/consumismo.freepik-696x564-1.webp\",\"width\":696,\"height\":564},{\"@type\":\"BreadcrumbList\",\"@id\":\"https:\/\/www.notibras.com\/site\/o-vazio-de-conquistar-para-parecer-nao-para-ser\/#breadcrumb\",\"itemListElement\":[{\"@type\":\"ListItem\",\"position\":1,\"name\":\"In\u00edcio\",\"item\":\"https:\/\/www.notibras.com\/site\/\"},{\"@type\":\"ListItem\",\"position\":2,\"name\":\"O vazio de conquistar para parecer, n\u00e3o para ser\"}]},{\"@type\":\"WebSite\",\"@id\":\"https:\/\/www.notibras.com\/site\/#website\",\"url\":\"https:\/\/www.notibras.com\/site\/\",\"name\":\"Notibras\",\"description\":\"Not\u00edcias de Bras\u00edlia, do Brasil e do Mundo\",\"publisher\":{\"@id\":\"https:\/\/www.notibras.com\/site\/#organization\"},\"potentialAction\":[{\"@type\":\"SearchAction\",\"target\":{\"@type\":\"EntryPoint\",\"urlTemplate\":\"https:\/\/www.notibras.com\/site\/?s={search_term_string}\"},\"query-input\":{\"@type\":\"PropertyValueSpecification\",\"valueRequired\":true,\"valueName\":\"search_term_string\"}}],\"inLanguage\":\"pt-BR\"},{\"@type\":\"Organization\",\"@id\":\"https:\/\/www.notibras.com\/site\/#organization\",\"name\":\"Grupo Notibras de Comunica\u00e7\u00e3o\",\"url\":\"https:\/\/www.notibras.com\/site\/\",\"logo\":{\"@type\":\"ImageObject\",\"inLanguage\":\"pt-BR\",\"@id\":\"https:\/\/www.notibras.com\/site\/#\/schema\/logo\/image\/\",\"url\":\"https:\/\/www.notibras.com\/site\/wp-content\/uploads\/2023\/01\/notibras23.png\",\"contentUrl\":\"https:\/\/www.notibras.com\/site\/wp-content\/uploads\/2023\/01\/notibras23.png\",\"width\":350,\"height\":87,\"caption\":\"Grupo Notibras de Comunica\u00e7\u00e3o\"},\"image\":{\"@id\":\"https:\/\/www.notibras.com\/site\/#\/schema\/logo\/image\/\"},\"sameAs\":[\"https:\/\/www.facebook.com\/notibras\/\",\"https:\/\/x.com\/Notibras\",\"https:\/\/www.instagram.com\/notibras\/\"]},{\"@type\":\"Person\",\"@id\":\"https:\/\/www.notibras.com\/site\/#\/schema\/person\/36ab0979449956132d3e5b517ea76ac8\",\"name\":\"Reda\u00e7\u00e3o\",\"image\":{\"@type\":\"ImageObject\",\"inLanguage\":\"pt-BR\",\"@id\":\"https:\/\/secure.gravatar.com\/avatar\/e0a867bdedb85fd243eadf09663511f96fc81e0720a4a42581f334ad4303aa6b?s=96&d=mm&r=g\",\"url\":\"https:\/\/secure.gravatar.com\/avatar\/e0a867bdedb85fd243eadf09663511f96fc81e0720a4a42581f334ad4303aa6b?s=96&d=mm&r=g\",\"contentUrl\":\"https:\/\/secure.gravatar.com\/avatar\/e0a867bdedb85fd243eadf09663511f96fc81e0720a4a42581f334ad4303aa6b?s=96&d=mm&r=g\",\"caption\":\"Reda\u00e7\u00e3o\"}}]}<\/script>\n<!-- \/ Yoast SEO plugin. -->","yoast_head_json":{"title":"O vazio de conquistar para parecer, n\u00e3o para ser - Notibras","robots":{"index":"index","follow":"follow","max-snippet":"max-snippet:-1","max-image-preview":"max-image-preview:large","max-video-preview":"max-video-preview:-1"},"canonical":"https:\/\/www.notibras.com\/site\/o-vazio-de-conquistar-para-parecer-nao-para-ser\/","og_locale":"pt_BR","og_type":"article","og_title":"O vazio de conquistar para parecer, n\u00e3o para ser - Notibras","og_description":"Existem duas formas de conquistar algo: por desejo pr\u00f3prio ou pela necessidade de acompanhar o padr\u00e3o dos outros. A primeira gera satisfa\u00e7\u00e3o; a segunda, endividamento, frustra\u00e7\u00e3o e inseguran\u00e7a. Quando compramos ou buscamos algo porque vimos algu\u00e9m ter, ca\u00edmos na armadilha da compara\u00e7\u00e3o, e ela nunca tem fim. Sempre haver\u00e1 algu\u00e9m com mais, melhor ou mais [&hellip;]","og_url":"https:\/\/www.notibras.com\/site\/o-vazio-de-conquistar-para-parecer-nao-para-ser\/","og_site_name":"Notibras","article_publisher":"https:\/\/www.facebook.com\/notibras\/","article_published_time":"2026-01-14T07:07:55+00:00","og_image":[{"width":696,"height":564,"url":"https:\/\/www.notibras.com\/site\/wp-content\/uploads\/2026\/01\/consumismo.freepik-696x564-1.webp","type":"image\/webp"}],"author":"Reda\u00e7\u00e3o","twitter_card":"summary_large_image","twitter_creator":"@Notibras","twitter_site":"@Notibras","twitter_misc":{"Escrito por":"Reda\u00e7\u00e3o","Est. tempo de leitura":"2 minutos"},"schema":{"@context":"https:\/\/schema.org","@graph":[{"@type":"Article","@id":"https:\/\/www.notibras.com\/site\/o-vazio-de-conquistar-para-parecer-nao-para-ser\/#article","isPartOf":{"@id":"https:\/\/www.notibras.com\/site\/o-vazio-de-conquistar-para-parecer-nao-para-ser\/"},"author":{"name":"Reda\u00e7\u00e3o","@id":"https:\/\/www.notibras.com\/site\/#\/schema\/person\/36ab0979449956132d3e5b517ea76ac8"},"headline":"O vazio de conquistar para parecer, n\u00e3o para ser","datePublished":"2026-01-14T07:07:55+00:00","mainEntityOfPage":{"@id":"https:\/\/www.notibras.com\/site\/o-vazio-de-conquistar-para-parecer-nao-para-ser\/"},"wordCount":204,"publisher":{"@id":"https:\/\/www.notibras.com\/site\/#organization"},"image":{"@id":"https:\/\/www.notibras.com\/site\/o-vazio-de-conquistar-para-parecer-nao-para-ser\/#primaryimage"},"thumbnailUrl":"https:\/\/www.notibras.com\/site\/wp-content\/uploads\/2026\/01\/consumismo.freepik-696x564-1.webp","articleSection":["Ponto de Vista"],"inLanguage":"pt-BR"},{"@type":"WebPage","@id":"https:\/\/www.notibras.com\/site\/o-vazio-de-conquistar-para-parecer-nao-para-ser\/","url":"https:\/\/www.notibras.com\/site\/o-vazio-de-conquistar-para-parecer-nao-para-ser\/","name":"O vazio de conquistar para parecer, n\u00e3o para ser - Notibras","isPartOf":{"@id":"https:\/\/www.notibras.com\/site\/#website"},"primaryImageOfPage":{"@id":"https:\/\/www.notibras.com\/site\/o-vazio-de-conquistar-para-parecer-nao-para-ser\/#primaryimage"},"image":{"@id":"https:\/\/www.notibras.com\/site\/o-vazio-de-conquistar-para-parecer-nao-para-ser\/#primaryimage"},"thumbnailUrl":"https:\/\/www.notibras.com\/site\/wp-content\/uploads\/2026\/01\/consumismo.freepik-696x564-1.webp","datePublished":"2026-01-14T07:07:55+00:00","breadcrumb":{"@id":"https:\/\/www.notibras.com\/site\/o-vazio-de-conquistar-para-parecer-nao-para-ser\/#breadcrumb"},"inLanguage":"pt-BR","potentialAction":[{"@type":"ReadAction","target":["https:\/\/www.notibras.com\/site\/o-vazio-de-conquistar-para-parecer-nao-para-ser\/"]}]},{"@type":"ImageObject","inLanguage":"pt-BR","@id":"https:\/\/www.notibras.com\/site\/o-vazio-de-conquistar-para-parecer-nao-para-ser\/#primaryimage","url":"https:\/\/www.notibras.com\/site\/wp-content\/uploads\/2026\/01\/consumismo.freepik-696x564-1.webp","contentUrl":"https:\/\/www.notibras.com\/site\/wp-content\/uploads\/2026\/01\/consumismo.freepik-696x564-1.webp","width":696,"height":564},{"@type":"BreadcrumbList","@id":"https:\/\/www.notibras.com\/site\/o-vazio-de-conquistar-para-parecer-nao-para-ser\/#breadcrumb","itemListElement":[{"@type":"ListItem","position":1,"name":"In\u00edcio","item":"https:\/\/www.notibras.com\/site\/"},{"@type":"ListItem","position":2,"name":"O vazio de conquistar para parecer, n\u00e3o para ser"}]},{"@type":"WebSite","@id":"https:\/\/www.notibras.com\/site\/#website","url":"https:\/\/www.notibras.com\/site\/","name":"Notibras","description":"Not\u00edcias de Bras\u00edlia, do Brasil e do Mundo","publisher":{"@id":"https:\/\/www.notibras.com\/site\/#organization"},"potentialAction":[{"@type":"SearchAction","target":{"@type":"EntryPoint","urlTemplate":"https:\/\/www.notibras.com\/site\/?s={search_term_string}"},"query-input":{"@type":"PropertyValueSpecification","valueRequired":true,"valueName":"search_term_string"}}],"inLanguage":"pt-BR"},{"@type":"Organization","@id":"https:\/\/www.notibras.com\/site\/#organization","name":"Grupo Notibras de Comunica\u00e7\u00e3o","url":"https:\/\/www.notibras.com\/site\/","logo":{"@type":"ImageObject","inLanguage":"pt-BR","@id":"https:\/\/www.notibras.com\/site\/#\/schema\/logo\/image\/","url":"https:\/\/www.notibras.com\/site\/wp-content\/uploads\/2023\/01\/notibras23.png","contentUrl":"https:\/\/www.notibras.com\/site\/wp-content\/uploads\/2023\/01\/notibras23.png","width":350,"height":87,"caption":"Grupo Notibras de Comunica\u00e7\u00e3o"},"image":{"@id":"https:\/\/www.notibras.com\/site\/#\/schema\/logo\/image\/"},"sameAs":["https:\/\/www.facebook.com\/notibras\/","https:\/\/x.com\/Notibras","https:\/\/www.instagram.com\/notibras\/"]},{"@type":"Person","@id":"https:\/\/www.notibras.com\/site\/#\/schema\/person\/36ab0979449956132d3e5b517ea76ac8","name":"Reda\u00e7\u00e3o","image":{"@type":"ImageObject","inLanguage":"pt-BR","@id":"https:\/\/secure.gravatar.com\/avatar\/e0a867bdedb85fd243eadf09663511f96fc81e0720a4a42581f334ad4303aa6b?s=96&d=mm&r=g","url":"https:\/\/secure.gravatar.com\/avatar\/e0a867bdedb85fd243eadf09663511f96fc81e0720a4a42581f334ad4303aa6b?s=96&d=mm&r=g","contentUrl":"https:\/\/secure.gravatar.com\/avatar\/e0a867bdedb85fd243eadf09663511f96fc81e0720a4a42581f334ad4303aa6b?s=96&d=mm&r=g","caption":"Reda\u00e7\u00e3o"}}]}},"amp_enabled":true,"_links":{"self":[{"href":"https:\/\/www.notibras.com\/site\/wp-json\/wp\/v2\/posts\/378928","targetHints":{"allow":["GET"]}}],"collection":[{"href":"https:\/\/www.notibras.com\/site\/wp-json\/wp\/v2\/posts"}],"about":[{"href":"https:\/\/www.notibras.com\/site\/wp-json\/wp\/v2\/types\/post"}],"author":[{"embeddable":true,"href":"https:\/\/www.notibras.com\/site\/wp-json\/wp\/v2\/users\/2"}],"replies":[{"embeddable":true,"href":"https:\/\/www.notibras.com\/site\/wp-json\/wp\/v2\/comments?post=378928"}],"version-history":[{"count":1,"href":"https:\/\/www.notibras.com\/site\/wp-json\/wp\/v2\/posts\/378928\/revisions"}],"predecessor-version":[{"id":378930,"href":"https:\/\/www.notibras.com\/site\/wp-json\/wp\/v2\/posts\/378928\/revisions\/378930"}],"wp:featuredmedia":[{"embeddable":true,"href":"https:\/\/www.notibras.com\/site\/wp-json\/wp\/v2\/media\/378929"}],"wp:attachment":[{"href":"https:\/\/www.notibras.com\/site\/wp-json\/wp\/v2\/media?parent=378928"}],"wp:term":[{"taxonomy":"category","embeddable":true,"href":"https:\/\/www.notibras.com\/site\/wp-json\/wp\/v2\/categories?post=378928"},{"taxonomy":"post_tag","embeddable":true,"href":"https:\/\/www.notibras.com\/site\/wp-json\/wp\/v2\/tags?post=378928"}],"curies":[{"name":"wp","href":"https:\/\/api.w.org\/{rel}","templated":true}]}}