{"id":378939,"date":"2026-01-14T05:52:35","date_gmt":"2026-01-14T08:52:35","guid":{"rendered":"https:\/\/www.notibras.com\/site\/?p=378939"},"modified":"2026-01-14T05:52:35","modified_gmt":"2026-01-14T08:52:35","slug":"o-rio-continua-sendo-uma-trincheira-tropical","status":"publish","type":"post","link":"https:\/\/www.notibras.com\/site\/o-rio-continua-sendo-uma-trincheira-tropical\/","title":{"rendered":"O Rio continua sendo uma trincheira tropical"},"content":{"rendered":"<p>O Brasil lutou na Segunda Guerra Mundial a pulso. E lutou bem. Um dos maiores jornalista do pa\u00eds e o mais carioca dos cariocas, Ruy Castro, lan\u00e7ou, ano passado, seu livro mais ambicioso: Trincheira Tropical \u2013 A Segunda Guerra Mundial no Rio (Companhia das Letras, S\u00e3o Paulo, 2025, 413 p\u00e1ginas), ap\u00f3s seis anos de trabalho, com a leitura de centenas de livros e jornais sobre o Rio durante a Segunda Guerra Mundial.<\/p>\n<p>A guerra explodiu em todos os continentes, mas na Am\u00e9rica apenas navios \u2013 mercantes, de passageiros e militares \u2013 foram afundados, \u00e0s centenas, por submarinos alem\u00e3es, na costa. A guerra n\u00e3o chegou \u00e0 terra firme no continente americano, exceto pelo trabalho de espi\u00f5es alem\u00e3es e italianos, e pela presen\u00e7a do aparato b\u00e9lico e de propaganda americanos no Brasil, especialmente no Rio de Janeiro, ent\u00e3o, a capital.<\/p>\n<p>Ruy Castro escreve de tal jeito que eu me senti caminhando no Rio, tomando uma no Amarelinho ou bebendo com Orson Welles. Al\u00e9m de levantamento minucioso, trabalho de ourivesaria, sobre como era o Rio, de 1935 a 1945, h\u00e1 dois temas que perpassam todo o livro, com informa\u00e7\u00f5es que s\u00e3o verdadeiras revela\u00e7\u00f5es sobre o Brasil: a ditadura Vargas (1930-1945) e a FEB (For\u00e7a Expedicion\u00e1ria Brasileira).<\/p>\n<p>Get\u00falio Vargas era fascista. Fascismo \u00e9 Estado forte e centralizado, com culto ao l\u00edder, repress\u00e3o da oposi\u00e7\u00e3o, antiliberalismo e propaganda massiva. O Integralismo do Brasil. As masmorras estavam cheias de presos pol\u00edticos, pessoas eram torturadas, assassinadas ou sumiam e a censura era total. O Brasil de hoje lembra esse momento de trevas.<\/p>\n<p>Tudo ia bem para o ditador. As rela\u00e7\u00f5es de Get\u00falio Vargas com Adolf Hitler e Benito Mussolini iam \u00e0s mil maravilhas e o Rio de Janeiro se tornou a Meca de espi\u00f5es alem\u00e3es e italianos. Os Estados Unidos estavam quietos. Mas a Hist\u00f3ria \u00e9 quem manda no desenrolar dos fatos.<\/p>\n<p>Em 1823, o ent\u00e3o presidente dos Estados Unidos, James Monroe, estabeleceu a Doutrina Monroe: o continente americano estava fechado para novas coloniza\u00e7\u00f5es europeias. A Am\u00e9rica \u00e9 dos americanos. Os Estados Unidos n\u00e3o interfeririam nos assuntos europeus e os europeus viram \u00e0s Am\u00e9ricas apenas como empres\u00e1rios ou turistas. A Am\u00e9rica Latina passou a ser \u00e1rea de influ\u00eancia dos Estados Unidos.<\/p>\n<p>Em 7 de dezembro de 1941, o Jap\u00e3o, que se aliou \u00e0 Alemanha e \u00e0 It\u00e1lia, atacou a base naval americana de Pearl Harbor, no Pac\u00edfico. Foi um tiro no p\u00e9 do imperador Hirohito. Os Estados Unidos entraram na Segunda Guerra Mundial. Foi a\u00ed que o presidente americano, Franklin Delano Roosevelt, acabou com a bacanal de Get\u00falio Vargas, pressionando-o de tal modo que o ditador, para n\u00e3o perder sua pr\u00f3pria festan\u00e7a, abandonou os antigos aliados, Hitler e Mussolini.<\/p>\n<p>E mais, Vargas teve que enviar 25.334 soldados para a It\u00e1lia, para lutar contra os alem\u00e3es, entre meados de 1944 e meados de 1945. Foram os americanos que vestiram os soldados brasileiros e os treinaram, porque as For\u00e7as Armadas brasileiras estavam esfarrapadas. S\u00f3 serviam para dar apoio \u00e0 ditadura de Vargas. A FEB foi exemplar e fez hist\u00f3ria, mas, na volta, o epis\u00f3dio lembrou a Lei \u00c1urea, os militares foram entregues \u00e0 pr\u00f3pria sorte. Vargas acabou com a FEB, com medo de que seus integrantes, que agora compreendiam melhor de pol\u00edtica, o derrubassem. Mas caiu. O Brasil era outro.<\/p>\n<p>Trincheira Carioca \u00e9 livro para ser relido, de t\u00e3o bom! Perguntado sobre qual \u00e9 o segredo do seu estilo, em entrevista ao jornalista Lu\u00eds Ant\u00f4nio Giron, da revista Isto\u00c9, edi\u00e7\u00e3o 2501, de 21 de novembro de 2017, disse Ruy Castro: \u201cNingu\u00e9m escreve bem, e sim reescreve. Meu segredo \u00e9 cortar e simplificar o texto ao m\u00e1ximo, sem perder a premissa b\u00e1sica. Isso acontece na coluna: escrevo mais do que o limite do espa\u00e7o \u2013 1.815 caracteres \u2013 e tenho que cortar\u201d.<\/p>\n<p>\u2013 Voc\u00ea ama o Rio de Janeiro. A cidade est\u00e1 decadente?<\/p>\n<p>\u2013 Todos os meus livros s\u00e3o sobre o Rio. Estou preparando para 2019 um panorama sobre o Rio na d\u00e9cada de 1920. Continuou apaixonado por esta cidade. O Rio de Janeiro \u00e9 a cidade mais malhada do Brasil nas mais diversas \u00e9pocas da hist\u00f3ria. \u00c9 impressionante como as acusa\u00e7\u00f5es s\u00e3o sempre iguais. O Rio j\u00e1 era decadente em 1710, 1795, 1830, 1880, 1930\u2026 Paulo Francis achava que o auge do Rio se deu nos anos 1940. Para o Ivan Lessa, o Rio era bom mesmo nos anos 1950. Di Cavalcanti afirmou que o Rio po\u00e9tico morreu em 1922. Se recuarmos, vamos descobrir que o Rio entrou em decad\u00eancia com o Est\u00e1cio de S\u00e1. O Rio \u00e9 decadente h\u00e1 500 anos.<\/p>\n<p>\u2013 Mas hoje a situa\u00e7\u00e3o do Rio n\u00e3o \u00e9 mais alarmante?<\/p>\n<p>\u2013 Claro que hoje assistimos \u00e0 corrup\u00e7\u00e3o total das institui\u00e7\u00f5es do Rio, a come\u00e7ar por seus governantes e pol\u00edticos \u2013 e tudo ficou pior quando Lula e Dilma apoiaram S\u00e9rgio Cabral e sua turma para \u201cdesenvolver\u201d o Rio. Isso foi desastroso. A nova decad\u00eancia do Rio come\u00e7ou quando deixou de ser Distrito Federal e passou a fazer parte de um estado pobre. Vieram governadores como Moreira Franco, Brizola, Garotinho e Rosinha Matheus, culminando com Cabral e a atual acefalia.<\/p>\n<p>Como Ruy Castro diz: \u201cPol\u00edtica \u00e9 a arte da sacanagem\u201d. Como o Brasil de hoje, da ditadura da toga. A mesmice na corrup\u00e7\u00e3o, roubalheira, censura, presos pol\u00edticos, assassinatos. Os assassinatos, hoje, t\u00eam uma variante: s\u00e3o cometidos a conta-gotas, com tortura lenta, ao vivo e em cores, para uma plateia politicamente correta, apreciadora de pipoca com Cola-Cola, no sof\u00e1 da sala. Alguns gozam.<\/p>\n","protected":false},"excerpt":{"rendered":"<p>O Brasil lutou na Segunda Guerra Mundial a pulso. E lutou bem. Um dos maiores jornalista do pa\u00eds e o mais carioca dos cariocas, Ruy Castro, lan\u00e7ou, ano passado, seu livro mais ambicioso: Trincheira Tropical \u2013 A Segunda Guerra Mundial no Rio (Companhia das Letras, S\u00e3o Paulo, 2025, 413 p\u00e1ginas), ap\u00f3s seis anos de trabalho, [&hellip;]<\/p>\n","protected":false},"author":2,"featured_media":279067,"comment_status":"closed","ping_status":"closed","sticky":false,"template":"","format":"standard","meta":{"_acf_changed":false,"footnotes":""},"categories":[155],"tags":[],"class_list":["post-378939","post","type-post","status-publish","format-standard","has-post-thumbnail","hentry","category-leitura-vip"],"acf":[],"yoast_head":"<!-- This site is optimized with the Yoast SEO plugin v27.2 - https:\/\/yoast.com\/product\/yoast-seo-wordpress\/ -->\n<title>O Rio continua sendo uma trincheira tropical - Notibras<\/title>\n<meta name=\"robots\" content=\"index, follow, max-snippet:-1, max-image-preview:large, max-video-preview:-1\" \/>\n<link rel=\"canonical\" href=\"https:\/\/www.notibras.com\/site\/o-rio-continua-sendo-uma-trincheira-tropical\/\" \/>\n<meta property=\"og:locale\" content=\"pt_BR\" \/>\n<meta property=\"og:type\" content=\"article\" \/>\n<meta property=\"og:title\" content=\"O Rio continua sendo uma trincheira tropical - Notibras\" \/>\n<meta property=\"og:description\" content=\"O Brasil lutou na Segunda Guerra Mundial a pulso. E lutou bem. Um dos maiores jornalista do pa\u00eds e o mais carioca dos cariocas, Ruy Castro, lan\u00e7ou, ano passado, seu livro mais ambicioso: Trincheira Tropical \u2013 A Segunda Guerra Mundial no Rio (Companhia das Letras, S\u00e3o Paulo, 2025, 413 p\u00e1ginas), ap\u00f3s seis anos de trabalho, [&hellip;]\" \/>\n<meta property=\"og:url\" content=\"https:\/\/www.notibras.com\/site\/o-rio-continua-sendo-uma-trincheira-tropical\/\" \/>\n<meta property=\"og:site_name\" content=\"Notibras\" \/>\n<meta property=\"article:publisher\" content=\"https:\/\/www.facebook.com\/notibras\/\" \/>\n<meta property=\"article:published_time\" content=\"2026-01-14T08:52:35+00:00\" \/>\n<meta property=\"og:image\" content=\"https:\/\/www.notibras.com\/site\/wp-content\/uploads\/2022\/01\/tnrgo_abr_1912189120.jpg\" \/>\n\t<meta property=\"og:image:width\" content=\"1170\" \/>\n\t<meta property=\"og:image:height\" content=\"700\" \/>\n\t<meta property=\"og:image:type\" content=\"image\/jpeg\" \/>\n<meta name=\"author\" content=\"Reda\u00e7\u00e3o\" \/>\n<meta name=\"twitter:card\" content=\"summary_large_image\" \/>\n<meta name=\"twitter:creator\" content=\"@Notibras\" \/>\n<meta name=\"twitter:site\" content=\"@Notibras\" \/>\n<meta name=\"twitter:label1\" content=\"Escrito por\" \/>\n\t<meta name=\"twitter:data1\" content=\"Reda\u00e7\u00e3o\" \/>\n\t<meta name=\"twitter:label2\" content=\"Est. tempo de leitura\" \/>\n\t<meta name=\"twitter:data2\" content=\"6 minutos\" \/>\n<script type=\"application\/ld+json\" class=\"yoast-schema-graph\">{\"@context\":\"https:\/\/schema.org\",\"@graph\":[{\"@type\":\"Article\",\"@id\":\"https:\/\/www.notibras.com\/site\/o-rio-continua-sendo-uma-trincheira-tropical\/#article\",\"isPartOf\":{\"@id\":\"https:\/\/www.notibras.com\/site\/o-rio-continua-sendo-uma-trincheira-tropical\/\"},\"author\":{\"name\":\"Reda\u00e7\u00e3o\",\"@id\":\"https:\/\/www.notibras.com\/site\/#\/schema\/person\/36ab0979449956132d3e5b517ea76ac8\"},\"headline\":\"O Rio continua sendo uma trincheira tropical\",\"datePublished\":\"2026-01-14T08:52:35+00:00\",\"mainEntityOfPage\":{\"@id\":\"https:\/\/www.notibras.com\/site\/o-rio-continua-sendo-uma-trincheira-tropical\/\"},\"wordCount\":941,\"publisher\":{\"@id\":\"https:\/\/www.notibras.com\/site\/#organization\"},\"image\":{\"@id\":\"https:\/\/www.notibras.com\/site\/o-rio-continua-sendo-uma-trincheira-tropical\/#primaryimage\"},\"thumbnailUrl\":\"https:\/\/www.notibras.com\/site\/wp-content\/uploads\/2022\/01\/tnrgo_abr_1912189120.jpg\",\"articleSection\":[\"Leitura Vip\"],\"inLanguage\":\"pt-BR\"},{\"@type\":\"WebPage\",\"@id\":\"https:\/\/www.notibras.com\/site\/o-rio-continua-sendo-uma-trincheira-tropical\/\",\"url\":\"https:\/\/www.notibras.com\/site\/o-rio-continua-sendo-uma-trincheira-tropical\/\",\"name\":\"O Rio continua sendo uma trincheira tropical - Notibras\",\"isPartOf\":{\"@id\":\"https:\/\/www.notibras.com\/site\/#website\"},\"primaryImageOfPage\":{\"@id\":\"https:\/\/www.notibras.com\/site\/o-rio-continua-sendo-uma-trincheira-tropical\/#primaryimage\"},\"image\":{\"@id\":\"https:\/\/www.notibras.com\/site\/o-rio-continua-sendo-uma-trincheira-tropical\/#primaryimage\"},\"thumbnailUrl\":\"https:\/\/www.notibras.com\/site\/wp-content\/uploads\/2022\/01\/tnrgo_abr_1912189120.jpg\",\"datePublished\":\"2026-01-14T08:52:35+00:00\",\"breadcrumb\":{\"@id\":\"https:\/\/www.notibras.com\/site\/o-rio-continua-sendo-uma-trincheira-tropical\/#breadcrumb\"},\"inLanguage\":\"pt-BR\",\"potentialAction\":[{\"@type\":\"ReadAction\",\"target\":[\"https:\/\/www.notibras.com\/site\/o-rio-continua-sendo-uma-trincheira-tropical\/\"]}]},{\"@type\":\"ImageObject\",\"inLanguage\":\"pt-BR\",\"@id\":\"https:\/\/www.notibras.com\/site\/o-rio-continua-sendo-uma-trincheira-tropical\/#primaryimage\",\"url\":\"https:\/\/www.notibras.com\/site\/wp-content\/uploads\/2022\/01\/tnrgo_abr_1912189120.jpg\",\"contentUrl\":\"https:\/\/www.notibras.com\/site\/wp-content\/uploads\/2022\/01\/tnrgo_abr_1912189120.jpg\",\"width\":1170,\"height\":700,\"caption\":\"Em dia de forte calor cariocas se refrescam na praia de Copacabana.\"},{\"@type\":\"BreadcrumbList\",\"@id\":\"https:\/\/www.notibras.com\/site\/o-rio-continua-sendo-uma-trincheira-tropical\/#breadcrumb\",\"itemListElement\":[{\"@type\":\"ListItem\",\"position\":1,\"name\":\"In\u00edcio\",\"item\":\"https:\/\/www.notibras.com\/site\/\"},{\"@type\":\"ListItem\",\"position\":2,\"name\":\"O Rio continua sendo uma trincheira tropical\"}]},{\"@type\":\"WebSite\",\"@id\":\"https:\/\/www.notibras.com\/site\/#website\",\"url\":\"https:\/\/www.notibras.com\/site\/\",\"name\":\"Notibras\",\"description\":\"Not\u00edcias de Bras\u00edlia, do Brasil e do Mundo\",\"publisher\":{\"@id\":\"https:\/\/www.notibras.com\/site\/#organization\"},\"potentialAction\":[{\"@type\":\"SearchAction\",\"target\":{\"@type\":\"EntryPoint\",\"urlTemplate\":\"https:\/\/www.notibras.com\/site\/?s={search_term_string}\"},\"query-input\":{\"@type\":\"PropertyValueSpecification\",\"valueRequired\":true,\"valueName\":\"search_term_string\"}}],\"inLanguage\":\"pt-BR\"},{\"@type\":\"Organization\",\"@id\":\"https:\/\/www.notibras.com\/site\/#organization\",\"name\":\"Grupo Notibras de Comunica\u00e7\u00e3o\",\"url\":\"https:\/\/www.notibras.com\/site\/\",\"logo\":{\"@type\":\"ImageObject\",\"inLanguage\":\"pt-BR\",\"@id\":\"https:\/\/www.notibras.com\/site\/#\/schema\/logo\/image\/\",\"url\":\"https:\/\/www.notibras.com\/site\/wp-content\/uploads\/2023\/01\/notibras23.png\",\"contentUrl\":\"https:\/\/www.notibras.com\/site\/wp-content\/uploads\/2023\/01\/notibras23.png\",\"width\":350,\"height\":87,\"caption\":\"Grupo Notibras de Comunica\u00e7\u00e3o\"},\"image\":{\"@id\":\"https:\/\/www.notibras.com\/site\/#\/schema\/logo\/image\/\"},\"sameAs\":[\"https:\/\/www.facebook.com\/notibras\/\",\"https:\/\/x.com\/Notibras\",\"https:\/\/www.instagram.com\/notibras\/\"]},{\"@type\":\"Person\",\"@id\":\"https:\/\/www.notibras.com\/site\/#\/schema\/person\/36ab0979449956132d3e5b517ea76ac8\",\"name\":\"Reda\u00e7\u00e3o\",\"image\":{\"@type\":\"ImageObject\",\"inLanguage\":\"pt-BR\",\"@id\":\"https:\/\/secure.gravatar.com\/avatar\/e0a867bdedb85fd243eadf09663511f96fc81e0720a4a42581f334ad4303aa6b?s=96&d=mm&r=g\",\"url\":\"https:\/\/secure.gravatar.com\/avatar\/e0a867bdedb85fd243eadf09663511f96fc81e0720a4a42581f334ad4303aa6b?s=96&d=mm&r=g\",\"contentUrl\":\"https:\/\/secure.gravatar.com\/avatar\/e0a867bdedb85fd243eadf09663511f96fc81e0720a4a42581f334ad4303aa6b?s=96&d=mm&r=g\",\"caption\":\"Reda\u00e7\u00e3o\"}}]}<\/script>\n<!-- \/ Yoast SEO plugin. -->","yoast_head_json":{"title":"O Rio continua sendo uma trincheira tropical - Notibras","robots":{"index":"index","follow":"follow","max-snippet":"max-snippet:-1","max-image-preview":"max-image-preview:large","max-video-preview":"max-video-preview:-1"},"canonical":"https:\/\/www.notibras.com\/site\/o-rio-continua-sendo-uma-trincheira-tropical\/","og_locale":"pt_BR","og_type":"article","og_title":"O Rio continua sendo uma trincheira tropical - Notibras","og_description":"O Brasil lutou na Segunda Guerra Mundial a pulso. E lutou bem. Um dos maiores jornalista do pa\u00eds e o mais carioca dos cariocas, Ruy Castro, lan\u00e7ou, ano passado, seu livro mais ambicioso: Trincheira Tropical \u2013 A Segunda Guerra Mundial no Rio (Companhia das Letras, S\u00e3o Paulo, 2025, 413 p\u00e1ginas), ap\u00f3s seis anos de trabalho, [&hellip;]","og_url":"https:\/\/www.notibras.com\/site\/o-rio-continua-sendo-uma-trincheira-tropical\/","og_site_name":"Notibras","article_publisher":"https:\/\/www.facebook.com\/notibras\/","article_published_time":"2026-01-14T08:52:35+00:00","og_image":[{"width":1170,"height":700,"url":"https:\/\/www.notibras.com\/site\/wp-content\/uploads\/2022\/01\/tnrgo_abr_1912189120.jpg","type":"image\/jpeg"}],"author":"Reda\u00e7\u00e3o","twitter_card":"summary_large_image","twitter_creator":"@Notibras","twitter_site":"@Notibras","twitter_misc":{"Escrito por":"Reda\u00e7\u00e3o","Est. tempo de leitura":"6 minutos"},"schema":{"@context":"https:\/\/schema.org","@graph":[{"@type":"Article","@id":"https:\/\/www.notibras.com\/site\/o-rio-continua-sendo-uma-trincheira-tropical\/#article","isPartOf":{"@id":"https:\/\/www.notibras.com\/site\/o-rio-continua-sendo-uma-trincheira-tropical\/"},"author":{"name":"Reda\u00e7\u00e3o","@id":"https:\/\/www.notibras.com\/site\/#\/schema\/person\/36ab0979449956132d3e5b517ea76ac8"},"headline":"O Rio continua sendo uma trincheira tropical","datePublished":"2026-01-14T08:52:35+00:00","mainEntityOfPage":{"@id":"https:\/\/www.notibras.com\/site\/o-rio-continua-sendo-uma-trincheira-tropical\/"},"wordCount":941,"publisher":{"@id":"https:\/\/www.notibras.com\/site\/#organization"},"image":{"@id":"https:\/\/www.notibras.com\/site\/o-rio-continua-sendo-uma-trincheira-tropical\/#primaryimage"},"thumbnailUrl":"https:\/\/www.notibras.com\/site\/wp-content\/uploads\/2022\/01\/tnrgo_abr_1912189120.jpg","articleSection":["Leitura Vip"],"inLanguage":"pt-BR"},{"@type":"WebPage","@id":"https:\/\/www.notibras.com\/site\/o-rio-continua-sendo-uma-trincheira-tropical\/","url":"https:\/\/www.notibras.com\/site\/o-rio-continua-sendo-uma-trincheira-tropical\/","name":"O Rio continua sendo uma trincheira tropical - Notibras","isPartOf":{"@id":"https:\/\/www.notibras.com\/site\/#website"},"primaryImageOfPage":{"@id":"https:\/\/www.notibras.com\/site\/o-rio-continua-sendo-uma-trincheira-tropical\/#primaryimage"},"image":{"@id":"https:\/\/www.notibras.com\/site\/o-rio-continua-sendo-uma-trincheira-tropical\/#primaryimage"},"thumbnailUrl":"https:\/\/www.notibras.com\/site\/wp-content\/uploads\/2022\/01\/tnrgo_abr_1912189120.jpg","datePublished":"2026-01-14T08:52:35+00:00","breadcrumb":{"@id":"https:\/\/www.notibras.com\/site\/o-rio-continua-sendo-uma-trincheira-tropical\/#breadcrumb"},"inLanguage":"pt-BR","potentialAction":[{"@type":"ReadAction","target":["https:\/\/www.notibras.com\/site\/o-rio-continua-sendo-uma-trincheira-tropical\/"]}]},{"@type":"ImageObject","inLanguage":"pt-BR","@id":"https:\/\/www.notibras.com\/site\/o-rio-continua-sendo-uma-trincheira-tropical\/#primaryimage","url":"https:\/\/www.notibras.com\/site\/wp-content\/uploads\/2022\/01\/tnrgo_abr_1912189120.jpg","contentUrl":"https:\/\/www.notibras.com\/site\/wp-content\/uploads\/2022\/01\/tnrgo_abr_1912189120.jpg","width":1170,"height":700,"caption":"Em dia de forte calor cariocas se refrescam na praia de Copacabana."},{"@type":"BreadcrumbList","@id":"https:\/\/www.notibras.com\/site\/o-rio-continua-sendo-uma-trincheira-tropical\/#breadcrumb","itemListElement":[{"@type":"ListItem","position":1,"name":"In\u00edcio","item":"https:\/\/www.notibras.com\/site\/"},{"@type":"ListItem","position":2,"name":"O Rio continua sendo uma trincheira tropical"}]},{"@type":"WebSite","@id":"https:\/\/www.notibras.com\/site\/#website","url":"https:\/\/www.notibras.com\/site\/","name":"Notibras","description":"Not\u00edcias de Bras\u00edlia, do Brasil e do Mundo","publisher":{"@id":"https:\/\/www.notibras.com\/site\/#organization"},"potentialAction":[{"@type":"SearchAction","target":{"@type":"EntryPoint","urlTemplate":"https:\/\/www.notibras.com\/site\/?s={search_term_string}"},"query-input":{"@type":"PropertyValueSpecification","valueRequired":true,"valueName":"search_term_string"}}],"inLanguage":"pt-BR"},{"@type":"Organization","@id":"https:\/\/www.notibras.com\/site\/#organization","name":"Grupo Notibras de Comunica\u00e7\u00e3o","url":"https:\/\/www.notibras.com\/site\/","logo":{"@type":"ImageObject","inLanguage":"pt-BR","@id":"https:\/\/www.notibras.com\/site\/#\/schema\/logo\/image\/","url":"https:\/\/www.notibras.com\/site\/wp-content\/uploads\/2023\/01\/notibras23.png","contentUrl":"https:\/\/www.notibras.com\/site\/wp-content\/uploads\/2023\/01\/notibras23.png","width":350,"height":87,"caption":"Grupo Notibras de Comunica\u00e7\u00e3o"},"image":{"@id":"https:\/\/www.notibras.com\/site\/#\/schema\/logo\/image\/"},"sameAs":["https:\/\/www.facebook.com\/notibras\/","https:\/\/x.com\/Notibras","https:\/\/www.instagram.com\/notibras\/"]},{"@type":"Person","@id":"https:\/\/www.notibras.com\/site\/#\/schema\/person\/36ab0979449956132d3e5b517ea76ac8","name":"Reda\u00e7\u00e3o","image":{"@type":"ImageObject","inLanguage":"pt-BR","@id":"https:\/\/secure.gravatar.com\/avatar\/e0a867bdedb85fd243eadf09663511f96fc81e0720a4a42581f334ad4303aa6b?s=96&d=mm&r=g","url":"https:\/\/secure.gravatar.com\/avatar\/e0a867bdedb85fd243eadf09663511f96fc81e0720a4a42581f334ad4303aa6b?s=96&d=mm&r=g","contentUrl":"https:\/\/secure.gravatar.com\/avatar\/e0a867bdedb85fd243eadf09663511f96fc81e0720a4a42581f334ad4303aa6b?s=96&d=mm&r=g","caption":"Reda\u00e7\u00e3o"}}]}},"amp_enabled":true,"_links":{"self":[{"href":"https:\/\/www.notibras.com\/site\/wp-json\/wp\/v2\/posts\/378939","targetHints":{"allow":["GET"]}}],"collection":[{"href":"https:\/\/www.notibras.com\/site\/wp-json\/wp\/v2\/posts"}],"about":[{"href":"https:\/\/www.notibras.com\/site\/wp-json\/wp\/v2\/types\/post"}],"author":[{"embeddable":true,"href":"https:\/\/www.notibras.com\/site\/wp-json\/wp\/v2\/users\/2"}],"replies":[{"embeddable":true,"href":"https:\/\/www.notibras.com\/site\/wp-json\/wp\/v2\/comments?post=378939"}],"version-history":[{"count":1,"href":"https:\/\/www.notibras.com\/site\/wp-json\/wp\/v2\/posts\/378939\/revisions"}],"predecessor-version":[{"id":378940,"href":"https:\/\/www.notibras.com\/site\/wp-json\/wp\/v2\/posts\/378939\/revisions\/378940"}],"wp:featuredmedia":[{"embeddable":true,"href":"https:\/\/www.notibras.com\/site\/wp-json\/wp\/v2\/media\/279067"}],"wp:attachment":[{"href":"https:\/\/www.notibras.com\/site\/wp-json\/wp\/v2\/media?parent=378939"}],"wp:term":[{"taxonomy":"category","embeddable":true,"href":"https:\/\/www.notibras.com\/site\/wp-json\/wp\/v2\/categories?post=378939"},{"taxonomy":"post_tag","embeddable":true,"href":"https:\/\/www.notibras.com\/site\/wp-json\/wp\/v2\/tags?post=378939"}],"curies":[{"name":"wp","href":"https:\/\/api.w.org\/{rel}","templated":true}]}}