{"id":378941,"date":"2026-01-14T06:01:20","date_gmt":"2026-01-14T09:01:20","guid":{"rendered":"https:\/\/www.notibras.com\/site\/?p=378941"},"modified":"2026-01-14T06:01:50","modified_gmt":"2026-01-14T09:01:50","slug":"jorginho-transforma-santa-catarina-em-nova-ninhada-de-lagartos","status":"publish","type":"post","link":"https:\/\/www.notibras.com\/site\/jorginho-transforma-santa-catarina-em-nova-ninhada-de-lagartos\/","title":{"rendered":"Jorginho transforma Santa Catarina em nova ninhada de lagartos"},"content":{"rendered":"<p>Descoberta pelos europeus em 1526, Santa Catarina \u00e9 uma das 27 unidades federativas do Brasil. Com respeito aos tradicionais e ainda patriotas barrigas-verdes, mas, para milh\u00f5es de brasileiros, melhor que deixasse de ser. Embora seja admirador da hist\u00f3ria, do colorido, da cultura e das belezas naturais e materiais catarinenses, sou um dos que acham que o estado parece dar sinal de esgotamento pol\u00edtico. Dia desses, em pleno ver\u00e3o, o governo local investiu milh\u00f5es de reais no hor\u00e1rio nobre da Globo Luxo. Mais do que um convite, o reclame era um apelo para que os brasileiros visitem o outrora internacional litoral catarinense.<\/p>\n<p>De imediato associei o an\u00fancio ao afastamento dos turistas nacionais do estado governado ideol\u00f3gica, fan\u00e1tica e freneticamente pelo bolsonarista Jorginho Mello. Nada contra quem vota ou apoia o ex-presidente Jair Messias. Entretanto, nada a favor de um governante que se acha acima de qualquer suspeita e que abriu as fronteiras do seu estado para o novo ninho do lagarto. Tanto que, como defensor raiz da ditadura e da \u201chonestidade\u201d, \u00e9 um dos governadores que surgiu politicamente na esteira daqueles que adoram chamar Lula de ladr\u00e3o.<\/p>\n<p>Logo ele que governa um Estado com 259 munic\u00edpios, dos quais 29 (mais de 10%) j\u00e1 tiveram problemas s\u00e9rios com a Justi\u00e7a. Conforme a amiga e companheira de narrativas Dona Irene, desde 2020 Santa Catarina j\u00e1 teve 29 prefeitos presos por corrup\u00e7\u00e3o e fraudes na administra\u00e7\u00e3o p\u00fablica. Se ela ficou completamente pasma, imagina eu que, embora pesquisadora ass\u00eddua das mazelas pol\u00edticas do pa\u00eds, passei a conhecer um pouco mais do Estado quando percebi a necessidade de o povo local permitir que a fam\u00edlia Bolsonaro fincasse suas apodrecidas ra\u00edzes entre os barrigas-verdes e os manezinhos, gent\u00edlico dos nascidos em Florian\u00f3polis.<\/p>\n<p>Como disse Dona Irene, \u00e9 uma realidade que, a princ\u00edpio, parecia inacredit\u00e1vel. N\u00e3o \u00e9. Algo que j\u00e1 esteve certo est\u00e1 muito errado em Santa Catarina. Outrora tido e havido como uma das mais promissoras unidades da Federa\u00e7\u00e3o, o Estado lembra hoje uma gest\u00e3o de compadrio. Ainda que n\u00e3o haja parentesco algum, a rela\u00e7\u00e3o visceral de Jorginho Mello com o cl\u00e3 Bolsonaro \u00e9 muito maior do que um simples, mas forte sentimento de amizade ou de cordialidade. H\u00e1 algo de mais profundo \u2013 ou de podre &#8211; no reino catarinense.<\/p>\n<p>Estou longe. Entretanto, n\u00e3o \u00e9 dif\u00edcil imaginar um povo que j\u00e1 se orgulhou de Vera Fischer, Gustavo \u201cGuga\u201d Kuerten, Rodrigo Hilbert, dos jogadores Filipe Lu\u00eds e Paulo Roberto Falc\u00e3o e dos magistrados Lu\u00eds e Paulo Gallotti, ter de engolir dois dos cinco filhos de um cidad\u00e3o que se autodenominou mito, mas que, ap\u00f3s quatro anos de mandato presidencial, desagradou gregos, baianos, troianos, a\u00e7orianos, os lagartos da Ba\u00eda de Guanabara e at\u00e9 as r\u00e3s do Lago Parano\u00e1. Pelo menos para os catarinenses, ele j\u00e1 produziu Renan Bolsonaro, o vereador mais votado de Balne\u00e1rio Cambori\u00fa. Para Dona Irene, aparentemente o catarinense n\u00e3o est\u00e1 sabendo votar.<\/p>\n<p>Esse \u00e9 o \u00fanico ponto de nossa discord\u00e2ncia. Baseado no desembarque consentido dos Bolsonaro no estado, tenho certeza disso. N\u00e3o sei se \u00e9 o caso dos eleitores de Cambori\u00fa, mas, como diz a B\u00edblia, quando os perversos est\u00e3o no poder, o povo geme. Carioca que embarcou do Rio de Janeiro para Santa Catarina por causa do \u201cpovo trabalhador e honesto\u201d do estado, Renan cuspiu no prato que comeu e deve ser seguido pelo irm\u00e3o Carlos Bolsonaro, candidato ao Senado por imposi\u00e7\u00e3o do governador Jorginho Mello. Ser\u00e1 que o povo catarinense merece mesmo essa penit\u00eancia? Acho que sim. Como viver \u00e9 melhor do que sonhar, tor\u00e7o para que a patrulha canina aporte em Santa Catarina antes que o estado se transforme em uma cova profunda recheada de galhos pequenos.<\/p>\n<p>&#8230;&#8230;&#8230;&#8230;.<\/p>\n<p><strong>Sonja Tavares \u00e9 Editora Pol\u00edtica de Notibras<\/strong><\/p>\n","protected":false},"excerpt":{"rendered":"<p>Descoberta pelos europeus em 1526, Santa Catarina \u00e9 uma das 27 unidades federativas do Brasil. Com respeito aos tradicionais e ainda patriotas barrigas-verdes, mas, para milh\u00f5es de brasileiros, melhor que deixasse de ser. Embora seja admirador da hist\u00f3ria, do colorido, da cultura e das belezas naturais e materiais catarinenses, sou um dos que acham que [&hellip;]<\/p>\n","protected":false},"author":2,"featured_media":378943,"comment_status":"closed","ping_status":"closed","sticky":false,"template":"","format":"standard","meta":{"_acf_changed":false,"footnotes":""},"categories":[16],"tags":[95],"class_list":["post-378941","post","type-post","status-publish","format-standard","has-post-thumbnail","hentry","category-brasil","tag-capa"],"acf":[],"yoast_head":"<!-- This site is optimized with the Yoast SEO plugin v27.2 - https:\/\/yoast.com\/product\/yoast-seo-wordpress\/ -->\n<title>Jorginho transforma Santa Catarina em nova ninhada de lagartos - Notibras<\/title>\n<meta name=\"robots\" content=\"index, follow, max-snippet:-1, max-image-preview:large, max-video-preview:-1\" \/>\n<link rel=\"canonical\" href=\"https:\/\/www.notibras.com\/site\/jorginho-transforma-santa-catarina-em-nova-ninhada-de-lagartos\/\" \/>\n<meta property=\"og:locale\" content=\"pt_BR\" \/>\n<meta property=\"og:type\" content=\"article\" \/>\n<meta property=\"og:title\" content=\"Jorginho transforma Santa Catarina em nova ninhada de lagartos - Notibras\" \/>\n<meta property=\"og:description\" content=\"Descoberta pelos europeus em 1526, Santa Catarina \u00e9 uma das 27 unidades federativas do Brasil. Com respeito aos tradicionais e ainda patriotas barrigas-verdes, mas, para milh\u00f5es de brasileiros, melhor que deixasse de ser. Embora seja admirador da hist\u00f3ria, do colorido, da cultura e das belezas naturais e materiais catarinenses, sou um dos que acham que [&hellip;]\" \/>\n<meta property=\"og:url\" content=\"https:\/\/www.notibras.com\/site\/jorginho-transforma-santa-catarina-em-nova-ninhada-de-lagartos\/\" \/>\n<meta property=\"og:site_name\" content=\"Notibras\" \/>\n<meta property=\"article:publisher\" content=\"https:\/\/www.facebook.com\/notibras\/\" \/>\n<meta property=\"article:published_time\" content=\"2026-01-14T09:01:20+00:00\" \/>\n<meta property=\"article:modified_time\" content=\"2026-01-14T09:01:50+00:00\" \/>\n<meta property=\"og:image\" content=\"https:\/\/www.notibras.com\/site\/wp-content\/uploads\/2026\/01\/raf07042-1.webp\" \/>\n\t<meta property=\"og:image:width\" content=\"770\" \/>\n\t<meta property=\"og:image:height\" content=\"516\" \/>\n\t<meta property=\"og:image:type\" content=\"image\/webp\" \/>\n<meta name=\"author\" content=\"Reda\u00e7\u00e3o\" \/>\n<meta name=\"twitter:card\" content=\"summary_large_image\" \/>\n<meta name=\"twitter:creator\" content=\"@Notibras\" \/>\n<meta name=\"twitter:site\" content=\"@Notibras\" \/>\n<meta name=\"twitter:label1\" content=\"Escrito por\" \/>\n\t<meta name=\"twitter:data1\" content=\"Reda\u00e7\u00e3o\" \/>\n\t<meta name=\"twitter:label2\" content=\"Est. tempo de leitura\" \/>\n\t<meta name=\"twitter:data2\" content=\"4 minutos\" \/>\n<script type=\"application\/ld+json\" class=\"yoast-schema-graph\">{\"@context\":\"https:\/\/schema.org\",\"@graph\":[{\"@type\":\"Article\",\"@id\":\"https:\/\/www.notibras.com\/site\/jorginho-transforma-santa-catarina-em-nova-ninhada-de-lagartos\/#article\",\"isPartOf\":{\"@id\":\"https:\/\/www.notibras.com\/site\/jorginho-transforma-santa-catarina-em-nova-ninhada-de-lagartos\/\"},\"author\":{\"name\":\"Reda\u00e7\u00e3o\",\"@id\":\"https:\/\/www.notibras.com\/site\/#\/schema\/person\/36ab0979449956132d3e5b517ea76ac8\"},\"headline\":\"Jorginho transforma Santa Catarina em nova ninhada de lagartos\",\"datePublished\":\"2026-01-14T09:01:20+00:00\",\"dateModified\":\"2026-01-14T09:01:50+00:00\",\"mainEntityOfPage\":{\"@id\":\"https:\/\/www.notibras.com\/site\/jorginho-transforma-santa-catarina-em-nova-ninhada-de-lagartos\/\"},\"wordCount\":654,\"publisher\":{\"@id\":\"https:\/\/www.notibras.com\/site\/#organization\"},\"image\":{\"@id\":\"https:\/\/www.notibras.com\/site\/jorginho-transforma-santa-catarina-em-nova-ninhada-de-lagartos\/#primaryimage\"},\"thumbnailUrl\":\"https:\/\/www.notibras.com\/site\/wp-content\/uploads\/2026\/01\/raf07042-1.webp\",\"keywords\":[\"capa\"],\"articleSection\":[\"Brasil\"],\"inLanguage\":\"pt-BR\"},{\"@type\":\"WebPage\",\"@id\":\"https:\/\/www.notibras.com\/site\/jorginho-transforma-santa-catarina-em-nova-ninhada-de-lagartos\/\",\"url\":\"https:\/\/www.notibras.com\/site\/jorginho-transforma-santa-catarina-em-nova-ninhada-de-lagartos\/\",\"name\":\"Jorginho transforma Santa Catarina em nova ninhada de lagartos - Notibras\",\"isPartOf\":{\"@id\":\"https:\/\/www.notibras.com\/site\/#website\"},\"primaryImageOfPage\":{\"@id\":\"https:\/\/www.notibras.com\/site\/jorginho-transforma-santa-catarina-em-nova-ninhada-de-lagartos\/#primaryimage\"},\"image\":{\"@id\":\"https:\/\/www.notibras.com\/site\/jorginho-transforma-santa-catarina-em-nova-ninhada-de-lagartos\/#primaryimage\"},\"thumbnailUrl\":\"https:\/\/www.notibras.com\/site\/wp-content\/uploads\/2026\/01\/raf07042-1.webp\",\"datePublished\":\"2026-01-14T09:01:20+00:00\",\"dateModified\":\"2026-01-14T09:01:50+00:00\",\"breadcrumb\":{\"@id\":\"https:\/\/www.notibras.com\/site\/jorginho-transforma-santa-catarina-em-nova-ninhada-de-lagartos\/#breadcrumb\"},\"inLanguage\":\"pt-BR\",\"potentialAction\":[{\"@type\":\"ReadAction\",\"target\":[\"https:\/\/www.notibras.com\/site\/jorginho-transforma-santa-catarina-em-nova-ninhada-de-lagartos\/\"]}]},{\"@type\":\"ImageObject\",\"inLanguage\":\"pt-BR\",\"@id\":\"https:\/\/www.notibras.com\/site\/jorginho-transforma-santa-catarina-em-nova-ninhada-de-lagartos\/#primaryimage\",\"url\":\"https:\/\/www.notibras.com\/site\/wp-content\/uploads\/2026\/01\/raf07042-1.webp\",\"contentUrl\":\"https:\/\/www.notibras.com\/site\/wp-content\/uploads\/2026\/01\/raf07042-1.webp\",\"width\":770,\"height\":516},{\"@type\":\"BreadcrumbList\",\"@id\":\"https:\/\/www.notibras.com\/site\/jorginho-transforma-santa-catarina-em-nova-ninhada-de-lagartos\/#breadcrumb\",\"itemListElement\":[{\"@type\":\"ListItem\",\"position\":1,\"name\":\"In\u00edcio\",\"item\":\"https:\/\/www.notibras.com\/site\/\"},{\"@type\":\"ListItem\",\"position\":2,\"name\":\"Jorginho transforma Santa Catarina em nova ninhada de lagartos\"}]},{\"@type\":\"WebSite\",\"@id\":\"https:\/\/www.notibras.com\/site\/#website\",\"url\":\"https:\/\/www.notibras.com\/site\/\",\"name\":\"Notibras\",\"description\":\"Not\u00edcias de Bras\u00edlia, do Brasil e do Mundo\",\"publisher\":{\"@id\":\"https:\/\/www.notibras.com\/site\/#organization\"},\"potentialAction\":[{\"@type\":\"SearchAction\",\"target\":{\"@type\":\"EntryPoint\",\"urlTemplate\":\"https:\/\/www.notibras.com\/site\/?s={search_term_string}\"},\"query-input\":{\"@type\":\"PropertyValueSpecification\",\"valueRequired\":true,\"valueName\":\"search_term_string\"}}],\"inLanguage\":\"pt-BR\"},{\"@type\":\"Organization\",\"@id\":\"https:\/\/www.notibras.com\/site\/#organization\",\"name\":\"Grupo Notibras de Comunica\u00e7\u00e3o\",\"url\":\"https:\/\/www.notibras.com\/site\/\",\"logo\":{\"@type\":\"ImageObject\",\"inLanguage\":\"pt-BR\",\"@id\":\"https:\/\/www.notibras.com\/site\/#\/schema\/logo\/image\/\",\"url\":\"https:\/\/www.notibras.com\/site\/wp-content\/uploads\/2023\/01\/notibras23.png\",\"contentUrl\":\"https:\/\/www.notibras.com\/site\/wp-content\/uploads\/2023\/01\/notibras23.png\",\"width\":350,\"height\":87,\"caption\":\"Grupo Notibras de Comunica\u00e7\u00e3o\"},\"image\":{\"@id\":\"https:\/\/www.notibras.com\/site\/#\/schema\/logo\/image\/\"},\"sameAs\":[\"https:\/\/www.facebook.com\/notibras\/\",\"https:\/\/x.com\/Notibras\",\"https:\/\/www.instagram.com\/notibras\/\"]},{\"@type\":\"Person\",\"@id\":\"https:\/\/www.notibras.com\/site\/#\/schema\/person\/36ab0979449956132d3e5b517ea76ac8\",\"name\":\"Reda\u00e7\u00e3o\",\"image\":{\"@type\":\"ImageObject\",\"inLanguage\":\"pt-BR\",\"@id\":\"https:\/\/secure.gravatar.com\/avatar\/e0a867bdedb85fd243eadf09663511f96fc81e0720a4a42581f334ad4303aa6b?s=96&d=mm&r=g\",\"url\":\"https:\/\/secure.gravatar.com\/avatar\/e0a867bdedb85fd243eadf09663511f96fc81e0720a4a42581f334ad4303aa6b?s=96&d=mm&r=g\",\"contentUrl\":\"https:\/\/secure.gravatar.com\/avatar\/e0a867bdedb85fd243eadf09663511f96fc81e0720a4a42581f334ad4303aa6b?s=96&d=mm&r=g\",\"caption\":\"Reda\u00e7\u00e3o\"}}]}<\/script>\n<!-- \/ Yoast SEO plugin. -->","yoast_head_json":{"title":"Jorginho transforma Santa Catarina em nova ninhada de lagartos - Notibras","robots":{"index":"index","follow":"follow","max-snippet":"max-snippet:-1","max-image-preview":"max-image-preview:large","max-video-preview":"max-video-preview:-1"},"canonical":"https:\/\/www.notibras.com\/site\/jorginho-transforma-santa-catarina-em-nova-ninhada-de-lagartos\/","og_locale":"pt_BR","og_type":"article","og_title":"Jorginho transforma Santa Catarina em nova ninhada de lagartos - Notibras","og_description":"Descoberta pelos europeus em 1526, Santa Catarina \u00e9 uma das 27 unidades federativas do Brasil. Com respeito aos tradicionais e ainda patriotas barrigas-verdes, mas, para milh\u00f5es de brasileiros, melhor que deixasse de ser. Embora seja admirador da hist\u00f3ria, do colorido, da cultura e das belezas naturais e materiais catarinenses, sou um dos que acham que [&hellip;]","og_url":"https:\/\/www.notibras.com\/site\/jorginho-transforma-santa-catarina-em-nova-ninhada-de-lagartos\/","og_site_name":"Notibras","article_publisher":"https:\/\/www.facebook.com\/notibras\/","article_published_time":"2026-01-14T09:01:20+00:00","article_modified_time":"2026-01-14T09:01:50+00:00","og_image":[{"width":770,"height":516,"url":"https:\/\/www.notibras.com\/site\/wp-content\/uploads\/2026\/01\/raf07042-1.webp","type":"image\/webp"}],"author":"Reda\u00e7\u00e3o","twitter_card":"summary_large_image","twitter_creator":"@Notibras","twitter_site":"@Notibras","twitter_misc":{"Escrito por":"Reda\u00e7\u00e3o","Est. tempo de leitura":"4 minutos"},"schema":{"@context":"https:\/\/schema.org","@graph":[{"@type":"Article","@id":"https:\/\/www.notibras.com\/site\/jorginho-transforma-santa-catarina-em-nova-ninhada-de-lagartos\/#article","isPartOf":{"@id":"https:\/\/www.notibras.com\/site\/jorginho-transforma-santa-catarina-em-nova-ninhada-de-lagartos\/"},"author":{"name":"Reda\u00e7\u00e3o","@id":"https:\/\/www.notibras.com\/site\/#\/schema\/person\/36ab0979449956132d3e5b517ea76ac8"},"headline":"Jorginho transforma Santa Catarina em nova ninhada de lagartos","datePublished":"2026-01-14T09:01:20+00:00","dateModified":"2026-01-14T09:01:50+00:00","mainEntityOfPage":{"@id":"https:\/\/www.notibras.com\/site\/jorginho-transforma-santa-catarina-em-nova-ninhada-de-lagartos\/"},"wordCount":654,"publisher":{"@id":"https:\/\/www.notibras.com\/site\/#organization"},"image":{"@id":"https:\/\/www.notibras.com\/site\/jorginho-transforma-santa-catarina-em-nova-ninhada-de-lagartos\/#primaryimage"},"thumbnailUrl":"https:\/\/www.notibras.com\/site\/wp-content\/uploads\/2026\/01\/raf07042-1.webp","keywords":["capa"],"articleSection":["Brasil"],"inLanguage":"pt-BR"},{"@type":"WebPage","@id":"https:\/\/www.notibras.com\/site\/jorginho-transforma-santa-catarina-em-nova-ninhada-de-lagartos\/","url":"https:\/\/www.notibras.com\/site\/jorginho-transforma-santa-catarina-em-nova-ninhada-de-lagartos\/","name":"Jorginho transforma Santa Catarina em nova ninhada de lagartos - Notibras","isPartOf":{"@id":"https:\/\/www.notibras.com\/site\/#website"},"primaryImageOfPage":{"@id":"https:\/\/www.notibras.com\/site\/jorginho-transforma-santa-catarina-em-nova-ninhada-de-lagartos\/#primaryimage"},"image":{"@id":"https:\/\/www.notibras.com\/site\/jorginho-transforma-santa-catarina-em-nova-ninhada-de-lagartos\/#primaryimage"},"thumbnailUrl":"https:\/\/www.notibras.com\/site\/wp-content\/uploads\/2026\/01\/raf07042-1.webp","datePublished":"2026-01-14T09:01:20+00:00","dateModified":"2026-01-14T09:01:50+00:00","breadcrumb":{"@id":"https:\/\/www.notibras.com\/site\/jorginho-transforma-santa-catarina-em-nova-ninhada-de-lagartos\/#breadcrumb"},"inLanguage":"pt-BR","potentialAction":[{"@type":"ReadAction","target":["https:\/\/www.notibras.com\/site\/jorginho-transforma-santa-catarina-em-nova-ninhada-de-lagartos\/"]}]},{"@type":"ImageObject","inLanguage":"pt-BR","@id":"https:\/\/www.notibras.com\/site\/jorginho-transforma-santa-catarina-em-nova-ninhada-de-lagartos\/#primaryimage","url":"https:\/\/www.notibras.com\/site\/wp-content\/uploads\/2026\/01\/raf07042-1.webp","contentUrl":"https:\/\/www.notibras.com\/site\/wp-content\/uploads\/2026\/01\/raf07042-1.webp","width":770,"height":516},{"@type":"BreadcrumbList","@id":"https:\/\/www.notibras.com\/site\/jorginho-transforma-santa-catarina-em-nova-ninhada-de-lagartos\/#breadcrumb","itemListElement":[{"@type":"ListItem","position":1,"name":"In\u00edcio","item":"https:\/\/www.notibras.com\/site\/"},{"@type":"ListItem","position":2,"name":"Jorginho transforma Santa Catarina em nova ninhada de lagartos"}]},{"@type":"WebSite","@id":"https:\/\/www.notibras.com\/site\/#website","url":"https:\/\/www.notibras.com\/site\/","name":"Notibras","description":"Not\u00edcias de Bras\u00edlia, do Brasil e do Mundo","publisher":{"@id":"https:\/\/www.notibras.com\/site\/#organization"},"potentialAction":[{"@type":"SearchAction","target":{"@type":"EntryPoint","urlTemplate":"https:\/\/www.notibras.com\/site\/?s={search_term_string}"},"query-input":{"@type":"PropertyValueSpecification","valueRequired":true,"valueName":"search_term_string"}}],"inLanguage":"pt-BR"},{"@type":"Organization","@id":"https:\/\/www.notibras.com\/site\/#organization","name":"Grupo Notibras de Comunica\u00e7\u00e3o","url":"https:\/\/www.notibras.com\/site\/","logo":{"@type":"ImageObject","inLanguage":"pt-BR","@id":"https:\/\/www.notibras.com\/site\/#\/schema\/logo\/image\/","url":"https:\/\/www.notibras.com\/site\/wp-content\/uploads\/2023\/01\/notibras23.png","contentUrl":"https:\/\/www.notibras.com\/site\/wp-content\/uploads\/2023\/01\/notibras23.png","width":350,"height":87,"caption":"Grupo Notibras de Comunica\u00e7\u00e3o"},"image":{"@id":"https:\/\/www.notibras.com\/site\/#\/schema\/logo\/image\/"},"sameAs":["https:\/\/www.facebook.com\/notibras\/","https:\/\/x.com\/Notibras","https:\/\/www.instagram.com\/notibras\/"]},{"@type":"Person","@id":"https:\/\/www.notibras.com\/site\/#\/schema\/person\/36ab0979449956132d3e5b517ea76ac8","name":"Reda\u00e7\u00e3o","image":{"@type":"ImageObject","inLanguage":"pt-BR","@id":"https:\/\/secure.gravatar.com\/avatar\/e0a867bdedb85fd243eadf09663511f96fc81e0720a4a42581f334ad4303aa6b?s=96&d=mm&r=g","url":"https:\/\/secure.gravatar.com\/avatar\/e0a867bdedb85fd243eadf09663511f96fc81e0720a4a42581f334ad4303aa6b?s=96&d=mm&r=g","contentUrl":"https:\/\/secure.gravatar.com\/avatar\/e0a867bdedb85fd243eadf09663511f96fc81e0720a4a42581f334ad4303aa6b?s=96&d=mm&r=g","caption":"Reda\u00e7\u00e3o"}}]}},"amp_enabled":true,"_links":{"self":[{"href":"https:\/\/www.notibras.com\/site\/wp-json\/wp\/v2\/posts\/378941","targetHints":{"allow":["GET"]}}],"collection":[{"href":"https:\/\/www.notibras.com\/site\/wp-json\/wp\/v2\/posts"}],"about":[{"href":"https:\/\/www.notibras.com\/site\/wp-json\/wp\/v2\/types\/post"}],"author":[{"embeddable":true,"href":"https:\/\/www.notibras.com\/site\/wp-json\/wp\/v2\/users\/2"}],"replies":[{"embeddable":true,"href":"https:\/\/www.notibras.com\/site\/wp-json\/wp\/v2\/comments?post=378941"}],"version-history":[{"count":1,"href":"https:\/\/www.notibras.com\/site\/wp-json\/wp\/v2\/posts\/378941\/revisions"}],"predecessor-version":[{"id":378944,"href":"https:\/\/www.notibras.com\/site\/wp-json\/wp\/v2\/posts\/378941\/revisions\/378944"}],"wp:featuredmedia":[{"embeddable":true,"href":"https:\/\/www.notibras.com\/site\/wp-json\/wp\/v2\/media\/378943"}],"wp:attachment":[{"href":"https:\/\/www.notibras.com\/site\/wp-json\/wp\/v2\/media?parent=378941"}],"wp:term":[{"taxonomy":"category","embeddable":true,"href":"https:\/\/www.notibras.com\/site\/wp-json\/wp\/v2\/categories?post=378941"},{"taxonomy":"post_tag","embeddable":true,"href":"https:\/\/www.notibras.com\/site\/wp-json\/wp\/v2\/tags?post=378941"}],"curies":[{"name":"wp","href":"https:\/\/api.w.org\/{rel}","templated":true}]}}