{"id":378945,"date":"2026-01-14T06:07:00","date_gmt":"2026-01-14T09:07:00","guid":{"rendered":"https:\/\/www.notibras.com\/site\/?p=378945"},"modified":"2026-01-14T06:08:11","modified_gmt":"2026-01-14T09:08:11","slug":"eleger-opressores-e-liberar-o-traseiro-para-o-pontape","status":"publish","type":"post","link":"https:\/\/www.notibras.com\/site\/eleger-opressores-e-liberar-o-traseiro-para-o-pontape\/","title":{"rendered":"Eleger opressores \u00e9 liberar o traseiro para o pontap\u00e9"},"content":{"rendered":"<p>Atribu\u00edda ao fil\u00f3sofo e escritor franc\u00eas Joseph-Marie de Maistre, a frase \u201cCada povo tem o governo que merece\u201d significa que, em sistemas onde o eleitor tem o poder de escolher seus l\u00edderes, os governantes refletem as qualidades, a falta de discernimento ou a apatia dos eleitores, sendo, portanto, uma consequ\u00eancia da pr\u00f3pria sociedade. Em resumo, a express\u00e3o \u00e9 frequentemente usada para chamar a aten\u00e7\u00e3o dos cidad\u00e3os para sua responsabilidade no processo democr\u00e1ticos. Vivemos uma democracia comumente amea\u00e7ada, mas perseguidamente plena.<\/p>\n<p>De forma clara, isso quer dizer que os desmandos pol\u00edticos s\u00e3o reflexo da incapacidade ou irresponsabilidade da popula\u00e7\u00e3o em usar seu poder de escolha. Por mais que alguns brasileiros mal-intencionados se mantenham firmes na defesa do autoritarismo fardado, os quatro anos de gest\u00e3o de um cidad\u00e3o denominado mito s\u00e3o a prova de que merecemos coisa melhor. E temos, apesar de os defensores do golpismo n\u00e3o aceitarem os novos e consolidados rumos da na\u00e7\u00e3o.<\/p>\n<p>Associadas ao apoio ao radicalismo e \u00e0 falta de lisura da centro-direita, as cr\u00edticas \u00e0 condu\u00e7\u00e3o do pa\u00eds s\u00e3o parte do processo democr\u00e1tico. Conforme o ex-senador italiano Norberto Bobbio, n\u00e3o se pode falar de democracia onde falta liberdade de opini\u00e3o. Que eles falem, ainda que, reconhecidamente, n\u00e3o saibam o que dizem. O fato \u00e9 que n\u00e3o h\u00e1 surpresa alguma no diagn\u00f3stico negativo dos extremistas \u00e0 direita sobre o sucesso do Lula 3. Mesmo que, nos bastidores, eles reconhe\u00e7am os avan\u00e7os sociais e econ\u00f4micos, surpresa seria Luiz In\u00e1cio merecer elogios daqueles que se mant\u00eam presos ao \u00f3dio e que temem o Lula 4.<\/p>\n<p>Sem margem de erro, diria tratar-se da surdez e da cegueira ut\u00f3picas e convenientes da meia d\u00fazia que prefere o fanatismo \u00e0 realidade. De modo objetivo, os cegos e surdos da pol\u00edtica do caos engrossam a lista dos que apostam na tese de que sempre houve e sempre haver\u00e1 um poder invis\u00edvel e paralelo contra o Estado. Imaginem quando esse Estado \u00e9 sin\u00f4nimo de Luiz In\u00e1cio Lula da Silva. Lula \u00e9 a ant\u00edtese da norma de conduta de brasileiros que, al\u00e9m de superiores, se acham moldados para o poder absoluto, aquele em que s\u00f3 eles mandam.<\/p>\n<p>N\u00e3o costumo usar a ideologia como pano de fundo para minhas indaga\u00e7\u00f5es, mas n\u00e3o h\u00e1 termo de compara\u00e7\u00e3o entre Lula e Bolsonaro como pol\u00edticos, tampouco como gestores. Toda forma de contesta\u00e7\u00e3o \u00e9 v\u00e1lida. No entanto, que pelo menos respeitem a hist\u00f3ria de um e as fantasias de outro. Se, para os fan\u00e1ticos, Luiz In\u00e1cio n\u00e3o \u00e9 o melhor presidente deste s\u00e9culo, em quem eles votar\u00e3o? Michel Temer, Tarc\u00edsio de Freitas, Fl\u00e1vio Bolsonaro, Ronaldo Caiado, Romeu Zema, Ratinho Junior? Com a emo\u00e7\u00e3o que justifica os meios, mas n\u00e3o garante os fins, os citados integram o grupo da meia d\u00fazia de fan\u00e1ticos que detestam o sistema democr\u00e1tico. A ojeriza \u00e9 explicada por conta da ess\u00eancia da democracia, que \u00e9 a conviv\u00eancia harmoniosa das diferen\u00e7as.<\/p>\n<p>Para eles, igualdade, liberdade e participa\u00e7\u00e3o s\u00e3o inegoci\u00e1veis e, portanto, banidas das mesas da direita e da extrema-direita. Reverberando a sutileza dos versos do escritor mo\u00e7ambicano Mia Couto, definitivamente n\u00e3o precisamos de mais tempo, mas de um tempo que seja s\u00f3 nosso. Me parece que esse tempo n\u00f3s j\u00e1 temos. Para mant\u00ea-lo, basta que sigamos a m\u00e1xima de Josep-Marie de Maistre. Cada na\u00e7\u00e3o tem o governante que merece. Com \u00e9 nossa a responsabilidade de escolha no processo democr\u00e1tico, que n\u00e3o nos esque\u00e7amos jamais que se curvar diante dos opressores e dos aventureiros \u00e9 o mesmo que liberar o traseiro para o pontap\u00e9 p\u00f3s-eleitoral.<\/p>\n<p>&#8230;&#8230;..<\/p>\n<p><strong>Mathuzal\u00e9m J\u00fanior \u00e9 jornalista profissional desde 1978<\/strong><\/p>\n","protected":false},"excerpt":{"rendered":"<p>Atribu\u00edda ao fil\u00f3sofo e escritor franc\u00eas Joseph-Marie de Maistre, a frase \u201cCada povo tem o governo que merece\u201d significa que, em sistemas onde o eleitor tem o poder de escolher seus l\u00edderes, os governantes refletem as qualidades, a falta de discernimento ou a apatia dos eleitores, sendo, portanto, uma consequ\u00eancia da pr\u00f3pria sociedade. Em resumo, [&hellip;]<\/p>\n","protected":false},"author":2,"featured_media":262591,"comment_status":"closed","ping_status":"closed","sticky":false,"template":"","format":"standard","meta":{"_acf_changed":false,"footnotes":""},"categories":[16],"tags":[],"class_list":["post-378945","post","type-post","status-publish","format-standard","has-post-thumbnail","hentry","category-brasil"],"acf":[],"yoast_head":"<!-- This site is optimized with the Yoast SEO plugin v27.2 - https:\/\/yoast.com\/product\/yoast-seo-wordpress\/ -->\n<title>Eleger opressores \u00e9 liberar o traseiro para o pontap\u00e9 - Notibras<\/title>\n<meta name=\"robots\" content=\"index, follow, max-snippet:-1, max-image-preview:large, max-video-preview:-1\" \/>\n<link rel=\"canonical\" href=\"https:\/\/www.notibras.com\/site\/eleger-opressores-e-liberar-o-traseiro-para-o-pontape\/\" \/>\n<meta property=\"og:locale\" content=\"pt_BR\" \/>\n<meta property=\"og:type\" content=\"article\" \/>\n<meta property=\"og:title\" content=\"Eleger opressores \u00e9 liberar o traseiro para o pontap\u00e9 - Notibras\" \/>\n<meta property=\"og:description\" content=\"Atribu\u00edda ao fil\u00f3sofo e escritor franc\u00eas Joseph-Marie de Maistre, a frase \u201cCada povo tem o governo que merece\u201d significa que, em sistemas onde o eleitor tem o poder de escolher seus l\u00edderes, os governantes refletem as qualidades, a falta de discernimento ou a apatia dos eleitores, sendo, portanto, uma consequ\u00eancia da pr\u00f3pria sociedade. Em resumo, [&hellip;]\" \/>\n<meta property=\"og:url\" content=\"https:\/\/www.notibras.com\/site\/eleger-opressores-e-liberar-o-traseiro-para-o-pontape\/\" \/>\n<meta property=\"og:site_name\" content=\"Notibras\" \/>\n<meta property=\"article:publisher\" content=\"https:\/\/www.facebook.com\/notibras\/\" \/>\n<meta property=\"article:published_time\" content=\"2026-01-14T09:07:00+00:00\" \/>\n<meta property=\"article:modified_time\" content=\"2026-01-14T09:08:11+00:00\" \/>\n<meta property=\"og:image\" content=\"https:\/\/www.notibras.com\/site\/wp-content\/uploads\/2021\/07\/palacio-do-planalto-7.jpg\" \/>\n\t<meta property=\"og:image:width\" content=\"1654\" \/>\n\t<meta property=\"og:image:height\" content=\"1102\" \/>\n\t<meta property=\"og:image:type\" content=\"image\/jpeg\" \/>\n<meta name=\"author\" content=\"Reda\u00e7\u00e3o\" \/>\n<meta name=\"twitter:card\" content=\"summary_large_image\" \/>\n<meta name=\"twitter:creator\" content=\"@Notibras\" \/>\n<meta name=\"twitter:site\" content=\"@Notibras\" \/>\n<meta name=\"twitter:label1\" content=\"Escrito por\" \/>\n\t<meta name=\"twitter:data1\" content=\"Reda\u00e7\u00e3o\" \/>\n\t<meta name=\"twitter:label2\" content=\"Est. tempo de leitura\" \/>\n\t<meta name=\"twitter:data2\" content=\"4 minutos\" \/>\n<script type=\"application\/ld+json\" class=\"yoast-schema-graph\">{\"@context\":\"https:\/\/schema.org\",\"@graph\":[{\"@type\":\"Article\",\"@id\":\"https:\/\/www.notibras.com\/site\/eleger-opressores-e-liberar-o-traseiro-para-o-pontape\/#article\",\"isPartOf\":{\"@id\":\"https:\/\/www.notibras.com\/site\/eleger-opressores-e-liberar-o-traseiro-para-o-pontape\/\"},\"author\":{\"name\":\"Reda\u00e7\u00e3o\",\"@id\":\"https:\/\/www.notibras.com\/site\/#\/schema\/person\/36ab0979449956132d3e5b517ea76ac8\"},\"headline\":\"Eleger opressores \u00e9 liberar o traseiro para o pontap\u00e9\",\"datePublished\":\"2026-01-14T09:07:00+00:00\",\"dateModified\":\"2026-01-14T09:08:11+00:00\",\"mainEntityOfPage\":{\"@id\":\"https:\/\/www.notibras.com\/site\/eleger-opressores-e-liberar-o-traseiro-para-o-pontape\/\"},\"wordCount\":653,\"publisher\":{\"@id\":\"https:\/\/www.notibras.com\/site\/#organization\"},\"image\":{\"@id\":\"https:\/\/www.notibras.com\/site\/eleger-opressores-e-liberar-o-traseiro-para-o-pontape\/#primaryimage\"},\"thumbnailUrl\":\"https:\/\/www.notibras.com\/site\/wp-content\/uploads\/2021\/07\/palacio-do-planalto-7.jpg\",\"articleSection\":[\"Brasil\"],\"inLanguage\":\"pt-BR\"},{\"@type\":\"WebPage\",\"@id\":\"https:\/\/www.notibras.com\/site\/eleger-opressores-e-liberar-o-traseiro-para-o-pontape\/\",\"url\":\"https:\/\/www.notibras.com\/site\/eleger-opressores-e-liberar-o-traseiro-para-o-pontape\/\",\"name\":\"Eleger opressores \u00e9 liberar o traseiro para o pontap\u00e9 - Notibras\",\"isPartOf\":{\"@id\":\"https:\/\/www.notibras.com\/site\/#website\"},\"primaryImageOfPage\":{\"@id\":\"https:\/\/www.notibras.com\/site\/eleger-opressores-e-liberar-o-traseiro-para-o-pontape\/#primaryimage\"},\"image\":{\"@id\":\"https:\/\/www.notibras.com\/site\/eleger-opressores-e-liberar-o-traseiro-para-o-pontape\/#primaryimage\"},\"thumbnailUrl\":\"https:\/\/www.notibras.com\/site\/wp-content\/uploads\/2021\/07\/palacio-do-planalto-7.jpg\",\"datePublished\":\"2026-01-14T09:07:00+00:00\",\"dateModified\":\"2026-01-14T09:08:11+00:00\",\"breadcrumb\":{\"@id\":\"https:\/\/www.notibras.com\/site\/eleger-opressores-e-liberar-o-traseiro-para-o-pontape\/#breadcrumb\"},\"inLanguage\":\"pt-BR\",\"potentialAction\":[{\"@type\":\"ReadAction\",\"target\":[\"https:\/\/www.notibras.com\/site\/eleger-opressores-e-liberar-o-traseiro-para-o-pontape\/\"]}]},{\"@type\":\"ImageObject\",\"inLanguage\":\"pt-BR\",\"@id\":\"https:\/\/www.notibras.com\/site\/eleger-opressores-e-liberar-o-traseiro-para-o-pontape\/#primaryimage\",\"url\":\"https:\/\/www.notibras.com\/site\/wp-content\/uploads\/2021\/07\/palacio-do-planalto-7.jpg\",\"contentUrl\":\"https:\/\/www.notibras.com\/site\/wp-content\/uploads\/2021\/07\/palacio-do-planalto-7.jpg\",\"width\":1654,\"height\":1102},{\"@type\":\"BreadcrumbList\",\"@id\":\"https:\/\/www.notibras.com\/site\/eleger-opressores-e-liberar-o-traseiro-para-o-pontape\/#breadcrumb\",\"itemListElement\":[{\"@type\":\"ListItem\",\"position\":1,\"name\":\"In\u00edcio\",\"item\":\"https:\/\/www.notibras.com\/site\/\"},{\"@type\":\"ListItem\",\"position\":2,\"name\":\"Eleger opressores \u00e9 liberar o traseiro para o pontap\u00e9\"}]},{\"@type\":\"WebSite\",\"@id\":\"https:\/\/www.notibras.com\/site\/#website\",\"url\":\"https:\/\/www.notibras.com\/site\/\",\"name\":\"Notibras\",\"description\":\"Not\u00edcias de Bras\u00edlia, do Brasil e do Mundo\",\"publisher\":{\"@id\":\"https:\/\/www.notibras.com\/site\/#organization\"},\"potentialAction\":[{\"@type\":\"SearchAction\",\"target\":{\"@type\":\"EntryPoint\",\"urlTemplate\":\"https:\/\/www.notibras.com\/site\/?s={search_term_string}\"},\"query-input\":{\"@type\":\"PropertyValueSpecification\",\"valueRequired\":true,\"valueName\":\"search_term_string\"}}],\"inLanguage\":\"pt-BR\"},{\"@type\":\"Organization\",\"@id\":\"https:\/\/www.notibras.com\/site\/#organization\",\"name\":\"Grupo Notibras de Comunica\u00e7\u00e3o\",\"url\":\"https:\/\/www.notibras.com\/site\/\",\"logo\":{\"@type\":\"ImageObject\",\"inLanguage\":\"pt-BR\",\"@id\":\"https:\/\/www.notibras.com\/site\/#\/schema\/logo\/image\/\",\"url\":\"https:\/\/www.notibras.com\/site\/wp-content\/uploads\/2023\/01\/notibras23.png\",\"contentUrl\":\"https:\/\/www.notibras.com\/site\/wp-content\/uploads\/2023\/01\/notibras23.png\",\"width\":350,\"height\":87,\"caption\":\"Grupo Notibras de Comunica\u00e7\u00e3o\"},\"image\":{\"@id\":\"https:\/\/www.notibras.com\/site\/#\/schema\/logo\/image\/\"},\"sameAs\":[\"https:\/\/www.facebook.com\/notibras\/\",\"https:\/\/x.com\/Notibras\",\"https:\/\/www.instagram.com\/notibras\/\"]},{\"@type\":\"Person\",\"@id\":\"https:\/\/www.notibras.com\/site\/#\/schema\/person\/36ab0979449956132d3e5b517ea76ac8\",\"name\":\"Reda\u00e7\u00e3o\",\"image\":{\"@type\":\"ImageObject\",\"inLanguage\":\"pt-BR\",\"@id\":\"https:\/\/secure.gravatar.com\/avatar\/e0a867bdedb85fd243eadf09663511f96fc81e0720a4a42581f334ad4303aa6b?s=96&d=mm&r=g\",\"url\":\"https:\/\/secure.gravatar.com\/avatar\/e0a867bdedb85fd243eadf09663511f96fc81e0720a4a42581f334ad4303aa6b?s=96&d=mm&r=g\",\"contentUrl\":\"https:\/\/secure.gravatar.com\/avatar\/e0a867bdedb85fd243eadf09663511f96fc81e0720a4a42581f334ad4303aa6b?s=96&d=mm&r=g\",\"caption\":\"Reda\u00e7\u00e3o\"}}]}<\/script>\n<!-- \/ Yoast SEO plugin. -->","yoast_head_json":{"title":"Eleger opressores \u00e9 liberar o traseiro para o pontap\u00e9 - Notibras","robots":{"index":"index","follow":"follow","max-snippet":"max-snippet:-1","max-image-preview":"max-image-preview:large","max-video-preview":"max-video-preview:-1"},"canonical":"https:\/\/www.notibras.com\/site\/eleger-opressores-e-liberar-o-traseiro-para-o-pontape\/","og_locale":"pt_BR","og_type":"article","og_title":"Eleger opressores \u00e9 liberar o traseiro para o pontap\u00e9 - Notibras","og_description":"Atribu\u00edda ao fil\u00f3sofo e escritor franc\u00eas Joseph-Marie de Maistre, a frase \u201cCada povo tem o governo que merece\u201d significa que, em sistemas onde o eleitor tem o poder de escolher seus l\u00edderes, os governantes refletem as qualidades, a falta de discernimento ou a apatia dos eleitores, sendo, portanto, uma consequ\u00eancia da pr\u00f3pria sociedade. Em resumo, [&hellip;]","og_url":"https:\/\/www.notibras.com\/site\/eleger-opressores-e-liberar-o-traseiro-para-o-pontape\/","og_site_name":"Notibras","article_publisher":"https:\/\/www.facebook.com\/notibras\/","article_published_time":"2026-01-14T09:07:00+00:00","article_modified_time":"2026-01-14T09:08:11+00:00","og_image":[{"width":1654,"height":1102,"url":"https:\/\/www.notibras.com\/site\/wp-content\/uploads\/2021\/07\/palacio-do-planalto-7.jpg","type":"image\/jpeg"}],"author":"Reda\u00e7\u00e3o","twitter_card":"summary_large_image","twitter_creator":"@Notibras","twitter_site":"@Notibras","twitter_misc":{"Escrito por":"Reda\u00e7\u00e3o","Est. tempo de leitura":"4 minutos"},"schema":{"@context":"https:\/\/schema.org","@graph":[{"@type":"Article","@id":"https:\/\/www.notibras.com\/site\/eleger-opressores-e-liberar-o-traseiro-para-o-pontape\/#article","isPartOf":{"@id":"https:\/\/www.notibras.com\/site\/eleger-opressores-e-liberar-o-traseiro-para-o-pontape\/"},"author":{"name":"Reda\u00e7\u00e3o","@id":"https:\/\/www.notibras.com\/site\/#\/schema\/person\/36ab0979449956132d3e5b517ea76ac8"},"headline":"Eleger opressores \u00e9 liberar o traseiro para o pontap\u00e9","datePublished":"2026-01-14T09:07:00+00:00","dateModified":"2026-01-14T09:08:11+00:00","mainEntityOfPage":{"@id":"https:\/\/www.notibras.com\/site\/eleger-opressores-e-liberar-o-traseiro-para-o-pontape\/"},"wordCount":653,"publisher":{"@id":"https:\/\/www.notibras.com\/site\/#organization"},"image":{"@id":"https:\/\/www.notibras.com\/site\/eleger-opressores-e-liberar-o-traseiro-para-o-pontape\/#primaryimage"},"thumbnailUrl":"https:\/\/www.notibras.com\/site\/wp-content\/uploads\/2021\/07\/palacio-do-planalto-7.jpg","articleSection":["Brasil"],"inLanguage":"pt-BR"},{"@type":"WebPage","@id":"https:\/\/www.notibras.com\/site\/eleger-opressores-e-liberar-o-traseiro-para-o-pontape\/","url":"https:\/\/www.notibras.com\/site\/eleger-opressores-e-liberar-o-traseiro-para-o-pontape\/","name":"Eleger opressores \u00e9 liberar o traseiro para o pontap\u00e9 - Notibras","isPartOf":{"@id":"https:\/\/www.notibras.com\/site\/#website"},"primaryImageOfPage":{"@id":"https:\/\/www.notibras.com\/site\/eleger-opressores-e-liberar-o-traseiro-para-o-pontape\/#primaryimage"},"image":{"@id":"https:\/\/www.notibras.com\/site\/eleger-opressores-e-liberar-o-traseiro-para-o-pontape\/#primaryimage"},"thumbnailUrl":"https:\/\/www.notibras.com\/site\/wp-content\/uploads\/2021\/07\/palacio-do-planalto-7.jpg","datePublished":"2026-01-14T09:07:00+00:00","dateModified":"2026-01-14T09:08:11+00:00","breadcrumb":{"@id":"https:\/\/www.notibras.com\/site\/eleger-opressores-e-liberar-o-traseiro-para-o-pontape\/#breadcrumb"},"inLanguage":"pt-BR","potentialAction":[{"@type":"ReadAction","target":["https:\/\/www.notibras.com\/site\/eleger-opressores-e-liberar-o-traseiro-para-o-pontape\/"]}]},{"@type":"ImageObject","inLanguage":"pt-BR","@id":"https:\/\/www.notibras.com\/site\/eleger-opressores-e-liberar-o-traseiro-para-o-pontape\/#primaryimage","url":"https:\/\/www.notibras.com\/site\/wp-content\/uploads\/2021\/07\/palacio-do-planalto-7.jpg","contentUrl":"https:\/\/www.notibras.com\/site\/wp-content\/uploads\/2021\/07\/palacio-do-planalto-7.jpg","width":1654,"height":1102},{"@type":"BreadcrumbList","@id":"https:\/\/www.notibras.com\/site\/eleger-opressores-e-liberar-o-traseiro-para-o-pontape\/#breadcrumb","itemListElement":[{"@type":"ListItem","position":1,"name":"In\u00edcio","item":"https:\/\/www.notibras.com\/site\/"},{"@type":"ListItem","position":2,"name":"Eleger opressores \u00e9 liberar o traseiro para o pontap\u00e9"}]},{"@type":"WebSite","@id":"https:\/\/www.notibras.com\/site\/#website","url":"https:\/\/www.notibras.com\/site\/","name":"Notibras","description":"Not\u00edcias de Bras\u00edlia, do Brasil e do Mundo","publisher":{"@id":"https:\/\/www.notibras.com\/site\/#organization"},"potentialAction":[{"@type":"SearchAction","target":{"@type":"EntryPoint","urlTemplate":"https:\/\/www.notibras.com\/site\/?s={search_term_string}"},"query-input":{"@type":"PropertyValueSpecification","valueRequired":true,"valueName":"search_term_string"}}],"inLanguage":"pt-BR"},{"@type":"Organization","@id":"https:\/\/www.notibras.com\/site\/#organization","name":"Grupo Notibras de Comunica\u00e7\u00e3o","url":"https:\/\/www.notibras.com\/site\/","logo":{"@type":"ImageObject","inLanguage":"pt-BR","@id":"https:\/\/www.notibras.com\/site\/#\/schema\/logo\/image\/","url":"https:\/\/www.notibras.com\/site\/wp-content\/uploads\/2023\/01\/notibras23.png","contentUrl":"https:\/\/www.notibras.com\/site\/wp-content\/uploads\/2023\/01\/notibras23.png","width":350,"height":87,"caption":"Grupo Notibras de Comunica\u00e7\u00e3o"},"image":{"@id":"https:\/\/www.notibras.com\/site\/#\/schema\/logo\/image\/"},"sameAs":["https:\/\/www.facebook.com\/notibras\/","https:\/\/x.com\/Notibras","https:\/\/www.instagram.com\/notibras\/"]},{"@type":"Person","@id":"https:\/\/www.notibras.com\/site\/#\/schema\/person\/36ab0979449956132d3e5b517ea76ac8","name":"Reda\u00e7\u00e3o","image":{"@type":"ImageObject","inLanguage":"pt-BR","@id":"https:\/\/secure.gravatar.com\/avatar\/e0a867bdedb85fd243eadf09663511f96fc81e0720a4a42581f334ad4303aa6b?s=96&d=mm&r=g","url":"https:\/\/secure.gravatar.com\/avatar\/e0a867bdedb85fd243eadf09663511f96fc81e0720a4a42581f334ad4303aa6b?s=96&d=mm&r=g","contentUrl":"https:\/\/secure.gravatar.com\/avatar\/e0a867bdedb85fd243eadf09663511f96fc81e0720a4a42581f334ad4303aa6b?s=96&d=mm&r=g","caption":"Reda\u00e7\u00e3o"}}]}},"amp_enabled":true,"_links":{"self":[{"href":"https:\/\/www.notibras.com\/site\/wp-json\/wp\/v2\/posts\/378945","targetHints":{"allow":["GET"]}}],"collection":[{"href":"https:\/\/www.notibras.com\/site\/wp-json\/wp\/v2\/posts"}],"about":[{"href":"https:\/\/www.notibras.com\/site\/wp-json\/wp\/v2\/types\/post"}],"author":[{"embeddable":true,"href":"https:\/\/www.notibras.com\/site\/wp-json\/wp\/v2\/users\/2"}],"replies":[{"embeddable":true,"href":"https:\/\/www.notibras.com\/site\/wp-json\/wp\/v2\/comments?post=378945"}],"version-history":[{"count":2,"href":"https:\/\/www.notibras.com\/site\/wp-json\/wp\/v2\/posts\/378945\/revisions"}],"predecessor-version":[{"id":378947,"href":"https:\/\/www.notibras.com\/site\/wp-json\/wp\/v2\/posts\/378945\/revisions\/378947"}],"wp:featuredmedia":[{"embeddable":true,"href":"https:\/\/www.notibras.com\/site\/wp-json\/wp\/v2\/media\/262591"}],"wp:attachment":[{"href":"https:\/\/www.notibras.com\/site\/wp-json\/wp\/v2\/media?parent=378945"}],"wp:term":[{"taxonomy":"category","embeddable":true,"href":"https:\/\/www.notibras.com\/site\/wp-json\/wp\/v2\/categories?post=378945"},{"taxonomy":"post_tag","embeddable":true,"href":"https:\/\/www.notibras.com\/site\/wp-json\/wp\/v2\/tags?post=378945"}],"curies":[{"name":"wp","href":"https:\/\/api.w.org\/{rel}","templated":true}]}}