{"id":378960,"date":"2026-01-14T00:00:35","date_gmt":"2026-01-14T03:00:35","guid":{"rendered":"https:\/\/www.notibras.com\/site\/?p=378960"},"modified":"2026-01-14T06:57:11","modified_gmt":"2026-01-14T09:57:11","slug":"vendas-de-automoveis-e-comerciais-leves-devem-crescer-3","status":"publish","type":"post","link":"https:\/\/www.notibras.com\/site\/vendas-de-automoveis-e-comerciais-leves-devem-crescer-3\/","title":{"rendered":"Vendas de autom\u00f3veis e comerciais leves devem crescer 3%"},"content":{"rendered":"<p>O licenciamento de carros e ve\u00edculos comerciais leves, como picapes e furg\u00f5es, deve crescer cerca de 3% neste ano, com a venda de mais de 2,6 milh\u00f5es de unidades, projeta a Federa\u00e7\u00e3o Nacional da Distribui\u00e7\u00e3o de Ve\u00edculos Automotores (Fenabrave).<\/p>\n<p>No ano passado, a venda de autom\u00f3veis e ve\u00edculos comerciais novos teve um desempenho positivo, com aumento de 2,58% em rela\u00e7\u00e3o ao ano anterior, com 2,5 milh\u00f5es de unidades comercializadas.<\/p>\n<p>Quando se soma os resultados esperados para os segmentos de caminh\u00f5es e \u00f4nibus, a expectativa para este ano \u00e9 de crescimento de 3,02%, com quase 2,8 milh\u00f5es de unidades vendidas. No ano passado, todos esses segmentos somados &#8211; autom\u00f3veis, ve\u00edculos leves, \u00f4nibus e caminh\u00f5es &#8211; cresceram 2,08%, com o licenciamento de 2,7 milh\u00f5es de unidades.<\/p>\n<p>No entanto, esse setor poderia estar crescendo ainda mais, avalia Tereza Fernandez, economista da Fenabrave.<\/p>\n<p>\u201cN\u00f3s estamos longe inclusive de atingir o pico de 2011 [quando foram vendidas 3,4 milh\u00f5es de unidades de autom\u00f3veis e comerciais leves e 3,6 milh\u00f5es de unidades englobando caminh\u00f5es e \u00f4nibus]. Mas as condi\u00e7\u00f5es macroecon\u00f4micas est\u00e3o impedindo que a gente cres\u00e7a mais. N\u00f3s estamos com um n\u00edvel de endividamento das fam\u00edlias muito alto e os juros n\u00e3o devem cair na velocidade esperada. Ent\u00e3o isso tudo \u00e9 impeditivo para voc\u00ea ter um crescimento maior no setor\u201d, explicou.<\/p>\n<p><strong>Segmentos somados<\/strong><br \/>\nPara todo o setor, o que englobaria os segmentos somados (autom\u00f3veis, comerciais leves, caminh\u00f5es, \u00f4nibus, motocicletas, implementos rodovi\u00e1rios e outros ve\u00edculos), a federa\u00e7\u00e3o projeta crescimento de 6,10 % para este ano, puxado principalmente pelo segmento de motocicletas, cujo crescimento \u00e9 esperado em torno de 10%.<\/p>\n<p>No ano passado, todos os segmentos somados fecharam com um aumento de 8%, com 5,1 milh\u00f5es de unidades emplacadas.<\/p>\n<p>J\u00e1 o segmento de caminh\u00f5es, que teve um desempenho bem aqu\u00e9m em 2025 por causa das dificuldades de cr\u00e9dito e do endividamento de empresas do setor agropecu\u00e1rio, a expectativa \u00e9 para um crescimento em torno de 3%. No entanto, lembrou a economista da Fenabrave, esse crescimento se dar\u00e1 sobre uma base negativa, uma vez que o segmento de caminh\u00f5es fechou o ano de 2025 com queda de 8,65%.<\/p>\n<p>\u201cFoi muito bom o programa do governo anunciado neste ano [o Move Brasil, que oferece cr\u00e9dito para a compra de caminh\u00f5es] porque isso vai contribuir para n\u00e3o ser um n\u00famero negativo [de crescimento] e para a gente ter um desempenho positivo no segmento neste ano\u201d, disse a economista.<\/p>\n<p>Mas esse desempenho, avalia Tereza Fernandez, poderia ser ainda maior se n\u00e3o fossem os problemas macroecon\u00f4micos do pa\u00eds. \u201cO crescimento sustent\u00e1vel no Brasil est\u00e1 dif\u00edcil de obter porque, em raz\u00e3o do risco inflacion\u00e1rio, est\u00e1 se segurando os juros\u201d, analisa.<\/p>\n<p>Tereza Fernandez acrescenta que n\u00e3o se consegue sair efetivamente dessa quest\u00e3o pelo risco fiscal.<\/p>\n<p>\u201cSem isso, talvez a gente tivesse um desempenho um pouco melhor. A gente est\u00e1 com um crescimento [estimado] de 3,5% para caminh\u00f5es este ano. Poderia ser 5% ou 6 %. Existe espa\u00e7o para isso e necessidade, visto que 65% de tudo que eu produzo, eu carrego em um caminh\u00e3o\u201d.<\/p>\n","protected":false},"excerpt":{"rendered":"<p>O licenciamento de carros e ve\u00edculos comerciais leves, como picapes e furg\u00f5es, deve crescer cerca de 3% neste ano, com a venda de mais de 2,6 milh\u00f5es de unidades, projeta a Federa\u00e7\u00e3o Nacional da Distribui\u00e7\u00e3o de Ve\u00edculos Automotores (Fenabrave). No ano passado, a venda de autom\u00f3veis e ve\u00edculos comerciais novos teve um desempenho positivo, com [&hellip;]<\/p>\n","protected":false},"author":2,"featured_media":378961,"comment_status":"closed","ping_status":"closed","sticky":false,"template":"","format":"standard","meta":{"_acf_changed":false,"footnotes":""},"categories":[16],"tags":[],"class_list":["post-378960","post","type-post","status-publish","format-standard","has-post-thumbnail","hentry","category-brasil"],"acf":[],"yoast_head":"<!-- This site is optimized with the Yoast SEO plugin v27.2 - https:\/\/yoast.com\/product\/yoast-seo-wordpress\/ -->\n<title>Vendas de autom\u00f3veis e comerciais leves devem crescer 3% - Notibras<\/title>\n<meta name=\"robots\" content=\"index, follow, max-snippet:-1, max-image-preview:large, max-video-preview:-1\" \/>\n<link rel=\"canonical\" href=\"https:\/\/www.notibras.com\/site\/vendas-de-automoveis-e-comerciais-leves-devem-crescer-3\/\" \/>\n<meta property=\"og:locale\" content=\"pt_BR\" \/>\n<meta property=\"og:type\" content=\"article\" \/>\n<meta property=\"og:title\" content=\"Vendas de autom\u00f3veis e comerciais leves devem crescer 3% - Notibras\" \/>\n<meta property=\"og:description\" content=\"O licenciamento de carros e ve\u00edculos comerciais leves, como picapes e furg\u00f5es, deve crescer cerca de 3% neste ano, com a venda de mais de 2,6 milh\u00f5es de unidades, projeta a Federa\u00e7\u00e3o Nacional da Distribui\u00e7\u00e3o de Ve\u00edculos Automotores (Fenabrave). No ano passado, a venda de autom\u00f3veis e ve\u00edculos comerciais novos teve um desempenho positivo, com [&hellip;]\" \/>\n<meta property=\"og:url\" content=\"https:\/\/www.notibras.com\/site\/vendas-de-automoveis-e-comerciais-leves-devem-crescer-3\/\" \/>\n<meta property=\"og:site_name\" content=\"Notibras\" \/>\n<meta property=\"article:publisher\" content=\"https:\/\/www.facebook.com\/notibras\/\" \/>\n<meta property=\"article:published_time\" content=\"2026-01-14T03:00:35+00:00\" \/>\n<meta property=\"article:modified_time\" content=\"2026-01-14T09:57:11+00:00\" \/>\n<meta property=\"og:image\" content=\"https:\/\/www.notibras.com\/site\/wp-content\/uploads\/2026\/01\/carros-patio-montadora-sao_bernargo_sp1-marcelo_camargo.jpg\" \/>\n\t<meta property=\"og:image:width\" content=\"1170\" \/>\n\t<meta property=\"og:image:height\" content=\"700\" \/>\n\t<meta property=\"og:image:type\" content=\"image\/jpeg\" \/>\n<meta name=\"author\" content=\"Reda\u00e7\u00e3o\" \/>\n<meta name=\"twitter:card\" content=\"summary_large_image\" \/>\n<meta name=\"twitter:creator\" content=\"@Notibras\" \/>\n<meta name=\"twitter:site\" content=\"@Notibras\" \/>\n<meta name=\"twitter:label1\" content=\"Escrito por\" \/>\n\t<meta name=\"twitter:data1\" content=\"Reda\u00e7\u00e3o\" \/>\n\t<meta name=\"twitter:label2\" content=\"Est. tempo de leitura\" \/>\n\t<meta name=\"twitter:data2\" content=\"4 minutos\" \/>\n<script type=\"application\/ld+json\" class=\"yoast-schema-graph\">{\"@context\":\"https:\/\/schema.org\",\"@graph\":[{\"@type\":\"Article\",\"@id\":\"https:\/\/www.notibras.com\/site\/vendas-de-automoveis-e-comerciais-leves-devem-crescer-3\/#article\",\"isPartOf\":{\"@id\":\"https:\/\/www.notibras.com\/site\/vendas-de-automoveis-e-comerciais-leves-devem-crescer-3\/\"},\"author\":{\"name\":\"Reda\u00e7\u00e3o\",\"@id\":\"https:\/\/www.notibras.com\/site\/#\/schema\/person\/36ab0979449956132d3e5b517ea76ac8\"},\"headline\":\"Vendas de autom\u00f3veis e comerciais leves devem crescer 3%\",\"datePublished\":\"2026-01-14T03:00:35+00:00\",\"dateModified\":\"2026-01-14T09:57:11+00:00\",\"mainEntityOfPage\":{\"@id\":\"https:\/\/www.notibras.com\/site\/vendas-de-automoveis-e-comerciais-leves-devem-crescer-3\/\"},\"wordCount\":536,\"publisher\":{\"@id\":\"https:\/\/www.notibras.com\/site\/#organization\"},\"image\":{\"@id\":\"https:\/\/www.notibras.com\/site\/vendas-de-automoveis-e-comerciais-leves-devem-crescer-3\/#primaryimage\"},\"thumbnailUrl\":\"https:\/\/www.notibras.com\/site\/wp-content\/uploads\/2026\/01\/carros-patio-montadora-sao_bernargo_sp1-marcelo_camargo.jpg\",\"articleSection\":[\"Brasil\"],\"inLanguage\":\"pt-BR\"},{\"@type\":\"WebPage\",\"@id\":\"https:\/\/www.notibras.com\/site\/vendas-de-automoveis-e-comerciais-leves-devem-crescer-3\/\",\"url\":\"https:\/\/www.notibras.com\/site\/vendas-de-automoveis-e-comerciais-leves-devem-crescer-3\/\",\"name\":\"Vendas de autom\u00f3veis e comerciais leves devem crescer 3% - Notibras\",\"isPartOf\":{\"@id\":\"https:\/\/www.notibras.com\/site\/#website\"},\"primaryImageOfPage\":{\"@id\":\"https:\/\/www.notibras.com\/site\/vendas-de-automoveis-e-comerciais-leves-devem-crescer-3\/#primaryimage\"},\"image\":{\"@id\":\"https:\/\/www.notibras.com\/site\/vendas-de-automoveis-e-comerciais-leves-devem-crescer-3\/#primaryimage\"},\"thumbnailUrl\":\"https:\/\/www.notibras.com\/site\/wp-content\/uploads\/2026\/01\/carros-patio-montadora-sao_bernargo_sp1-marcelo_camargo.jpg\",\"datePublished\":\"2026-01-14T03:00:35+00:00\",\"dateModified\":\"2026-01-14T09:57:11+00:00\",\"breadcrumb\":{\"@id\":\"https:\/\/www.notibras.com\/site\/vendas-de-automoveis-e-comerciais-leves-devem-crescer-3\/#breadcrumb\"},\"inLanguage\":\"pt-BR\",\"potentialAction\":[{\"@type\":\"ReadAction\",\"target\":[\"https:\/\/www.notibras.com\/site\/vendas-de-automoveis-e-comerciais-leves-devem-crescer-3\/\"]}]},{\"@type\":\"ImageObject\",\"inLanguage\":\"pt-BR\",\"@id\":\"https:\/\/www.notibras.com\/site\/vendas-de-automoveis-e-comerciais-leves-devem-crescer-3\/#primaryimage\",\"url\":\"https:\/\/www.notibras.com\/site\/wp-content\/uploads\/2026\/01\/carros-patio-montadora-sao_bernargo_sp1-marcelo_camargo.jpg\",\"contentUrl\":\"https:\/\/www.notibras.com\/site\/wp-content\/uploads\/2026\/01\/carros-patio-montadora-sao_bernargo_sp1-marcelo_camargo.jpg\",\"width\":1170,\"height\":700},{\"@type\":\"BreadcrumbList\",\"@id\":\"https:\/\/www.notibras.com\/site\/vendas-de-automoveis-e-comerciais-leves-devem-crescer-3\/#breadcrumb\",\"itemListElement\":[{\"@type\":\"ListItem\",\"position\":1,\"name\":\"In\u00edcio\",\"item\":\"https:\/\/www.notibras.com\/site\/\"},{\"@type\":\"ListItem\",\"position\":2,\"name\":\"Vendas de autom\u00f3veis e comerciais leves devem crescer 3%\"}]},{\"@type\":\"WebSite\",\"@id\":\"https:\/\/www.notibras.com\/site\/#website\",\"url\":\"https:\/\/www.notibras.com\/site\/\",\"name\":\"Notibras\",\"description\":\"Not\u00edcias de Bras\u00edlia, do Brasil e do Mundo\",\"publisher\":{\"@id\":\"https:\/\/www.notibras.com\/site\/#organization\"},\"potentialAction\":[{\"@type\":\"SearchAction\",\"target\":{\"@type\":\"EntryPoint\",\"urlTemplate\":\"https:\/\/www.notibras.com\/site\/?s={search_term_string}\"},\"query-input\":{\"@type\":\"PropertyValueSpecification\",\"valueRequired\":true,\"valueName\":\"search_term_string\"}}],\"inLanguage\":\"pt-BR\"},{\"@type\":\"Organization\",\"@id\":\"https:\/\/www.notibras.com\/site\/#organization\",\"name\":\"Grupo Notibras de Comunica\u00e7\u00e3o\",\"url\":\"https:\/\/www.notibras.com\/site\/\",\"logo\":{\"@type\":\"ImageObject\",\"inLanguage\":\"pt-BR\",\"@id\":\"https:\/\/www.notibras.com\/site\/#\/schema\/logo\/image\/\",\"url\":\"https:\/\/www.notibras.com\/site\/wp-content\/uploads\/2023\/01\/notibras23.png\",\"contentUrl\":\"https:\/\/www.notibras.com\/site\/wp-content\/uploads\/2023\/01\/notibras23.png\",\"width\":350,\"height\":87,\"caption\":\"Grupo Notibras de Comunica\u00e7\u00e3o\"},\"image\":{\"@id\":\"https:\/\/www.notibras.com\/site\/#\/schema\/logo\/image\/\"},\"sameAs\":[\"https:\/\/www.facebook.com\/notibras\/\",\"https:\/\/x.com\/Notibras\",\"https:\/\/www.instagram.com\/notibras\/\"]},{\"@type\":\"Person\",\"@id\":\"https:\/\/www.notibras.com\/site\/#\/schema\/person\/36ab0979449956132d3e5b517ea76ac8\",\"name\":\"Reda\u00e7\u00e3o\",\"image\":{\"@type\":\"ImageObject\",\"inLanguage\":\"pt-BR\",\"@id\":\"https:\/\/secure.gravatar.com\/avatar\/e0a867bdedb85fd243eadf09663511f96fc81e0720a4a42581f334ad4303aa6b?s=96&d=mm&r=g\",\"url\":\"https:\/\/secure.gravatar.com\/avatar\/e0a867bdedb85fd243eadf09663511f96fc81e0720a4a42581f334ad4303aa6b?s=96&d=mm&r=g\",\"contentUrl\":\"https:\/\/secure.gravatar.com\/avatar\/e0a867bdedb85fd243eadf09663511f96fc81e0720a4a42581f334ad4303aa6b?s=96&d=mm&r=g\",\"caption\":\"Reda\u00e7\u00e3o\"}}]}<\/script>\n<!-- \/ Yoast SEO plugin. -->","yoast_head_json":{"title":"Vendas de autom\u00f3veis e comerciais leves devem crescer 3% - Notibras","robots":{"index":"index","follow":"follow","max-snippet":"max-snippet:-1","max-image-preview":"max-image-preview:large","max-video-preview":"max-video-preview:-1"},"canonical":"https:\/\/www.notibras.com\/site\/vendas-de-automoveis-e-comerciais-leves-devem-crescer-3\/","og_locale":"pt_BR","og_type":"article","og_title":"Vendas de autom\u00f3veis e comerciais leves devem crescer 3% - Notibras","og_description":"O licenciamento de carros e ve\u00edculos comerciais leves, como picapes e furg\u00f5es, deve crescer cerca de 3% neste ano, com a venda de mais de 2,6 milh\u00f5es de unidades, projeta a Federa\u00e7\u00e3o Nacional da Distribui\u00e7\u00e3o de Ve\u00edculos Automotores (Fenabrave). No ano passado, a venda de autom\u00f3veis e ve\u00edculos comerciais novos teve um desempenho positivo, com [&hellip;]","og_url":"https:\/\/www.notibras.com\/site\/vendas-de-automoveis-e-comerciais-leves-devem-crescer-3\/","og_site_name":"Notibras","article_publisher":"https:\/\/www.facebook.com\/notibras\/","article_published_time":"2026-01-14T03:00:35+00:00","article_modified_time":"2026-01-14T09:57:11+00:00","og_image":[{"width":1170,"height":700,"url":"https:\/\/www.notibras.com\/site\/wp-content\/uploads\/2026\/01\/carros-patio-montadora-sao_bernargo_sp1-marcelo_camargo.jpg","type":"image\/jpeg"}],"author":"Reda\u00e7\u00e3o","twitter_card":"summary_large_image","twitter_creator":"@Notibras","twitter_site":"@Notibras","twitter_misc":{"Escrito por":"Reda\u00e7\u00e3o","Est. tempo de leitura":"4 minutos"},"schema":{"@context":"https:\/\/schema.org","@graph":[{"@type":"Article","@id":"https:\/\/www.notibras.com\/site\/vendas-de-automoveis-e-comerciais-leves-devem-crescer-3\/#article","isPartOf":{"@id":"https:\/\/www.notibras.com\/site\/vendas-de-automoveis-e-comerciais-leves-devem-crescer-3\/"},"author":{"name":"Reda\u00e7\u00e3o","@id":"https:\/\/www.notibras.com\/site\/#\/schema\/person\/36ab0979449956132d3e5b517ea76ac8"},"headline":"Vendas de autom\u00f3veis e comerciais leves devem crescer 3%","datePublished":"2026-01-14T03:00:35+00:00","dateModified":"2026-01-14T09:57:11+00:00","mainEntityOfPage":{"@id":"https:\/\/www.notibras.com\/site\/vendas-de-automoveis-e-comerciais-leves-devem-crescer-3\/"},"wordCount":536,"publisher":{"@id":"https:\/\/www.notibras.com\/site\/#organization"},"image":{"@id":"https:\/\/www.notibras.com\/site\/vendas-de-automoveis-e-comerciais-leves-devem-crescer-3\/#primaryimage"},"thumbnailUrl":"https:\/\/www.notibras.com\/site\/wp-content\/uploads\/2026\/01\/carros-patio-montadora-sao_bernargo_sp1-marcelo_camargo.jpg","articleSection":["Brasil"],"inLanguage":"pt-BR"},{"@type":"WebPage","@id":"https:\/\/www.notibras.com\/site\/vendas-de-automoveis-e-comerciais-leves-devem-crescer-3\/","url":"https:\/\/www.notibras.com\/site\/vendas-de-automoveis-e-comerciais-leves-devem-crescer-3\/","name":"Vendas de autom\u00f3veis e comerciais leves devem crescer 3% - Notibras","isPartOf":{"@id":"https:\/\/www.notibras.com\/site\/#website"},"primaryImageOfPage":{"@id":"https:\/\/www.notibras.com\/site\/vendas-de-automoveis-e-comerciais-leves-devem-crescer-3\/#primaryimage"},"image":{"@id":"https:\/\/www.notibras.com\/site\/vendas-de-automoveis-e-comerciais-leves-devem-crescer-3\/#primaryimage"},"thumbnailUrl":"https:\/\/www.notibras.com\/site\/wp-content\/uploads\/2026\/01\/carros-patio-montadora-sao_bernargo_sp1-marcelo_camargo.jpg","datePublished":"2026-01-14T03:00:35+00:00","dateModified":"2026-01-14T09:57:11+00:00","breadcrumb":{"@id":"https:\/\/www.notibras.com\/site\/vendas-de-automoveis-e-comerciais-leves-devem-crescer-3\/#breadcrumb"},"inLanguage":"pt-BR","potentialAction":[{"@type":"ReadAction","target":["https:\/\/www.notibras.com\/site\/vendas-de-automoveis-e-comerciais-leves-devem-crescer-3\/"]}]},{"@type":"ImageObject","inLanguage":"pt-BR","@id":"https:\/\/www.notibras.com\/site\/vendas-de-automoveis-e-comerciais-leves-devem-crescer-3\/#primaryimage","url":"https:\/\/www.notibras.com\/site\/wp-content\/uploads\/2026\/01\/carros-patio-montadora-sao_bernargo_sp1-marcelo_camargo.jpg","contentUrl":"https:\/\/www.notibras.com\/site\/wp-content\/uploads\/2026\/01\/carros-patio-montadora-sao_bernargo_sp1-marcelo_camargo.jpg","width":1170,"height":700},{"@type":"BreadcrumbList","@id":"https:\/\/www.notibras.com\/site\/vendas-de-automoveis-e-comerciais-leves-devem-crescer-3\/#breadcrumb","itemListElement":[{"@type":"ListItem","position":1,"name":"In\u00edcio","item":"https:\/\/www.notibras.com\/site\/"},{"@type":"ListItem","position":2,"name":"Vendas de autom\u00f3veis e comerciais leves devem crescer 3%"}]},{"@type":"WebSite","@id":"https:\/\/www.notibras.com\/site\/#website","url":"https:\/\/www.notibras.com\/site\/","name":"Notibras","description":"Not\u00edcias de Bras\u00edlia, do Brasil e do Mundo","publisher":{"@id":"https:\/\/www.notibras.com\/site\/#organization"},"potentialAction":[{"@type":"SearchAction","target":{"@type":"EntryPoint","urlTemplate":"https:\/\/www.notibras.com\/site\/?s={search_term_string}"},"query-input":{"@type":"PropertyValueSpecification","valueRequired":true,"valueName":"search_term_string"}}],"inLanguage":"pt-BR"},{"@type":"Organization","@id":"https:\/\/www.notibras.com\/site\/#organization","name":"Grupo Notibras de Comunica\u00e7\u00e3o","url":"https:\/\/www.notibras.com\/site\/","logo":{"@type":"ImageObject","inLanguage":"pt-BR","@id":"https:\/\/www.notibras.com\/site\/#\/schema\/logo\/image\/","url":"https:\/\/www.notibras.com\/site\/wp-content\/uploads\/2023\/01\/notibras23.png","contentUrl":"https:\/\/www.notibras.com\/site\/wp-content\/uploads\/2023\/01\/notibras23.png","width":350,"height":87,"caption":"Grupo Notibras de Comunica\u00e7\u00e3o"},"image":{"@id":"https:\/\/www.notibras.com\/site\/#\/schema\/logo\/image\/"},"sameAs":["https:\/\/www.facebook.com\/notibras\/","https:\/\/x.com\/Notibras","https:\/\/www.instagram.com\/notibras\/"]},{"@type":"Person","@id":"https:\/\/www.notibras.com\/site\/#\/schema\/person\/36ab0979449956132d3e5b517ea76ac8","name":"Reda\u00e7\u00e3o","image":{"@type":"ImageObject","inLanguage":"pt-BR","@id":"https:\/\/secure.gravatar.com\/avatar\/e0a867bdedb85fd243eadf09663511f96fc81e0720a4a42581f334ad4303aa6b?s=96&d=mm&r=g","url":"https:\/\/secure.gravatar.com\/avatar\/e0a867bdedb85fd243eadf09663511f96fc81e0720a4a42581f334ad4303aa6b?s=96&d=mm&r=g","contentUrl":"https:\/\/secure.gravatar.com\/avatar\/e0a867bdedb85fd243eadf09663511f96fc81e0720a4a42581f334ad4303aa6b?s=96&d=mm&r=g","caption":"Reda\u00e7\u00e3o"}}]}},"amp_enabled":true,"_links":{"self":[{"href":"https:\/\/www.notibras.com\/site\/wp-json\/wp\/v2\/posts\/378960","targetHints":{"allow":["GET"]}}],"collection":[{"href":"https:\/\/www.notibras.com\/site\/wp-json\/wp\/v2\/posts"}],"about":[{"href":"https:\/\/www.notibras.com\/site\/wp-json\/wp\/v2\/types\/post"}],"author":[{"embeddable":true,"href":"https:\/\/www.notibras.com\/site\/wp-json\/wp\/v2\/users\/2"}],"replies":[{"embeddable":true,"href":"https:\/\/www.notibras.com\/site\/wp-json\/wp\/v2\/comments?post=378960"}],"version-history":[{"count":1,"href":"https:\/\/www.notibras.com\/site\/wp-json\/wp\/v2\/posts\/378960\/revisions"}],"predecessor-version":[{"id":378962,"href":"https:\/\/www.notibras.com\/site\/wp-json\/wp\/v2\/posts\/378960\/revisions\/378962"}],"wp:featuredmedia":[{"embeddable":true,"href":"https:\/\/www.notibras.com\/site\/wp-json\/wp\/v2\/media\/378961"}],"wp:attachment":[{"href":"https:\/\/www.notibras.com\/site\/wp-json\/wp\/v2\/media?parent=378960"}],"wp:term":[{"taxonomy":"category","embeddable":true,"href":"https:\/\/www.notibras.com\/site\/wp-json\/wp\/v2\/categories?post=378960"},{"taxonomy":"post_tag","embeddable":true,"href":"https:\/\/www.notibras.com\/site\/wp-json\/wp\/v2\/tags?post=378960"}],"curies":[{"name":"wp","href":"https:\/\/api.w.org\/{rel}","templated":true}]}}