{"id":378963,"date":"2026-01-14T00:05:25","date_gmt":"2026-01-14T03:05:25","guid":{"rendered":"https:\/\/www.notibras.com\/site\/?p=378963"},"modified":"2026-01-14T07:07:44","modified_gmt":"2026-01-14T10:07:44","slug":"definido-periodo-de-defeso-do-caranguejo-uca","status":"publish","type":"post","link":"https:\/\/www.notibras.com\/site\/definido-periodo-de-defeso-do-caranguejo-uca\/","title":{"rendered":"Definido per\u00edodo de defeso do caranguejo-u\u00e7\u00e1"},"content":{"rendered":"<p>O calend\u00e1rio de proibi\u00e7\u00e3o da captura, transporte, beneficiamento, industrializa\u00e7\u00e3o e comercializa\u00e7\u00e3o do caranguejo-u\u00e7\u00e1 para 2026 j\u00e1 est\u00e1 definido. Ser\u00e1 de 18 de janeiro a 6 de abril, mas poder\u00e1 ser estendido at\u00e9 o dia 22, caso o per\u00edodo reprodutivo da esp\u00e9cie atrase.<\/p>\n<p>O defeso ocorre anualmente em per\u00edodos diferentes nos estados do Amap\u00e1, Par\u00e1, Maranh\u00e3o, Piau\u00ed, Cear\u00e1, Rio Grande do Norte, Para\u00edba, Pernambuco, Alagoas, Sergipe e Bahia. Por essa raz\u00e3o \u00e9 estabelecido um calend\u00e1rio por regi\u00e3o, conforme o ciclo reprodutivo da esp\u00e9cie em cada estado.<\/p>\n<p>Confira o calend\u00e1rio para 2026<\/p>\n<p><strong>Per\u00edodo de Defeso<\/strong><br \/>\n18 de janeiro a 23 de janeiro<br \/>\nPiau\u00ed, Cear\u00e1, Rio Grande do Norte, Para\u00edba, Pernambuco, Alagoas, Sergipe e Bahia<\/p>\n<p>1\u00ba de fevereiro 6 de fevereiro<br \/>\nMaranh\u00e3o, Piau\u00ed, Cear\u00e1, Rio Grande do Norte, Para\u00edba, Pernambuco, Alagoas, Sergipe e Bahia<\/p>\n<p>17 de fevereiro de 2026 a 22 de fevereiro<br \/>\nMaranh\u00e3o, Piau\u00ed, Cear\u00e1, Rio Grande do Norte, Para\u00edba, Pernambuco, Alagoas, Sergipe e Bahia<\/p>\n<p>3 de mar\u00e7o a 8 de mar\u00e7o<br \/>\nMaranh\u00e3o, Piau\u00ed, Cear\u00e1, Rio Grande do Norte, Para\u00edba, Pernambuco, Alagoas, Sergipe e Bahia<\/p>\n<p>18 de mar\u00e7o a 23 de mar\u00e7o<br \/>\nMaranh\u00e3o, Piau\u00ed, Cear\u00e1, Rio Grande do Norte, Para\u00edba, Pernambuco, Alagoas, Sergipe e Bahia<\/p>\n<p>17 de abril a 22 de abril de 2026 (caso a andadas reprodutivas continue)<br \/>\nMaranh\u00e3o, Piau\u00ed, Cear\u00e1, Rio Grande do Norte, Para\u00edba, Pernambuco, Alagoas, Sergipe e Bahia<\/p>\n<p><strong>Reprodu\u00e7\u00e3o<\/strong><br \/>\nA proibi\u00e7\u00e3o coincide com o per\u00edodo da chamada andada reprodutiva, que \u00e9 quando o caranguejo-u\u00e7\u00e1 deixa a sua toca para acasalar, a f\u00eamea carrega os ovos e depois deposita as larvas, para amadurecimento dos filhotes.<\/p>\n<p>De acordo com nota do Minist\u00e9rio da Pesca e Aquicultura, a manuten\u00e7\u00e3o de caranguejo-u\u00e7\u00e1 vivo em cativeiro ou de estoque congelado, inteiro ou em partes, para beneficiamento e comercializa\u00e7\u00e3o no per\u00edodo, deve ser informada ao Instituto Brasileiro do Meio Ambiente e dos Recursos Naturais Renov\u00e1veis (IBAMA).<\/p>\n<p>O modelo de formul\u00e1rio para Declara\u00e7\u00e3o de Estoque foi disponibilizado no edital publicado nesta ter\u00e7a-feira (13), no Di\u00e1rio Oficial da Uni\u00e3o, e o documento deve ser entregue at\u00e9 o \u00faltimo dia \u00fatil que antecede o in\u00edcio de cada per\u00edodo de defeso.<\/p>\n","protected":false},"excerpt":{"rendered":"<p>O calend\u00e1rio de proibi\u00e7\u00e3o da captura, transporte, beneficiamento, industrializa\u00e7\u00e3o e comercializa\u00e7\u00e3o do caranguejo-u\u00e7\u00e1 para 2026 j\u00e1 est\u00e1 definido. Ser\u00e1 de 18 de janeiro a 6 de abril, mas poder\u00e1 ser estendido at\u00e9 o dia 22, caso o per\u00edodo reprodutivo da esp\u00e9cie atrase. O defeso ocorre anualmente em per\u00edodos diferentes nos estados do Amap\u00e1, Par\u00e1, Maranh\u00e3o, [&hellip;]<\/p>\n","protected":false},"author":2,"featured_media":378964,"comment_status":"closed","ping_status":"closed","sticky":false,"template":"","format":"standard","meta":{"_acf_changed":false,"footnotes":""},"categories":[165],"tags":[],"class_list":["post-378963","post","type-post","status-publish","format-standard","has-post-thumbnail","hentry","category-nordeste"],"acf":[],"yoast_head":"<!-- This site is optimized with the Yoast SEO plugin v27.2 - https:\/\/yoast.com\/product\/yoast-seo-wordpress\/ -->\n<title>Definido per\u00edodo de defeso do caranguejo-u\u00e7\u00e1 - Notibras<\/title>\n<meta name=\"robots\" content=\"index, follow, max-snippet:-1, max-image-preview:large, max-video-preview:-1\" \/>\n<link rel=\"canonical\" href=\"https:\/\/www.notibras.com\/site\/definido-periodo-de-defeso-do-caranguejo-uca\/\" \/>\n<meta property=\"og:locale\" content=\"pt_BR\" \/>\n<meta property=\"og:type\" content=\"article\" \/>\n<meta property=\"og:title\" content=\"Definido per\u00edodo de defeso do caranguejo-u\u00e7\u00e1 - Notibras\" \/>\n<meta property=\"og:description\" content=\"O calend\u00e1rio de proibi\u00e7\u00e3o da captura, transporte, beneficiamento, industrializa\u00e7\u00e3o e comercializa\u00e7\u00e3o do caranguejo-u\u00e7\u00e1 para 2026 j\u00e1 est\u00e1 definido. Ser\u00e1 de 18 de janeiro a 6 de abril, mas poder\u00e1 ser estendido at\u00e9 o dia 22, caso o per\u00edodo reprodutivo da esp\u00e9cie atrase. O defeso ocorre anualmente em per\u00edodos diferentes nos estados do Amap\u00e1, Par\u00e1, Maranh\u00e3o, [&hellip;]\" \/>\n<meta property=\"og:url\" content=\"https:\/\/www.notibras.com\/site\/definido-periodo-de-defeso-do-caranguejo-uca\/\" \/>\n<meta property=\"og:site_name\" content=\"Notibras\" \/>\n<meta property=\"article:publisher\" content=\"https:\/\/www.facebook.com\/notibras\/\" \/>\n<meta property=\"article:published_time\" content=\"2026-01-14T03:05:25+00:00\" \/>\n<meta property=\"article:modified_time\" content=\"2026-01-14T10:07:44+00:00\" \/>\n<meta property=\"og:image\" content=\"https:\/\/www.notibras.com\/site\/wp-content\/uploads\/2026\/01\/caranguejo-uca-acervo-icmbio.webp\" \/>\n\t<meta property=\"og:image:width\" content=\"1170\" \/>\n\t<meta property=\"og:image:height\" content=\"700\" \/>\n\t<meta property=\"og:image:type\" content=\"image\/webp\" \/>\n<meta name=\"author\" content=\"Reda\u00e7\u00e3o\" \/>\n<meta name=\"twitter:card\" content=\"summary_large_image\" \/>\n<meta name=\"twitter:creator\" content=\"@Notibras\" \/>\n<meta name=\"twitter:site\" content=\"@Notibras\" \/>\n<meta name=\"twitter:label1\" content=\"Escrito por\" \/>\n\t<meta name=\"twitter:data1\" content=\"Reda\u00e7\u00e3o\" \/>\n\t<meta name=\"twitter:label2\" content=\"Est. tempo de leitura\" \/>\n\t<meta name=\"twitter:data2\" content=\"3 minutos\" \/>\n<script type=\"application\/ld+json\" class=\"yoast-schema-graph\">{\"@context\":\"https:\/\/schema.org\",\"@graph\":[{\"@type\":\"Article\",\"@id\":\"https:\/\/www.notibras.com\/site\/definido-periodo-de-defeso-do-caranguejo-uca\/#article\",\"isPartOf\":{\"@id\":\"https:\/\/www.notibras.com\/site\/definido-periodo-de-defeso-do-caranguejo-uca\/\"},\"author\":{\"name\":\"Reda\u00e7\u00e3o\",\"@id\":\"https:\/\/www.notibras.com\/site\/#\/schema\/person\/36ab0979449956132d3e5b517ea76ac8\"},\"headline\":\"Definido per\u00edodo de defeso do caranguejo-u\u00e7\u00e1\",\"datePublished\":\"2026-01-14T03:05:25+00:00\",\"dateModified\":\"2026-01-14T10:07:44+00:00\",\"mainEntityOfPage\":{\"@id\":\"https:\/\/www.notibras.com\/site\/definido-periodo-de-defeso-do-caranguejo-uca\/\"},\"wordCount\":374,\"publisher\":{\"@id\":\"https:\/\/www.notibras.com\/site\/#organization\"},\"image\":{\"@id\":\"https:\/\/www.notibras.com\/site\/definido-periodo-de-defeso-do-caranguejo-uca\/#primaryimage\"},\"thumbnailUrl\":\"https:\/\/www.notibras.com\/site\/wp-content\/uploads\/2026\/01\/caranguejo-uca-acervo-icmbio.webp\",\"articleSection\":[\"Nordeste\"],\"inLanguage\":\"pt-BR\"},{\"@type\":\"WebPage\",\"@id\":\"https:\/\/www.notibras.com\/site\/definido-periodo-de-defeso-do-caranguejo-uca\/\",\"url\":\"https:\/\/www.notibras.com\/site\/definido-periodo-de-defeso-do-caranguejo-uca\/\",\"name\":\"Definido per\u00edodo de defeso do caranguejo-u\u00e7\u00e1 - Notibras\",\"isPartOf\":{\"@id\":\"https:\/\/www.notibras.com\/site\/#website\"},\"primaryImageOfPage\":{\"@id\":\"https:\/\/www.notibras.com\/site\/definido-periodo-de-defeso-do-caranguejo-uca\/#primaryimage\"},\"image\":{\"@id\":\"https:\/\/www.notibras.com\/site\/definido-periodo-de-defeso-do-caranguejo-uca\/#primaryimage\"},\"thumbnailUrl\":\"https:\/\/www.notibras.com\/site\/wp-content\/uploads\/2026\/01\/caranguejo-uca-acervo-icmbio.webp\",\"datePublished\":\"2026-01-14T03:05:25+00:00\",\"dateModified\":\"2026-01-14T10:07:44+00:00\",\"breadcrumb\":{\"@id\":\"https:\/\/www.notibras.com\/site\/definido-periodo-de-defeso-do-caranguejo-uca\/#breadcrumb\"},\"inLanguage\":\"pt-BR\",\"potentialAction\":[{\"@type\":\"ReadAction\",\"target\":[\"https:\/\/www.notibras.com\/site\/definido-periodo-de-defeso-do-caranguejo-uca\/\"]}]},{\"@type\":\"ImageObject\",\"inLanguage\":\"pt-BR\",\"@id\":\"https:\/\/www.notibras.com\/site\/definido-periodo-de-defeso-do-caranguejo-uca\/#primaryimage\",\"url\":\"https:\/\/www.notibras.com\/site\/wp-content\/uploads\/2026\/01\/caranguejo-uca-acervo-icmbio.webp\",\"contentUrl\":\"https:\/\/www.notibras.com\/site\/wp-content\/uploads\/2026\/01\/caranguejo-uca-acervo-icmbio.webp\",\"width\":1170,\"height\":700},{\"@type\":\"BreadcrumbList\",\"@id\":\"https:\/\/www.notibras.com\/site\/definido-periodo-de-defeso-do-caranguejo-uca\/#breadcrumb\",\"itemListElement\":[{\"@type\":\"ListItem\",\"position\":1,\"name\":\"In\u00edcio\",\"item\":\"https:\/\/www.notibras.com\/site\/\"},{\"@type\":\"ListItem\",\"position\":2,\"name\":\"Definido per\u00edodo de defeso do caranguejo-u\u00e7\u00e1\"}]},{\"@type\":\"WebSite\",\"@id\":\"https:\/\/www.notibras.com\/site\/#website\",\"url\":\"https:\/\/www.notibras.com\/site\/\",\"name\":\"Notibras\",\"description\":\"Not\u00edcias de Bras\u00edlia, do Brasil e do Mundo\",\"publisher\":{\"@id\":\"https:\/\/www.notibras.com\/site\/#organization\"},\"potentialAction\":[{\"@type\":\"SearchAction\",\"target\":{\"@type\":\"EntryPoint\",\"urlTemplate\":\"https:\/\/www.notibras.com\/site\/?s={search_term_string}\"},\"query-input\":{\"@type\":\"PropertyValueSpecification\",\"valueRequired\":true,\"valueName\":\"search_term_string\"}}],\"inLanguage\":\"pt-BR\"},{\"@type\":\"Organization\",\"@id\":\"https:\/\/www.notibras.com\/site\/#organization\",\"name\":\"Grupo Notibras de Comunica\u00e7\u00e3o\",\"url\":\"https:\/\/www.notibras.com\/site\/\",\"logo\":{\"@type\":\"ImageObject\",\"inLanguage\":\"pt-BR\",\"@id\":\"https:\/\/www.notibras.com\/site\/#\/schema\/logo\/image\/\",\"url\":\"https:\/\/www.notibras.com\/site\/wp-content\/uploads\/2023\/01\/notibras23.png\",\"contentUrl\":\"https:\/\/www.notibras.com\/site\/wp-content\/uploads\/2023\/01\/notibras23.png\",\"width\":350,\"height\":87,\"caption\":\"Grupo Notibras de Comunica\u00e7\u00e3o\"},\"image\":{\"@id\":\"https:\/\/www.notibras.com\/site\/#\/schema\/logo\/image\/\"},\"sameAs\":[\"https:\/\/www.facebook.com\/notibras\/\",\"https:\/\/x.com\/Notibras\",\"https:\/\/www.instagram.com\/notibras\/\"]},{\"@type\":\"Person\",\"@id\":\"https:\/\/www.notibras.com\/site\/#\/schema\/person\/36ab0979449956132d3e5b517ea76ac8\",\"name\":\"Reda\u00e7\u00e3o\",\"image\":{\"@type\":\"ImageObject\",\"inLanguage\":\"pt-BR\",\"@id\":\"https:\/\/secure.gravatar.com\/avatar\/e0a867bdedb85fd243eadf09663511f96fc81e0720a4a42581f334ad4303aa6b?s=96&d=mm&r=g\",\"url\":\"https:\/\/secure.gravatar.com\/avatar\/e0a867bdedb85fd243eadf09663511f96fc81e0720a4a42581f334ad4303aa6b?s=96&d=mm&r=g\",\"contentUrl\":\"https:\/\/secure.gravatar.com\/avatar\/e0a867bdedb85fd243eadf09663511f96fc81e0720a4a42581f334ad4303aa6b?s=96&d=mm&r=g\",\"caption\":\"Reda\u00e7\u00e3o\"}}]}<\/script>\n<!-- \/ Yoast SEO plugin. -->","yoast_head_json":{"title":"Definido per\u00edodo de defeso do caranguejo-u\u00e7\u00e1 - Notibras","robots":{"index":"index","follow":"follow","max-snippet":"max-snippet:-1","max-image-preview":"max-image-preview:large","max-video-preview":"max-video-preview:-1"},"canonical":"https:\/\/www.notibras.com\/site\/definido-periodo-de-defeso-do-caranguejo-uca\/","og_locale":"pt_BR","og_type":"article","og_title":"Definido per\u00edodo de defeso do caranguejo-u\u00e7\u00e1 - Notibras","og_description":"O calend\u00e1rio de proibi\u00e7\u00e3o da captura, transporte, beneficiamento, industrializa\u00e7\u00e3o e comercializa\u00e7\u00e3o do caranguejo-u\u00e7\u00e1 para 2026 j\u00e1 est\u00e1 definido. Ser\u00e1 de 18 de janeiro a 6 de abril, mas poder\u00e1 ser estendido at\u00e9 o dia 22, caso o per\u00edodo reprodutivo da esp\u00e9cie atrase. O defeso ocorre anualmente em per\u00edodos diferentes nos estados do Amap\u00e1, Par\u00e1, Maranh\u00e3o, [&hellip;]","og_url":"https:\/\/www.notibras.com\/site\/definido-periodo-de-defeso-do-caranguejo-uca\/","og_site_name":"Notibras","article_publisher":"https:\/\/www.facebook.com\/notibras\/","article_published_time":"2026-01-14T03:05:25+00:00","article_modified_time":"2026-01-14T10:07:44+00:00","og_image":[{"width":1170,"height":700,"url":"https:\/\/www.notibras.com\/site\/wp-content\/uploads\/2026\/01\/caranguejo-uca-acervo-icmbio.webp","type":"image\/webp"}],"author":"Reda\u00e7\u00e3o","twitter_card":"summary_large_image","twitter_creator":"@Notibras","twitter_site":"@Notibras","twitter_misc":{"Escrito por":"Reda\u00e7\u00e3o","Est. tempo de leitura":"3 minutos"},"schema":{"@context":"https:\/\/schema.org","@graph":[{"@type":"Article","@id":"https:\/\/www.notibras.com\/site\/definido-periodo-de-defeso-do-caranguejo-uca\/#article","isPartOf":{"@id":"https:\/\/www.notibras.com\/site\/definido-periodo-de-defeso-do-caranguejo-uca\/"},"author":{"name":"Reda\u00e7\u00e3o","@id":"https:\/\/www.notibras.com\/site\/#\/schema\/person\/36ab0979449956132d3e5b517ea76ac8"},"headline":"Definido per\u00edodo de defeso do caranguejo-u\u00e7\u00e1","datePublished":"2026-01-14T03:05:25+00:00","dateModified":"2026-01-14T10:07:44+00:00","mainEntityOfPage":{"@id":"https:\/\/www.notibras.com\/site\/definido-periodo-de-defeso-do-caranguejo-uca\/"},"wordCount":374,"publisher":{"@id":"https:\/\/www.notibras.com\/site\/#organization"},"image":{"@id":"https:\/\/www.notibras.com\/site\/definido-periodo-de-defeso-do-caranguejo-uca\/#primaryimage"},"thumbnailUrl":"https:\/\/www.notibras.com\/site\/wp-content\/uploads\/2026\/01\/caranguejo-uca-acervo-icmbio.webp","articleSection":["Nordeste"],"inLanguage":"pt-BR"},{"@type":"WebPage","@id":"https:\/\/www.notibras.com\/site\/definido-periodo-de-defeso-do-caranguejo-uca\/","url":"https:\/\/www.notibras.com\/site\/definido-periodo-de-defeso-do-caranguejo-uca\/","name":"Definido per\u00edodo de defeso do caranguejo-u\u00e7\u00e1 - Notibras","isPartOf":{"@id":"https:\/\/www.notibras.com\/site\/#website"},"primaryImageOfPage":{"@id":"https:\/\/www.notibras.com\/site\/definido-periodo-de-defeso-do-caranguejo-uca\/#primaryimage"},"image":{"@id":"https:\/\/www.notibras.com\/site\/definido-periodo-de-defeso-do-caranguejo-uca\/#primaryimage"},"thumbnailUrl":"https:\/\/www.notibras.com\/site\/wp-content\/uploads\/2026\/01\/caranguejo-uca-acervo-icmbio.webp","datePublished":"2026-01-14T03:05:25+00:00","dateModified":"2026-01-14T10:07:44+00:00","breadcrumb":{"@id":"https:\/\/www.notibras.com\/site\/definido-periodo-de-defeso-do-caranguejo-uca\/#breadcrumb"},"inLanguage":"pt-BR","potentialAction":[{"@type":"ReadAction","target":["https:\/\/www.notibras.com\/site\/definido-periodo-de-defeso-do-caranguejo-uca\/"]}]},{"@type":"ImageObject","inLanguage":"pt-BR","@id":"https:\/\/www.notibras.com\/site\/definido-periodo-de-defeso-do-caranguejo-uca\/#primaryimage","url":"https:\/\/www.notibras.com\/site\/wp-content\/uploads\/2026\/01\/caranguejo-uca-acervo-icmbio.webp","contentUrl":"https:\/\/www.notibras.com\/site\/wp-content\/uploads\/2026\/01\/caranguejo-uca-acervo-icmbio.webp","width":1170,"height":700},{"@type":"BreadcrumbList","@id":"https:\/\/www.notibras.com\/site\/definido-periodo-de-defeso-do-caranguejo-uca\/#breadcrumb","itemListElement":[{"@type":"ListItem","position":1,"name":"In\u00edcio","item":"https:\/\/www.notibras.com\/site\/"},{"@type":"ListItem","position":2,"name":"Definido per\u00edodo de defeso do caranguejo-u\u00e7\u00e1"}]},{"@type":"WebSite","@id":"https:\/\/www.notibras.com\/site\/#website","url":"https:\/\/www.notibras.com\/site\/","name":"Notibras","description":"Not\u00edcias de Bras\u00edlia, do Brasil e do Mundo","publisher":{"@id":"https:\/\/www.notibras.com\/site\/#organization"},"potentialAction":[{"@type":"SearchAction","target":{"@type":"EntryPoint","urlTemplate":"https:\/\/www.notibras.com\/site\/?s={search_term_string}"},"query-input":{"@type":"PropertyValueSpecification","valueRequired":true,"valueName":"search_term_string"}}],"inLanguage":"pt-BR"},{"@type":"Organization","@id":"https:\/\/www.notibras.com\/site\/#organization","name":"Grupo Notibras de Comunica\u00e7\u00e3o","url":"https:\/\/www.notibras.com\/site\/","logo":{"@type":"ImageObject","inLanguage":"pt-BR","@id":"https:\/\/www.notibras.com\/site\/#\/schema\/logo\/image\/","url":"https:\/\/www.notibras.com\/site\/wp-content\/uploads\/2023\/01\/notibras23.png","contentUrl":"https:\/\/www.notibras.com\/site\/wp-content\/uploads\/2023\/01\/notibras23.png","width":350,"height":87,"caption":"Grupo Notibras de Comunica\u00e7\u00e3o"},"image":{"@id":"https:\/\/www.notibras.com\/site\/#\/schema\/logo\/image\/"},"sameAs":["https:\/\/www.facebook.com\/notibras\/","https:\/\/x.com\/Notibras","https:\/\/www.instagram.com\/notibras\/"]},{"@type":"Person","@id":"https:\/\/www.notibras.com\/site\/#\/schema\/person\/36ab0979449956132d3e5b517ea76ac8","name":"Reda\u00e7\u00e3o","image":{"@type":"ImageObject","inLanguage":"pt-BR","@id":"https:\/\/secure.gravatar.com\/avatar\/e0a867bdedb85fd243eadf09663511f96fc81e0720a4a42581f334ad4303aa6b?s=96&d=mm&r=g","url":"https:\/\/secure.gravatar.com\/avatar\/e0a867bdedb85fd243eadf09663511f96fc81e0720a4a42581f334ad4303aa6b?s=96&d=mm&r=g","contentUrl":"https:\/\/secure.gravatar.com\/avatar\/e0a867bdedb85fd243eadf09663511f96fc81e0720a4a42581f334ad4303aa6b?s=96&d=mm&r=g","caption":"Reda\u00e7\u00e3o"}}]}},"amp_enabled":true,"_links":{"self":[{"href":"https:\/\/www.notibras.com\/site\/wp-json\/wp\/v2\/posts\/378963","targetHints":{"allow":["GET"]}}],"collection":[{"href":"https:\/\/www.notibras.com\/site\/wp-json\/wp\/v2\/posts"}],"about":[{"href":"https:\/\/www.notibras.com\/site\/wp-json\/wp\/v2\/types\/post"}],"author":[{"embeddable":true,"href":"https:\/\/www.notibras.com\/site\/wp-json\/wp\/v2\/users\/2"}],"replies":[{"embeddable":true,"href":"https:\/\/www.notibras.com\/site\/wp-json\/wp\/v2\/comments?post=378963"}],"version-history":[{"count":1,"href":"https:\/\/www.notibras.com\/site\/wp-json\/wp\/v2\/posts\/378963\/revisions"}],"predecessor-version":[{"id":378965,"href":"https:\/\/www.notibras.com\/site\/wp-json\/wp\/v2\/posts\/378963\/revisions\/378965"}],"wp:featuredmedia":[{"embeddable":true,"href":"https:\/\/www.notibras.com\/site\/wp-json\/wp\/v2\/media\/378964"}],"wp:attachment":[{"href":"https:\/\/www.notibras.com\/site\/wp-json\/wp\/v2\/media?parent=378963"}],"wp:term":[{"taxonomy":"category","embeddable":true,"href":"https:\/\/www.notibras.com\/site\/wp-json\/wp\/v2\/categories?post=378963"},{"taxonomy":"post_tag","embeddable":true,"href":"https:\/\/www.notibras.com\/site\/wp-json\/wp\/v2\/tags?post=378963"}],"curies":[{"name":"wp","href":"https:\/\/api.w.org\/{rel}","templated":true}]}}