{"id":378966,"date":"2026-01-14T00:02:33","date_gmt":"2026-01-14T03:02:33","guid":{"rendered":"https:\/\/www.notibras.com\/site\/?p=378966"},"modified":"2026-01-14T07:14:59","modified_gmt":"2026-01-14T10:14:59","slug":"nordeste-liga-motores-para-o-desenvolvimento-em-2026","status":"publish","type":"post","link":"https:\/\/www.notibras.com\/site\/nordeste-liga-motores-para-o-desenvolvimento-em-2026\/","title":{"rendered":"Nordeste liga motores para o desenvolvimento em 2026"},"content":{"rendered":"<p>No cora\u00e7\u00e3o do Brasil, banhada pelo sol e pelo Atl\u00e2ntico, pulsa uma regi\u00e3o cuja hist\u00f3ria de desafios e conquistas ecoa na for\u00e7a de sua gente e na vitalidade de sua economia. O Nordeste brasileiro, por muito tempo lembrado sobretudo por suas adversidades clim\u00e1ticas e sociais, emerge agora como um protagonista cada vez mais firme no cen\u00e1rio econ\u00f4mico nacional \u2014 uma regi\u00e3o de pot\u00eancia econ\u00f4mica e not\u00e1vel resili\u00eancia.<\/p>\n<p>Segundo dados recentes da Superintend\u00eancia de Estudos Econ\u00f4micos e Sociais da Bahia, o Nordeste j\u00e1 representa cerca de 14% da atividade econ\u00f4mica do Brasil, carregando consigo quase um ter\u00e7o da popula\u00e7\u00e3o do pa\u00eds e mantendo uma base produtiva diversificada que combina agricultura, ind\u00fastria, com\u00e9rcio e servi\u00e7os.<\/p>\n<p>A economia nordestina n\u00e3o cresce apenas \u2014 ela se reinventa. Relat\u00f3rios econ\u00f4micos revelam uma trajet\u00f3ria de expans\u00e3o cont\u00ednua nos \u00faltimos anos, com segmentos que v\u00e3o desde o com\u00e9rcio e servi\u00e7os at\u00e9 nichos industriais e do agroneg\u00f3cio registrando desempenho consistente. Em 2024, o Nordeste apresentou crescimento econ\u00f4mico acima da m\u00e9dia nacional, impulsionado especialmente por estados como Pernambuco, Cear\u00e1 e Bahia.<\/p>\n<p>Mesmo em 2025, diante de um cen\u00e1rio macroecon\u00f4mico global desafiador \u2014 com juros elevados e incertezas fiscais \u2014 a regi\u00e3o demonstrou ampla resili\u00eancia: houve aumento real nos rendimentos m\u00e9dios, gera\u00e7\u00e3o de empregos formais e fortalecimento do mercado de trabalho.<\/p>\n<p>Uma das for\u00e7as mais s\u00f3lidas da regi\u00e3o \u00e9 a sua demografia. Com cerca de 80% da popula\u00e7\u00e3o em idade ativa, o Nordeste carrega um enorme potencial produtivo que, se mobilizado com pol\u00edticas p\u00fablicas eficazes e investimentos estrat\u00e9gicos, pode transformar a sua capacidade de gerar emprego, renda e inova\u00e7\u00e3o.<\/p>\n<p>Essa condi\u00e7\u00e3o demogr\u00e1fica representa n\u00e3o apenas n\u00fameros, mas um reservat\u00f3rio de energia criativa e empreendedora \u2014 jovens que impulsionam o mercado digital, t\u00e9cnicos que abastecem novas cadeias produtivas e comunidades inteiras reinterpretando a ideia de \u201cfazer crescer\u201d.<\/p>\n<p>Mas falar de crescimento nordestino \u00e9 falar tamb\u00e9m de resili\u00eancia \u2014 essa capacidade singular de se adaptar, resistir e dar a volta por cima mesmo quando os ventos parecem contr\u00e1rios. As varia\u00e7\u00f5es c\u00edclicas da atividade econ\u00f4mica \u2014 ora mais acelerada, ora mais moderada \u2014 refletem tanto a influ\u00eancia de fatores externos quanto as limita\u00e7\u00f5es internas da regi\u00e3o.<\/p>\n<p>Produtos agr\u00edcolas que desafiam o semi\u00e1rido, centros urbanos que se reinventam em polos de servi\u00e7os, ind\u00fastrias que se reconfiguram para competir em nichos diferenciados: tudo isso comp\u00f5e a narrativa de um Nordeste que n\u00e3o se curva, mas se prop\u00f5e a construir.<\/p>\n<p>\u00c0 medida que avan\u00e7amos em 2026, a regi\u00e3o se apresenta n\u00e3o apenas como um espa\u00e7o de crescimento geom\u00e9trico, mas como palco de uma transforma\u00e7\u00e3o estrutural \u2014 uma pot\u00eancia econ\u00f4mica em constru\u00e7\u00e3o, sustentada por pessoas, por pol\u00edticas p\u00fablicas inteligentes e por investimentos que come\u00e7am a encontrar sinergias entre infraestrutura, tecnologia e sustentabilidade.<\/p>\n<p>O Nordeste que cresce n\u00e3o \u00e9 fruto de um \u00fanico setor, nem de um \u00fanico impulso. Cresce porque aprendeu a olhar para seus desafios como pontos de partida, e n\u00e3o de chegada; porque juntou voca\u00e7\u00f5es econ\u00f4micas com uma ousadia cultural que sempre marcou seus cantos e suas hist\u00f3rias.<\/p>\n<p>Nesse cen\u00e1rio, ser Nordeste \u00e9, hoje, sin\u00f4nimo de resili\u00eancia que impulsiona progresso, esperan\u00e7a que cria oportunidades, e pot\u00eancia que inspira o Brasil a sonhar mais alto.<\/p>\n","protected":false},"excerpt":{"rendered":"<p>No cora\u00e7\u00e3o do Brasil, banhada pelo sol e pelo Atl\u00e2ntico, pulsa uma regi\u00e3o cuja hist\u00f3ria de desafios e conquistas ecoa na for\u00e7a de sua gente e na vitalidade de sua economia. O Nordeste brasileiro, por muito tempo lembrado sobretudo por suas adversidades clim\u00e1ticas e sociais, emerge agora como um protagonista cada vez mais firme no [&hellip;]<\/p>\n","protected":false},"author":2,"featured_media":370702,"comment_status":"closed","ping_status":"closed","sticky":false,"template":"","format":"standard","meta":{"_acf_changed":false,"footnotes":""},"categories":[165],"tags":[],"class_list":["post-378966","post","type-post","status-publish","format-standard","has-post-thumbnail","hentry","category-nordeste"],"acf":[],"yoast_head":"<!-- This site is optimized with the Yoast SEO plugin v27.2 - https:\/\/yoast.com\/product\/yoast-seo-wordpress\/ -->\n<title>Nordeste liga motores para o desenvolvimento em 2026 - Notibras<\/title>\n<meta name=\"robots\" content=\"index, follow, max-snippet:-1, max-image-preview:large, max-video-preview:-1\" \/>\n<link rel=\"canonical\" href=\"https:\/\/www.notibras.com\/site\/nordeste-liga-motores-para-o-desenvolvimento-em-2026\/\" \/>\n<meta property=\"og:locale\" content=\"pt_BR\" \/>\n<meta property=\"og:type\" content=\"article\" \/>\n<meta property=\"og:title\" content=\"Nordeste liga motores para o desenvolvimento em 2026 - Notibras\" \/>\n<meta property=\"og:description\" content=\"No cora\u00e7\u00e3o do Brasil, banhada pelo sol e pelo Atl\u00e2ntico, pulsa uma regi\u00e3o cuja hist\u00f3ria de desafios e conquistas ecoa na for\u00e7a de sua gente e na vitalidade de sua economia. O Nordeste brasileiro, por muito tempo lembrado sobretudo por suas adversidades clim\u00e1ticas e sociais, emerge agora como um protagonista cada vez mais firme no [&hellip;]\" \/>\n<meta property=\"og:url\" content=\"https:\/\/www.notibras.com\/site\/nordeste-liga-motores-para-o-desenvolvimento-em-2026\/\" \/>\n<meta property=\"og:site_name\" content=\"Notibras\" \/>\n<meta property=\"article:publisher\" content=\"https:\/\/www.facebook.com\/notibras\/\" \/>\n<meta property=\"article:published_time\" content=\"2026-01-14T03:02:33+00:00\" \/>\n<meta property=\"article:modified_time\" content=\"2026-01-14T10:14:59+00:00\" \/>\n<meta property=\"og:image\" content=\"https:\/\/www.notibras.com\/site\/wp-content\/uploads\/2025\/11\/usina_siderurgica_mascara_de_protecao_industria.webp\" \/>\n\t<meta property=\"og:image:width\" content=\"1170\" \/>\n\t<meta property=\"og:image:height\" content=\"700\" \/>\n\t<meta property=\"og:image:type\" content=\"image\/webp\" \/>\n<meta name=\"author\" content=\"Reda\u00e7\u00e3o\" \/>\n<meta name=\"twitter:card\" content=\"summary_large_image\" \/>\n<meta name=\"twitter:creator\" content=\"@Notibras\" \/>\n<meta name=\"twitter:site\" content=\"@Notibras\" \/>\n<meta name=\"twitter:label1\" content=\"Escrito por\" \/>\n\t<meta name=\"twitter:data1\" content=\"Reda\u00e7\u00e3o\" \/>\n\t<meta name=\"twitter:label2\" content=\"Est. tempo de leitura\" \/>\n\t<meta name=\"twitter:data2\" content=\"4 minutos\" \/>\n<script type=\"application\/ld+json\" class=\"yoast-schema-graph\">{\"@context\":\"https:\/\/schema.org\",\"@graph\":[{\"@type\":\"Article\",\"@id\":\"https:\/\/www.notibras.com\/site\/nordeste-liga-motores-para-o-desenvolvimento-em-2026\/#article\",\"isPartOf\":{\"@id\":\"https:\/\/www.notibras.com\/site\/nordeste-liga-motores-para-o-desenvolvimento-em-2026\/\"},\"author\":{\"name\":\"Reda\u00e7\u00e3o\",\"@id\":\"https:\/\/www.notibras.com\/site\/#\/schema\/person\/36ab0979449956132d3e5b517ea76ac8\"},\"headline\":\"Nordeste liga motores para o desenvolvimento em 2026\",\"datePublished\":\"2026-01-14T03:02:33+00:00\",\"dateModified\":\"2026-01-14T10:14:59+00:00\",\"mainEntityOfPage\":{\"@id\":\"https:\/\/www.notibras.com\/site\/nordeste-liga-motores-para-o-desenvolvimento-em-2026\/\"},\"wordCount\":599,\"publisher\":{\"@id\":\"https:\/\/www.notibras.com\/site\/#organization\"},\"image\":{\"@id\":\"https:\/\/www.notibras.com\/site\/nordeste-liga-motores-para-o-desenvolvimento-em-2026\/#primaryimage\"},\"thumbnailUrl\":\"https:\/\/www.notibras.com\/site\/wp-content\/uploads\/2025\/11\/usina_siderurgica_mascara_de_protecao_industria.webp\",\"articleSection\":[\"Nordeste\"],\"inLanguage\":\"pt-BR\"},{\"@type\":\"WebPage\",\"@id\":\"https:\/\/www.notibras.com\/site\/nordeste-liga-motores-para-o-desenvolvimento-em-2026\/\",\"url\":\"https:\/\/www.notibras.com\/site\/nordeste-liga-motores-para-o-desenvolvimento-em-2026\/\",\"name\":\"Nordeste liga motores para o desenvolvimento em 2026 - Notibras\",\"isPartOf\":{\"@id\":\"https:\/\/www.notibras.com\/site\/#website\"},\"primaryImageOfPage\":{\"@id\":\"https:\/\/www.notibras.com\/site\/nordeste-liga-motores-para-o-desenvolvimento-em-2026\/#primaryimage\"},\"image\":{\"@id\":\"https:\/\/www.notibras.com\/site\/nordeste-liga-motores-para-o-desenvolvimento-em-2026\/#primaryimage\"},\"thumbnailUrl\":\"https:\/\/www.notibras.com\/site\/wp-content\/uploads\/2025\/11\/usina_siderurgica_mascara_de_protecao_industria.webp\",\"datePublished\":\"2026-01-14T03:02:33+00:00\",\"dateModified\":\"2026-01-14T10:14:59+00:00\",\"breadcrumb\":{\"@id\":\"https:\/\/www.notibras.com\/site\/nordeste-liga-motores-para-o-desenvolvimento-em-2026\/#breadcrumb\"},\"inLanguage\":\"pt-BR\",\"potentialAction\":[{\"@type\":\"ReadAction\",\"target\":[\"https:\/\/www.notibras.com\/site\/nordeste-liga-motores-para-o-desenvolvimento-em-2026\/\"]}]},{\"@type\":\"ImageObject\",\"inLanguage\":\"pt-BR\",\"@id\":\"https:\/\/www.notibras.com\/site\/nordeste-liga-motores-para-o-desenvolvimento-em-2026\/#primaryimage\",\"url\":\"https:\/\/www.notibras.com\/site\/wp-content\/uploads\/2025\/11\/usina_siderurgica_mascara_de_protecao_industria.webp\",\"contentUrl\":\"https:\/\/www.notibras.com\/site\/wp-content\/uploads\/2025\/11\/usina_siderurgica_mascara_de_protecao_industria.webp\",\"width\":1170,\"height\":700},{\"@type\":\"BreadcrumbList\",\"@id\":\"https:\/\/www.notibras.com\/site\/nordeste-liga-motores-para-o-desenvolvimento-em-2026\/#breadcrumb\",\"itemListElement\":[{\"@type\":\"ListItem\",\"position\":1,\"name\":\"In\u00edcio\",\"item\":\"https:\/\/www.notibras.com\/site\/\"},{\"@type\":\"ListItem\",\"position\":2,\"name\":\"Nordeste liga motores para o desenvolvimento em 2026\"}]},{\"@type\":\"WebSite\",\"@id\":\"https:\/\/www.notibras.com\/site\/#website\",\"url\":\"https:\/\/www.notibras.com\/site\/\",\"name\":\"Notibras\",\"description\":\"Not\u00edcias de Bras\u00edlia, do Brasil e do Mundo\",\"publisher\":{\"@id\":\"https:\/\/www.notibras.com\/site\/#organization\"},\"potentialAction\":[{\"@type\":\"SearchAction\",\"target\":{\"@type\":\"EntryPoint\",\"urlTemplate\":\"https:\/\/www.notibras.com\/site\/?s={search_term_string}\"},\"query-input\":{\"@type\":\"PropertyValueSpecification\",\"valueRequired\":true,\"valueName\":\"search_term_string\"}}],\"inLanguage\":\"pt-BR\"},{\"@type\":\"Organization\",\"@id\":\"https:\/\/www.notibras.com\/site\/#organization\",\"name\":\"Grupo Notibras de Comunica\u00e7\u00e3o\",\"url\":\"https:\/\/www.notibras.com\/site\/\",\"logo\":{\"@type\":\"ImageObject\",\"inLanguage\":\"pt-BR\",\"@id\":\"https:\/\/www.notibras.com\/site\/#\/schema\/logo\/image\/\",\"url\":\"https:\/\/www.notibras.com\/site\/wp-content\/uploads\/2023\/01\/notibras23.png\",\"contentUrl\":\"https:\/\/www.notibras.com\/site\/wp-content\/uploads\/2023\/01\/notibras23.png\",\"width\":350,\"height\":87,\"caption\":\"Grupo Notibras de Comunica\u00e7\u00e3o\"},\"image\":{\"@id\":\"https:\/\/www.notibras.com\/site\/#\/schema\/logo\/image\/\"},\"sameAs\":[\"https:\/\/www.facebook.com\/notibras\/\",\"https:\/\/x.com\/Notibras\",\"https:\/\/www.instagram.com\/notibras\/\"]},{\"@type\":\"Person\",\"@id\":\"https:\/\/www.notibras.com\/site\/#\/schema\/person\/36ab0979449956132d3e5b517ea76ac8\",\"name\":\"Reda\u00e7\u00e3o\",\"image\":{\"@type\":\"ImageObject\",\"inLanguage\":\"pt-BR\",\"@id\":\"https:\/\/secure.gravatar.com\/avatar\/e0a867bdedb85fd243eadf09663511f96fc81e0720a4a42581f334ad4303aa6b?s=96&d=mm&r=g\",\"url\":\"https:\/\/secure.gravatar.com\/avatar\/e0a867bdedb85fd243eadf09663511f96fc81e0720a4a42581f334ad4303aa6b?s=96&d=mm&r=g\",\"contentUrl\":\"https:\/\/secure.gravatar.com\/avatar\/e0a867bdedb85fd243eadf09663511f96fc81e0720a4a42581f334ad4303aa6b?s=96&d=mm&r=g\",\"caption\":\"Reda\u00e7\u00e3o\"}}]}<\/script>\n<!-- \/ Yoast SEO plugin. -->","yoast_head_json":{"title":"Nordeste liga motores para o desenvolvimento em 2026 - Notibras","robots":{"index":"index","follow":"follow","max-snippet":"max-snippet:-1","max-image-preview":"max-image-preview:large","max-video-preview":"max-video-preview:-1"},"canonical":"https:\/\/www.notibras.com\/site\/nordeste-liga-motores-para-o-desenvolvimento-em-2026\/","og_locale":"pt_BR","og_type":"article","og_title":"Nordeste liga motores para o desenvolvimento em 2026 - Notibras","og_description":"No cora\u00e7\u00e3o do Brasil, banhada pelo sol e pelo Atl\u00e2ntico, pulsa uma regi\u00e3o cuja hist\u00f3ria de desafios e conquistas ecoa na for\u00e7a de sua gente e na vitalidade de sua economia. O Nordeste brasileiro, por muito tempo lembrado sobretudo por suas adversidades clim\u00e1ticas e sociais, emerge agora como um protagonista cada vez mais firme no [&hellip;]","og_url":"https:\/\/www.notibras.com\/site\/nordeste-liga-motores-para-o-desenvolvimento-em-2026\/","og_site_name":"Notibras","article_publisher":"https:\/\/www.facebook.com\/notibras\/","article_published_time":"2026-01-14T03:02:33+00:00","article_modified_time":"2026-01-14T10:14:59+00:00","og_image":[{"width":1170,"height":700,"url":"https:\/\/www.notibras.com\/site\/wp-content\/uploads\/2025\/11\/usina_siderurgica_mascara_de_protecao_industria.webp","type":"image\/webp"}],"author":"Reda\u00e7\u00e3o","twitter_card":"summary_large_image","twitter_creator":"@Notibras","twitter_site":"@Notibras","twitter_misc":{"Escrito por":"Reda\u00e7\u00e3o","Est. tempo de leitura":"4 minutos"},"schema":{"@context":"https:\/\/schema.org","@graph":[{"@type":"Article","@id":"https:\/\/www.notibras.com\/site\/nordeste-liga-motores-para-o-desenvolvimento-em-2026\/#article","isPartOf":{"@id":"https:\/\/www.notibras.com\/site\/nordeste-liga-motores-para-o-desenvolvimento-em-2026\/"},"author":{"name":"Reda\u00e7\u00e3o","@id":"https:\/\/www.notibras.com\/site\/#\/schema\/person\/36ab0979449956132d3e5b517ea76ac8"},"headline":"Nordeste liga motores para o desenvolvimento em 2026","datePublished":"2026-01-14T03:02:33+00:00","dateModified":"2026-01-14T10:14:59+00:00","mainEntityOfPage":{"@id":"https:\/\/www.notibras.com\/site\/nordeste-liga-motores-para-o-desenvolvimento-em-2026\/"},"wordCount":599,"publisher":{"@id":"https:\/\/www.notibras.com\/site\/#organization"},"image":{"@id":"https:\/\/www.notibras.com\/site\/nordeste-liga-motores-para-o-desenvolvimento-em-2026\/#primaryimage"},"thumbnailUrl":"https:\/\/www.notibras.com\/site\/wp-content\/uploads\/2025\/11\/usina_siderurgica_mascara_de_protecao_industria.webp","articleSection":["Nordeste"],"inLanguage":"pt-BR"},{"@type":"WebPage","@id":"https:\/\/www.notibras.com\/site\/nordeste-liga-motores-para-o-desenvolvimento-em-2026\/","url":"https:\/\/www.notibras.com\/site\/nordeste-liga-motores-para-o-desenvolvimento-em-2026\/","name":"Nordeste liga motores para o desenvolvimento em 2026 - Notibras","isPartOf":{"@id":"https:\/\/www.notibras.com\/site\/#website"},"primaryImageOfPage":{"@id":"https:\/\/www.notibras.com\/site\/nordeste-liga-motores-para-o-desenvolvimento-em-2026\/#primaryimage"},"image":{"@id":"https:\/\/www.notibras.com\/site\/nordeste-liga-motores-para-o-desenvolvimento-em-2026\/#primaryimage"},"thumbnailUrl":"https:\/\/www.notibras.com\/site\/wp-content\/uploads\/2025\/11\/usina_siderurgica_mascara_de_protecao_industria.webp","datePublished":"2026-01-14T03:02:33+00:00","dateModified":"2026-01-14T10:14:59+00:00","breadcrumb":{"@id":"https:\/\/www.notibras.com\/site\/nordeste-liga-motores-para-o-desenvolvimento-em-2026\/#breadcrumb"},"inLanguage":"pt-BR","potentialAction":[{"@type":"ReadAction","target":["https:\/\/www.notibras.com\/site\/nordeste-liga-motores-para-o-desenvolvimento-em-2026\/"]}]},{"@type":"ImageObject","inLanguage":"pt-BR","@id":"https:\/\/www.notibras.com\/site\/nordeste-liga-motores-para-o-desenvolvimento-em-2026\/#primaryimage","url":"https:\/\/www.notibras.com\/site\/wp-content\/uploads\/2025\/11\/usina_siderurgica_mascara_de_protecao_industria.webp","contentUrl":"https:\/\/www.notibras.com\/site\/wp-content\/uploads\/2025\/11\/usina_siderurgica_mascara_de_protecao_industria.webp","width":1170,"height":700},{"@type":"BreadcrumbList","@id":"https:\/\/www.notibras.com\/site\/nordeste-liga-motores-para-o-desenvolvimento-em-2026\/#breadcrumb","itemListElement":[{"@type":"ListItem","position":1,"name":"In\u00edcio","item":"https:\/\/www.notibras.com\/site\/"},{"@type":"ListItem","position":2,"name":"Nordeste liga motores para o desenvolvimento em 2026"}]},{"@type":"WebSite","@id":"https:\/\/www.notibras.com\/site\/#website","url":"https:\/\/www.notibras.com\/site\/","name":"Notibras","description":"Not\u00edcias de Bras\u00edlia, do Brasil e do Mundo","publisher":{"@id":"https:\/\/www.notibras.com\/site\/#organization"},"potentialAction":[{"@type":"SearchAction","target":{"@type":"EntryPoint","urlTemplate":"https:\/\/www.notibras.com\/site\/?s={search_term_string}"},"query-input":{"@type":"PropertyValueSpecification","valueRequired":true,"valueName":"search_term_string"}}],"inLanguage":"pt-BR"},{"@type":"Organization","@id":"https:\/\/www.notibras.com\/site\/#organization","name":"Grupo Notibras de Comunica\u00e7\u00e3o","url":"https:\/\/www.notibras.com\/site\/","logo":{"@type":"ImageObject","inLanguage":"pt-BR","@id":"https:\/\/www.notibras.com\/site\/#\/schema\/logo\/image\/","url":"https:\/\/www.notibras.com\/site\/wp-content\/uploads\/2023\/01\/notibras23.png","contentUrl":"https:\/\/www.notibras.com\/site\/wp-content\/uploads\/2023\/01\/notibras23.png","width":350,"height":87,"caption":"Grupo Notibras de Comunica\u00e7\u00e3o"},"image":{"@id":"https:\/\/www.notibras.com\/site\/#\/schema\/logo\/image\/"},"sameAs":["https:\/\/www.facebook.com\/notibras\/","https:\/\/x.com\/Notibras","https:\/\/www.instagram.com\/notibras\/"]},{"@type":"Person","@id":"https:\/\/www.notibras.com\/site\/#\/schema\/person\/36ab0979449956132d3e5b517ea76ac8","name":"Reda\u00e7\u00e3o","image":{"@type":"ImageObject","inLanguage":"pt-BR","@id":"https:\/\/secure.gravatar.com\/avatar\/e0a867bdedb85fd243eadf09663511f96fc81e0720a4a42581f334ad4303aa6b?s=96&d=mm&r=g","url":"https:\/\/secure.gravatar.com\/avatar\/e0a867bdedb85fd243eadf09663511f96fc81e0720a4a42581f334ad4303aa6b?s=96&d=mm&r=g","contentUrl":"https:\/\/secure.gravatar.com\/avatar\/e0a867bdedb85fd243eadf09663511f96fc81e0720a4a42581f334ad4303aa6b?s=96&d=mm&r=g","caption":"Reda\u00e7\u00e3o"}}]}},"amp_enabled":true,"_links":{"self":[{"href":"https:\/\/www.notibras.com\/site\/wp-json\/wp\/v2\/posts\/378966","targetHints":{"allow":["GET"]}}],"collection":[{"href":"https:\/\/www.notibras.com\/site\/wp-json\/wp\/v2\/posts"}],"about":[{"href":"https:\/\/www.notibras.com\/site\/wp-json\/wp\/v2\/types\/post"}],"author":[{"embeddable":true,"href":"https:\/\/www.notibras.com\/site\/wp-json\/wp\/v2\/users\/2"}],"replies":[{"embeddable":true,"href":"https:\/\/www.notibras.com\/site\/wp-json\/wp\/v2\/comments?post=378966"}],"version-history":[{"count":1,"href":"https:\/\/www.notibras.com\/site\/wp-json\/wp\/v2\/posts\/378966\/revisions"}],"predecessor-version":[{"id":378967,"href":"https:\/\/www.notibras.com\/site\/wp-json\/wp\/v2\/posts\/378966\/revisions\/378967"}],"wp:featuredmedia":[{"embeddable":true,"href":"https:\/\/www.notibras.com\/site\/wp-json\/wp\/v2\/media\/370702"}],"wp:attachment":[{"href":"https:\/\/www.notibras.com\/site\/wp-json\/wp\/v2\/media?parent=378966"}],"wp:term":[{"taxonomy":"category","embeddable":true,"href":"https:\/\/www.notibras.com\/site\/wp-json\/wp\/v2\/categories?post=378966"},{"taxonomy":"post_tag","embeddable":true,"href":"https:\/\/www.notibras.com\/site\/wp-json\/wp\/v2\/tags?post=378966"}],"curies":[{"name":"wp","href":"https:\/\/api.w.org\/{rel}","templated":true}]}}