{"id":378968,"date":"2026-01-14T00:17:14","date_gmt":"2026-01-14T03:17:14","guid":{"rendered":"https:\/\/www.notibras.com\/site\/?p=378968"},"modified":"2026-01-14T07:19:24","modified_gmt":"2026-01-14T10:19:24","slug":"proibida-instalacao-de-kits-de-praia-no-porto-da-barra","status":"publish","type":"post","link":"https:\/\/www.notibras.com\/site\/proibida-instalacao-de-kits-de-praia-no-porto-da-barra\/","title":{"rendered":"Proibida instala\u00e7\u00e3o de kits de praia no Porto da Barra"},"content":{"rendered":"<p>A Prefeitura de Salvador sancionou a lei que pro\u00edbe a coloca\u00e7\u00e3o antecipada de kits de praia na faixa de areia do Porto da Barra, um dos maiores pontos tur\u00edsticos da cidade.<\/p>\n<p>Diante da san\u00e7\u00e3o, os barraqueiros s\u00f3 poder\u00e3o instalar os kits com cadeiras de praia, guarda-s\u00f3is e outros equipamentos mediante a solicita\u00e7\u00e3o pr\u00e9via dos clientes. Em caso de descumprimento da determina\u00e7\u00e3o, a lei prev\u00ea as seguintes penalidades:<\/p>\n<p>* advert\u00eancia;<br \/>\n* multa;<br \/>\n* apreens\u00e3o dos equipamentos;<br \/>\n* suspens\u00e3o da permiss\u00e3o ou concess\u00e3o.<\/p>\n<p>Al\u00e9m disso, em caso da instala\u00e7\u00e3o dos kits de praia em desacordo com a lei, os clientes poder\u00e3o utilizar os equipamentos sem a necessidade de pagar qualquer valor, inclusive taxas de consuma\u00e7\u00e3o \u2014 pr\u00e1tica j\u00e1 proibida pelo C\u00f3digo de Defesa do Consumidor (CDC).<\/p>\n<p>O texto da lei vem sendo discutido desde o in\u00edcio de 2025 e o projeto da legisla\u00e7\u00e3o foi aprovado pela C\u00e2mara Municipal em outubro do ano passado.<\/p>\n<p>Em janeiro de 2025, a Prefeitura de Salvador j\u00e1 havia definido, por meio da Secretaria Municipal de Ordem P\u00fablica (Semop), que os kits s\u00f3 poderiam ser disponibilizados por demanda. A decis\u00e3o foi divulgada ap\u00f3s um v\u00eddeo viralizar nas redes, no qual um banhista afirmou que a praia estaria sendo privatizada devido \u00e0 quantidade de cadeiras na faixa de areia e a falta de espa\u00e7o.<\/p>\n","protected":false},"excerpt":{"rendered":"<p>A Prefeitura de Salvador sancionou a lei que pro\u00edbe a coloca\u00e7\u00e3o antecipada de kits de praia na faixa de areia do Porto da Barra, um dos maiores pontos tur\u00edsticos da cidade. Diante da san\u00e7\u00e3o, os barraqueiros s\u00f3 poder\u00e3o instalar os kits com cadeiras de praia, guarda-s\u00f3is e outros equipamentos mediante a solicita\u00e7\u00e3o pr\u00e9via dos clientes. [&hellip;]<\/p>\n","protected":false},"author":2,"featured_media":378969,"comment_status":"closed","ping_status":"closed","sticky":false,"template":"","format":"standard","meta":{"_acf_changed":false,"footnotes":""},"categories":[165],"tags":[],"class_list":["post-378968","post","type-post","status-publish","format-standard","has-post-thumbnail","hentry","category-nordeste"],"acf":[],"yoast_head":"<!-- This site is optimized with the Yoast SEO plugin v27.2 - https:\/\/yoast.com\/product\/yoast-seo-wordpress\/ -->\n<title>Proibida instala\u00e7\u00e3o de kits de praia no Porto da Barra - Notibras<\/title>\n<meta name=\"robots\" content=\"index, follow, max-snippet:-1, max-image-preview:large, max-video-preview:-1\" \/>\n<link rel=\"canonical\" href=\"https:\/\/www.notibras.com\/site\/proibida-instalacao-de-kits-de-praia-no-porto-da-barra\/\" \/>\n<meta property=\"og:locale\" content=\"pt_BR\" \/>\n<meta property=\"og:type\" content=\"article\" \/>\n<meta property=\"og:title\" content=\"Proibida instala\u00e7\u00e3o de kits de praia no Porto da Barra - Notibras\" \/>\n<meta property=\"og:description\" content=\"A Prefeitura de Salvador sancionou a lei que pro\u00edbe a coloca\u00e7\u00e3o antecipada de kits de praia na faixa de areia do Porto da Barra, um dos maiores pontos tur\u00edsticos da cidade. Diante da san\u00e7\u00e3o, os barraqueiros s\u00f3 poder\u00e3o instalar os kits com cadeiras de praia, guarda-s\u00f3is e outros equipamentos mediante a solicita\u00e7\u00e3o pr\u00e9via dos clientes. [&hellip;]\" \/>\n<meta property=\"og:url\" content=\"https:\/\/www.notibras.com\/site\/proibida-instalacao-de-kits-de-praia-no-porto-da-barra\/\" \/>\n<meta property=\"og:site_name\" content=\"Notibras\" \/>\n<meta property=\"article:publisher\" content=\"https:\/\/www.facebook.com\/notibras\/\" \/>\n<meta property=\"article:published_time\" content=\"2026-01-14T03:17:14+00:00\" \/>\n<meta property=\"article:modified_time\" content=\"2026-01-14T10:19:24+00:00\" \/>\n<meta property=\"og:image\" content=\"https:\/\/www.notibras.com\/site\/wp-content\/uploads\/2026\/01\/d4cedad2-f636-47c6-a5fe-64a72c3704f2.jpg\" \/>\n\t<meta property=\"og:image:width\" content=\"984\" \/>\n\t<meta property=\"og:image:height\" content=\"590\" \/>\n\t<meta property=\"og:image:type\" content=\"image\/jpeg\" \/>\n<meta name=\"author\" content=\"Reda\u00e7\u00e3o\" \/>\n<meta name=\"twitter:card\" content=\"summary_large_image\" \/>\n<meta name=\"twitter:creator\" content=\"@Notibras\" \/>\n<meta name=\"twitter:site\" content=\"@Notibras\" \/>\n<meta name=\"twitter:label1\" content=\"Escrito por\" \/>\n\t<meta name=\"twitter:data1\" content=\"Reda\u00e7\u00e3o\" \/>\n\t<meta name=\"twitter:label2\" content=\"Est. tempo de leitura\" \/>\n\t<meta name=\"twitter:data2\" content=\"2 minutos\" \/>\n<script type=\"application\/ld+json\" class=\"yoast-schema-graph\">{\"@context\":\"https:\/\/schema.org\",\"@graph\":[{\"@type\":\"Article\",\"@id\":\"https:\/\/www.notibras.com\/site\/proibida-instalacao-de-kits-de-praia-no-porto-da-barra\/#article\",\"isPartOf\":{\"@id\":\"https:\/\/www.notibras.com\/site\/proibida-instalacao-de-kits-de-praia-no-porto-da-barra\/\"},\"author\":{\"name\":\"Reda\u00e7\u00e3o\",\"@id\":\"https:\/\/www.notibras.com\/site\/#\/schema\/person\/36ab0979449956132d3e5b517ea76ac8\"},\"headline\":\"Proibida instala\u00e7\u00e3o de kits de praia no Porto da Barra\",\"datePublished\":\"2026-01-14T03:17:14+00:00\",\"dateModified\":\"2026-01-14T10:19:24+00:00\",\"mainEntityOfPage\":{\"@id\":\"https:\/\/www.notibras.com\/site\/proibida-instalacao-de-kits-de-praia-no-porto-da-barra\/\"},\"wordCount\":246,\"publisher\":{\"@id\":\"https:\/\/www.notibras.com\/site\/#organization\"},\"image\":{\"@id\":\"https:\/\/www.notibras.com\/site\/proibida-instalacao-de-kits-de-praia-no-porto-da-barra\/#primaryimage\"},\"thumbnailUrl\":\"https:\/\/www.notibras.com\/site\/wp-content\/uploads\/2026\/01\/d4cedad2-f636-47c6-a5fe-64a72c3704f2.jpg\",\"articleSection\":[\"Nordeste\"],\"inLanguage\":\"pt-BR\"},{\"@type\":\"WebPage\",\"@id\":\"https:\/\/www.notibras.com\/site\/proibida-instalacao-de-kits-de-praia-no-porto-da-barra\/\",\"url\":\"https:\/\/www.notibras.com\/site\/proibida-instalacao-de-kits-de-praia-no-porto-da-barra\/\",\"name\":\"Proibida instala\u00e7\u00e3o de kits de praia no Porto da Barra - Notibras\",\"isPartOf\":{\"@id\":\"https:\/\/www.notibras.com\/site\/#website\"},\"primaryImageOfPage\":{\"@id\":\"https:\/\/www.notibras.com\/site\/proibida-instalacao-de-kits-de-praia-no-porto-da-barra\/#primaryimage\"},\"image\":{\"@id\":\"https:\/\/www.notibras.com\/site\/proibida-instalacao-de-kits-de-praia-no-porto-da-barra\/#primaryimage\"},\"thumbnailUrl\":\"https:\/\/www.notibras.com\/site\/wp-content\/uploads\/2026\/01\/d4cedad2-f636-47c6-a5fe-64a72c3704f2.jpg\",\"datePublished\":\"2026-01-14T03:17:14+00:00\",\"dateModified\":\"2026-01-14T10:19:24+00:00\",\"breadcrumb\":{\"@id\":\"https:\/\/www.notibras.com\/site\/proibida-instalacao-de-kits-de-praia-no-porto-da-barra\/#breadcrumb\"},\"inLanguage\":\"pt-BR\",\"potentialAction\":[{\"@type\":\"ReadAction\",\"target\":[\"https:\/\/www.notibras.com\/site\/proibida-instalacao-de-kits-de-praia-no-porto-da-barra\/\"]}]},{\"@type\":\"ImageObject\",\"inLanguage\":\"pt-BR\",\"@id\":\"https:\/\/www.notibras.com\/site\/proibida-instalacao-de-kits-de-praia-no-porto-da-barra\/#primaryimage\",\"url\":\"https:\/\/www.notibras.com\/site\/wp-content\/uploads\/2026\/01\/d4cedad2-f636-47c6-a5fe-64a72c3704f2.jpg\",\"contentUrl\":\"https:\/\/www.notibras.com\/site\/wp-content\/uploads\/2026\/01\/d4cedad2-f636-47c6-a5fe-64a72c3704f2.jpg\",\"width\":984,\"height\":590},{\"@type\":\"BreadcrumbList\",\"@id\":\"https:\/\/www.notibras.com\/site\/proibida-instalacao-de-kits-de-praia-no-porto-da-barra\/#breadcrumb\",\"itemListElement\":[{\"@type\":\"ListItem\",\"position\":1,\"name\":\"In\u00edcio\",\"item\":\"https:\/\/www.notibras.com\/site\/\"},{\"@type\":\"ListItem\",\"position\":2,\"name\":\"Proibida instala\u00e7\u00e3o de kits de praia no Porto da Barra\"}]},{\"@type\":\"WebSite\",\"@id\":\"https:\/\/www.notibras.com\/site\/#website\",\"url\":\"https:\/\/www.notibras.com\/site\/\",\"name\":\"Notibras\",\"description\":\"Not\u00edcias de Bras\u00edlia, do Brasil e do Mundo\",\"publisher\":{\"@id\":\"https:\/\/www.notibras.com\/site\/#organization\"},\"potentialAction\":[{\"@type\":\"SearchAction\",\"target\":{\"@type\":\"EntryPoint\",\"urlTemplate\":\"https:\/\/www.notibras.com\/site\/?s={search_term_string}\"},\"query-input\":{\"@type\":\"PropertyValueSpecification\",\"valueRequired\":true,\"valueName\":\"search_term_string\"}}],\"inLanguage\":\"pt-BR\"},{\"@type\":\"Organization\",\"@id\":\"https:\/\/www.notibras.com\/site\/#organization\",\"name\":\"Grupo Notibras de Comunica\u00e7\u00e3o\",\"url\":\"https:\/\/www.notibras.com\/site\/\",\"logo\":{\"@type\":\"ImageObject\",\"inLanguage\":\"pt-BR\",\"@id\":\"https:\/\/www.notibras.com\/site\/#\/schema\/logo\/image\/\",\"url\":\"https:\/\/www.notibras.com\/site\/wp-content\/uploads\/2023\/01\/notibras23.png\",\"contentUrl\":\"https:\/\/www.notibras.com\/site\/wp-content\/uploads\/2023\/01\/notibras23.png\",\"width\":350,\"height\":87,\"caption\":\"Grupo Notibras de Comunica\u00e7\u00e3o\"},\"image\":{\"@id\":\"https:\/\/www.notibras.com\/site\/#\/schema\/logo\/image\/\"},\"sameAs\":[\"https:\/\/www.facebook.com\/notibras\/\",\"https:\/\/x.com\/Notibras\",\"https:\/\/www.instagram.com\/notibras\/\"]},{\"@type\":\"Person\",\"@id\":\"https:\/\/www.notibras.com\/site\/#\/schema\/person\/36ab0979449956132d3e5b517ea76ac8\",\"name\":\"Reda\u00e7\u00e3o\",\"image\":{\"@type\":\"ImageObject\",\"inLanguage\":\"pt-BR\",\"@id\":\"https:\/\/secure.gravatar.com\/avatar\/e0a867bdedb85fd243eadf09663511f96fc81e0720a4a42581f334ad4303aa6b?s=96&d=mm&r=g\",\"url\":\"https:\/\/secure.gravatar.com\/avatar\/e0a867bdedb85fd243eadf09663511f96fc81e0720a4a42581f334ad4303aa6b?s=96&d=mm&r=g\",\"contentUrl\":\"https:\/\/secure.gravatar.com\/avatar\/e0a867bdedb85fd243eadf09663511f96fc81e0720a4a42581f334ad4303aa6b?s=96&d=mm&r=g\",\"caption\":\"Reda\u00e7\u00e3o\"}}]}<\/script>\n<!-- \/ Yoast SEO plugin. -->","yoast_head_json":{"title":"Proibida instala\u00e7\u00e3o de kits de praia no Porto da Barra - Notibras","robots":{"index":"index","follow":"follow","max-snippet":"max-snippet:-1","max-image-preview":"max-image-preview:large","max-video-preview":"max-video-preview:-1"},"canonical":"https:\/\/www.notibras.com\/site\/proibida-instalacao-de-kits-de-praia-no-porto-da-barra\/","og_locale":"pt_BR","og_type":"article","og_title":"Proibida instala\u00e7\u00e3o de kits de praia no Porto da Barra - Notibras","og_description":"A Prefeitura de Salvador sancionou a lei que pro\u00edbe a coloca\u00e7\u00e3o antecipada de kits de praia na faixa de areia do Porto da Barra, um dos maiores pontos tur\u00edsticos da cidade. Diante da san\u00e7\u00e3o, os barraqueiros s\u00f3 poder\u00e3o instalar os kits com cadeiras de praia, guarda-s\u00f3is e outros equipamentos mediante a solicita\u00e7\u00e3o pr\u00e9via dos clientes. [&hellip;]","og_url":"https:\/\/www.notibras.com\/site\/proibida-instalacao-de-kits-de-praia-no-porto-da-barra\/","og_site_name":"Notibras","article_publisher":"https:\/\/www.facebook.com\/notibras\/","article_published_time":"2026-01-14T03:17:14+00:00","article_modified_time":"2026-01-14T10:19:24+00:00","og_image":[{"width":984,"height":590,"url":"https:\/\/www.notibras.com\/site\/wp-content\/uploads\/2026\/01\/d4cedad2-f636-47c6-a5fe-64a72c3704f2.jpg","type":"image\/jpeg"}],"author":"Reda\u00e7\u00e3o","twitter_card":"summary_large_image","twitter_creator":"@Notibras","twitter_site":"@Notibras","twitter_misc":{"Escrito por":"Reda\u00e7\u00e3o","Est. tempo de leitura":"2 minutos"},"schema":{"@context":"https:\/\/schema.org","@graph":[{"@type":"Article","@id":"https:\/\/www.notibras.com\/site\/proibida-instalacao-de-kits-de-praia-no-porto-da-barra\/#article","isPartOf":{"@id":"https:\/\/www.notibras.com\/site\/proibida-instalacao-de-kits-de-praia-no-porto-da-barra\/"},"author":{"name":"Reda\u00e7\u00e3o","@id":"https:\/\/www.notibras.com\/site\/#\/schema\/person\/36ab0979449956132d3e5b517ea76ac8"},"headline":"Proibida instala\u00e7\u00e3o de kits de praia no Porto da Barra","datePublished":"2026-01-14T03:17:14+00:00","dateModified":"2026-01-14T10:19:24+00:00","mainEntityOfPage":{"@id":"https:\/\/www.notibras.com\/site\/proibida-instalacao-de-kits-de-praia-no-porto-da-barra\/"},"wordCount":246,"publisher":{"@id":"https:\/\/www.notibras.com\/site\/#organization"},"image":{"@id":"https:\/\/www.notibras.com\/site\/proibida-instalacao-de-kits-de-praia-no-porto-da-barra\/#primaryimage"},"thumbnailUrl":"https:\/\/www.notibras.com\/site\/wp-content\/uploads\/2026\/01\/d4cedad2-f636-47c6-a5fe-64a72c3704f2.jpg","articleSection":["Nordeste"],"inLanguage":"pt-BR"},{"@type":"WebPage","@id":"https:\/\/www.notibras.com\/site\/proibida-instalacao-de-kits-de-praia-no-porto-da-barra\/","url":"https:\/\/www.notibras.com\/site\/proibida-instalacao-de-kits-de-praia-no-porto-da-barra\/","name":"Proibida instala\u00e7\u00e3o de kits de praia no Porto da Barra - Notibras","isPartOf":{"@id":"https:\/\/www.notibras.com\/site\/#website"},"primaryImageOfPage":{"@id":"https:\/\/www.notibras.com\/site\/proibida-instalacao-de-kits-de-praia-no-porto-da-barra\/#primaryimage"},"image":{"@id":"https:\/\/www.notibras.com\/site\/proibida-instalacao-de-kits-de-praia-no-porto-da-barra\/#primaryimage"},"thumbnailUrl":"https:\/\/www.notibras.com\/site\/wp-content\/uploads\/2026\/01\/d4cedad2-f636-47c6-a5fe-64a72c3704f2.jpg","datePublished":"2026-01-14T03:17:14+00:00","dateModified":"2026-01-14T10:19:24+00:00","breadcrumb":{"@id":"https:\/\/www.notibras.com\/site\/proibida-instalacao-de-kits-de-praia-no-porto-da-barra\/#breadcrumb"},"inLanguage":"pt-BR","potentialAction":[{"@type":"ReadAction","target":["https:\/\/www.notibras.com\/site\/proibida-instalacao-de-kits-de-praia-no-porto-da-barra\/"]}]},{"@type":"ImageObject","inLanguage":"pt-BR","@id":"https:\/\/www.notibras.com\/site\/proibida-instalacao-de-kits-de-praia-no-porto-da-barra\/#primaryimage","url":"https:\/\/www.notibras.com\/site\/wp-content\/uploads\/2026\/01\/d4cedad2-f636-47c6-a5fe-64a72c3704f2.jpg","contentUrl":"https:\/\/www.notibras.com\/site\/wp-content\/uploads\/2026\/01\/d4cedad2-f636-47c6-a5fe-64a72c3704f2.jpg","width":984,"height":590},{"@type":"BreadcrumbList","@id":"https:\/\/www.notibras.com\/site\/proibida-instalacao-de-kits-de-praia-no-porto-da-barra\/#breadcrumb","itemListElement":[{"@type":"ListItem","position":1,"name":"In\u00edcio","item":"https:\/\/www.notibras.com\/site\/"},{"@type":"ListItem","position":2,"name":"Proibida instala\u00e7\u00e3o de kits de praia no Porto da Barra"}]},{"@type":"WebSite","@id":"https:\/\/www.notibras.com\/site\/#website","url":"https:\/\/www.notibras.com\/site\/","name":"Notibras","description":"Not\u00edcias de Bras\u00edlia, do Brasil e do Mundo","publisher":{"@id":"https:\/\/www.notibras.com\/site\/#organization"},"potentialAction":[{"@type":"SearchAction","target":{"@type":"EntryPoint","urlTemplate":"https:\/\/www.notibras.com\/site\/?s={search_term_string}"},"query-input":{"@type":"PropertyValueSpecification","valueRequired":true,"valueName":"search_term_string"}}],"inLanguage":"pt-BR"},{"@type":"Organization","@id":"https:\/\/www.notibras.com\/site\/#organization","name":"Grupo Notibras de Comunica\u00e7\u00e3o","url":"https:\/\/www.notibras.com\/site\/","logo":{"@type":"ImageObject","inLanguage":"pt-BR","@id":"https:\/\/www.notibras.com\/site\/#\/schema\/logo\/image\/","url":"https:\/\/www.notibras.com\/site\/wp-content\/uploads\/2023\/01\/notibras23.png","contentUrl":"https:\/\/www.notibras.com\/site\/wp-content\/uploads\/2023\/01\/notibras23.png","width":350,"height":87,"caption":"Grupo Notibras de Comunica\u00e7\u00e3o"},"image":{"@id":"https:\/\/www.notibras.com\/site\/#\/schema\/logo\/image\/"},"sameAs":["https:\/\/www.facebook.com\/notibras\/","https:\/\/x.com\/Notibras","https:\/\/www.instagram.com\/notibras\/"]},{"@type":"Person","@id":"https:\/\/www.notibras.com\/site\/#\/schema\/person\/36ab0979449956132d3e5b517ea76ac8","name":"Reda\u00e7\u00e3o","image":{"@type":"ImageObject","inLanguage":"pt-BR","@id":"https:\/\/secure.gravatar.com\/avatar\/e0a867bdedb85fd243eadf09663511f96fc81e0720a4a42581f334ad4303aa6b?s=96&d=mm&r=g","url":"https:\/\/secure.gravatar.com\/avatar\/e0a867bdedb85fd243eadf09663511f96fc81e0720a4a42581f334ad4303aa6b?s=96&d=mm&r=g","contentUrl":"https:\/\/secure.gravatar.com\/avatar\/e0a867bdedb85fd243eadf09663511f96fc81e0720a4a42581f334ad4303aa6b?s=96&d=mm&r=g","caption":"Reda\u00e7\u00e3o"}}]}},"amp_enabled":true,"_links":{"self":[{"href":"https:\/\/www.notibras.com\/site\/wp-json\/wp\/v2\/posts\/378968","targetHints":{"allow":["GET"]}}],"collection":[{"href":"https:\/\/www.notibras.com\/site\/wp-json\/wp\/v2\/posts"}],"about":[{"href":"https:\/\/www.notibras.com\/site\/wp-json\/wp\/v2\/types\/post"}],"author":[{"embeddable":true,"href":"https:\/\/www.notibras.com\/site\/wp-json\/wp\/v2\/users\/2"}],"replies":[{"embeddable":true,"href":"https:\/\/www.notibras.com\/site\/wp-json\/wp\/v2\/comments?post=378968"}],"version-history":[{"count":1,"href":"https:\/\/www.notibras.com\/site\/wp-json\/wp\/v2\/posts\/378968\/revisions"}],"predecessor-version":[{"id":378970,"href":"https:\/\/www.notibras.com\/site\/wp-json\/wp\/v2\/posts\/378968\/revisions\/378970"}],"wp:featuredmedia":[{"embeddable":true,"href":"https:\/\/www.notibras.com\/site\/wp-json\/wp\/v2\/media\/378969"}],"wp:attachment":[{"href":"https:\/\/www.notibras.com\/site\/wp-json\/wp\/v2\/media?parent=378968"}],"wp:term":[{"taxonomy":"category","embeddable":true,"href":"https:\/\/www.notibras.com\/site\/wp-json\/wp\/v2\/categories?post=378968"},{"taxonomy":"post_tag","embeddable":true,"href":"https:\/\/www.notibras.com\/site\/wp-json\/wp\/v2\/tags?post=378968"}],"curies":[{"name":"wp","href":"https:\/\/api.w.org\/{rel}","templated":true}]}}