{"id":378982,"date":"2026-01-14T11:19:43","date_gmt":"2026-01-14T14:19:43","guid":{"rendered":"https:\/\/www.notibras.com\/site\/?p=378982"},"modified":"2026-01-14T12:48:50","modified_gmt":"2026-01-14T15:48:50","slug":"flavio-busca-um-nome-nordestino-contra-o-favoritismo-de-lula","status":"publish","type":"post","link":"https:\/\/www.notibras.com\/site\/flavio-busca-um-nome-nordestino-contra-o-favoritismo-de-lula\/","title":{"rendered":"Fl\u00e1vio busca um nome nordestino contra o favoritismo de Lula"},"content":{"rendered":"<p>Se as elei\u00e7\u00f5es presidenciais de 2026 fossem realizadas hoje, o presidente Luiz In\u00e1cio Lula da Silva poderia, sem exagero, mandar confeccionar com anteced\u00eancia o terno da posse para um eventual quarto mandato. \u00c9 o que indica a mais recente pesquisa<em> Genial\/Quaest<\/em>, divulgada nesta quarta-feira, 14, que desenha um cen\u00e1rio amplamente favor\u00e1vel ao petista, sobretudo no Nordeste \u2014 regi\u00e3o que, mais uma vez, se consolida como pilar decisivo de sua for\u00e7a eleitoral.<\/p>\n<p>De acordo com o levantamento, Lula lidera com folga no Nordeste, onde aparece com 60% das inten\u00e7\u00f5es de voto. Fl\u00e1vio Bolsonaro, apontado como principal herdeiro eleitoral do ex-presidente Jair Bolsonaro, registra apenas 13%. Mesmo a soma dos demais nomes ventilados no campo da direita \u2014 Tarc\u00edsio de Freitas (5%), Ratinho Jr. (3%), Romeu Zema (1%) e Ronaldo Caiado (1%) \u2014 alcan\u00e7a somente 23%. Em termos eleitorais, trata-se de um desempenho que n\u00e3o permite sequer \u201cdar a largada\u201d numa disputa regional historicamente decisiva.<\/p>\n<p>Esse quadro explica a corrida silenciosa, mas intensa, dos bolsonaristas por um nome forte para compor a chapa como vice de Fl\u00e1vio Bolsonaro, numa tentativa de romper a hegemonia lulista no Nordeste ou, ao menos, reduzir danos. Entre os nomes mais citados est\u00e3o ACM Neto (Uni\u00e3o Brasil), ex-prefeito de Salvador; a governadora de Pernambuco, Raquel Lyra (Solidariedade); e o senador piauiense Ciro Nogueira (PP), figura experiente no xadrez pol\u00edtico nacional e com tr\u00e2nsito no Centr\u00e3o.<\/p>\n<p>O que anima o campo bolsonarista s\u00e3o os indicadores de avalia\u00e7\u00e3o do governo federal. A reprova\u00e7\u00e3o do governo Lula se aproxima da marca simb\u00f3lica de 50%, um dado que mant\u00e9m viva a aposta de que o desgaste administrativo possa, ao longo do tempo, corroer a vantagem eleitoral do presidente. Hoje, 39% dos entrevistados classificam a gest\u00e3o como negativa, enquanto 32% a avaliam como positiva. Outros 27% consideram o governo regular.<\/p>\n<p>A compara\u00e7\u00e3o com os mandatos anteriores de Lula tamb\u00e9m revela sinais de alerta para o Planalto. Para 43% dos entrevistados, o atual governo \u00e9 pior do que os anteriores. Apenas 21% afirmam que \u00e9 melhor. Outros 21% avaliam como igual \u201cporque j\u00e1 esperavam que fosse bom\u201d, enquanto 11% dizem ser igual \u201cporque j\u00e1 esperavam que fosse ruim\u201d. Os n\u00fameros indicam que o capital simb\u00f3lico do lulismo segue relevante, mas j\u00e1 n\u00e3o \u00e9 imune a frustra\u00e7\u00f5es e cobran\u00e7as.<\/p>\n<p>Regionalmente, a direita encontra terreno mais favor\u00e1vel no Sul, onde mant\u00e9m vantagem, enquanto Sudeste e Centro-Oeste aparecem em empate t\u00e9cnico \u2014 regi\u00f5es estrat\u00e9gicas para qualquer projeto eleitoral competitivo. Ainda assim, a matem\u00e1tica eleitoral segue implac\u00e1vel: sem reduzir de forma significativa a desvantagem no Nordeste, qualquer candidatura de oposi\u00e7\u00e3o parte em n\u00edtida desvantagem.<\/p>\n<p>O cen\u00e1rio tra\u00e7ado pela <em>Genial\/Quaest<\/em> aponta para uma elei\u00e7\u00e3o menos definida do que os n\u00fameros nacionais sugerem \u00e0 primeira vista, mas com um dado incontorn\u00e1vel: Lula continua largando na frente, com o peso do voto dos nordestinos, e a oposi\u00e7\u00e3o aposta no desgaste do governo e na reorganiza\u00e7\u00e3o de alian\u00e7as. J\u00e1 o presidente se ancora na for\u00e7a regional e no legado pol\u00edtico. At\u00e9 outubro, por\u00e9m, muita \u00e1gua ainda passar\u00e1 por baixo da ponte. Por ora, contudo, o favoritismo tem endere\u00e7o conhecido.<\/p>\n<p>&#8230;&#8230;&#8230;&#8230;&#8230;&#8230;.<\/p>\n<p><strong>Marta Nobre \u00e9 Editora Executiva de Notibras<\/strong><\/p>\n","protected":false},"excerpt":{"rendered":"<p>Se as elei\u00e7\u00f5es presidenciais de 2026 fossem realizadas hoje, o presidente Luiz In\u00e1cio Lula da Silva poderia, sem exagero, mandar confeccionar com anteced\u00eancia o terno da posse para um eventual quarto mandato. \u00c9 o que indica a mais recente pesquisa Genial\/Quaest, divulgada nesta quarta-feira, 14, que desenha um cen\u00e1rio amplamente favor\u00e1vel ao petista, sobretudo no [&hellip;]<\/p>\n","protected":false},"author":2,"featured_media":207667,"comment_status":"closed","ping_status":"closed","sticky":false,"template":"","format":"standard","meta":{"_acf_changed":false,"footnotes":""},"categories":[16],"tags":[95],"class_list":["post-378982","post","type-post","status-publish","format-standard","has-post-thumbnail","hentry","category-brasil","tag-capa"],"acf":[],"yoast_head":"<!-- This site is optimized with the Yoast SEO plugin v27.2 - https:\/\/yoast.com\/product\/yoast-seo-wordpress\/ -->\n<title>Fl\u00e1vio busca um nome nordestino contra o favoritismo de Lula - Notibras<\/title>\n<meta name=\"robots\" content=\"index, follow, max-snippet:-1, max-image-preview:large, max-video-preview:-1\" \/>\n<link rel=\"canonical\" href=\"https:\/\/www.notibras.com\/site\/flavio-busca-um-nome-nordestino-contra-o-favoritismo-de-lula\/\" \/>\n<meta property=\"og:locale\" content=\"pt_BR\" \/>\n<meta property=\"og:type\" content=\"article\" \/>\n<meta property=\"og:title\" content=\"Fl\u00e1vio busca um nome nordestino contra o favoritismo de Lula - Notibras\" \/>\n<meta property=\"og:description\" content=\"Se as elei\u00e7\u00f5es presidenciais de 2026 fossem realizadas hoje, o presidente Luiz In\u00e1cio Lula da Silva poderia, sem exagero, mandar confeccionar com anteced\u00eancia o terno da posse para um eventual quarto mandato. \u00c9 o que indica a mais recente pesquisa Genial\/Quaest, divulgada nesta quarta-feira, 14, que desenha um cen\u00e1rio amplamente favor\u00e1vel ao petista, sobretudo no [&hellip;]\" \/>\n<meta property=\"og:url\" content=\"https:\/\/www.notibras.com\/site\/flavio-busca-um-nome-nordestino-contra-o-favoritismo-de-lula\/\" \/>\n<meta property=\"og:site_name\" content=\"Notibras\" \/>\n<meta property=\"article:publisher\" content=\"https:\/\/www.facebook.com\/notibras\/\" \/>\n<meta property=\"article:published_time\" content=\"2026-01-14T14:19:43+00:00\" \/>\n<meta property=\"article:modified_time\" content=\"2026-01-14T15:48:50+00:00\" \/>\n<meta property=\"og:image\" content=\"https:\/\/www.notibras.com\/site\/wp-content\/uploads\/2019\/05\/flavio-bolsonaro-2.jpg\" \/>\n\t<meta property=\"og:image:width\" content=\"1280\" \/>\n\t<meta property=\"og:image:height\" content=\"853\" \/>\n\t<meta property=\"og:image:type\" content=\"image\/jpeg\" \/>\n<meta name=\"author\" content=\"Reda\u00e7\u00e3o\" \/>\n<meta name=\"twitter:card\" content=\"summary_large_image\" \/>\n<meta name=\"twitter:creator\" content=\"@Notibras\" \/>\n<meta name=\"twitter:site\" content=\"@Notibras\" \/>\n<meta name=\"twitter:label1\" content=\"Escrito por\" \/>\n\t<meta name=\"twitter:data1\" content=\"Reda\u00e7\u00e3o\" \/>\n\t<meta name=\"twitter:label2\" content=\"Est. tempo de leitura\" \/>\n\t<meta name=\"twitter:data2\" content=\"4 minutos\" \/>\n<script type=\"application\/ld+json\" class=\"yoast-schema-graph\">{\"@context\":\"https:\/\/schema.org\",\"@graph\":[{\"@type\":\"Article\",\"@id\":\"https:\/\/www.notibras.com\/site\/flavio-busca-um-nome-nordestino-contra-o-favoritismo-de-lula\/#article\",\"isPartOf\":{\"@id\":\"https:\/\/www.notibras.com\/site\/flavio-busca-um-nome-nordestino-contra-o-favoritismo-de-lula\/\"},\"author\":{\"name\":\"Reda\u00e7\u00e3o\",\"@id\":\"https:\/\/www.notibras.com\/site\/#\/schema\/person\/36ab0979449956132d3e5b517ea76ac8\"},\"headline\":\"Fl\u00e1vio busca um nome nordestino contra o favoritismo de Lula\",\"datePublished\":\"2026-01-14T14:19:43+00:00\",\"dateModified\":\"2026-01-14T15:48:50+00:00\",\"mainEntityOfPage\":{\"@id\":\"https:\/\/www.notibras.com\/site\/flavio-busca-um-nome-nordestino-contra-o-favoritismo-de-lula\/\"},\"wordCount\":553,\"publisher\":{\"@id\":\"https:\/\/www.notibras.com\/site\/#organization\"},\"image\":{\"@id\":\"https:\/\/www.notibras.com\/site\/flavio-busca-um-nome-nordestino-contra-o-favoritismo-de-lula\/#primaryimage\"},\"thumbnailUrl\":\"https:\/\/www.notibras.com\/site\/wp-content\/uploads\/2019\/05\/flavio-bolsonaro-2.jpg\",\"keywords\":[\"capa\"],\"articleSection\":[\"Brasil\"],\"inLanguage\":\"pt-BR\"},{\"@type\":\"WebPage\",\"@id\":\"https:\/\/www.notibras.com\/site\/flavio-busca-um-nome-nordestino-contra-o-favoritismo-de-lula\/\",\"url\":\"https:\/\/www.notibras.com\/site\/flavio-busca-um-nome-nordestino-contra-o-favoritismo-de-lula\/\",\"name\":\"Fl\u00e1vio busca um nome nordestino contra o favoritismo de Lula - Notibras\",\"isPartOf\":{\"@id\":\"https:\/\/www.notibras.com\/site\/#website\"},\"primaryImageOfPage\":{\"@id\":\"https:\/\/www.notibras.com\/site\/flavio-busca-um-nome-nordestino-contra-o-favoritismo-de-lula\/#primaryimage\"},\"image\":{\"@id\":\"https:\/\/www.notibras.com\/site\/flavio-busca-um-nome-nordestino-contra-o-favoritismo-de-lula\/#primaryimage\"},\"thumbnailUrl\":\"https:\/\/www.notibras.com\/site\/wp-content\/uploads\/2019\/05\/flavio-bolsonaro-2.jpg\",\"datePublished\":\"2026-01-14T14:19:43+00:00\",\"dateModified\":\"2026-01-14T15:48:50+00:00\",\"breadcrumb\":{\"@id\":\"https:\/\/www.notibras.com\/site\/flavio-busca-um-nome-nordestino-contra-o-favoritismo-de-lula\/#breadcrumb\"},\"inLanguage\":\"pt-BR\",\"potentialAction\":[{\"@type\":\"ReadAction\",\"target\":[\"https:\/\/www.notibras.com\/site\/flavio-busca-um-nome-nordestino-contra-o-favoritismo-de-lula\/\"]}]},{\"@type\":\"ImageObject\",\"inLanguage\":\"pt-BR\",\"@id\":\"https:\/\/www.notibras.com\/site\/flavio-busca-um-nome-nordestino-contra-o-favoritismo-de-lula\/#primaryimage\",\"url\":\"https:\/\/www.notibras.com\/site\/wp-content\/uploads\/2019\/05\/flavio-bolsonaro-2.jpg\",\"contentUrl\":\"https:\/\/www.notibras.com\/site\/wp-content\/uploads\/2019\/05\/flavio-bolsonaro-2.jpg\",\"width\":1280,\"height\":853},{\"@type\":\"BreadcrumbList\",\"@id\":\"https:\/\/www.notibras.com\/site\/flavio-busca-um-nome-nordestino-contra-o-favoritismo-de-lula\/#breadcrumb\",\"itemListElement\":[{\"@type\":\"ListItem\",\"position\":1,\"name\":\"In\u00edcio\",\"item\":\"https:\/\/www.notibras.com\/site\/\"},{\"@type\":\"ListItem\",\"position\":2,\"name\":\"Fl\u00e1vio busca um nome nordestino contra o favoritismo de Lula\"}]},{\"@type\":\"WebSite\",\"@id\":\"https:\/\/www.notibras.com\/site\/#website\",\"url\":\"https:\/\/www.notibras.com\/site\/\",\"name\":\"Notibras\",\"description\":\"Not\u00edcias de Bras\u00edlia, do Brasil e do Mundo\",\"publisher\":{\"@id\":\"https:\/\/www.notibras.com\/site\/#organization\"},\"potentialAction\":[{\"@type\":\"SearchAction\",\"target\":{\"@type\":\"EntryPoint\",\"urlTemplate\":\"https:\/\/www.notibras.com\/site\/?s={search_term_string}\"},\"query-input\":{\"@type\":\"PropertyValueSpecification\",\"valueRequired\":true,\"valueName\":\"search_term_string\"}}],\"inLanguage\":\"pt-BR\"},{\"@type\":\"Organization\",\"@id\":\"https:\/\/www.notibras.com\/site\/#organization\",\"name\":\"Grupo Notibras de Comunica\u00e7\u00e3o\",\"url\":\"https:\/\/www.notibras.com\/site\/\",\"logo\":{\"@type\":\"ImageObject\",\"inLanguage\":\"pt-BR\",\"@id\":\"https:\/\/www.notibras.com\/site\/#\/schema\/logo\/image\/\",\"url\":\"https:\/\/www.notibras.com\/site\/wp-content\/uploads\/2023\/01\/notibras23.png\",\"contentUrl\":\"https:\/\/www.notibras.com\/site\/wp-content\/uploads\/2023\/01\/notibras23.png\",\"width\":350,\"height\":87,\"caption\":\"Grupo Notibras de Comunica\u00e7\u00e3o\"},\"image\":{\"@id\":\"https:\/\/www.notibras.com\/site\/#\/schema\/logo\/image\/\"},\"sameAs\":[\"https:\/\/www.facebook.com\/notibras\/\",\"https:\/\/x.com\/Notibras\",\"https:\/\/www.instagram.com\/notibras\/\"]},{\"@type\":\"Person\",\"@id\":\"https:\/\/www.notibras.com\/site\/#\/schema\/person\/36ab0979449956132d3e5b517ea76ac8\",\"name\":\"Reda\u00e7\u00e3o\",\"image\":{\"@type\":\"ImageObject\",\"inLanguage\":\"pt-BR\",\"@id\":\"https:\/\/secure.gravatar.com\/avatar\/e0a867bdedb85fd243eadf09663511f96fc81e0720a4a42581f334ad4303aa6b?s=96&d=mm&r=g\",\"url\":\"https:\/\/secure.gravatar.com\/avatar\/e0a867bdedb85fd243eadf09663511f96fc81e0720a4a42581f334ad4303aa6b?s=96&d=mm&r=g\",\"contentUrl\":\"https:\/\/secure.gravatar.com\/avatar\/e0a867bdedb85fd243eadf09663511f96fc81e0720a4a42581f334ad4303aa6b?s=96&d=mm&r=g\",\"caption\":\"Reda\u00e7\u00e3o\"}}]}<\/script>\n<!-- \/ Yoast SEO plugin. -->","yoast_head_json":{"title":"Fl\u00e1vio busca um nome nordestino contra o favoritismo de Lula - Notibras","robots":{"index":"index","follow":"follow","max-snippet":"max-snippet:-1","max-image-preview":"max-image-preview:large","max-video-preview":"max-video-preview:-1"},"canonical":"https:\/\/www.notibras.com\/site\/flavio-busca-um-nome-nordestino-contra-o-favoritismo-de-lula\/","og_locale":"pt_BR","og_type":"article","og_title":"Fl\u00e1vio busca um nome nordestino contra o favoritismo de Lula - Notibras","og_description":"Se as elei\u00e7\u00f5es presidenciais de 2026 fossem realizadas hoje, o presidente Luiz In\u00e1cio Lula da Silva poderia, sem exagero, mandar confeccionar com anteced\u00eancia o terno da posse para um eventual quarto mandato. \u00c9 o que indica a mais recente pesquisa Genial\/Quaest, divulgada nesta quarta-feira, 14, que desenha um cen\u00e1rio amplamente favor\u00e1vel ao petista, sobretudo no [&hellip;]","og_url":"https:\/\/www.notibras.com\/site\/flavio-busca-um-nome-nordestino-contra-o-favoritismo-de-lula\/","og_site_name":"Notibras","article_publisher":"https:\/\/www.facebook.com\/notibras\/","article_published_time":"2026-01-14T14:19:43+00:00","article_modified_time":"2026-01-14T15:48:50+00:00","og_image":[{"width":1280,"height":853,"url":"https:\/\/www.notibras.com\/site\/wp-content\/uploads\/2019\/05\/flavio-bolsonaro-2.jpg","type":"image\/jpeg"}],"author":"Reda\u00e7\u00e3o","twitter_card":"summary_large_image","twitter_creator":"@Notibras","twitter_site":"@Notibras","twitter_misc":{"Escrito por":"Reda\u00e7\u00e3o","Est. tempo de leitura":"4 minutos"},"schema":{"@context":"https:\/\/schema.org","@graph":[{"@type":"Article","@id":"https:\/\/www.notibras.com\/site\/flavio-busca-um-nome-nordestino-contra-o-favoritismo-de-lula\/#article","isPartOf":{"@id":"https:\/\/www.notibras.com\/site\/flavio-busca-um-nome-nordestino-contra-o-favoritismo-de-lula\/"},"author":{"name":"Reda\u00e7\u00e3o","@id":"https:\/\/www.notibras.com\/site\/#\/schema\/person\/36ab0979449956132d3e5b517ea76ac8"},"headline":"Fl\u00e1vio busca um nome nordestino contra o favoritismo de Lula","datePublished":"2026-01-14T14:19:43+00:00","dateModified":"2026-01-14T15:48:50+00:00","mainEntityOfPage":{"@id":"https:\/\/www.notibras.com\/site\/flavio-busca-um-nome-nordestino-contra-o-favoritismo-de-lula\/"},"wordCount":553,"publisher":{"@id":"https:\/\/www.notibras.com\/site\/#organization"},"image":{"@id":"https:\/\/www.notibras.com\/site\/flavio-busca-um-nome-nordestino-contra-o-favoritismo-de-lula\/#primaryimage"},"thumbnailUrl":"https:\/\/www.notibras.com\/site\/wp-content\/uploads\/2019\/05\/flavio-bolsonaro-2.jpg","keywords":["capa"],"articleSection":["Brasil"],"inLanguage":"pt-BR"},{"@type":"WebPage","@id":"https:\/\/www.notibras.com\/site\/flavio-busca-um-nome-nordestino-contra-o-favoritismo-de-lula\/","url":"https:\/\/www.notibras.com\/site\/flavio-busca-um-nome-nordestino-contra-o-favoritismo-de-lula\/","name":"Fl\u00e1vio busca um nome nordestino contra o favoritismo de Lula - Notibras","isPartOf":{"@id":"https:\/\/www.notibras.com\/site\/#website"},"primaryImageOfPage":{"@id":"https:\/\/www.notibras.com\/site\/flavio-busca-um-nome-nordestino-contra-o-favoritismo-de-lula\/#primaryimage"},"image":{"@id":"https:\/\/www.notibras.com\/site\/flavio-busca-um-nome-nordestino-contra-o-favoritismo-de-lula\/#primaryimage"},"thumbnailUrl":"https:\/\/www.notibras.com\/site\/wp-content\/uploads\/2019\/05\/flavio-bolsonaro-2.jpg","datePublished":"2026-01-14T14:19:43+00:00","dateModified":"2026-01-14T15:48:50+00:00","breadcrumb":{"@id":"https:\/\/www.notibras.com\/site\/flavio-busca-um-nome-nordestino-contra-o-favoritismo-de-lula\/#breadcrumb"},"inLanguage":"pt-BR","potentialAction":[{"@type":"ReadAction","target":["https:\/\/www.notibras.com\/site\/flavio-busca-um-nome-nordestino-contra-o-favoritismo-de-lula\/"]}]},{"@type":"ImageObject","inLanguage":"pt-BR","@id":"https:\/\/www.notibras.com\/site\/flavio-busca-um-nome-nordestino-contra-o-favoritismo-de-lula\/#primaryimage","url":"https:\/\/www.notibras.com\/site\/wp-content\/uploads\/2019\/05\/flavio-bolsonaro-2.jpg","contentUrl":"https:\/\/www.notibras.com\/site\/wp-content\/uploads\/2019\/05\/flavio-bolsonaro-2.jpg","width":1280,"height":853},{"@type":"BreadcrumbList","@id":"https:\/\/www.notibras.com\/site\/flavio-busca-um-nome-nordestino-contra-o-favoritismo-de-lula\/#breadcrumb","itemListElement":[{"@type":"ListItem","position":1,"name":"In\u00edcio","item":"https:\/\/www.notibras.com\/site\/"},{"@type":"ListItem","position":2,"name":"Fl\u00e1vio busca um nome nordestino contra o favoritismo de Lula"}]},{"@type":"WebSite","@id":"https:\/\/www.notibras.com\/site\/#website","url":"https:\/\/www.notibras.com\/site\/","name":"Notibras","description":"Not\u00edcias de Bras\u00edlia, do Brasil e do Mundo","publisher":{"@id":"https:\/\/www.notibras.com\/site\/#organization"},"potentialAction":[{"@type":"SearchAction","target":{"@type":"EntryPoint","urlTemplate":"https:\/\/www.notibras.com\/site\/?s={search_term_string}"},"query-input":{"@type":"PropertyValueSpecification","valueRequired":true,"valueName":"search_term_string"}}],"inLanguage":"pt-BR"},{"@type":"Organization","@id":"https:\/\/www.notibras.com\/site\/#organization","name":"Grupo Notibras de Comunica\u00e7\u00e3o","url":"https:\/\/www.notibras.com\/site\/","logo":{"@type":"ImageObject","inLanguage":"pt-BR","@id":"https:\/\/www.notibras.com\/site\/#\/schema\/logo\/image\/","url":"https:\/\/www.notibras.com\/site\/wp-content\/uploads\/2023\/01\/notibras23.png","contentUrl":"https:\/\/www.notibras.com\/site\/wp-content\/uploads\/2023\/01\/notibras23.png","width":350,"height":87,"caption":"Grupo Notibras de Comunica\u00e7\u00e3o"},"image":{"@id":"https:\/\/www.notibras.com\/site\/#\/schema\/logo\/image\/"},"sameAs":["https:\/\/www.facebook.com\/notibras\/","https:\/\/x.com\/Notibras","https:\/\/www.instagram.com\/notibras\/"]},{"@type":"Person","@id":"https:\/\/www.notibras.com\/site\/#\/schema\/person\/36ab0979449956132d3e5b517ea76ac8","name":"Reda\u00e7\u00e3o","image":{"@type":"ImageObject","inLanguage":"pt-BR","@id":"https:\/\/secure.gravatar.com\/avatar\/e0a867bdedb85fd243eadf09663511f96fc81e0720a4a42581f334ad4303aa6b?s=96&d=mm&r=g","url":"https:\/\/secure.gravatar.com\/avatar\/e0a867bdedb85fd243eadf09663511f96fc81e0720a4a42581f334ad4303aa6b?s=96&d=mm&r=g","contentUrl":"https:\/\/secure.gravatar.com\/avatar\/e0a867bdedb85fd243eadf09663511f96fc81e0720a4a42581f334ad4303aa6b?s=96&d=mm&r=g","caption":"Reda\u00e7\u00e3o"}}]}},"amp_enabled":true,"_links":{"self":[{"href":"https:\/\/www.notibras.com\/site\/wp-json\/wp\/v2\/posts\/378982","targetHints":{"allow":["GET"]}}],"collection":[{"href":"https:\/\/www.notibras.com\/site\/wp-json\/wp\/v2\/posts"}],"about":[{"href":"https:\/\/www.notibras.com\/site\/wp-json\/wp\/v2\/types\/post"}],"author":[{"embeddable":true,"href":"https:\/\/www.notibras.com\/site\/wp-json\/wp\/v2\/users\/2"}],"replies":[{"embeddable":true,"href":"https:\/\/www.notibras.com\/site\/wp-json\/wp\/v2\/comments?post=378982"}],"version-history":[{"count":5,"href":"https:\/\/www.notibras.com\/site\/wp-json\/wp\/v2\/posts\/378982\/revisions"}],"predecessor-version":[{"id":378987,"href":"https:\/\/www.notibras.com\/site\/wp-json\/wp\/v2\/posts\/378982\/revisions\/378987"}],"wp:featuredmedia":[{"embeddable":true,"href":"https:\/\/www.notibras.com\/site\/wp-json\/wp\/v2\/media\/207667"}],"wp:attachment":[{"href":"https:\/\/www.notibras.com\/site\/wp-json\/wp\/v2\/media?parent=378982"}],"wp:term":[{"taxonomy":"category","embeddable":true,"href":"https:\/\/www.notibras.com\/site\/wp-json\/wp\/v2\/categories?post=378982"},{"taxonomy":"post_tag","embeddable":true,"href":"https:\/\/www.notibras.com\/site\/wp-json\/wp\/v2\/tags?post=378982"}],"curies":[{"name":"wp","href":"https:\/\/api.w.org\/{rel}","templated":true}]}}