{"id":378988,"date":"2026-01-14T13:29:43","date_gmt":"2026-01-14T16:29:43","guid":{"rendered":"https:\/\/www.notibras.com\/site\/?p=378988"},"modified":"2026-01-14T13:31:32","modified_gmt":"2026-01-14T16:31:32","slug":"eduardo-martinez-entre-premios-e-a-escrita-diaria","status":"publish","type":"post","link":"https:\/\/www.notibras.com\/site\/eduardo-martinez-entre-premios-e-a-escrita-diaria\/","title":{"rendered":"Eduardo Mart\u00ednez, entre pr\u00eamios e a escrita di\u00e1ria"},"content":{"rendered":"<p>O ano de 2025 marca um cap\u00edtulo de ouro na carreira de Eduardo Mart\u00ednez, o nosso Edu. O escritor carioca, que fez de Porto Alegre seu lar, acaba de ser laureado com o II Pr\u00eamio Personalidades Liter\u00e1rias e Culturais, uma distin\u00e7\u00e3o da Editora Holandas e da Academia Interamericana de Escritores (AINTE) que reconhece o impacto de sua obra na cultura nacional.<\/p>\n<p>Mart\u00ednez \u00e9 a defini\u00e7\u00e3o do autor incans\u00e1vel. Com mais de mil contos\/cr\u00f4nicas publicados, ele transita entre o cotidiano e a fic\u00e7\u00e3o com rara agilidade. Aqui no <strong>Notibras<\/strong>, onde estreou em 2022 sob o olhar atento de Jos\u00e9 Seabra (o Chefe), o autor mant\u00e9m o f\u00f4lego di\u00e1rio na coluna <strong>Quadradinho em Foco<\/strong>. Sua versatilidade tamb\u00e9m ganha voz no <strong>Caf\u00e9 Liter\u00e1rio<\/strong>, onde tamb\u00e9m divide a editoria ao lado do tamb\u00e9m premiado poeta e escritor Daniel Marchi e a jornalista e poetisa Cec\u00edlia Buamnn.<\/p>\n<p>Edu tamb\u00e9m \u00e9 colunista semanal do <a href=\"http:\/\/jornalrol.com.br\/?p=77844\">Jornal Cultural ROL<\/a>, desde que foi convidado pelo editor e escritor Sergio Diniz da Costa. Dessa forma, os leitores desse outro importante ve\u00edculo de comunica\u00e7\u00e3o e divulga\u00e7\u00e3o liter\u00e1ria t\u00eam o prazer de desfrutar os textos do Mart\u00ednez.<\/p>\n<p>Do CCBB \u00e0s Salas de Aula O sucesso atual ecoa uma trajet\u00f3ria s\u00f3lida iniciada h\u00e1 duas d\u00e9cadas. Seu livro de estreia, <em>Despido de ilus\u00f5es<\/em> (2004), figurou entre os mais lidos do Centro Cultural Banco do Brasil. Agora, com o recente Pr\u00eamio Liter\u00e1rio Clarice Lispector debaixo do bra\u00e7o, pelo livro <a href=\"https:\/\/www.joanineditora.com.br\/57-contos-e-cronicas-por-um-autor-muito-velho\"><em>57 Contos e cr\u00f4nicas pr um autor muito velho<\/em><\/a>, Mart\u00ednez v\u00ea sua escrita ganhar uma escala pedag\u00f3gica: seus contos e cr\u00f4nicas tornaram-se ferramentas de ensino em escolas por todo o pa\u00eds.<\/p>\n<p>O pr\u00eamio da AINTE n\u00e3o celebra apenas a t\u00e9cnica, mas a regularidade de um autor que, ao lado de nomes como Daniel Marchi e Cec\u00edlia Baumann, segue abrindo caminhos para a literatura na era digital.<\/p>\n<p><strong>&#8230;&#8230;&#8230;&#8230;&#8230;&#8230;&#8230;&#8230;&#8230;&#8230;&#8230;&#8230;<\/strong><\/p>\n<p><strong>Carolina Paiva \u00e9 Editora do Quadradinho em Foco.<\/strong><\/p>\n","protected":false},"excerpt":{"rendered":"<p>O ano de 2025 marca um cap\u00edtulo de ouro na carreira de Eduardo Mart\u00ednez, o nosso Edu. O escritor carioca, que fez de Porto Alegre seu lar, acaba de ser laureado com o II Pr\u00eamio Personalidades Liter\u00e1rias e Culturais, uma distin\u00e7\u00e3o da Editora Holandas e da Academia Interamericana de Escritores (AINTE) que reconhece o impacto [&hellip;]<\/p>\n","protected":false},"author":21,"featured_media":378989,"comment_status":"closed","ping_status":"closed","sticky":false,"template":"","format":"standard","meta":{"_acf_changed":false,"footnotes":""},"categories":[161],"tags":[],"class_list":["post-378988","post","type-post","status-publish","format-standard","has-post-thumbnail","hentry","category-quadradinho-em-foco"],"acf":[],"yoast_head":"<!-- This site is optimized with the Yoast SEO plugin v27.2 - https:\/\/yoast.com\/product\/yoast-seo-wordpress\/ -->\n<title>Eduardo Mart\u00ednez, entre pr\u00eamios e a escrita di\u00e1ria - Notibras<\/title>\n<meta name=\"robots\" content=\"index, follow, max-snippet:-1, max-image-preview:large, max-video-preview:-1\" \/>\n<link rel=\"canonical\" href=\"https:\/\/www.notibras.com\/site\/eduardo-martinez-entre-premios-e-a-escrita-diaria\/\" \/>\n<meta property=\"og:locale\" content=\"pt_BR\" \/>\n<meta property=\"og:type\" content=\"article\" \/>\n<meta property=\"og:title\" content=\"Eduardo Mart\u00ednez, entre pr\u00eamios e a escrita di\u00e1ria - Notibras\" \/>\n<meta property=\"og:description\" content=\"O ano de 2025 marca um cap\u00edtulo de ouro na carreira de Eduardo Mart\u00ednez, o nosso Edu. O escritor carioca, que fez de Porto Alegre seu lar, acaba de ser laureado com o II Pr\u00eamio Personalidades Liter\u00e1rias e Culturais, uma distin\u00e7\u00e3o da Editora Holandas e da Academia Interamericana de Escritores (AINTE) que reconhece o impacto [&hellip;]\" \/>\n<meta property=\"og:url\" content=\"https:\/\/www.notibras.com\/site\/eduardo-martinez-entre-premios-e-a-escrita-diaria\/\" \/>\n<meta property=\"og:site_name\" content=\"Notibras\" \/>\n<meta property=\"article:publisher\" content=\"https:\/\/www.facebook.com\/notibras\/\" \/>\n<meta property=\"article:published_time\" content=\"2026-01-14T16:29:43+00:00\" \/>\n<meta property=\"article:modified_time\" content=\"2026-01-14T16:31:32+00:00\" \/>\n<meta property=\"og:image\" content=\"https:\/\/www.notibras.com\/site\/wp-content\/uploads\/2026\/01\/05a430ea-56fb-4d1f-89cf-85448788e71d-1.jpg\" \/>\n\t<meta property=\"og:image:width\" content=\"1043\" \/>\n\t<meta property=\"og:image:height\" content=\"1280\" \/>\n\t<meta property=\"og:image:type\" content=\"image\/jpeg\" \/>\n<meta name=\"author\" content=\"Eduardo Mart\u00ednez\" \/>\n<meta name=\"twitter:card\" content=\"summary_large_image\" \/>\n<meta name=\"twitter:creator\" content=\"@Notibras\" \/>\n<meta name=\"twitter:site\" content=\"@Notibras\" \/>\n<meta name=\"twitter:label1\" content=\"Escrito por\" \/>\n\t<meta name=\"twitter:data1\" content=\"Eduardo Mart\u00ednez\" \/>\n\t<meta name=\"twitter:label2\" content=\"Est. tempo de leitura\" \/>\n\t<meta name=\"twitter:data2\" content=\"2 minutos\" \/>\n<script type=\"application\/ld+json\" class=\"yoast-schema-graph\">{\"@context\":\"https:\/\/schema.org\",\"@graph\":[{\"@type\":\"Article\",\"@id\":\"https:\/\/www.notibras.com\/site\/eduardo-martinez-entre-premios-e-a-escrita-diaria\/#article\",\"isPartOf\":{\"@id\":\"https:\/\/www.notibras.com\/site\/eduardo-martinez-entre-premios-e-a-escrita-diaria\/\"},\"author\":{\"name\":\"Eduardo Mart\u00ednez\",\"@id\":\"https:\/\/www.notibras.com\/site\/#\/schema\/person\/5b7fabf2aedc3ada2105f03b22b4d3dd\"},\"headline\":\"Eduardo Mart\u00ednez, entre pr\u00eamios e a escrita di\u00e1ria\",\"datePublished\":\"2026-01-14T16:29:43+00:00\",\"dateModified\":\"2026-01-14T16:31:32+00:00\",\"mainEntityOfPage\":{\"@id\":\"https:\/\/www.notibras.com\/site\/eduardo-martinez-entre-premios-e-a-escrita-diaria\/\"},\"wordCount\":354,\"publisher\":{\"@id\":\"https:\/\/www.notibras.com\/site\/#organization\"},\"image\":{\"@id\":\"https:\/\/www.notibras.com\/site\/eduardo-martinez-entre-premios-e-a-escrita-diaria\/#primaryimage\"},\"thumbnailUrl\":\"https:\/\/www.notibras.com\/site\/wp-content\/uploads\/2026\/01\/05a430ea-56fb-4d1f-89cf-85448788e71d-1.jpg\",\"articleSection\":[\"Quadradinho em Foco\"],\"inLanguage\":\"pt-BR\"},{\"@type\":\"WebPage\",\"@id\":\"https:\/\/www.notibras.com\/site\/eduardo-martinez-entre-premios-e-a-escrita-diaria\/\",\"url\":\"https:\/\/www.notibras.com\/site\/eduardo-martinez-entre-premios-e-a-escrita-diaria\/\",\"name\":\"Eduardo Mart\u00ednez, entre pr\u00eamios e a escrita di\u00e1ria - Notibras\",\"isPartOf\":{\"@id\":\"https:\/\/www.notibras.com\/site\/#website\"},\"primaryImageOfPage\":{\"@id\":\"https:\/\/www.notibras.com\/site\/eduardo-martinez-entre-premios-e-a-escrita-diaria\/#primaryimage\"},\"image\":{\"@id\":\"https:\/\/www.notibras.com\/site\/eduardo-martinez-entre-premios-e-a-escrita-diaria\/#primaryimage\"},\"thumbnailUrl\":\"https:\/\/www.notibras.com\/site\/wp-content\/uploads\/2026\/01\/05a430ea-56fb-4d1f-89cf-85448788e71d-1.jpg\",\"datePublished\":\"2026-01-14T16:29:43+00:00\",\"dateModified\":\"2026-01-14T16:31:32+00:00\",\"breadcrumb\":{\"@id\":\"https:\/\/www.notibras.com\/site\/eduardo-martinez-entre-premios-e-a-escrita-diaria\/#breadcrumb\"},\"inLanguage\":\"pt-BR\",\"potentialAction\":[{\"@type\":\"ReadAction\",\"target\":[\"https:\/\/www.notibras.com\/site\/eduardo-martinez-entre-premios-e-a-escrita-diaria\/\"]}]},{\"@type\":\"ImageObject\",\"inLanguage\":\"pt-BR\",\"@id\":\"https:\/\/www.notibras.com\/site\/eduardo-martinez-entre-premios-e-a-escrita-diaria\/#primaryimage\",\"url\":\"https:\/\/www.notibras.com\/site\/wp-content\/uploads\/2026\/01\/05a430ea-56fb-4d1f-89cf-85448788e71d-1.jpg\",\"contentUrl\":\"https:\/\/www.notibras.com\/site\/wp-content\/uploads\/2026\/01\/05a430ea-56fb-4d1f-89cf-85448788e71d-1.jpg\",\"width\":1043,\"height\":1280},{\"@type\":\"BreadcrumbList\",\"@id\":\"https:\/\/www.notibras.com\/site\/eduardo-martinez-entre-premios-e-a-escrita-diaria\/#breadcrumb\",\"itemListElement\":[{\"@type\":\"ListItem\",\"position\":1,\"name\":\"In\u00edcio\",\"item\":\"https:\/\/www.notibras.com\/site\/\"},{\"@type\":\"ListItem\",\"position\":2,\"name\":\"Eduardo Mart\u00ednez, entre pr\u00eamios e a escrita di\u00e1ria\"}]},{\"@type\":\"WebSite\",\"@id\":\"https:\/\/www.notibras.com\/site\/#website\",\"url\":\"https:\/\/www.notibras.com\/site\/\",\"name\":\"Notibras\",\"description\":\"Not\u00edcias de Bras\u00edlia, do Brasil e do Mundo\",\"publisher\":{\"@id\":\"https:\/\/www.notibras.com\/site\/#organization\"},\"potentialAction\":[{\"@type\":\"SearchAction\",\"target\":{\"@type\":\"EntryPoint\",\"urlTemplate\":\"https:\/\/www.notibras.com\/site\/?s={search_term_string}\"},\"query-input\":{\"@type\":\"PropertyValueSpecification\",\"valueRequired\":true,\"valueName\":\"search_term_string\"}}],\"inLanguage\":\"pt-BR\"},{\"@type\":\"Organization\",\"@id\":\"https:\/\/www.notibras.com\/site\/#organization\",\"name\":\"Grupo Notibras de Comunica\u00e7\u00e3o\",\"url\":\"https:\/\/www.notibras.com\/site\/\",\"logo\":{\"@type\":\"ImageObject\",\"inLanguage\":\"pt-BR\",\"@id\":\"https:\/\/www.notibras.com\/site\/#\/schema\/logo\/image\/\",\"url\":\"https:\/\/www.notibras.com\/site\/wp-content\/uploads\/2023\/01\/notibras23.png\",\"contentUrl\":\"https:\/\/www.notibras.com\/site\/wp-content\/uploads\/2023\/01\/notibras23.png\",\"width\":350,\"height\":87,\"caption\":\"Grupo Notibras de Comunica\u00e7\u00e3o\"},\"image\":{\"@id\":\"https:\/\/www.notibras.com\/site\/#\/schema\/logo\/image\/\"},\"sameAs\":[\"https:\/\/www.facebook.com\/notibras\/\",\"https:\/\/x.com\/Notibras\",\"https:\/\/www.instagram.com\/notibras\/\"]},{\"@type\":\"Person\",\"@id\":\"https:\/\/www.notibras.com\/site\/#\/schema\/person\/5b7fabf2aedc3ada2105f03b22b4d3dd\",\"name\":\"Eduardo Mart\u00ednez\",\"image\":{\"@type\":\"ImageObject\",\"inLanguage\":\"pt-BR\",\"@id\":\"https:\/\/secure.gravatar.com\/avatar\/7902f906289926289cbcda644b5197c796b893c6ffd7b9a536a42d290f7704a0?s=96&d=mm&r=g\",\"url\":\"https:\/\/secure.gravatar.com\/avatar\/7902f906289926289cbcda644b5197c796b893c6ffd7b9a536a42d290f7704a0?s=96&d=mm&r=g\",\"contentUrl\":\"https:\/\/secure.gravatar.com\/avatar\/7902f906289926289cbcda644b5197c796b893c6ffd7b9a536a42d290f7704a0?s=96&d=mm&r=g\",\"caption\":\"Eduardo Mart\u00ednez\"}}]}<\/script>\n<!-- \/ Yoast SEO plugin. -->","yoast_head_json":{"title":"Eduardo Mart\u00ednez, entre pr\u00eamios e a escrita di\u00e1ria - Notibras","robots":{"index":"index","follow":"follow","max-snippet":"max-snippet:-1","max-image-preview":"max-image-preview:large","max-video-preview":"max-video-preview:-1"},"canonical":"https:\/\/www.notibras.com\/site\/eduardo-martinez-entre-premios-e-a-escrita-diaria\/","og_locale":"pt_BR","og_type":"article","og_title":"Eduardo Mart\u00ednez, entre pr\u00eamios e a escrita di\u00e1ria - Notibras","og_description":"O ano de 2025 marca um cap\u00edtulo de ouro na carreira de Eduardo Mart\u00ednez, o nosso Edu. O escritor carioca, que fez de Porto Alegre seu lar, acaba de ser laureado com o II Pr\u00eamio Personalidades Liter\u00e1rias e Culturais, uma distin\u00e7\u00e3o da Editora Holandas e da Academia Interamericana de Escritores (AINTE) que reconhece o impacto [&hellip;]","og_url":"https:\/\/www.notibras.com\/site\/eduardo-martinez-entre-premios-e-a-escrita-diaria\/","og_site_name":"Notibras","article_publisher":"https:\/\/www.facebook.com\/notibras\/","article_published_time":"2026-01-14T16:29:43+00:00","article_modified_time":"2026-01-14T16:31:32+00:00","og_image":[{"width":1043,"height":1280,"url":"https:\/\/www.notibras.com\/site\/wp-content\/uploads\/2026\/01\/05a430ea-56fb-4d1f-89cf-85448788e71d-1.jpg","type":"image\/jpeg"}],"author":"Eduardo Mart\u00ednez","twitter_card":"summary_large_image","twitter_creator":"@Notibras","twitter_site":"@Notibras","twitter_misc":{"Escrito por":"Eduardo Mart\u00ednez","Est. tempo de leitura":"2 minutos"},"schema":{"@context":"https:\/\/schema.org","@graph":[{"@type":"Article","@id":"https:\/\/www.notibras.com\/site\/eduardo-martinez-entre-premios-e-a-escrita-diaria\/#article","isPartOf":{"@id":"https:\/\/www.notibras.com\/site\/eduardo-martinez-entre-premios-e-a-escrita-diaria\/"},"author":{"name":"Eduardo Mart\u00ednez","@id":"https:\/\/www.notibras.com\/site\/#\/schema\/person\/5b7fabf2aedc3ada2105f03b22b4d3dd"},"headline":"Eduardo Mart\u00ednez, entre pr\u00eamios e a escrita di\u00e1ria","datePublished":"2026-01-14T16:29:43+00:00","dateModified":"2026-01-14T16:31:32+00:00","mainEntityOfPage":{"@id":"https:\/\/www.notibras.com\/site\/eduardo-martinez-entre-premios-e-a-escrita-diaria\/"},"wordCount":354,"publisher":{"@id":"https:\/\/www.notibras.com\/site\/#organization"},"image":{"@id":"https:\/\/www.notibras.com\/site\/eduardo-martinez-entre-premios-e-a-escrita-diaria\/#primaryimage"},"thumbnailUrl":"https:\/\/www.notibras.com\/site\/wp-content\/uploads\/2026\/01\/05a430ea-56fb-4d1f-89cf-85448788e71d-1.jpg","articleSection":["Quadradinho em Foco"],"inLanguage":"pt-BR"},{"@type":"WebPage","@id":"https:\/\/www.notibras.com\/site\/eduardo-martinez-entre-premios-e-a-escrita-diaria\/","url":"https:\/\/www.notibras.com\/site\/eduardo-martinez-entre-premios-e-a-escrita-diaria\/","name":"Eduardo Mart\u00ednez, entre pr\u00eamios e a escrita di\u00e1ria - Notibras","isPartOf":{"@id":"https:\/\/www.notibras.com\/site\/#website"},"primaryImageOfPage":{"@id":"https:\/\/www.notibras.com\/site\/eduardo-martinez-entre-premios-e-a-escrita-diaria\/#primaryimage"},"image":{"@id":"https:\/\/www.notibras.com\/site\/eduardo-martinez-entre-premios-e-a-escrita-diaria\/#primaryimage"},"thumbnailUrl":"https:\/\/www.notibras.com\/site\/wp-content\/uploads\/2026\/01\/05a430ea-56fb-4d1f-89cf-85448788e71d-1.jpg","datePublished":"2026-01-14T16:29:43+00:00","dateModified":"2026-01-14T16:31:32+00:00","breadcrumb":{"@id":"https:\/\/www.notibras.com\/site\/eduardo-martinez-entre-premios-e-a-escrita-diaria\/#breadcrumb"},"inLanguage":"pt-BR","potentialAction":[{"@type":"ReadAction","target":["https:\/\/www.notibras.com\/site\/eduardo-martinez-entre-premios-e-a-escrita-diaria\/"]}]},{"@type":"ImageObject","inLanguage":"pt-BR","@id":"https:\/\/www.notibras.com\/site\/eduardo-martinez-entre-premios-e-a-escrita-diaria\/#primaryimage","url":"https:\/\/www.notibras.com\/site\/wp-content\/uploads\/2026\/01\/05a430ea-56fb-4d1f-89cf-85448788e71d-1.jpg","contentUrl":"https:\/\/www.notibras.com\/site\/wp-content\/uploads\/2026\/01\/05a430ea-56fb-4d1f-89cf-85448788e71d-1.jpg","width":1043,"height":1280},{"@type":"BreadcrumbList","@id":"https:\/\/www.notibras.com\/site\/eduardo-martinez-entre-premios-e-a-escrita-diaria\/#breadcrumb","itemListElement":[{"@type":"ListItem","position":1,"name":"In\u00edcio","item":"https:\/\/www.notibras.com\/site\/"},{"@type":"ListItem","position":2,"name":"Eduardo Mart\u00ednez, entre pr\u00eamios e a escrita di\u00e1ria"}]},{"@type":"WebSite","@id":"https:\/\/www.notibras.com\/site\/#website","url":"https:\/\/www.notibras.com\/site\/","name":"Notibras","description":"Not\u00edcias de Bras\u00edlia, do Brasil e do Mundo","publisher":{"@id":"https:\/\/www.notibras.com\/site\/#organization"},"potentialAction":[{"@type":"SearchAction","target":{"@type":"EntryPoint","urlTemplate":"https:\/\/www.notibras.com\/site\/?s={search_term_string}"},"query-input":{"@type":"PropertyValueSpecification","valueRequired":true,"valueName":"search_term_string"}}],"inLanguage":"pt-BR"},{"@type":"Organization","@id":"https:\/\/www.notibras.com\/site\/#organization","name":"Grupo Notibras de Comunica\u00e7\u00e3o","url":"https:\/\/www.notibras.com\/site\/","logo":{"@type":"ImageObject","inLanguage":"pt-BR","@id":"https:\/\/www.notibras.com\/site\/#\/schema\/logo\/image\/","url":"https:\/\/www.notibras.com\/site\/wp-content\/uploads\/2023\/01\/notibras23.png","contentUrl":"https:\/\/www.notibras.com\/site\/wp-content\/uploads\/2023\/01\/notibras23.png","width":350,"height":87,"caption":"Grupo Notibras de Comunica\u00e7\u00e3o"},"image":{"@id":"https:\/\/www.notibras.com\/site\/#\/schema\/logo\/image\/"},"sameAs":["https:\/\/www.facebook.com\/notibras\/","https:\/\/x.com\/Notibras","https:\/\/www.instagram.com\/notibras\/"]},{"@type":"Person","@id":"https:\/\/www.notibras.com\/site\/#\/schema\/person\/5b7fabf2aedc3ada2105f03b22b4d3dd","name":"Eduardo Mart\u00ednez","image":{"@type":"ImageObject","inLanguage":"pt-BR","@id":"https:\/\/secure.gravatar.com\/avatar\/7902f906289926289cbcda644b5197c796b893c6ffd7b9a536a42d290f7704a0?s=96&d=mm&r=g","url":"https:\/\/secure.gravatar.com\/avatar\/7902f906289926289cbcda644b5197c796b893c6ffd7b9a536a42d290f7704a0?s=96&d=mm&r=g","contentUrl":"https:\/\/secure.gravatar.com\/avatar\/7902f906289926289cbcda644b5197c796b893c6ffd7b9a536a42d290f7704a0?s=96&d=mm&r=g","caption":"Eduardo Mart\u00ednez"}}]}},"amp_enabled":true,"_links":{"self":[{"href":"https:\/\/www.notibras.com\/site\/wp-json\/wp\/v2\/posts\/378988","targetHints":{"allow":["GET"]}}],"collection":[{"href":"https:\/\/www.notibras.com\/site\/wp-json\/wp\/v2\/posts"}],"about":[{"href":"https:\/\/www.notibras.com\/site\/wp-json\/wp\/v2\/types\/post"}],"author":[{"embeddable":true,"href":"https:\/\/www.notibras.com\/site\/wp-json\/wp\/v2\/users\/21"}],"replies":[{"embeddable":true,"href":"https:\/\/www.notibras.com\/site\/wp-json\/wp\/v2\/comments?post=378988"}],"version-history":[{"count":4,"href":"https:\/\/www.notibras.com\/site\/wp-json\/wp\/v2\/posts\/378988\/revisions"}],"predecessor-version":[{"id":378991,"href":"https:\/\/www.notibras.com\/site\/wp-json\/wp\/v2\/posts\/378988\/revisions\/378991"}],"wp:featuredmedia":[{"embeddable":true,"href":"https:\/\/www.notibras.com\/site\/wp-json\/wp\/v2\/media\/378989"}],"wp:attachment":[{"href":"https:\/\/www.notibras.com\/site\/wp-json\/wp\/v2\/media?parent=378988"}],"wp:term":[{"taxonomy":"category","embeddable":true,"href":"https:\/\/www.notibras.com\/site\/wp-json\/wp\/v2\/categories?post=378988"},{"taxonomy":"post_tag","embeddable":true,"href":"https:\/\/www.notibras.com\/site\/wp-json\/wp\/v2\/tags?post=378988"}],"curies":[{"name":"wp","href":"https:\/\/api.w.org\/{rel}","templated":true}]}}