{"id":379000,"date":"2026-01-15T00:15:17","date_gmt":"2026-01-15T03:15:17","guid":{"rendered":"https:\/\/www.notibras.com\/site\/?p=379000"},"modified":"2026-01-14T19:49:15","modified_gmt":"2026-01-14T22:49:15","slug":"stj-vai-definir-jurisdicao-de-caso-de-feminicidio-em-quartel-do-exercito","status":"publish","type":"post","link":"https:\/\/www.notibras.com\/site\/stj-vai-definir-jurisdicao-de-caso-de-feminicidio-em-quartel-do-exercito\/","title":{"rendered":"STJ vai definir jurisdi\u00e7\u00e3o de caso de feminic\u00eddio em quartel do Ex\u00e9rcito"},"content":{"rendered":"<p>O Superior Tribunal de Justi\u00e7a (STJ) ser\u00e1 respons\u00e1vel por decidir se o ex-soldado Kelvin Barros da Silva, acusado de matar a cabo Maria de Lourdes Freire Matos, de 25 anos, dentro de um quartel em Bras\u00edlia, ser\u00e1 julgado pela Justi\u00e7a Militar ou pela Justi\u00e7a comum do Distrito Federal.<\/p>\n<p>O crime ocorreu em dezembro de 2025, no 1\u00ba Regimento de Cavalaria de Guardas (1\u00ba RCG), e envolveu dois militares da ativa em servi\u00e7o. A Justi\u00e7a Militar da Uni\u00e3o e a Justi\u00e7a comum do DF se declararam competentes para julgar o caso, gerando um conflito de compet\u00eancia.<\/p>\n<p>A Justi\u00e7a Militar argumenta que o crime aconteceu em uma \u00e1rea do Ex\u00e9rcito e envolveu militares em servi\u00e7o, enquanto a Justi\u00e7a Comum do DF afirma que a v\u00edtima e o r\u00e9u estavam fora de servi\u00e7o quando o crime ocorreu.<\/p>\n<p>Kelvin Barros da Silva confessou o crime e \u00e9 acusado de feminic\u00eddio, inc\u00eandio, dano ao patrim\u00f4nio do Ex\u00e9rcito e subtra\u00e7\u00e3o de arma de servi\u00e7o. Ele est\u00e1 preso provisoriamente em uma unidade militar aguardando a decis\u00e3o do STJ.<\/p>\n<p><strong>Detalhes do crime<\/strong><\/p>\n<p>&#8211; Maria de Lourdes Freire Matos foi encontrada morta ap\u00f3s um inc\u00eandio no quartel.<br \/>\n&#8211; Exames apontam que ela levou duas facadas no pesco\u00e7o e tinha um hematoma na barriga.<br \/>\n&#8211; Kelvin Barros da Silva confessou ter esfaqueado a cabo e ateado fogo no quartel.<\/p>\n","protected":false},"excerpt":{"rendered":"<p>O Superior Tribunal de Justi\u00e7a (STJ) ser\u00e1 respons\u00e1vel por decidir se o ex-soldado Kelvin Barros da Silva, acusado de matar a cabo Maria de Lourdes Freire Matos, de 25 anos, dentro de um quartel em Bras\u00edlia, ser\u00e1 julgado pela Justi\u00e7a Militar ou pela Justi\u00e7a comum do Distrito Federal. O crime ocorreu em dezembro de 2025, [&hellip;]<\/p>\n","protected":false},"author":21,"featured_media":379001,"comment_status":"closed","ping_status":"closed","sticky":false,"template":"","format":"standard","meta":{"_acf_changed":false,"footnotes":""},"categories":[161],"tags":[],"class_list":["post-379000","post","type-post","status-publish","format-standard","has-post-thumbnail","hentry","category-quadradinho-em-foco"],"acf":[],"yoast_head":"<!-- This site is optimized with the Yoast SEO plugin v27.2 - https:\/\/yoast.com\/product\/yoast-seo-wordpress\/ -->\n<title>STJ vai definir jurisdi\u00e7\u00e3o de caso de feminic\u00eddio em quartel do Ex\u00e9rcito - Notibras<\/title>\n<meta name=\"robots\" content=\"index, follow, max-snippet:-1, max-image-preview:large, max-video-preview:-1\" \/>\n<link rel=\"canonical\" href=\"https:\/\/www.notibras.com\/site\/stj-vai-definir-jurisdicao-de-caso-de-feminicidio-em-quartel-do-exercito\/\" \/>\n<meta property=\"og:locale\" content=\"pt_BR\" \/>\n<meta property=\"og:type\" content=\"article\" \/>\n<meta property=\"og:title\" content=\"STJ vai definir jurisdi\u00e7\u00e3o de caso de feminic\u00eddio em quartel do Ex\u00e9rcito - Notibras\" \/>\n<meta property=\"og:description\" content=\"O Superior Tribunal de Justi\u00e7a (STJ) ser\u00e1 respons\u00e1vel por decidir se o ex-soldado Kelvin Barros da Silva, acusado de matar a cabo Maria de Lourdes Freire Matos, de 25 anos, dentro de um quartel em Bras\u00edlia, ser\u00e1 julgado pela Justi\u00e7a Militar ou pela Justi\u00e7a comum do Distrito Federal. O crime ocorreu em dezembro de 2025, [&hellip;]\" \/>\n<meta property=\"og:url\" content=\"https:\/\/www.notibras.com\/site\/stj-vai-definir-jurisdicao-de-caso-de-feminicidio-em-quartel-do-exercito\/\" \/>\n<meta property=\"og:site_name\" content=\"Notibras\" \/>\n<meta property=\"article:publisher\" content=\"https:\/\/www.facebook.com\/notibras\/\" \/>\n<meta property=\"article:published_time\" content=\"2026-01-15T03:15:17+00:00\" \/>\n<meta property=\"og:image\" content=\"https:\/\/www.notibras.com\/site\/wp-content\/uploads\/2026\/01\/soldado-feminicidio-df-3.webp\" \/>\n\t<meta property=\"og:image:width\" content=\"600\" \/>\n\t<meta property=\"og:image:height\" content=\"600\" \/>\n\t<meta property=\"og:image:type\" content=\"image\/webp\" \/>\n<meta name=\"author\" content=\"Eduardo Mart\u00ednez\" \/>\n<meta name=\"twitter:card\" content=\"summary_large_image\" \/>\n<meta name=\"twitter:creator\" content=\"@Notibras\" \/>\n<meta name=\"twitter:site\" content=\"@Notibras\" \/>\n<meta name=\"twitter:label1\" content=\"Escrito por\" \/>\n\t<meta name=\"twitter:data1\" content=\"Eduardo Mart\u00ednez\" \/>\n\t<meta name=\"twitter:label2\" content=\"Est. tempo de leitura\" \/>\n\t<meta name=\"twitter:data2\" content=\"2 minutos\" \/>\n<script type=\"application\/ld+json\" class=\"yoast-schema-graph\">{\"@context\":\"https:\/\/schema.org\",\"@graph\":[{\"@type\":\"Article\",\"@id\":\"https:\/\/www.notibras.com\/site\/stj-vai-definir-jurisdicao-de-caso-de-feminicidio-em-quartel-do-exercito\/#article\",\"isPartOf\":{\"@id\":\"https:\/\/www.notibras.com\/site\/stj-vai-definir-jurisdicao-de-caso-de-feminicidio-em-quartel-do-exercito\/\"},\"author\":{\"name\":\"Eduardo Mart\u00ednez\",\"@id\":\"https:\/\/www.notibras.com\/site\/#\/schema\/person\/5b7fabf2aedc3ada2105f03b22b4d3dd\"},\"headline\":\"STJ vai definir jurisdi\u00e7\u00e3o de caso de feminic\u00eddio em quartel do Ex\u00e9rcito\",\"datePublished\":\"2026-01-15T03:15:17+00:00\",\"mainEntityOfPage\":{\"@id\":\"https:\/\/www.notibras.com\/site\/stj-vai-definir-jurisdicao-de-caso-de-feminicidio-em-quartel-do-exercito\/\"},\"wordCount\":256,\"publisher\":{\"@id\":\"https:\/\/www.notibras.com\/site\/#organization\"},\"image\":{\"@id\":\"https:\/\/www.notibras.com\/site\/stj-vai-definir-jurisdicao-de-caso-de-feminicidio-em-quartel-do-exercito\/#primaryimage\"},\"thumbnailUrl\":\"https:\/\/www.notibras.com\/site\/wp-content\/uploads\/2026\/01\/soldado-feminicidio-df-3.webp\",\"articleSection\":[\"Quadradinho em Foco\"],\"inLanguage\":\"pt-BR\"},{\"@type\":\"WebPage\",\"@id\":\"https:\/\/www.notibras.com\/site\/stj-vai-definir-jurisdicao-de-caso-de-feminicidio-em-quartel-do-exercito\/\",\"url\":\"https:\/\/www.notibras.com\/site\/stj-vai-definir-jurisdicao-de-caso-de-feminicidio-em-quartel-do-exercito\/\",\"name\":\"STJ vai definir jurisdi\u00e7\u00e3o de caso de feminic\u00eddio em quartel do Ex\u00e9rcito - Notibras\",\"isPartOf\":{\"@id\":\"https:\/\/www.notibras.com\/site\/#website\"},\"primaryImageOfPage\":{\"@id\":\"https:\/\/www.notibras.com\/site\/stj-vai-definir-jurisdicao-de-caso-de-feminicidio-em-quartel-do-exercito\/#primaryimage\"},\"image\":{\"@id\":\"https:\/\/www.notibras.com\/site\/stj-vai-definir-jurisdicao-de-caso-de-feminicidio-em-quartel-do-exercito\/#primaryimage\"},\"thumbnailUrl\":\"https:\/\/www.notibras.com\/site\/wp-content\/uploads\/2026\/01\/soldado-feminicidio-df-3.webp\",\"datePublished\":\"2026-01-15T03:15:17+00:00\",\"breadcrumb\":{\"@id\":\"https:\/\/www.notibras.com\/site\/stj-vai-definir-jurisdicao-de-caso-de-feminicidio-em-quartel-do-exercito\/#breadcrumb\"},\"inLanguage\":\"pt-BR\",\"potentialAction\":[{\"@type\":\"ReadAction\",\"target\":[\"https:\/\/www.notibras.com\/site\/stj-vai-definir-jurisdicao-de-caso-de-feminicidio-em-quartel-do-exercito\/\"]}]},{\"@type\":\"ImageObject\",\"inLanguage\":\"pt-BR\",\"@id\":\"https:\/\/www.notibras.com\/site\/stj-vai-definir-jurisdicao-de-caso-de-feminicidio-em-quartel-do-exercito\/#primaryimage\",\"url\":\"https:\/\/www.notibras.com\/site\/wp-content\/uploads\/2026\/01\/soldado-feminicidio-df-3.webp\",\"contentUrl\":\"https:\/\/www.notibras.com\/site\/wp-content\/uploads\/2026\/01\/soldado-feminicidio-df-3.webp\",\"width\":600,\"height\":600},{\"@type\":\"BreadcrumbList\",\"@id\":\"https:\/\/www.notibras.com\/site\/stj-vai-definir-jurisdicao-de-caso-de-feminicidio-em-quartel-do-exercito\/#breadcrumb\",\"itemListElement\":[{\"@type\":\"ListItem\",\"position\":1,\"name\":\"In\u00edcio\",\"item\":\"https:\/\/www.notibras.com\/site\/\"},{\"@type\":\"ListItem\",\"position\":2,\"name\":\"STJ vai definir jurisdi\u00e7\u00e3o de caso de feminic\u00eddio em quartel do Ex\u00e9rcito\"}]},{\"@type\":\"WebSite\",\"@id\":\"https:\/\/www.notibras.com\/site\/#website\",\"url\":\"https:\/\/www.notibras.com\/site\/\",\"name\":\"Notibras\",\"description\":\"Not\u00edcias de Bras\u00edlia, do Brasil e do Mundo\",\"publisher\":{\"@id\":\"https:\/\/www.notibras.com\/site\/#organization\"},\"potentialAction\":[{\"@type\":\"SearchAction\",\"target\":{\"@type\":\"EntryPoint\",\"urlTemplate\":\"https:\/\/www.notibras.com\/site\/?s={search_term_string}\"},\"query-input\":{\"@type\":\"PropertyValueSpecification\",\"valueRequired\":true,\"valueName\":\"search_term_string\"}}],\"inLanguage\":\"pt-BR\"},{\"@type\":\"Organization\",\"@id\":\"https:\/\/www.notibras.com\/site\/#organization\",\"name\":\"Grupo Notibras de Comunica\u00e7\u00e3o\",\"url\":\"https:\/\/www.notibras.com\/site\/\",\"logo\":{\"@type\":\"ImageObject\",\"inLanguage\":\"pt-BR\",\"@id\":\"https:\/\/www.notibras.com\/site\/#\/schema\/logo\/image\/\",\"url\":\"https:\/\/www.notibras.com\/site\/wp-content\/uploads\/2023\/01\/notibras23.png\",\"contentUrl\":\"https:\/\/www.notibras.com\/site\/wp-content\/uploads\/2023\/01\/notibras23.png\",\"width\":350,\"height\":87,\"caption\":\"Grupo Notibras de Comunica\u00e7\u00e3o\"},\"image\":{\"@id\":\"https:\/\/www.notibras.com\/site\/#\/schema\/logo\/image\/\"},\"sameAs\":[\"https:\/\/www.facebook.com\/notibras\/\",\"https:\/\/x.com\/Notibras\",\"https:\/\/www.instagram.com\/notibras\/\"]},{\"@type\":\"Person\",\"@id\":\"https:\/\/www.notibras.com\/site\/#\/schema\/person\/5b7fabf2aedc3ada2105f03b22b4d3dd\",\"name\":\"Eduardo Mart\u00ednez\",\"image\":{\"@type\":\"ImageObject\",\"inLanguage\":\"pt-BR\",\"@id\":\"https:\/\/secure.gravatar.com\/avatar\/7902f906289926289cbcda644b5197c796b893c6ffd7b9a536a42d290f7704a0?s=96&d=mm&r=g\",\"url\":\"https:\/\/secure.gravatar.com\/avatar\/7902f906289926289cbcda644b5197c796b893c6ffd7b9a536a42d290f7704a0?s=96&d=mm&r=g\",\"contentUrl\":\"https:\/\/secure.gravatar.com\/avatar\/7902f906289926289cbcda644b5197c796b893c6ffd7b9a536a42d290f7704a0?s=96&d=mm&r=g\",\"caption\":\"Eduardo Mart\u00ednez\"}}]}<\/script>\n<!-- \/ Yoast SEO plugin. -->","yoast_head_json":{"title":"STJ vai definir jurisdi\u00e7\u00e3o de caso de feminic\u00eddio em quartel do Ex\u00e9rcito - Notibras","robots":{"index":"index","follow":"follow","max-snippet":"max-snippet:-1","max-image-preview":"max-image-preview:large","max-video-preview":"max-video-preview:-1"},"canonical":"https:\/\/www.notibras.com\/site\/stj-vai-definir-jurisdicao-de-caso-de-feminicidio-em-quartel-do-exercito\/","og_locale":"pt_BR","og_type":"article","og_title":"STJ vai definir jurisdi\u00e7\u00e3o de caso de feminic\u00eddio em quartel do Ex\u00e9rcito - Notibras","og_description":"O Superior Tribunal de Justi\u00e7a (STJ) ser\u00e1 respons\u00e1vel por decidir se o ex-soldado Kelvin Barros da Silva, acusado de matar a cabo Maria de Lourdes Freire Matos, de 25 anos, dentro de um quartel em Bras\u00edlia, ser\u00e1 julgado pela Justi\u00e7a Militar ou pela Justi\u00e7a comum do Distrito Federal. O crime ocorreu em dezembro de 2025, [&hellip;]","og_url":"https:\/\/www.notibras.com\/site\/stj-vai-definir-jurisdicao-de-caso-de-feminicidio-em-quartel-do-exercito\/","og_site_name":"Notibras","article_publisher":"https:\/\/www.facebook.com\/notibras\/","article_published_time":"2026-01-15T03:15:17+00:00","og_image":[{"width":600,"height":600,"url":"https:\/\/www.notibras.com\/site\/wp-content\/uploads\/2026\/01\/soldado-feminicidio-df-3.webp","type":"image\/webp"}],"author":"Eduardo Mart\u00ednez","twitter_card":"summary_large_image","twitter_creator":"@Notibras","twitter_site":"@Notibras","twitter_misc":{"Escrito por":"Eduardo Mart\u00ednez","Est. tempo de leitura":"2 minutos"},"schema":{"@context":"https:\/\/schema.org","@graph":[{"@type":"Article","@id":"https:\/\/www.notibras.com\/site\/stj-vai-definir-jurisdicao-de-caso-de-feminicidio-em-quartel-do-exercito\/#article","isPartOf":{"@id":"https:\/\/www.notibras.com\/site\/stj-vai-definir-jurisdicao-de-caso-de-feminicidio-em-quartel-do-exercito\/"},"author":{"name":"Eduardo Mart\u00ednez","@id":"https:\/\/www.notibras.com\/site\/#\/schema\/person\/5b7fabf2aedc3ada2105f03b22b4d3dd"},"headline":"STJ vai definir jurisdi\u00e7\u00e3o de caso de feminic\u00eddio em quartel do Ex\u00e9rcito","datePublished":"2026-01-15T03:15:17+00:00","mainEntityOfPage":{"@id":"https:\/\/www.notibras.com\/site\/stj-vai-definir-jurisdicao-de-caso-de-feminicidio-em-quartel-do-exercito\/"},"wordCount":256,"publisher":{"@id":"https:\/\/www.notibras.com\/site\/#organization"},"image":{"@id":"https:\/\/www.notibras.com\/site\/stj-vai-definir-jurisdicao-de-caso-de-feminicidio-em-quartel-do-exercito\/#primaryimage"},"thumbnailUrl":"https:\/\/www.notibras.com\/site\/wp-content\/uploads\/2026\/01\/soldado-feminicidio-df-3.webp","articleSection":["Quadradinho em Foco"],"inLanguage":"pt-BR"},{"@type":"WebPage","@id":"https:\/\/www.notibras.com\/site\/stj-vai-definir-jurisdicao-de-caso-de-feminicidio-em-quartel-do-exercito\/","url":"https:\/\/www.notibras.com\/site\/stj-vai-definir-jurisdicao-de-caso-de-feminicidio-em-quartel-do-exercito\/","name":"STJ vai definir jurisdi\u00e7\u00e3o de caso de feminic\u00eddio em quartel do Ex\u00e9rcito - Notibras","isPartOf":{"@id":"https:\/\/www.notibras.com\/site\/#website"},"primaryImageOfPage":{"@id":"https:\/\/www.notibras.com\/site\/stj-vai-definir-jurisdicao-de-caso-de-feminicidio-em-quartel-do-exercito\/#primaryimage"},"image":{"@id":"https:\/\/www.notibras.com\/site\/stj-vai-definir-jurisdicao-de-caso-de-feminicidio-em-quartel-do-exercito\/#primaryimage"},"thumbnailUrl":"https:\/\/www.notibras.com\/site\/wp-content\/uploads\/2026\/01\/soldado-feminicidio-df-3.webp","datePublished":"2026-01-15T03:15:17+00:00","breadcrumb":{"@id":"https:\/\/www.notibras.com\/site\/stj-vai-definir-jurisdicao-de-caso-de-feminicidio-em-quartel-do-exercito\/#breadcrumb"},"inLanguage":"pt-BR","potentialAction":[{"@type":"ReadAction","target":["https:\/\/www.notibras.com\/site\/stj-vai-definir-jurisdicao-de-caso-de-feminicidio-em-quartel-do-exercito\/"]}]},{"@type":"ImageObject","inLanguage":"pt-BR","@id":"https:\/\/www.notibras.com\/site\/stj-vai-definir-jurisdicao-de-caso-de-feminicidio-em-quartel-do-exercito\/#primaryimage","url":"https:\/\/www.notibras.com\/site\/wp-content\/uploads\/2026\/01\/soldado-feminicidio-df-3.webp","contentUrl":"https:\/\/www.notibras.com\/site\/wp-content\/uploads\/2026\/01\/soldado-feminicidio-df-3.webp","width":600,"height":600},{"@type":"BreadcrumbList","@id":"https:\/\/www.notibras.com\/site\/stj-vai-definir-jurisdicao-de-caso-de-feminicidio-em-quartel-do-exercito\/#breadcrumb","itemListElement":[{"@type":"ListItem","position":1,"name":"In\u00edcio","item":"https:\/\/www.notibras.com\/site\/"},{"@type":"ListItem","position":2,"name":"STJ vai definir jurisdi\u00e7\u00e3o de caso de feminic\u00eddio em quartel do Ex\u00e9rcito"}]},{"@type":"WebSite","@id":"https:\/\/www.notibras.com\/site\/#website","url":"https:\/\/www.notibras.com\/site\/","name":"Notibras","description":"Not\u00edcias de Bras\u00edlia, do Brasil e do Mundo","publisher":{"@id":"https:\/\/www.notibras.com\/site\/#organization"},"potentialAction":[{"@type":"SearchAction","target":{"@type":"EntryPoint","urlTemplate":"https:\/\/www.notibras.com\/site\/?s={search_term_string}"},"query-input":{"@type":"PropertyValueSpecification","valueRequired":true,"valueName":"search_term_string"}}],"inLanguage":"pt-BR"},{"@type":"Organization","@id":"https:\/\/www.notibras.com\/site\/#organization","name":"Grupo Notibras de Comunica\u00e7\u00e3o","url":"https:\/\/www.notibras.com\/site\/","logo":{"@type":"ImageObject","inLanguage":"pt-BR","@id":"https:\/\/www.notibras.com\/site\/#\/schema\/logo\/image\/","url":"https:\/\/www.notibras.com\/site\/wp-content\/uploads\/2023\/01\/notibras23.png","contentUrl":"https:\/\/www.notibras.com\/site\/wp-content\/uploads\/2023\/01\/notibras23.png","width":350,"height":87,"caption":"Grupo Notibras de Comunica\u00e7\u00e3o"},"image":{"@id":"https:\/\/www.notibras.com\/site\/#\/schema\/logo\/image\/"},"sameAs":["https:\/\/www.facebook.com\/notibras\/","https:\/\/x.com\/Notibras","https:\/\/www.instagram.com\/notibras\/"]},{"@type":"Person","@id":"https:\/\/www.notibras.com\/site\/#\/schema\/person\/5b7fabf2aedc3ada2105f03b22b4d3dd","name":"Eduardo Mart\u00ednez","image":{"@type":"ImageObject","inLanguage":"pt-BR","@id":"https:\/\/secure.gravatar.com\/avatar\/7902f906289926289cbcda644b5197c796b893c6ffd7b9a536a42d290f7704a0?s=96&d=mm&r=g","url":"https:\/\/secure.gravatar.com\/avatar\/7902f906289926289cbcda644b5197c796b893c6ffd7b9a536a42d290f7704a0?s=96&d=mm&r=g","contentUrl":"https:\/\/secure.gravatar.com\/avatar\/7902f906289926289cbcda644b5197c796b893c6ffd7b9a536a42d290f7704a0?s=96&d=mm&r=g","caption":"Eduardo Mart\u00ednez"}}]}},"amp_enabled":true,"_links":{"self":[{"href":"https:\/\/www.notibras.com\/site\/wp-json\/wp\/v2\/posts\/379000","targetHints":{"allow":["GET"]}}],"collection":[{"href":"https:\/\/www.notibras.com\/site\/wp-json\/wp\/v2\/posts"}],"about":[{"href":"https:\/\/www.notibras.com\/site\/wp-json\/wp\/v2\/types\/post"}],"author":[{"embeddable":true,"href":"https:\/\/www.notibras.com\/site\/wp-json\/wp\/v2\/users\/21"}],"replies":[{"embeddable":true,"href":"https:\/\/www.notibras.com\/site\/wp-json\/wp\/v2\/comments?post=379000"}],"version-history":[{"count":2,"href":"https:\/\/www.notibras.com\/site\/wp-json\/wp\/v2\/posts\/379000\/revisions"}],"predecessor-version":[{"id":379003,"href":"https:\/\/www.notibras.com\/site\/wp-json\/wp\/v2\/posts\/379000\/revisions\/379003"}],"wp:featuredmedia":[{"embeddable":true,"href":"https:\/\/www.notibras.com\/site\/wp-json\/wp\/v2\/media\/379001"}],"wp:attachment":[{"href":"https:\/\/www.notibras.com\/site\/wp-json\/wp\/v2\/media?parent=379000"}],"wp:term":[{"taxonomy":"category","embeddable":true,"href":"https:\/\/www.notibras.com\/site\/wp-json\/wp\/v2\/categories?post=379000"},{"taxonomy":"post_tag","embeddable":true,"href":"https:\/\/www.notibras.com\/site\/wp-json\/wp\/v2\/tags?post=379000"}],"curies":[{"name":"wp","href":"https:\/\/api.w.org\/{rel}","templated":true}]}}