{"id":379009,"date":"2026-01-15T02:15:59","date_gmt":"2026-01-15T05:15:59","guid":{"rendered":"https:\/\/www.notibras.com\/site\/?p=379009"},"modified":"2026-01-14T23:29:50","modified_gmt":"2026-01-15T02:29:50","slug":"as-classes-mais-pobres-tambem-foram-vitimas-da-ditadura-militar","status":"publish","type":"post","link":"https:\/\/www.notibras.com\/site\/as-classes-mais-pobres-tambem-foram-vitimas-da-ditadura-militar\/","title":{"rendered":"As classes mais pobres tamb\u00e9m foram v\u00edtimas da Ditadura Militar"},"content":{"rendered":"<p>Neste fim de ano eu n\u00e3o viajei. O recesso chegou e, pela primeira vez em muito tempo, escolhi ficar. Permaneci em Bras\u00edlia para passar o Natal e o Ano-Novo junto da minha fam\u00edlia de origem, sem pressa, sem aeroporto, sem malas. Usei esse tempo livre para coisas simples e, justamente por isso, preciosas: fui ao zool\u00f3gico, dei voltas no shopping sem objetivo algum, visitei aquela tia que a gente ama, mas s\u00f3 consegue ver uma vez por ano.<\/p>\n<p>E, como acontece quando a rotina desacelera, tamb\u00e9m sobrou espa\u00e7o para pesquisar, ler e pensar. Em uma dessas buscas despretensiosas na internet, acabei mergulhando nos arquivos do DOPS, a Delegacia de Ordem Pol\u00edtica e Social, do estado onde cresci, o Maranh\u00e3o. Descobri documentos, relatos e informa\u00e7\u00f5es que ajudam a compreender melhor o passado. Nada de surpreendente para quem conhece minimamente a hist\u00f3ria do Brasil, mas ainda assim impactante: a Ditadura Militar perseguiu muitas pessoas. N\u00e3o apenas figuras p\u00fablicas ou lideran\u00e7as pol\u00edticas, mas gente simples: vaqueiros, lavradores, estudantes e, junto com eles, suas fam\u00edlias inteiras.<\/p>\n<p>Talvez por isso tenha me causado tanta estranheza, e tamb\u00e9m indigna\u00e7\u00e3o, ler uma publica\u00e7\u00e3o feita na rede social X pelo jornalista Andr\u00e9 Shalders, do Metr\u00f3poles. Entre outros disparates, ele afirmou que \u201cter hist\u00f3rias de repress\u00e3o durante a ditadura \u00e9 chique\u201d, e que tratar desse tema \u201cn\u00e3o tem nada a ver com os anseios da classe trabalhadora de verdade\u201d.<\/p>\n<p>\u00c9 uma fala desrespeitosa e profundamente desonesta. D\u00f3i ainda mais porque vem de um jornalista, algu\u00e9m que, ao menos em tese, deveria ter compromisso com a informa\u00e7\u00e3o de qualidade, com a seriedade hist\u00f3rica e com o respeito \u00e0s v\u00edtimas. Reduzir a viol\u00eancia do Estado, a pris\u00e3o arbitr\u00e1ria, a tortura e o medo cotidiano a uma esp\u00e9cie de modismo elitizado n\u00e3o \u00e9 apenas ignor\u00e2ncia: \u00e9 crueldade.<\/p>\n<p>Falar sobre a ditadura n\u00e3o \u00e9 \u201cchique\u201d. \u00c9 necess\u00e1rio. \u00c9 uma forma de honrar quem sofreu, de dar nome \u00e0s injusti\u00e7as e de evitar que a hist\u00f3ria se repita. E isso tem tudo a ver, sim, com os anseios da classe trabalhadora, afinal, foram trabalhadores comuns alguns dos principais alvos da repress\u00e3o.<\/p>\n<p>Talvez a fala de Andr\u00e9 diga mais sobre ele do que sobre o tema. Talvez seja apenas inveja de Wagner Moura, que acaba de conquistar um Globo de Ouro por sua atua\u00e7\u00e3o em um filme que trata exatamente da Ditadura Militar. Um reconhecimento internacional que mostra que esse assunto n\u00e3o \u00e9 passado, nem irrelevante, nem \u201cchique\u201d. \u00c9 mem\u00f3ria, \u00e9 dor, \u00e9 hist\u00f3ria viva.<\/p>\n<p>No meu recesso tranquilo, entre visitas familiares e passeios simples, ficou ainda mais claro para mim: lembrar \u00e9 um ato pol\u00edtico. E respeitar essa mem\u00f3ria deveria ser, no m\u00ednimo, um dever \u00e9tico de quem informa.<\/p>\n","protected":false},"excerpt":{"rendered":"<p>Neste fim de ano eu n\u00e3o viajei. O recesso chegou e, pela primeira vez em muito tempo, escolhi ficar. Permaneci em Bras\u00edlia para passar o Natal e o Ano-Novo junto da minha fam\u00edlia de origem, sem pressa, sem aeroporto, sem malas. Usei esse tempo livre para coisas simples e, justamente por isso, preciosas: fui ao [&hellip;]<\/p>\n","protected":false},"author":21,"featured_media":379010,"comment_status":"closed","ping_status":"closed","sticky":false,"template":"","format":"standard","meta":{"_acf_changed":false,"footnotes":""},"categories":[235],"tags":[],"class_list":["post-379009","post","type-post","status-publish","format-standard","has-post-thumbnail","hentry","category-dona-irene"],"acf":[],"yoast_head":"<!-- This site is optimized with the Yoast SEO plugin v27.2 - https:\/\/yoast.com\/product\/yoast-seo-wordpress\/ -->\n<title>As classes mais pobres tamb\u00e9m foram v\u00edtimas da Ditadura Militar - Notibras<\/title>\n<meta name=\"robots\" content=\"index, follow, max-snippet:-1, max-image-preview:large, max-video-preview:-1\" \/>\n<link rel=\"canonical\" href=\"https:\/\/www.notibras.com\/site\/as-classes-mais-pobres-tambem-foram-vitimas-da-ditadura-militar\/\" \/>\n<meta property=\"og:locale\" content=\"pt_BR\" \/>\n<meta property=\"og:type\" content=\"article\" \/>\n<meta property=\"og:title\" content=\"As classes mais pobres tamb\u00e9m foram v\u00edtimas da Ditadura Militar - Notibras\" \/>\n<meta property=\"og:description\" content=\"Neste fim de ano eu n\u00e3o viajei. O recesso chegou e, pela primeira vez em muito tempo, escolhi ficar. Permaneci em Bras\u00edlia para passar o Natal e o Ano-Novo junto da minha fam\u00edlia de origem, sem pressa, sem aeroporto, sem malas. Usei esse tempo livre para coisas simples e, justamente por isso, preciosas: fui ao [&hellip;]\" \/>\n<meta property=\"og:url\" content=\"https:\/\/www.notibras.com\/site\/as-classes-mais-pobres-tambem-foram-vitimas-da-ditadura-militar\/\" \/>\n<meta property=\"og:site_name\" content=\"Notibras\" \/>\n<meta property=\"article:publisher\" content=\"https:\/\/www.facebook.com\/notibras\/\" \/>\n<meta property=\"article:published_time\" content=\"2026-01-15T05:15:59+00:00\" \/>\n<meta property=\"og:image\" content=\"https:\/\/www.notibras.com\/site\/wp-content\/uploads\/2026\/01\/image_processing20200201-29235-1ay8on6.jpg\" \/>\n\t<meta property=\"og:image:width\" content=\"800\" \/>\n\t<meta property=\"og:image:height\" content=\"600\" \/>\n\t<meta property=\"og:image:type\" content=\"image\/jpeg\" \/>\n<meta name=\"author\" content=\"Eduardo Mart\u00ednez\" \/>\n<meta name=\"twitter:card\" content=\"summary_large_image\" \/>\n<meta name=\"twitter:creator\" content=\"@Notibras\" \/>\n<meta name=\"twitter:site\" content=\"@Notibras\" \/>\n<meta name=\"twitter:label1\" content=\"Escrito por\" \/>\n\t<meta name=\"twitter:data1\" content=\"Eduardo Mart\u00ednez\" \/>\n\t<meta name=\"twitter:label2\" content=\"Est. tempo de leitura\" \/>\n\t<meta name=\"twitter:data2\" content=\"3 minutos\" \/>\n<script type=\"application\/ld+json\" class=\"yoast-schema-graph\">{\"@context\":\"https:\/\/schema.org\",\"@graph\":[{\"@type\":\"Article\",\"@id\":\"https:\/\/www.notibras.com\/site\/as-classes-mais-pobres-tambem-foram-vitimas-da-ditadura-militar\/#article\",\"isPartOf\":{\"@id\":\"https:\/\/www.notibras.com\/site\/as-classes-mais-pobres-tambem-foram-vitimas-da-ditadura-militar\/\"},\"author\":{\"name\":\"Eduardo Mart\u00ednez\",\"@id\":\"https:\/\/www.notibras.com\/site\/#\/schema\/person\/5b7fabf2aedc3ada2105f03b22b4d3dd\"},\"headline\":\"As classes mais pobres tamb\u00e9m foram v\u00edtimas da Ditadura Militar\",\"datePublished\":\"2026-01-15T05:15:59+00:00\",\"mainEntityOfPage\":{\"@id\":\"https:\/\/www.notibras.com\/site\/as-classes-mais-pobres-tambem-foram-vitimas-da-ditadura-militar\/\"},\"wordCount\":490,\"publisher\":{\"@id\":\"https:\/\/www.notibras.com\/site\/#organization\"},\"image\":{\"@id\":\"https:\/\/www.notibras.com\/site\/as-classes-mais-pobres-tambem-foram-vitimas-da-ditadura-militar\/#primaryimage\"},\"thumbnailUrl\":\"https:\/\/www.notibras.com\/site\/wp-content\/uploads\/2026\/01\/image_processing20200201-29235-1ay8on6.jpg\",\"articleSection\":[\"Dona Irene\"],\"inLanguage\":\"pt-BR\"},{\"@type\":\"WebPage\",\"@id\":\"https:\/\/www.notibras.com\/site\/as-classes-mais-pobres-tambem-foram-vitimas-da-ditadura-militar\/\",\"url\":\"https:\/\/www.notibras.com\/site\/as-classes-mais-pobres-tambem-foram-vitimas-da-ditadura-militar\/\",\"name\":\"As classes mais pobres tamb\u00e9m foram v\u00edtimas da Ditadura Militar - Notibras\",\"isPartOf\":{\"@id\":\"https:\/\/www.notibras.com\/site\/#website\"},\"primaryImageOfPage\":{\"@id\":\"https:\/\/www.notibras.com\/site\/as-classes-mais-pobres-tambem-foram-vitimas-da-ditadura-militar\/#primaryimage\"},\"image\":{\"@id\":\"https:\/\/www.notibras.com\/site\/as-classes-mais-pobres-tambem-foram-vitimas-da-ditadura-militar\/#primaryimage\"},\"thumbnailUrl\":\"https:\/\/www.notibras.com\/site\/wp-content\/uploads\/2026\/01\/image_processing20200201-29235-1ay8on6.jpg\",\"datePublished\":\"2026-01-15T05:15:59+00:00\",\"breadcrumb\":{\"@id\":\"https:\/\/www.notibras.com\/site\/as-classes-mais-pobres-tambem-foram-vitimas-da-ditadura-militar\/#breadcrumb\"},\"inLanguage\":\"pt-BR\",\"potentialAction\":[{\"@type\":\"ReadAction\",\"target\":[\"https:\/\/www.notibras.com\/site\/as-classes-mais-pobres-tambem-foram-vitimas-da-ditadura-militar\/\"]}]},{\"@type\":\"ImageObject\",\"inLanguage\":\"pt-BR\",\"@id\":\"https:\/\/www.notibras.com\/site\/as-classes-mais-pobres-tambem-foram-vitimas-da-ditadura-militar\/#primaryimage\",\"url\":\"https:\/\/www.notibras.com\/site\/wp-content\/uploads\/2026\/01\/image_processing20200201-29235-1ay8on6.jpg\",\"contentUrl\":\"https:\/\/www.notibras.com\/site\/wp-content\/uploads\/2026\/01\/image_processing20200201-29235-1ay8on6.jpg\",\"width\":800,\"height\":600},{\"@type\":\"BreadcrumbList\",\"@id\":\"https:\/\/www.notibras.com\/site\/as-classes-mais-pobres-tambem-foram-vitimas-da-ditadura-militar\/#breadcrumb\",\"itemListElement\":[{\"@type\":\"ListItem\",\"position\":1,\"name\":\"In\u00edcio\",\"item\":\"https:\/\/www.notibras.com\/site\/\"},{\"@type\":\"ListItem\",\"position\":2,\"name\":\"As classes mais pobres tamb\u00e9m foram v\u00edtimas da Ditadura Militar\"}]},{\"@type\":\"WebSite\",\"@id\":\"https:\/\/www.notibras.com\/site\/#website\",\"url\":\"https:\/\/www.notibras.com\/site\/\",\"name\":\"Notibras\",\"description\":\"Not\u00edcias de Bras\u00edlia, do Brasil e do Mundo\",\"publisher\":{\"@id\":\"https:\/\/www.notibras.com\/site\/#organization\"},\"potentialAction\":[{\"@type\":\"SearchAction\",\"target\":{\"@type\":\"EntryPoint\",\"urlTemplate\":\"https:\/\/www.notibras.com\/site\/?s={search_term_string}\"},\"query-input\":{\"@type\":\"PropertyValueSpecification\",\"valueRequired\":true,\"valueName\":\"search_term_string\"}}],\"inLanguage\":\"pt-BR\"},{\"@type\":\"Organization\",\"@id\":\"https:\/\/www.notibras.com\/site\/#organization\",\"name\":\"Grupo Notibras de Comunica\u00e7\u00e3o\",\"url\":\"https:\/\/www.notibras.com\/site\/\",\"logo\":{\"@type\":\"ImageObject\",\"inLanguage\":\"pt-BR\",\"@id\":\"https:\/\/www.notibras.com\/site\/#\/schema\/logo\/image\/\",\"url\":\"https:\/\/www.notibras.com\/site\/wp-content\/uploads\/2023\/01\/notibras23.png\",\"contentUrl\":\"https:\/\/www.notibras.com\/site\/wp-content\/uploads\/2023\/01\/notibras23.png\",\"width\":350,\"height\":87,\"caption\":\"Grupo Notibras de Comunica\u00e7\u00e3o\"},\"image\":{\"@id\":\"https:\/\/www.notibras.com\/site\/#\/schema\/logo\/image\/\"},\"sameAs\":[\"https:\/\/www.facebook.com\/notibras\/\",\"https:\/\/x.com\/Notibras\",\"https:\/\/www.instagram.com\/notibras\/\"]},{\"@type\":\"Person\",\"@id\":\"https:\/\/www.notibras.com\/site\/#\/schema\/person\/5b7fabf2aedc3ada2105f03b22b4d3dd\",\"name\":\"Eduardo Mart\u00ednez\",\"image\":{\"@type\":\"ImageObject\",\"inLanguage\":\"pt-BR\",\"@id\":\"https:\/\/secure.gravatar.com\/avatar\/7902f906289926289cbcda644b5197c796b893c6ffd7b9a536a42d290f7704a0?s=96&d=mm&r=g\",\"url\":\"https:\/\/secure.gravatar.com\/avatar\/7902f906289926289cbcda644b5197c796b893c6ffd7b9a536a42d290f7704a0?s=96&d=mm&r=g\",\"contentUrl\":\"https:\/\/secure.gravatar.com\/avatar\/7902f906289926289cbcda644b5197c796b893c6ffd7b9a536a42d290f7704a0?s=96&d=mm&r=g\",\"caption\":\"Eduardo Mart\u00ednez\"}}]}<\/script>\n<!-- \/ Yoast SEO plugin. -->","yoast_head_json":{"title":"As classes mais pobres tamb\u00e9m foram v\u00edtimas da Ditadura Militar - Notibras","robots":{"index":"index","follow":"follow","max-snippet":"max-snippet:-1","max-image-preview":"max-image-preview:large","max-video-preview":"max-video-preview:-1"},"canonical":"https:\/\/www.notibras.com\/site\/as-classes-mais-pobres-tambem-foram-vitimas-da-ditadura-militar\/","og_locale":"pt_BR","og_type":"article","og_title":"As classes mais pobres tamb\u00e9m foram v\u00edtimas da Ditadura Militar - Notibras","og_description":"Neste fim de ano eu n\u00e3o viajei. O recesso chegou e, pela primeira vez em muito tempo, escolhi ficar. Permaneci em Bras\u00edlia para passar o Natal e o Ano-Novo junto da minha fam\u00edlia de origem, sem pressa, sem aeroporto, sem malas. Usei esse tempo livre para coisas simples e, justamente por isso, preciosas: fui ao [&hellip;]","og_url":"https:\/\/www.notibras.com\/site\/as-classes-mais-pobres-tambem-foram-vitimas-da-ditadura-militar\/","og_site_name":"Notibras","article_publisher":"https:\/\/www.facebook.com\/notibras\/","article_published_time":"2026-01-15T05:15:59+00:00","og_image":[{"width":800,"height":600,"url":"https:\/\/www.notibras.com\/site\/wp-content\/uploads\/2026\/01\/image_processing20200201-29235-1ay8on6.jpg","type":"image\/jpeg"}],"author":"Eduardo Mart\u00ednez","twitter_card":"summary_large_image","twitter_creator":"@Notibras","twitter_site":"@Notibras","twitter_misc":{"Escrito por":"Eduardo Mart\u00ednez","Est. tempo de leitura":"3 minutos"},"schema":{"@context":"https:\/\/schema.org","@graph":[{"@type":"Article","@id":"https:\/\/www.notibras.com\/site\/as-classes-mais-pobres-tambem-foram-vitimas-da-ditadura-militar\/#article","isPartOf":{"@id":"https:\/\/www.notibras.com\/site\/as-classes-mais-pobres-tambem-foram-vitimas-da-ditadura-militar\/"},"author":{"name":"Eduardo Mart\u00ednez","@id":"https:\/\/www.notibras.com\/site\/#\/schema\/person\/5b7fabf2aedc3ada2105f03b22b4d3dd"},"headline":"As classes mais pobres tamb\u00e9m foram v\u00edtimas da Ditadura Militar","datePublished":"2026-01-15T05:15:59+00:00","mainEntityOfPage":{"@id":"https:\/\/www.notibras.com\/site\/as-classes-mais-pobres-tambem-foram-vitimas-da-ditadura-militar\/"},"wordCount":490,"publisher":{"@id":"https:\/\/www.notibras.com\/site\/#organization"},"image":{"@id":"https:\/\/www.notibras.com\/site\/as-classes-mais-pobres-tambem-foram-vitimas-da-ditadura-militar\/#primaryimage"},"thumbnailUrl":"https:\/\/www.notibras.com\/site\/wp-content\/uploads\/2026\/01\/image_processing20200201-29235-1ay8on6.jpg","articleSection":["Dona Irene"],"inLanguage":"pt-BR"},{"@type":"WebPage","@id":"https:\/\/www.notibras.com\/site\/as-classes-mais-pobres-tambem-foram-vitimas-da-ditadura-militar\/","url":"https:\/\/www.notibras.com\/site\/as-classes-mais-pobres-tambem-foram-vitimas-da-ditadura-militar\/","name":"As classes mais pobres tamb\u00e9m foram v\u00edtimas da Ditadura Militar - Notibras","isPartOf":{"@id":"https:\/\/www.notibras.com\/site\/#website"},"primaryImageOfPage":{"@id":"https:\/\/www.notibras.com\/site\/as-classes-mais-pobres-tambem-foram-vitimas-da-ditadura-militar\/#primaryimage"},"image":{"@id":"https:\/\/www.notibras.com\/site\/as-classes-mais-pobres-tambem-foram-vitimas-da-ditadura-militar\/#primaryimage"},"thumbnailUrl":"https:\/\/www.notibras.com\/site\/wp-content\/uploads\/2026\/01\/image_processing20200201-29235-1ay8on6.jpg","datePublished":"2026-01-15T05:15:59+00:00","breadcrumb":{"@id":"https:\/\/www.notibras.com\/site\/as-classes-mais-pobres-tambem-foram-vitimas-da-ditadura-militar\/#breadcrumb"},"inLanguage":"pt-BR","potentialAction":[{"@type":"ReadAction","target":["https:\/\/www.notibras.com\/site\/as-classes-mais-pobres-tambem-foram-vitimas-da-ditadura-militar\/"]}]},{"@type":"ImageObject","inLanguage":"pt-BR","@id":"https:\/\/www.notibras.com\/site\/as-classes-mais-pobres-tambem-foram-vitimas-da-ditadura-militar\/#primaryimage","url":"https:\/\/www.notibras.com\/site\/wp-content\/uploads\/2026\/01\/image_processing20200201-29235-1ay8on6.jpg","contentUrl":"https:\/\/www.notibras.com\/site\/wp-content\/uploads\/2026\/01\/image_processing20200201-29235-1ay8on6.jpg","width":800,"height":600},{"@type":"BreadcrumbList","@id":"https:\/\/www.notibras.com\/site\/as-classes-mais-pobres-tambem-foram-vitimas-da-ditadura-militar\/#breadcrumb","itemListElement":[{"@type":"ListItem","position":1,"name":"In\u00edcio","item":"https:\/\/www.notibras.com\/site\/"},{"@type":"ListItem","position":2,"name":"As classes mais pobres tamb\u00e9m foram v\u00edtimas da Ditadura Militar"}]},{"@type":"WebSite","@id":"https:\/\/www.notibras.com\/site\/#website","url":"https:\/\/www.notibras.com\/site\/","name":"Notibras","description":"Not\u00edcias de Bras\u00edlia, do Brasil e do Mundo","publisher":{"@id":"https:\/\/www.notibras.com\/site\/#organization"},"potentialAction":[{"@type":"SearchAction","target":{"@type":"EntryPoint","urlTemplate":"https:\/\/www.notibras.com\/site\/?s={search_term_string}"},"query-input":{"@type":"PropertyValueSpecification","valueRequired":true,"valueName":"search_term_string"}}],"inLanguage":"pt-BR"},{"@type":"Organization","@id":"https:\/\/www.notibras.com\/site\/#organization","name":"Grupo Notibras de Comunica\u00e7\u00e3o","url":"https:\/\/www.notibras.com\/site\/","logo":{"@type":"ImageObject","inLanguage":"pt-BR","@id":"https:\/\/www.notibras.com\/site\/#\/schema\/logo\/image\/","url":"https:\/\/www.notibras.com\/site\/wp-content\/uploads\/2023\/01\/notibras23.png","contentUrl":"https:\/\/www.notibras.com\/site\/wp-content\/uploads\/2023\/01\/notibras23.png","width":350,"height":87,"caption":"Grupo Notibras de Comunica\u00e7\u00e3o"},"image":{"@id":"https:\/\/www.notibras.com\/site\/#\/schema\/logo\/image\/"},"sameAs":["https:\/\/www.facebook.com\/notibras\/","https:\/\/x.com\/Notibras","https:\/\/www.instagram.com\/notibras\/"]},{"@type":"Person","@id":"https:\/\/www.notibras.com\/site\/#\/schema\/person\/5b7fabf2aedc3ada2105f03b22b4d3dd","name":"Eduardo Mart\u00ednez","image":{"@type":"ImageObject","inLanguage":"pt-BR","@id":"https:\/\/secure.gravatar.com\/avatar\/7902f906289926289cbcda644b5197c796b893c6ffd7b9a536a42d290f7704a0?s=96&d=mm&r=g","url":"https:\/\/secure.gravatar.com\/avatar\/7902f906289926289cbcda644b5197c796b893c6ffd7b9a536a42d290f7704a0?s=96&d=mm&r=g","contentUrl":"https:\/\/secure.gravatar.com\/avatar\/7902f906289926289cbcda644b5197c796b893c6ffd7b9a536a42d290f7704a0?s=96&d=mm&r=g","caption":"Eduardo Mart\u00ednez"}}]}},"amp_enabled":true,"_links":{"self":[{"href":"https:\/\/www.notibras.com\/site\/wp-json\/wp\/v2\/posts\/379009","targetHints":{"allow":["GET"]}}],"collection":[{"href":"https:\/\/www.notibras.com\/site\/wp-json\/wp\/v2\/posts"}],"about":[{"href":"https:\/\/www.notibras.com\/site\/wp-json\/wp\/v2\/types\/post"}],"author":[{"embeddable":true,"href":"https:\/\/www.notibras.com\/site\/wp-json\/wp\/v2\/users\/21"}],"replies":[{"embeddable":true,"href":"https:\/\/www.notibras.com\/site\/wp-json\/wp\/v2\/comments?post=379009"}],"version-history":[{"count":5,"href":"https:\/\/www.notibras.com\/site\/wp-json\/wp\/v2\/posts\/379009\/revisions"}],"predecessor-version":[{"id":379015,"href":"https:\/\/www.notibras.com\/site\/wp-json\/wp\/v2\/posts\/379009\/revisions\/379015"}],"wp:featuredmedia":[{"embeddable":true,"href":"https:\/\/www.notibras.com\/site\/wp-json\/wp\/v2\/media\/379010"}],"wp:attachment":[{"href":"https:\/\/www.notibras.com\/site\/wp-json\/wp\/v2\/media?parent=379009"}],"wp:term":[{"taxonomy":"category","embeddable":true,"href":"https:\/\/www.notibras.com\/site\/wp-json\/wp\/v2\/categories?post=379009"},{"taxonomy":"post_tag","embeddable":true,"href":"https:\/\/www.notibras.com\/site\/wp-json\/wp\/v2\/tags?post=379009"}],"curies":[{"name":"wp","href":"https:\/\/api.w.org\/{rel}","templated":true}]}}