{"id":379016,"date":"2026-01-15T02:00:56","date_gmt":"2026-01-15T05:00:56","guid":{"rendered":"https:\/\/www.notibras.com\/site\/?p=379016"},"modified":"2026-01-14T23:37:16","modified_gmt":"2026-01-15T02:37:16","slug":"os-estados-unidos-uma-democracia-carregada-de-ressalvas","status":"publish","type":"post","link":"https:\/\/www.notibras.com\/site\/os-estados-unidos-uma-democracia-carregada-de-ressalvas\/","title":{"rendered":"Os Estados Unidos, uma democracia carregada de ressalvas"},"content":{"rendered":"<p>H\u00e1 alguns meses, o presidente Lula afirmou que a democracia \u00e9 um conceito relativo e foi duramente criticado por isso. Eu confesso que concordo com ele, n\u00e3o porque tudo seja aceit\u00e1vel em nome da relativiza\u00e7\u00e3o, mas porque a democracia n\u00e3o \u00e9 um r\u00f3tulo vazio nem um t\u00edtulo vital\u00edcio. Ela se sustenta em pr\u00e1ticas concretas, ela se constr\u00f3i no cotidiano. Ainda assim, acredito que h\u00e1 coisas que s\u00e3o inerentes a qualquer pa\u00eds que se pretenda democr\u00e1tico. H\u00e1 preceitos sem os quais um Estado simplesmente n\u00e3o pode ser chamado de democracia.<\/p>\n<p>Um desses preceitos \u00e9 a liberdade de imprensa. Porque, sem liberdade de imprensa, nenhum cidad\u00e3o est\u00e1 de fato livre. Quando jornalistas s\u00e3o constrangidos, intimidados ou silenciados, n\u00e3o \u00e9 apenas a categoria que perde; \u00e9 toda a sociedade que fica no escuro. Informa\u00e7\u00e3o livre \u00e9 condi\u00e7\u00e3o b\u00e1sica para escolha livre, para cr\u00edtica, para fiscaliza\u00e7\u00e3o do poder.<\/p>\n<p>Ontem foi amplamente divulgado que uma jornalista do Washington Post foi alvo de busca e apreens\u00e3o pelo FBI. Hannah Natanson, rep\u00f3rter que cobria detalhes da Casa Branca e do governo federal, teve sua casa revirada numa a\u00e7\u00e3o que, para mim, soa como uma clara tentativa de intimida\u00e7\u00e3o. Independentemente do contexto ou das justificativas formais, o recado simb\u00f3lico \u00e9 perigoso: investigar o poder pode ter custo pessoal.<\/p>\n<p>Diante disso, talvez esteja na hora de repensar certos discursos autom\u00e1ticos. Talvez seja hora de parar de chamar os Estados Unidos de a maior democracia do mundo sem ressalvas. Democracia n\u00e3o \u00e9 apenas elei\u00e7\u00e3o peri\u00f3dica nem ret\u00f3rica institucional bem ensaiada. Democracia \u00e9, sobretudo, tolerar e proteger quem incomoda, quem pergunta, quem revela. Quando a imprensa passa a ser tratada como amea\u00e7a, algo essencial j\u00e1 se perdeu no caminho.<\/p>\n","protected":false},"excerpt":{"rendered":"<p>H\u00e1 alguns meses, o presidente Lula afirmou que a democracia \u00e9 um conceito relativo e foi duramente criticado por isso. Eu confesso que concordo com ele, n\u00e3o porque tudo seja aceit\u00e1vel em nome da relativiza\u00e7\u00e3o, mas porque a democracia n\u00e3o \u00e9 um r\u00f3tulo vazio nem um t\u00edtulo vital\u00edcio. Ela se sustenta em pr\u00e1ticas concretas, ela [&hellip;]<\/p>\n","protected":false},"author":21,"featured_media":379018,"comment_status":"closed","ping_status":"closed","sticky":false,"template":"","format":"standard","meta":{"_acf_changed":false,"footnotes":""},"categories":[235],"tags":[],"class_list":["post-379016","post","type-post","status-publish","format-standard","has-post-thumbnail","hentry","category-dona-irene"],"acf":[],"yoast_head":"<!-- This site is optimized with the Yoast SEO plugin v27.2 - https:\/\/yoast.com\/product\/yoast-seo-wordpress\/ -->\n<title>Os Estados Unidos, uma democracia carregada de ressalvas - Notibras<\/title>\n<meta name=\"robots\" content=\"index, follow, max-snippet:-1, max-image-preview:large, max-video-preview:-1\" \/>\n<link rel=\"canonical\" href=\"https:\/\/www.notibras.com\/site\/os-estados-unidos-uma-democracia-carregada-de-ressalvas\/\" \/>\n<meta property=\"og:locale\" content=\"pt_BR\" \/>\n<meta property=\"og:type\" content=\"article\" \/>\n<meta property=\"og:title\" content=\"Os Estados Unidos, uma democracia carregada de ressalvas - Notibras\" \/>\n<meta property=\"og:description\" content=\"H\u00e1 alguns meses, o presidente Lula afirmou que a democracia \u00e9 um conceito relativo e foi duramente criticado por isso. Eu confesso que concordo com ele, n\u00e3o porque tudo seja aceit\u00e1vel em nome da relativiza\u00e7\u00e3o, mas porque a democracia n\u00e3o \u00e9 um r\u00f3tulo vazio nem um t\u00edtulo vital\u00edcio. Ela se sustenta em pr\u00e1ticas concretas, ela [&hellip;]\" \/>\n<meta property=\"og:url\" content=\"https:\/\/www.notibras.com\/site\/os-estados-unidos-uma-democracia-carregada-de-ressalvas\/\" \/>\n<meta property=\"og:site_name\" content=\"Notibras\" \/>\n<meta property=\"article:publisher\" content=\"https:\/\/www.facebook.com\/notibras\/\" \/>\n<meta property=\"article:published_time\" content=\"2026-01-15T05:00:56+00:00\" \/>\n<meta property=\"og:image\" content=\"https:\/\/www.notibras.com\/site\/wp-content\/uploads\/2026\/01\/200253_1326193.jpg.1500x1000_q95_crop-smart_upscale.webp\" \/>\n\t<meta property=\"og:image:width\" content=\"1500\" \/>\n\t<meta property=\"og:image:height\" content=\"1000\" \/>\n\t<meta property=\"og:image:type\" content=\"image\/webp\" \/>\n<meta name=\"author\" content=\"Eduardo Mart\u00ednez\" \/>\n<meta name=\"twitter:card\" content=\"summary_large_image\" \/>\n<meta name=\"twitter:creator\" content=\"@Notibras\" \/>\n<meta name=\"twitter:site\" content=\"@Notibras\" \/>\n<meta name=\"twitter:label1\" content=\"Escrito por\" \/>\n\t<meta name=\"twitter:data1\" content=\"Eduardo Mart\u00ednez\" \/>\n\t<meta name=\"twitter:label2\" content=\"Est. tempo de leitura\" \/>\n\t<meta name=\"twitter:data2\" content=\"2 minutos\" \/>\n<script type=\"application\/ld+json\" class=\"yoast-schema-graph\">{\"@context\":\"https:\/\/schema.org\",\"@graph\":[{\"@type\":\"Article\",\"@id\":\"https:\/\/www.notibras.com\/site\/os-estados-unidos-uma-democracia-carregada-de-ressalvas\/#article\",\"isPartOf\":{\"@id\":\"https:\/\/www.notibras.com\/site\/os-estados-unidos-uma-democracia-carregada-de-ressalvas\/\"},\"author\":{\"name\":\"Eduardo Mart\u00ednez\",\"@id\":\"https:\/\/www.notibras.com\/site\/#\/schema\/person\/5b7fabf2aedc3ada2105f03b22b4d3dd\"},\"headline\":\"Os Estados Unidos, uma democracia carregada de ressalvas\",\"datePublished\":\"2026-01-15T05:00:56+00:00\",\"mainEntityOfPage\":{\"@id\":\"https:\/\/www.notibras.com\/site\/os-estados-unidos-uma-democracia-carregada-de-ressalvas\/\"},\"wordCount\":309,\"publisher\":{\"@id\":\"https:\/\/www.notibras.com\/site\/#organization\"},\"image\":{\"@id\":\"https:\/\/www.notibras.com\/site\/os-estados-unidos-uma-democracia-carregada-de-ressalvas\/#primaryimage\"},\"thumbnailUrl\":\"https:\/\/www.notibras.com\/site\/wp-content\/uploads\/2026\/01\/200253_1326193.jpg.1500x1000_q95_crop-smart_upscale.webp\",\"articleSection\":[\"Dona Irene\"],\"inLanguage\":\"pt-BR\"},{\"@type\":\"WebPage\",\"@id\":\"https:\/\/www.notibras.com\/site\/os-estados-unidos-uma-democracia-carregada-de-ressalvas\/\",\"url\":\"https:\/\/www.notibras.com\/site\/os-estados-unidos-uma-democracia-carregada-de-ressalvas\/\",\"name\":\"Os Estados Unidos, uma democracia carregada de ressalvas - Notibras\",\"isPartOf\":{\"@id\":\"https:\/\/www.notibras.com\/site\/#website\"},\"primaryImageOfPage\":{\"@id\":\"https:\/\/www.notibras.com\/site\/os-estados-unidos-uma-democracia-carregada-de-ressalvas\/#primaryimage\"},\"image\":{\"@id\":\"https:\/\/www.notibras.com\/site\/os-estados-unidos-uma-democracia-carregada-de-ressalvas\/#primaryimage\"},\"thumbnailUrl\":\"https:\/\/www.notibras.com\/site\/wp-content\/uploads\/2026\/01\/200253_1326193.jpg.1500x1000_q95_crop-smart_upscale.webp\",\"datePublished\":\"2026-01-15T05:00:56+00:00\",\"breadcrumb\":{\"@id\":\"https:\/\/www.notibras.com\/site\/os-estados-unidos-uma-democracia-carregada-de-ressalvas\/#breadcrumb\"},\"inLanguage\":\"pt-BR\",\"potentialAction\":[{\"@type\":\"ReadAction\",\"target\":[\"https:\/\/www.notibras.com\/site\/os-estados-unidos-uma-democracia-carregada-de-ressalvas\/\"]}]},{\"@type\":\"ImageObject\",\"inLanguage\":\"pt-BR\",\"@id\":\"https:\/\/www.notibras.com\/site\/os-estados-unidos-uma-democracia-carregada-de-ressalvas\/#primaryimage\",\"url\":\"https:\/\/www.notibras.com\/site\/wp-content\/uploads\/2026\/01\/200253_1326193.jpg.1500x1000_q95_crop-smart_upscale.webp\",\"contentUrl\":\"https:\/\/www.notibras.com\/site\/wp-content\/uploads\/2026\/01\/200253_1326193.jpg.1500x1000_q95_crop-smart_upscale.webp\",\"width\":1500,\"height\":1000},{\"@type\":\"BreadcrumbList\",\"@id\":\"https:\/\/www.notibras.com\/site\/os-estados-unidos-uma-democracia-carregada-de-ressalvas\/#breadcrumb\",\"itemListElement\":[{\"@type\":\"ListItem\",\"position\":1,\"name\":\"In\u00edcio\",\"item\":\"https:\/\/www.notibras.com\/site\/\"},{\"@type\":\"ListItem\",\"position\":2,\"name\":\"Os Estados Unidos, uma democracia carregada de ressalvas\"}]},{\"@type\":\"WebSite\",\"@id\":\"https:\/\/www.notibras.com\/site\/#website\",\"url\":\"https:\/\/www.notibras.com\/site\/\",\"name\":\"Notibras\",\"description\":\"Not\u00edcias de Bras\u00edlia, do Brasil e do Mundo\",\"publisher\":{\"@id\":\"https:\/\/www.notibras.com\/site\/#organization\"},\"potentialAction\":[{\"@type\":\"SearchAction\",\"target\":{\"@type\":\"EntryPoint\",\"urlTemplate\":\"https:\/\/www.notibras.com\/site\/?s={search_term_string}\"},\"query-input\":{\"@type\":\"PropertyValueSpecification\",\"valueRequired\":true,\"valueName\":\"search_term_string\"}}],\"inLanguage\":\"pt-BR\"},{\"@type\":\"Organization\",\"@id\":\"https:\/\/www.notibras.com\/site\/#organization\",\"name\":\"Grupo Notibras de Comunica\u00e7\u00e3o\",\"url\":\"https:\/\/www.notibras.com\/site\/\",\"logo\":{\"@type\":\"ImageObject\",\"inLanguage\":\"pt-BR\",\"@id\":\"https:\/\/www.notibras.com\/site\/#\/schema\/logo\/image\/\",\"url\":\"https:\/\/www.notibras.com\/site\/wp-content\/uploads\/2023\/01\/notibras23.png\",\"contentUrl\":\"https:\/\/www.notibras.com\/site\/wp-content\/uploads\/2023\/01\/notibras23.png\",\"width\":350,\"height\":87,\"caption\":\"Grupo Notibras de Comunica\u00e7\u00e3o\"},\"image\":{\"@id\":\"https:\/\/www.notibras.com\/site\/#\/schema\/logo\/image\/\"},\"sameAs\":[\"https:\/\/www.facebook.com\/notibras\/\",\"https:\/\/x.com\/Notibras\",\"https:\/\/www.instagram.com\/notibras\/\"]},{\"@type\":\"Person\",\"@id\":\"https:\/\/www.notibras.com\/site\/#\/schema\/person\/5b7fabf2aedc3ada2105f03b22b4d3dd\",\"name\":\"Eduardo Mart\u00ednez\",\"image\":{\"@type\":\"ImageObject\",\"inLanguage\":\"pt-BR\",\"@id\":\"https:\/\/secure.gravatar.com\/avatar\/7902f906289926289cbcda644b5197c796b893c6ffd7b9a536a42d290f7704a0?s=96&d=mm&r=g\",\"url\":\"https:\/\/secure.gravatar.com\/avatar\/7902f906289926289cbcda644b5197c796b893c6ffd7b9a536a42d290f7704a0?s=96&d=mm&r=g\",\"contentUrl\":\"https:\/\/secure.gravatar.com\/avatar\/7902f906289926289cbcda644b5197c796b893c6ffd7b9a536a42d290f7704a0?s=96&d=mm&r=g\",\"caption\":\"Eduardo Mart\u00ednez\"}}]}<\/script>\n<!-- \/ Yoast SEO plugin. -->","yoast_head_json":{"title":"Os Estados Unidos, uma democracia carregada de ressalvas - Notibras","robots":{"index":"index","follow":"follow","max-snippet":"max-snippet:-1","max-image-preview":"max-image-preview:large","max-video-preview":"max-video-preview:-1"},"canonical":"https:\/\/www.notibras.com\/site\/os-estados-unidos-uma-democracia-carregada-de-ressalvas\/","og_locale":"pt_BR","og_type":"article","og_title":"Os Estados Unidos, uma democracia carregada de ressalvas - Notibras","og_description":"H\u00e1 alguns meses, o presidente Lula afirmou que a democracia \u00e9 um conceito relativo e foi duramente criticado por isso. Eu confesso que concordo com ele, n\u00e3o porque tudo seja aceit\u00e1vel em nome da relativiza\u00e7\u00e3o, mas porque a democracia n\u00e3o \u00e9 um r\u00f3tulo vazio nem um t\u00edtulo vital\u00edcio. Ela se sustenta em pr\u00e1ticas concretas, ela [&hellip;]","og_url":"https:\/\/www.notibras.com\/site\/os-estados-unidos-uma-democracia-carregada-de-ressalvas\/","og_site_name":"Notibras","article_publisher":"https:\/\/www.facebook.com\/notibras\/","article_published_time":"2026-01-15T05:00:56+00:00","og_image":[{"width":1500,"height":1000,"url":"https:\/\/www.notibras.com\/site\/wp-content\/uploads\/2026\/01\/200253_1326193.jpg.1500x1000_q95_crop-smart_upscale.webp","type":"image\/webp"}],"author":"Eduardo Mart\u00ednez","twitter_card":"summary_large_image","twitter_creator":"@Notibras","twitter_site":"@Notibras","twitter_misc":{"Escrito por":"Eduardo Mart\u00ednez","Est. tempo de leitura":"2 minutos"},"schema":{"@context":"https:\/\/schema.org","@graph":[{"@type":"Article","@id":"https:\/\/www.notibras.com\/site\/os-estados-unidos-uma-democracia-carregada-de-ressalvas\/#article","isPartOf":{"@id":"https:\/\/www.notibras.com\/site\/os-estados-unidos-uma-democracia-carregada-de-ressalvas\/"},"author":{"name":"Eduardo Mart\u00ednez","@id":"https:\/\/www.notibras.com\/site\/#\/schema\/person\/5b7fabf2aedc3ada2105f03b22b4d3dd"},"headline":"Os Estados Unidos, uma democracia carregada de ressalvas","datePublished":"2026-01-15T05:00:56+00:00","mainEntityOfPage":{"@id":"https:\/\/www.notibras.com\/site\/os-estados-unidos-uma-democracia-carregada-de-ressalvas\/"},"wordCount":309,"publisher":{"@id":"https:\/\/www.notibras.com\/site\/#organization"},"image":{"@id":"https:\/\/www.notibras.com\/site\/os-estados-unidos-uma-democracia-carregada-de-ressalvas\/#primaryimage"},"thumbnailUrl":"https:\/\/www.notibras.com\/site\/wp-content\/uploads\/2026\/01\/200253_1326193.jpg.1500x1000_q95_crop-smart_upscale.webp","articleSection":["Dona Irene"],"inLanguage":"pt-BR"},{"@type":"WebPage","@id":"https:\/\/www.notibras.com\/site\/os-estados-unidos-uma-democracia-carregada-de-ressalvas\/","url":"https:\/\/www.notibras.com\/site\/os-estados-unidos-uma-democracia-carregada-de-ressalvas\/","name":"Os Estados Unidos, uma democracia carregada de ressalvas - Notibras","isPartOf":{"@id":"https:\/\/www.notibras.com\/site\/#website"},"primaryImageOfPage":{"@id":"https:\/\/www.notibras.com\/site\/os-estados-unidos-uma-democracia-carregada-de-ressalvas\/#primaryimage"},"image":{"@id":"https:\/\/www.notibras.com\/site\/os-estados-unidos-uma-democracia-carregada-de-ressalvas\/#primaryimage"},"thumbnailUrl":"https:\/\/www.notibras.com\/site\/wp-content\/uploads\/2026\/01\/200253_1326193.jpg.1500x1000_q95_crop-smart_upscale.webp","datePublished":"2026-01-15T05:00:56+00:00","breadcrumb":{"@id":"https:\/\/www.notibras.com\/site\/os-estados-unidos-uma-democracia-carregada-de-ressalvas\/#breadcrumb"},"inLanguage":"pt-BR","potentialAction":[{"@type":"ReadAction","target":["https:\/\/www.notibras.com\/site\/os-estados-unidos-uma-democracia-carregada-de-ressalvas\/"]}]},{"@type":"ImageObject","inLanguage":"pt-BR","@id":"https:\/\/www.notibras.com\/site\/os-estados-unidos-uma-democracia-carregada-de-ressalvas\/#primaryimage","url":"https:\/\/www.notibras.com\/site\/wp-content\/uploads\/2026\/01\/200253_1326193.jpg.1500x1000_q95_crop-smart_upscale.webp","contentUrl":"https:\/\/www.notibras.com\/site\/wp-content\/uploads\/2026\/01\/200253_1326193.jpg.1500x1000_q95_crop-smart_upscale.webp","width":1500,"height":1000},{"@type":"BreadcrumbList","@id":"https:\/\/www.notibras.com\/site\/os-estados-unidos-uma-democracia-carregada-de-ressalvas\/#breadcrumb","itemListElement":[{"@type":"ListItem","position":1,"name":"In\u00edcio","item":"https:\/\/www.notibras.com\/site\/"},{"@type":"ListItem","position":2,"name":"Os Estados Unidos, uma democracia carregada de ressalvas"}]},{"@type":"WebSite","@id":"https:\/\/www.notibras.com\/site\/#website","url":"https:\/\/www.notibras.com\/site\/","name":"Notibras","description":"Not\u00edcias de Bras\u00edlia, do Brasil e do Mundo","publisher":{"@id":"https:\/\/www.notibras.com\/site\/#organization"},"potentialAction":[{"@type":"SearchAction","target":{"@type":"EntryPoint","urlTemplate":"https:\/\/www.notibras.com\/site\/?s={search_term_string}"},"query-input":{"@type":"PropertyValueSpecification","valueRequired":true,"valueName":"search_term_string"}}],"inLanguage":"pt-BR"},{"@type":"Organization","@id":"https:\/\/www.notibras.com\/site\/#organization","name":"Grupo Notibras de Comunica\u00e7\u00e3o","url":"https:\/\/www.notibras.com\/site\/","logo":{"@type":"ImageObject","inLanguage":"pt-BR","@id":"https:\/\/www.notibras.com\/site\/#\/schema\/logo\/image\/","url":"https:\/\/www.notibras.com\/site\/wp-content\/uploads\/2023\/01\/notibras23.png","contentUrl":"https:\/\/www.notibras.com\/site\/wp-content\/uploads\/2023\/01\/notibras23.png","width":350,"height":87,"caption":"Grupo Notibras de Comunica\u00e7\u00e3o"},"image":{"@id":"https:\/\/www.notibras.com\/site\/#\/schema\/logo\/image\/"},"sameAs":["https:\/\/www.facebook.com\/notibras\/","https:\/\/x.com\/Notibras","https:\/\/www.instagram.com\/notibras\/"]},{"@type":"Person","@id":"https:\/\/www.notibras.com\/site\/#\/schema\/person\/5b7fabf2aedc3ada2105f03b22b4d3dd","name":"Eduardo Mart\u00ednez","image":{"@type":"ImageObject","inLanguage":"pt-BR","@id":"https:\/\/secure.gravatar.com\/avatar\/7902f906289926289cbcda644b5197c796b893c6ffd7b9a536a42d290f7704a0?s=96&d=mm&r=g","url":"https:\/\/secure.gravatar.com\/avatar\/7902f906289926289cbcda644b5197c796b893c6ffd7b9a536a42d290f7704a0?s=96&d=mm&r=g","contentUrl":"https:\/\/secure.gravatar.com\/avatar\/7902f906289926289cbcda644b5197c796b893c6ffd7b9a536a42d290f7704a0?s=96&d=mm&r=g","caption":"Eduardo Mart\u00ednez"}}]}},"amp_enabled":true,"_links":{"self":[{"href":"https:\/\/www.notibras.com\/site\/wp-json\/wp\/v2\/posts\/379016","targetHints":{"allow":["GET"]}}],"collection":[{"href":"https:\/\/www.notibras.com\/site\/wp-json\/wp\/v2\/posts"}],"about":[{"href":"https:\/\/www.notibras.com\/site\/wp-json\/wp\/v2\/types\/post"}],"author":[{"embeddable":true,"href":"https:\/\/www.notibras.com\/site\/wp-json\/wp\/v2\/users\/21"}],"replies":[{"embeddable":true,"href":"https:\/\/www.notibras.com\/site\/wp-json\/wp\/v2\/comments?post=379016"}],"version-history":[{"count":5,"href":"https:\/\/www.notibras.com\/site\/wp-json\/wp\/v2\/posts\/379016\/revisions"}],"predecessor-version":[{"id":379023,"href":"https:\/\/www.notibras.com\/site\/wp-json\/wp\/v2\/posts\/379016\/revisions\/379023"}],"wp:featuredmedia":[{"embeddable":true,"href":"https:\/\/www.notibras.com\/site\/wp-json\/wp\/v2\/media\/379018"}],"wp:attachment":[{"href":"https:\/\/www.notibras.com\/site\/wp-json\/wp\/v2\/media?parent=379016"}],"wp:term":[{"taxonomy":"category","embeddable":true,"href":"https:\/\/www.notibras.com\/site\/wp-json\/wp\/v2\/categories?post=379016"},{"taxonomy":"post_tag","embeddable":true,"href":"https:\/\/www.notibras.com\/site\/wp-json\/wp\/v2\/tags?post=379016"}],"curies":[{"name":"wp","href":"https:\/\/api.w.org\/{rel}","templated":true}]}}