{"id":379024,"date":"2026-01-15T00:45:30","date_gmt":"2026-01-15T03:45:30","guid":{"rendered":"https:\/\/www.notibras.com\/site\/?p=379024"},"modified":"2026-01-15T02:13:31","modified_gmt":"2026-01-15T05:13:31","slug":"mais-de-20-toneladas-de-massa-asfaltica-aumentam-seguranca-e-mobilidade","status":"publish","type":"post","link":"https:\/\/www.notibras.com\/site\/mais-de-20-toneladas-de-massa-asfaltica-aumentam-seguranca-e-mobilidade\/","title":{"rendered":"Mais de 20 toneladas de massa asf\u00e1ltica aumentam seguran\u00e7a e mobilidade"},"content":{"rendered":"<p>Nesta quarta-feira (14), equipes da Novacap e da Administra\u00e7\u00e3o Regional de Ceil\u00e2ndia aplicaram mais de 20 toneladas de massa asf\u00e1ltica em ruas e avenidas da cidade. A iniciativa envolveu servi\u00e7os de consertos de buracos e manuten\u00e7\u00e3o do pavimento.<\/p>\n<p>Entre os locais atendidos est\u00e3o a CNM 01, via de liga\u00e7\u00e3o da M1 \u00e0 M2, em frente \u00e0 Casa da Mulher Brasileira; a Via da QNM 13 \u2013 \u00c1rea Especial, que conecta o CEM 03; a via de liga\u00e7\u00e3o da M1 para a M2 Sul, nas proximidades do Shopping Popular, em Ceil\u00e2ndia Sul; a Via M2 Sul, em frente ao Minist\u00e9rio P\u00fablico do DF; e a EQNN 18\/20, em Ceil\u00e2ndia Norte, al\u00e9m das vias principais do Setor P Sul e da Via Elmo Serejo.<\/p>\n<p>\u201cEstamos priorizando as avenidas de maior fluxo para garantir seguran\u00e7a e mobilidade \u00e0 popula\u00e7\u00e3o\u201d, afirma o administrador regional de Ceil\u00e2ndia, Dilson Resende. \u201cAs equipes realizam vistorias di\u00e1rias para identificar as \u00e1reas que mais necessitam de interven\u00e7\u00e3o, e o recapeamento ser\u00e1 ampliado para outras vias conforme a disponibilidade de material.\u201d<\/p>\n<p>Valqu\u00edria Marra, coordenadora da Divis\u00e3o de Manuten\u00e7\u00e3o de Vias da Novacap, completa: &#8220;Com a descentraliza\u00e7\u00e3o da Novacap em regionais, conseguimos melhorar \u00e0s demandas de cada \u00e1rea. Durante o per\u00edodo de chuva, Ceil\u00e2ndia \u00e9 uma das cidades que mais precisam de aten\u00e7\u00e3o. Junto com a Administra\u00e7\u00e3o Regional, estamos sempre trabalhando para restabelecer a circula\u00e7\u00e3o e garantir a seguran\u00e7a nas vias. Diariamente, duas equipes est\u00e3o dedicadas ao atendimento na regi\u00e3o.&#8221;<\/p>\n<p>Al\u00e9m das frentes de servi\u00e7o em campo, a administra\u00e7\u00e3o mant\u00e9m um levantamento cont\u00ednuo dos trechos mais cr\u00edticos, direcionando as a\u00e7\u00f5es para onde o impacto \u00e9 mais imediato para os moradores.<\/p>\n","protected":false},"excerpt":{"rendered":"<p>Nesta quarta-feira (14), equipes da Novacap e da Administra\u00e7\u00e3o Regional de Ceil\u00e2ndia aplicaram mais de 20 toneladas de massa asf\u00e1ltica em ruas e avenidas da cidade. A iniciativa envolveu servi\u00e7os de consertos de buracos e manuten\u00e7\u00e3o do pavimento. Entre os locais atendidos est\u00e3o a CNM 01, via de liga\u00e7\u00e3o da M1 \u00e0 M2, em frente [&hellip;]<\/p>\n","protected":false},"author":21,"featured_media":379025,"comment_status":"closed","ping_status":"closed","sticky":false,"template":"","format":"standard","meta":{"_acf_changed":false,"footnotes":""},"categories":[161],"tags":[],"class_list":["post-379024","post","type-post","status-publish","format-standard","has-post-thumbnail","hentry","category-quadradinho-em-foco"],"acf":[],"yoast_head":"<!-- This site is optimized with the Yoast SEO plugin v27.2 - https:\/\/yoast.com\/product\/yoast-seo-wordpress\/ -->\n<title>Mais de 20 toneladas de massa asf\u00e1ltica aumentam seguran\u00e7a e mobilidade - Notibras<\/title>\n<meta name=\"robots\" content=\"index, follow, max-snippet:-1, max-image-preview:large, max-video-preview:-1\" \/>\n<link rel=\"canonical\" href=\"https:\/\/www.notibras.com\/site\/mais-de-20-toneladas-de-massa-asfaltica-aumentam-seguranca-e-mobilidade\/\" \/>\n<meta property=\"og:locale\" content=\"pt_BR\" \/>\n<meta property=\"og:type\" content=\"article\" \/>\n<meta property=\"og:title\" content=\"Mais de 20 toneladas de massa asf\u00e1ltica aumentam seguran\u00e7a e mobilidade - Notibras\" \/>\n<meta property=\"og:description\" content=\"Nesta quarta-feira (14), equipes da Novacap e da Administra\u00e7\u00e3o Regional de Ceil\u00e2ndia aplicaram mais de 20 toneladas de massa asf\u00e1ltica em ruas e avenidas da cidade. A iniciativa envolveu servi\u00e7os de consertos de buracos e manuten\u00e7\u00e3o do pavimento. Entre os locais atendidos est\u00e3o a CNM 01, via de liga\u00e7\u00e3o da M1 \u00e0 M2, em frente [&hellip;]\" \/>\n<meta property=\"og:url\" content=\"https:\/\/www.notibras.com\/site\/mais-de-20-toneladas-de-massa-asfaltica-aumentam-seguranca-e-mobilidade\/\" \/>\n<meta property=\"og:site_name\" content=\"Notibras\" \/>\n<meta property=\"article:publisher\" content=\"https:\/\/www.facebook.com\/notibras\/\" \/>\n<meta property=\"article:published_time\" content=\"2026-01-15T03:45:30+00:00\" \/>\n<meta property=\"article:modified_time\" content=\"2026-01-15T05:13:31+00:00\" \/>\n<meta property=\"og:image\" content=\"https:\/\/www.notibras.com\/site\/wp-content\/uploads\/2026\/01\/14.1.-Foto-Divulgacao-Administracao-Regional-de-Ceilandia2.jpeg\" \/>\n\t<meta property=\"og:image:width\" content=\"1280\" \/>\n\t<meta property=\"og:image:height\" content=\"562\" \/>\n\t<meta property=\"og:image:type\" content=\"image\/jpeg\" \/>\n<meta name=\"author\" content=\"Eduardo Mart\u00ednez\" \/>\n<meta name=\"twitter:card\" content=\"summary_large_image\" \/>\n<meta name=\"twitter:creator\" content=\"@Notibras\" \/>\n<meta name=\"twitter:site\" content=\"@Notibras\" \/>\n<meta name=\"twitter:label1\" content=\"Escrito por\" \/>\n\t<meta name=\"twitter:data1\" content=\"Eduardo Mart\u00ednez\" \/>\n\t<meta name=\"twitter:label2\" content=\"Est. tempo de leitura\" \/>\n\t<meta name=\"twitter:data2\" content=\"2 minutos\" \/>\n<script type=\"application\/ld+json\" class=\"yoast-schema-graph\">{\"@context\":\"https:\/\/schema.org\",\"@graph\":[{\"@type\":\"Article\",\"@id\":\"https:\/\/www.notibras.com\/site\/mais-de-20-toneladas-de-massa-asfaltica-aumentam-seguranca-e-mobilidade\/#article\",\"isPartOf\":{\"@id\":\"https:\/\/www.notibras.com\/site\/mais-de-20-toneladas-de-massa-asfaltica-aumentam-seguranca-e-mobilidade\/\"},\"author\":{\"name\":\"Eduardo Mart\u00ednez\",\"@id\":\"https:\/\/www.notibras.com\/site\/#\/schema\/person\/5b7fabf2aedc3ada2105f03b22b4d3dd\"},\"headline\":\"Mais de 20 toneladas de massa asf\u00e1ltica aumentam seguran\u00e7a e mobilidade\",\"datePublished\":\"2026-01-15T03:45:30+00:00\",\"dateModified\":\"2026-01-15T05:13:31+00:00\",\"mainEntityOfPage\":{\"@id\":\"https:\/\/www.notibras.com\/site\/mais-de-20-toneladas-de-massa-asfaltica-aumentam-seguranca-e-mobilidade\/\"},\"wordCount\":306,\"publisher\":{\"@id\":\"https:\/\/www.notibras.com\/site\/#organization\"},\"image\":{\"@id\":\"https:\/\/www.notibras.com\/site\/mais-de-20-toneladas-de-massa-asfaltica-aumentam-seguranca-e-mobilidade\/#primaryimage\"},\"thumbnailUrl\":\"https:\/\/www.notibras.com\/site\/wp-content\/uploads\/2026\/01\/14.1.-Foto-Divulgacao-Administracao-Regional-de-Ceilandia2.jpeg\",\"articleSection\":[\"Quadradinho em Foco\"],\"inLanguage\":\"pt-BR\"},{\"@type\":\"WebPage\",\"@id\":\"https:\/\/www.notibras.com\/site\/mais-de-20-toneladas-de-massa-asfaltica-aumentam-seguranca-e-mobilidade\/\",\"url\":\"https:\/\/www.notibras.com\/site\/mais-de-20-toneladas-de-massa-asfaltica-aumentam-seguranca-e-mobilidade\/\",\"name\":\"Mais de 20 toneladas de massa asf\u00e1ltica aumentam seguran\u00e7a e mobilidade - Notibras\",\"isPartOf\":{\"@id\":\"https:\/\/www.notibras.com\/site\/#website\"},\"primaryImageOfPage\":{\"@id\":\"https:\/\/www.notibras.com\/site\/mais-de-20-toneladas-de-massa-asfaltica-aumentam-seguranca-e-mobilidade\/#primaryimage\"},\"image\":{\"@id\":\"https:\/\/www.notibras.com\/site\/mais-de-20-toneladas-de-massa-asfaltica-aumentam-seguranca-e-mobilidade\/#primaryimage\"},\"thumbnailUrl\":\"https:\/\/www.notibras.com\/site\/wp-content\/uploads\/2026\/01\/14.1.-Foto-Divulgacao-Administracao-Regional-de-Ceilandia2.jpeg\",\"datePublished\":\"2026-01-15T03:45:30+00:00\",\"dateModified\":\"2026-01-15T05:13:31+00:00\",\"breadcrumb\":{\"@id\":\"https:\/\/www.notibras.com\/site\/mais-de-20-toneladas-de-massa-asfaltica-aumentam-seguranca-e-mobilidade\/#breadcrumb\"},\"inLanguage\":\"pt-BR\",\"potentialAction\":[{\"@type\":\"ReadAction\",\"target\":[\"https:\/\/www.notibras.com\/site\/mais-de-20-toneladas-de-massa-asfaltica-aumentam-seguranca-e-mobilidade\/\"]}]},{\"@type\":\"ImageObject\",\"inLanguage\":\"pt-BR\",\"@id\":\"https:\/\/www.notibras.com\/site\/mais-de-20-toneladas-de-massa-asfaltica-aumentam-seguranca-e-mobilidade\/#primaryimage\",\"url\":\"https:\/\/www.notibras.com\/site\/wp-content\/uploads\/2026\/01\/14.1.-Foto-Divulgacao-Administracao-Regional-de-Ceilandia2.jpeg\",\"contentUrl\":\"https:\/\/www.notibras.com\/site\/wp-content\/uploads\/2026\/01\/14.1.-Foto-Divulgacao-Administracao-Regional-de-Ceilandia2.jpeg\",\"width\":1280,\"height\":562},{\"@type\":\"BreadcrumbList\",\"@id\":\"https:\/\/www.notibras.com\/site\/mais-de-20-toneladas-de-massa-asfaltica-aumentam-seguranca-e-mobilidade\/#breadcrumb\",\"itemListElement\":[{\"@type\":\"ListItem\",\"position\":1,\"name\":\"In\u00edcio\",\"item\":\"https:\/\/www.notibras.com\/site\/\"},{\"@type\":\"ListItem\",\"position\":2,\"name\":\"Mais de 20 toneladas de massa asf\u00e1ltica aumentam seguran\u00e7a e mobilidade\"}]},{\"@type\":\"WebSite\",\"@id\":\"https:\/\/www.notibras.com\/site\/#website\",\"url\":\"https:\/\/www.notibras.com\/site\/\",\"name\":\"Notibras\",\"description\":\"Not\u00edcias de Bras\u00edlia, do Brasil e do Mundo\",\"publisher\":{\"@id\":\"https:\/\/www.notibras.com\/site\/#organization\"},\"potentialAction\":[{\"@type\":\"SearchAction\",\"target\":{\"@type\":\"EntryPoint\",\"urlTemplate\":\"https:\/\/www.notibras.com\/site\/?s={search_term_string}\"},\"query-input\":{\"@type\":\"PropertyValueSpecification\",\"valueRequired\":true,\"valueName\":\"search_term_string\"}}],\"inLanguage\":\"pt-BR\"},{\"@type\":\"Organization\",\"@id\":\"https:\/\/www.notibras.com\/site\/#organization\",\"name\":\"Grupo Notibras de Comunica\u00e7\u00e3o\",\"url\":\"https:\/\/www.notibras.com\/site\/\",\"logo\":{\"@type\":\"ImageObject\",\"inLanguage\":\"pt-BR\",\"@id\":\"https:\/\/www.notibras.com\/site\/#\/schema\/logo\/image\/\",\"url\":\"https:\/\/www.notibras.com\/site\/wp-content\/uploads\/2023\/01\/notibras23.png\",\"contentUrl\":\"https:\/\/www.notibras.com\/site\/wp-content\/uploads\/2023\/01\/notibras23.png\",\"width\":350,\"height\":87,\"caption\":\"Grupo Notibras de Comunica\u00e7\u00e3o\"},\"image\":{\"@id\":\"https:\/\/www.notibras.com\/site\/#\/schema\/logo\/image\/\"},\"sameAs\":[\"https:\/\/www.facebook.com\/notibras\/\",\"https:\/\/x.com\/Notibras\",\"https:\/\/www.instagram.com\/notibras\/\"]},{\"@type\":\"Person\",\"@id\":\"https:\/\/www.notibras.com\/site\/#\/schema\/person\/5b7fabf2aedc3ada2105f03b22b4d3dd\",\"name\":\"Eduardo Mart\u00ednez\",\"image\":{\"@type\":\"ImageObject\",\"inLanguage\":\"pt-BR\",\"@id\":\"https:\/\/secure.gravatar.com\/avatar\/7902f906289926289cbcda644b5197c796b893c6ffd7b9a536a42d290f7704a0?s=96&d=mm&r=g\",\"url\":\"https:\/\/secure.gravatar.com\/avatar\/7902f906289926289cbcda644b5197c796b893c6ffd7b9a536a42d290f7704a0?s=96&d=mm&r=g\",\"contentUrl\":\"https:\/\/secure.gravatar.com\/avatar\/7902f906289926289cbcda644b5197c796b893c6ffd7b9a536a42d290f7704a0?s=96&d=mm&r=g\",\"caption\":\"Eduardo Mart\u00ednez\"}}]}<\/script>\n<!-- \/ Yoast SEO plugin. -->","yoast_head_json":{"title":"Mais de 20 toneladas de massa asf\u00e1ltica aumentam seguran\u00e7a e mobilidade - Notibras","robots":{"index":"index","follow":"follow","max-snippet":"max-snippet:-1","max-image-preview":"max-image-preview:large","max-video-preview":"max-video-preview:-1"},"canonical":"https:\/\/www.notibras.com\/site\/mais-de-20-toneladas-de-massa-asfaltica-aumentam-seguranca-e-mobilidade\/","og_locale":"pt_BR","og_type":"article","og_title":"Mais de 20 toneladas de massa asf\u00e1ltica aumentam seguran\u00e7a e mobilidade - Notibras","og_description":"Nesta quarta-feira (14), equipes da Novacap e da Administra\u00e7\u00e3o Regional de Ceil\u00e2ndia aplicaram mais de 20 toneladas de massa asf\u00e1ltica em ruas e avenidas da cidade. A iniciativa envolveu servi\u00e7os de consertos de buracos e manuten\u00e7\u00e3o do pavimento. Entre os locais atendidos est\u00e3o a CNM 01, via de liga\u00e7\u00e3o da M1 \u00e0 M2, em frente [&hellip;]","og_url":"https:\/\/www.notibras.com\/site\/mais-de-20-toneladas-de-massa-asfaltica-aumentam-seguranca-e-mobilidade\/","og_site_name":"Notibras","article_publisher":"https:\/\/www.facebook.com\/notibras\/","article_published_time":"2026-01-15T03:45:30+00:00","article_modified_time":"2026-01-15T05:13:31+00:00","og_image":[{"width":1280,"height":562,"url":"https:\/\/www.notibras.com\/site\/wp-content\/uploads\/2026\/01\/14.1.-Foto-Divulgacao-Administracao-Regional-de-Ceilandia2.jpeg","type":"image\/jpeg"}],"author":"Eduardo Mart\u00ednez","twitter_card":"summary_large_image","twitter_creator":"@Notibras","twitter_site":"@Notibras","twitter_misc":{"Escrito por":"Eduardo Mart\u00ednez","Est. tempo de leitura":"2 minutos"},"schema":{"@context":"https:\/\/schema.org","@graph":[{"@type":"Article","@id":"https:\/\/www.notibras.com\/site\/mais-de-20-toneladas-de-massa-asfaltica-aumentam-seguranca-e-mobilidade\/#article","isPartOf":{"@id":"https:\/\/www.notibras.com\/site\/mais-de-20-toneladas-de-massa-asfaltica-aumentam-seguranca-e-mobilidade\/"},"author":{"name":"Eduardo Mart\u00ednez","@id":"https:\/\/www.notibras.com\/site\/#\/schema\/person\/5b7fabf2aedc3ada2105f03b22b4d3dd"},"headline":"Mais de 20 toneladas de massa asf\u00e1ltica aumentam seguran\u00e7a e mobilidade","datePublished":"2026-01-15T03:45:30+00:00","dateModified":"2026-01-15T05:13:31+00:00","mainEntityOfPage":{"@id":"https:\/\/www.notibras.com\/site\/mais-de-20-toneladas-de-massa-asfaltica-aumentam-seguranca-e-mobilidade\/"},"wordCount":306,"publisher":{"@id":"https:\/\/www.notibras.com\/site\/#organization"},"image":{"@id":"https:\/\/www.notibras.com\/site\/mais-de-20-toneladas-de-massa-asfaltica-aumentam-seguranca-e-mobilidade\/#primaryimage"},"thumbnailUrl":"https:\/\/www.notibras.com\/site\/wp-content\/uploads\/2026\/01\/14.1.-Foto-Divulgacao-Administracao-Regional-de-Ceilandia2.jpeg","articleSection":["Quadradinho em Foco"],"inLanguage":"pt-BR"},{"@type":"WebPage","@id":"https:\/\/www.notibras.com\/site\/mais-de-20-toneladas-de-massa-asfaltica-aumentam-seguranca-e-mobilidade\/","url":"https:\/\/www.notibras.com\/site\/mais-de-20-toneladas-de-massa-asfaltica-aumentam-seguranca-e-mobilidade\/","name":"Mais de 20 toneladas de massa asf\u00e1ltica aumentam seguran\u00e7a e mobilidade - Notibras","isPartOf":{"@id":"https:\/\/www.notibras.com\/site\/#website"},"primaryImageOfPage":{"@id":"https:\/\/www.notibras.com\/site\/mais-de-20-toneladas-de-massa-asfaltica-aumentam-seguranca-e-mobilidade\/#primaryimage"},"image":{"@id":"https:\/\/www.notibras.com\/site\/mais-de-20-toneladas-de-massa-asfaltica-aumentam-seguranca-e-mobilidade\/#primaryimage"},"thumbnailUrl":"https:\/\/www.notibras.com\/site\/wp-content\/uploads\/2026\/01\/14.1.-Foto-Divulgacao-Administracao-Regional-de-Ceilandia2.jpeg","datePublished":"2026-01-15T03:45:30+00:00","dateModified":"2026-01-15T05:13:31+00:00","breadcrumb":{"@id":"https:\/\/www.notibras.com\/site\/mais-de-20-toneladas-de-massa-asfaltica-aumentam-seguranca-e-mobilidade\/#breadcrumb"},"inLanguage":"pt-BR","potentialAction":[{"@type":"ReadAction","target":["https:\/\/www.notibras.com\/site\/mais-de-20-toneladas-de-massa-asfaltica-aumentam-seguranca-e-mobilidade\/"]}]},{"@type":"ImageObject","inLanguage":"pt-BR","@id":"https:\/\/www.notibras.com\/site\/mais-de-20-toneladas-de-massa-asfaltica-aumentam-seguranca-e-mobilidade\/#primaryimage","url":"https:\/\/www.notibras.com\/site\/wp-content\/uploads\/2026\/01\/14.1.-Foto-Divulgacao-Administracao-Regional-de-Ceilandia2.jpeg","contentUrl":"https:\/\/www.notibras.com\/site\/wp-content\/uploads\/2026\/01\/14.1.-Foto-Divulgacao-Administracao-Regional-de-Ceilandia2.jpeg","width":1280,"height":562},{"@type":"BreadcrumbList","@id":"https:\/\/www.notibras.com\/site\/mais-de-20-toneladas-de-massa-asfaltica-aumentam-seguranca-e-mobilidade\/#breadcrumb","itemListElement":[{"@type":"ListItem","position":1,"name":"In\u00edcio","item":"https:\/\/www.notibras.com\/site\/"},{"@type":"ListItem","position":2,"name":"Mais de 20 toneladas de massa asf\u00e1ltica aumentam seguran\u00e7a e mobilidade"}]},{"@type":"WebSite","@id":"https:\/\/www.notibras.com\/site\/#website","url":"https:\/\/www.notibras.com\/site\/","name":"Notibras","description":"Not\u00edcias de Bras\u00edlia, do Brasil e do Mundo","publisher":{"@id":"https:\/\/www.notibras.com\/site\/#organization"},"potentialAction":[{"@type":"SearchAction","target":{"@type":"EntryPoint","urlTemplate":"https:\/\/www.notibras.com\/site\/?s={search_term_string}"},"query-input":{"@type":"PropertyValueSpecification","valueRequired":true,"valueName":"search_term_string"}}],"inLanguage":"pt-BR"},{"@type":"Organization","@id":"https:\/\/www.notibras.com\/site\/#organization","name":"Grupo Notibras de Comunica\u00e7\u00e3o","url":"https:\/\/www.notibras.com\/site\/","logo":{"@type":"ImageObject","inLanguage":"pt-BR","@id":"https:\/\/www.notibras.com\/site\/#\/schema\/logo\/image\/","url":"https:\/\/www.notibras.com\/site\/wp-content\/uploads\/2023\/01\/notibras23.png","contentUrl":"https:\/\/www.notibras.com\/site\/wp-content\/uploads\/2023\/01\/notibras23.png","width":350,"height":87,"caption":"Grupo Notibras de Comunica\u00e7\u00e3o"},"image":{"@id":"https:\/\/www.notibras.com\/site\/#\/schema\/logo\/image\/"},"sameAs":["https:\/\/www.facebook.com\/notibras\/","https:\/\/x.com\/Notibras","https:\/\/www.instagram.com\/notibras\/"]},{"@type":"Person","@id":"https:\/\/www.notibras.com\/site\/#\/schema\/person\/5b7fabf2aedc3ada2105f03b22b4d3dd","name":"Eduardo Mart\u00ednez","image":{"@type":"ImageObject","inLanguage":"pt-BR","@id":"https:\/\/secure.gravatar.com\/avatar\/7902f906289926289cbcda644b5197c796b893c6ffd7b9a536a42d290f7704a0?s=96&d=mm&r=g","url":"https:\/\/secure.gravatar.com\/avatar\/7902f906289926289cbcda644b5197c796b893c6ffd7b9a536a42d290f7704a0?s=96&d=mm&r=g","contentUrl":"https:\/\/secure.gravatar.com\/avatar\/7902f906289926289cbcda644b5197c796b893c6ffd7b9a536a42d290f7704a0?s=96&d=mm&r=g","caption":"Eduardo Mart\u00ednez"}}]}},"amp_enabled":true,"_links":{"self":[{"href":"https:\/\/www.notibras.com\/site\/wp-json\/wp\/v2\/posts\/379024","targetHints":{"allow":["GET"]}}],"collection":[{"href":"https:\/\/www.notibras.com\/site\/wp-json\/wp\/v2\/posts"}],"about":[{"href":"https:\/\/www.notibras.com\/site\/wp-json\/wp\/v2\/types\/post"}],"author":[{"embeddable":true,"href":"https:\/\/www.notibras.com\/site\/wp-json\/wp\/v2\/users\/21"}],"replies":[{"embeddable":true,"href":"https:\/\/www.notibras.com\/site\/wp-json\/wp\/v2\/comments?post=379024"}],"version-history":[{"count":3,"href":"https:\/\/www.notibras.com\/site\/wp-json\/wp\/v2\/posts\/379024\/revisions"}],"predecessor-version":[{"id":379092,"href":"https:\/\/www.notibras.com\/site\/wp-json\/wp\/v2\/posts\/379024\/revisions\/379092"}],"wp:featuredmedia":[{"embeddable":true,"href":"https:\/\/www.notibras.com\/site\/wp-json\/wp\/v2\/media\/379025"}],"wp:attachment":[{"href":"https:\/\/www.notibras.com\/site\/wp-json\/wp\/v2\/media?parent=379024"}],"wp:term":[{"taxonomy":"category","embeddable":true,"href":"https:\/\/www.notibras.com\/site\/wp-json\/wp\/v2\/categories?post=379024"},{"taxonomy":"post_tag","embeddable":true,"href":"https:\/\/www.notibras.com\/site\/wp-json\/wp\/v2\/tags?post=379024"}],"curies":[{"name":"wp","href":"https:\/\/api.w.org\/{rel}","templated":true}]}}