{"id":379029,"date":"2026-01-15T01:00:20","date_gmt":"2026-01-15T04:00:20","guid":{"rendered":"https:\/\/www.notibras.com\/site\/?p=379029"},"modified":"2026-01-14T23:47:48","modified_gmt":"2026-01-15T02:47:48","slug":"projeto-leva-cidadania-e-servicos-publicos-a-catadores","status":"publish","type":"post","link":"https:\/\/www.notibras.com\/site\/projeto-leva-cidadania-e-servicos-publicos-a-catadores\/","title":{"rendered":"Projeto leva cidadania e servi\u00e7os p\u00fablicos a catadores"},"content":{"rendered":"<p>Nesta quinta-feira (15), o Governo do Distrito Federal far\u00e1 um mutir\u00e3o de servi\u00e7os p\u00fablicos na sede da Central das Cooperativas de Materiais Recicl\u00e1veis do Distrito Federal (CENTCOOP). A a\u00e7\u00e3o tem como objetivo oferecer uma ampla rede de atendimentos gratuitos para catadores e catadoras de materiais recicl\u00e1veis de todo o DF, al\u00e9m de seus familiares.<\/p>\n<p>A iniciativa, coordenada pela Secretaria do Meio Ambiente (Sema-DF), faz parte do Plano de A\u00e7\u00e3o n\u00ba 1: GDF Presente na CENTCOOP, e re\u00fane diversos \u00f3rg\u00e3os do governo em um esfor\u00e7o conjunto para garantir direitos, promover inclus\u00e3o social e fortalecer o trabalho desses profissionais que s\u00e3o essenciais para a sustentabilidade da capital.<\/p>\n<p>\u201cEste mutir\u00e3o \u00e9 a prova de que o GDF acredita na cidadania como caminho para transformar vidas. Estamos levando servi\u00e7os p\u00fablicos importantes at\u00e9 os catadores, reconhecendo seu valor e ampliando o acesso a pol\u00edticas p\u00fablicas fundamentais\u201d, afirma a governadora em exerc\u00edcio, Celina Le\u00e3o.<\/p>\n<p>Durante o evento, os catadores poder\u00e3o acessar gratuitamente diversos servi\u00e7os de sa\u00fade, como vacina\u00e7\u00e3o, testes r\u00e1pidos de HIV, s\u00edfilis e hepatites, atendimento de enfermagem e orienta\u00e7\u00f5es sobre sa\u00fade no trabalho.<\/p>\n<p>A Carreta da Mulher tamb\u00e9m estar\u00e1 presente, com exames preventivos, atendimento psicossocial e informa\u00e7\u00f5es sobre direitos das mulheres e prote\u00e7\u00e3o contra a viol\u00eancia. A a\u00e7\u00e3o \u00e9 ainda mais significativa considerando que cerca de 70% dos catadores do DF s\u00e3o mulheres, muitas delas chefes de fam\u00edlia, que atuam diariamente na linha de frente da coleta seletiva e da sustentabilidade na capital.<\/p>\n<p>Entre os servi\u00e7os oferecidos tamb\u00e9m haver\u00e1 atualiza\u00e7\u00e3o e cadastro no Cad\u00danico, no Bolsa Fam\u00edlia e em outros benef\u00edcios sociais; emiss\u00e3o de RG; regulariza\u00e7\u00e3o de CPF; matr\u00edcula e renova\u00e7\u00e3o escolar; capacita\u00e7\u00e3o profissional para fortalecimento das cooperativas; servi\u00e7os de prote\u00e7\u00e3o animal; e apoio log\u00edstico com estrutura de internet, alimenta\u00e7\u00e3o e atendimento ao p\u00fablico.<\/p>\n<p>\u201cAo promover o acesso \u00e0 cidadania e aos servi\u00e7os p\u00fablicos, estamos tamb\u00e9m fortalecendo a pol\u00edtica ambiental do Distrito Federal. Os catadores s\u00e3o protagonistas da nossa economia circular, e valoriz\u00e1-los \u00e9 essencial para construirmos uma gest\u00e3o de res\u00edduos mais justa, eficiente e sustent\u00e1vel. Essa a\u00e7\u00e3o integrada mostra que cuidar das pessoas tamb\u00e9m \u00e9 cuidar do meio ambiente\u201d, afirma o secret\u00e1rio do Meio Ambiente, Gutemberg Gomes.<\/p>\n","protected":false},"excerpt":{"rendered":"<p>Nesta quinta-feira (15), o Governo do Distrito Federal far\u00e1 um mutir\u00e3o de servi\u00e7os p\u00fablicos na sede da Central das Cooperativas de Materiais Recicl\u00e1veis do Distrito Federal (CENTCOOP). A a\u00e7\u00e3o tem como objetivo oferecer uma ampla rede de atendimentos gratuitos para catadores e catadoras de materiais recicl\u00e1veis de todo o DF, al\u00e9m de seus familiares. A [&hellip;]<\/p>\n","protected":false},"author":21,"featured_media":379030,"comment_status":"closed","ping_status":"closed","sticky":false,"template":"","format":"standard","meta":{"_acf_changed":false,"footnotes":""},"categories":[161],"tags":[],"class_list":["post-379029","post","type-post","status-publish","format-standard","has-post-thumbnail","hentry","category-quadradinho-em-foco"],"acf":[],"yoast_head":"<!-- This site is optimized with the Yoast SEO plugin v27.2 - https:\/\/yoast.com\/product\/yoast-seo-wordpress\/ -->\n<title>Projeto leva cidadania e servi\u00e7os p\u00fablicos a catadores - Notibras<\/title>\n<meta name=\"robots\" content=\"index, follow, max-snippet:-1, max-image-preview:large, max-video-preview:-1\" \/>\n<link rel=\"canonical\" href=\"https:\/\/www.notibras.com\/site\/projeto-leva-cidadania-e-servicos-publicos-a-catadores\/\" \/>\n<meta property=\"og:locale\" content=\"pt_BR\" \/>\n<meta property=\"og:type\" content=\"article\" \/>\n<meta property=\"og:title\" content=\"Projeto leva cidadania e servi\u00e7os p\u00fablicos a catadores - Notibras\" \/>\n<meta property=\"og:description\" content=\"Nesta quinta-feira (15), o Governo do Distrito Federal far\u00e1 um mutir\u00e3o de servi\u00e7os p\u00fablicos na sede da Central das Cooperativas de Materiais Recicl\u00e1veis do Distrito Federal (CENTCOOP). A a\u00e7\u00e3o tem como objetivo oferecer uma ampla rede de atendimentos gratuitos para catadores e catadoras de materiais recicl\u00e1veis de todo o DF, al\u00e9m de seus familiares. A [&hellip;]\" \/>\n<meta property=\"og:url\" content=\"https:\/\/www.notibras.com\/site\/projeto-leva-cidadania-e-servicos-publicos-a-catadores\/\" \/>\n<meta property=\"og:site_name\" content=\"Notibras\" \/>\n<meta property=\"article:publisher\" content=\"https:\/\/www.facebook.com\/notibras\/\" \/>\n<meta property=\"article:published_time\" content=\"2026-01-15T04:00:20+00:00\" \/>\n<meta property=\"og:image\" content=\"https:\/\/www.notibras.com\/site\/wp-content\/uploads\/2026\/01\/WhatsApp-Image-2026-01-14-at-16.01.30.jpeg\" \/>\n\t<meta property=\"og:image:width\" content=\"1181\" \/>\n\t<meta property=\"og:image:height\" content=\"787\" \/>\n\t<meta property=\"og:image:type\" content=\"image\/jpeg\" \/>\n<meta name=\"author\" content=\"Eduardo Mart\u00ednez\" \/>\n<meta name=\"twitter:card\" content=\"summary_large_image\" \/>\n<meta name=\"twitter:creator\" content=\"@Notibras\" \/>\n<meta name=\"twitter:site\" content=\"@Notibras\" \/>\n<meta name=\"twitter:label1\" content=\"Escrito por\" \/>\n\t<meta name=\"twitter:data1\" content=\"Eduardo Mart\u00ednez\" \/>\n\t<meta name=\"twitter:label2\" content=\"Est. tempo de leitura\" \/>\n\t<meta name=\"twitter:data2\" content=\"3 minutos\" \/>\n<script type=\"application\/ld+json\" class=\"yoast-schema-graph\">{\"@context\":\"https:\/\/schema.org\",\"@graph\":[{\"@type\":\"Article\",\"@id\":\"https:\/\/www.notibras.com\/site\/projeto-leva-cidadania-e-servicos-publicos-a-catadores\/#article\",\"isPartOf\":{\"@id\":\"https:\/\/www.notibras.com\/site\/projeto-leva-cidadania-e-servicos-publicos-a-catadores\/\"},\"author\":{\"name\":\"Eduardo Mart\u00ednez\",\"@id\":\"https:\/\/www.notibras.com\/site\/#\/schema\/person\/5b7fabf2aedc3ada2105f03b22b4d3dd\"},\"headline\":\"Projeto leva cidadania e servi\u00e7os p\u00fablicos a catadores\",\"datePublished\":\"2026-01-15T04:00:20+00:00\",\"mainEntityOfPage\":{\"@id\":\"https:\/\/www.notibras.com\/site\/projeto-leva-cidadania-e-servicos-publicos-a-catadores\/\"},\"wordCount\":418,\"publisher\":{\"@id\":\"https:\/\/www.notibras.com\/site\/#organization\"},\"image\":{\"@id\":\"https:\/\/www.notibras.com\/site\/projeto-leva-cidadania-e-servicos-publicos-a-catadores\/#primaryimage\"},\"thumbnailUrl\":\"https:\/\/www.notibras.com\/site\/wp-content\/uploads\/2026\/01\/WhatsApp-Image-2026-01-14-at-16.01.30.jpeg\",\"articleSection\":[\"Quadradinho em Foco\"],\"inLanguage\":\"pt-BR\"},{\"@type\":\"WebPage\",\"@id\":\"https:\/\/www.notibras.com\/site\/projeto-leva-cidadania-e-servicos-publicos-a-catadores\/\",\"url\":\"https:\/\/www.notibras.com\/site\/projeto-leva-cidadania-e-servicos-publicos-a-catadores\/\",\"name\":\"Projeto leva cidadania e servi\u00e7os p\u00fablicos a catadores - Notibras\",\"isPartOf\":{\"@id\":\"https:\/\/www.notibras.com\/site\/#website\"},\"primaryImageOfPage\":{\"@id\":\"https:\/\/www.notibras.com\/site\/projeto-leva-cidadania-e-servicos-publicos-a-catadores\/#primaryimage\"},\"image\":{\"@id\":\"https:\/\/www.notibras.com\/site\/projeto-leva-cidadania-e-servicos-publicos-a-catadores\/#primaryimage\"},\"thumbnailUrl\":\"https:\/\/www.notibras.com\/site\/wp-content\/uploads\/2026\/01\/WhatsApp-Image-2026-01-14-at-16.01.30.jpeg\",\"datePublished\":\"2026-01-15T04:00:20+00:00\",\"breadcrumb\":{\"@id\":\"https:\/\/www.notibras.com\/site\/projeto-leva-cidadania-e-servicos-publicos-a-catadores\/#breadcrumb\"},\"inLanguage\":\"pt-BR\",\"potentialAction\":[{\"@type\":\"ReadAction\",\"target\":[\"https:\/\/www.notibras.com\/site\/projeto-leva-cidadania-e-servicos-publicos-a-catadores\/\"]}]},{\"@type\":\"ImageObject\",\"inLanguage\":\"pt-BR\",\"@id\":\"https:\/\/www.notibras.com\/site\/projeto-leva-cidadania-e-servicos-publicos-a-catadores\/#primaryimage\",\"url\":\"https:\/\/www.notibras.com\/site\/wp-content\/uploads\/2026\/01\/WhatsApp-Image-2026-01-14-at-16.01.30.jpeg\",\"contentUrl\":\"https:\/\/www.notibras.com\/site\/wp-content\/uploads\/2026\/01\/WhatsApp-Image-2026-01-14-at-16.01.30.jpeg\",\"width\":1181,\"height\":787},{\"@type\":\"BreadcrumbList\",\"@id\":\"https:\/\/www.notibras.com\/site\/projeto-leva-cidadania-e-servicos-publicos-a-catadores\/#breadcrumb\",\"itemListElement\":[{\"@type\":\"ListItem\",\"position\":1,\"name\":\"In\u00edcio\",\"item\":\"https:\/\/www.notibras.com\/site\/\"},{\"@type\":\"ListItem\",\"position\":2,\"name\":\"Projeto leva cidadania e servi\u00e7os p\u00fablicos a catadores\"}]},{\"@type\":\"WebSite\",\"@id\":\"https:\/\/www.notibras.com\/site\/#website\",\"url\":\"https:\/\/www.notibras.com\/site\/\",\"name\":\"Notibras\",\"description\":\"Not\u00edcias de Bras\u00edlia, do Brasil e do Mundo\",\"publisher\":{\"@id\":\"https:\/\/www.notibras.com\/site\/#organization\"},\"potentialAction\":[{\"@type\":\"SearchAction\",\"target\":{\"@type\":\"EntryPoint\",\"urlTemplate\":\"https:\/\/www.notibras.com\/site\/?s={search_term_string}\"},\"query-input\":{\"@type\":\"PropertyValueSpecification\",\"valueRequired\":true,\"valueName\":\"search_term_string\"}}],\"inLanguage\":\"pt-BR\"},{\"@type\":\"Organization\",\"@id\":\"https:\/\/www.notibras.com\/site\/#organization\",\"name\":\"Grupo Notibras de Comunica\u00e7\u00e3o\",\"url\":\"https:\/\/www.notibras.com\/site\/\",\"logo\":{\"@type\":\"ImageObject\",\"inLanguage\":\"pt-BR\",\"@id\":\"https:\/\/www.notibras.com\/site\/#\/schema\/logo\/image\/\",\"url\":\"https:\/\/www.notibras.com\/site\/wp-content\/uploads\/2023\/01\/notibras23.png\",\"contentUrl\":\"https:\/\/www.notibras.com\/site\/wp-content\/uploads\/2023\/01\/notibras23.png\",\"width\":350,\"height\":87,\"caption\":\"Grupo Notibras de Comunica\u00e7\u00e3o\"},\"image\":{\"@id\":\"https:\/\/www.notibras.com\/site\/#\/schema\/logo\/image\/\"},\"sameAs\":[\"https:\/\/www.facebook.com\/notibras\/\",\"https:\/\/x.com\/Notibras\",\"https:\/\/www.instagram.com\/notibras\/\"]},{\"@type\":\"Person\",\"@id\":\"https:\/\/www.notibras.com\/site\/#\/schema\/person\/5b7fabf2aedc3ada2105f03b22b4d3dd\",\"name\":\"Eduardo Mart\u00ednez\",\"image\":{\"@type\":\"ImageObject\",\"inLanguage\":\"pt-BR\",\"@id\":\"https:\/\/secure.gravatar.com\/avatar\/7902f906289926289cbcda644b5197c796b893c6ffd7b9a536a42d290f7704a0?s=96&d=mm&r=g\",\"url\":\"https:\/\/secure.gravatar.com\/avatar\/7902f906289926289cbcda644b5197c796b893c6ffd7b9a536a42d290f7704a0?s=96&d=mm&r=g\",\"contentUrl\":\"https:\/\/secure.gravatar.com\/avatar\/7902f906289926289cbcda644b5197c796b893c6ffd7b9a536a42d290f7704a0?s=96&d=mm&r=g\",\"caption\":\"Eduardo Mart\u00ednez\"}}]}<\/script>\n<!-- \/ Yoast SEO plugin. -->","yoast_head_json":{"title":"Projeto leva cidadania e servi\u00e7os p\u00fablicos a catadores - Notibras","robots":{"index":"index","follow":"follow","max-snippet":"max-snippet:-1","max-image-preview":"max-image-preview:large","max-video-preview":"max-video-preview:-1"},"canonical":"https:\/\/www.notibras.com\/site\/projeto-leva-cidadania-e-servicos-publicos-a-catadores\/","og_locale":"pt_BR","og_type":"article","og_title":"Projeto leva cidadania e servi\u00e7os p\u00fablicos a catadores - Notibras","og_description":"Nesta quinta-feira (15), o Governo do Distrito Federal far\u00e1 um mutir\u00e3o de servi\u00e7os p\u00fablicos na sede da Central das Cooperativas de Materiais Recicl\u00e1veis do Distrito Federal (CENTCOOP). A a\u00e7\u00e3o tem como objetivo oferecer uma ampla rede de atendimentos gratuitos para catadores e catadoras de materiais recicl\u00e1veis de todo o DF, al\u00e9m de seus familiares. A [&hellip;]","og_url":"https:\/\/www.notibras.com\/site\/projeto-leva-cidadania-e-servicos-publicos-a-catadores\/","og_site_name":"Notibras","article_publisher":"https:\/\/www.facebook.com\/notibras\/","article_published_time":"2026-01-15T04:00:20+00:00","og_image":[{"width":1181,"height":787,"url":"https:\/\/www.notibras.com\/site\/wp-content\/uploads\/2026\/01\/WhatsApp-Image-2026-01-14-at-16.01.30.jpeg","type":"image\/jpeg"}],"author":"Eduardo Mart\u00ednez","twitter_card":"summary_large_image","twitter_creator":"@Notibras","twitter_site":"@Notibras","twitter_misc":{"Escrito por":"Eduardo Mart\u00ednez","Est. tempo de leitura":"3 minutos"},"schema":{"@context":"https:\/\/schema.org","@graph":[{"@type":"Article","@id":"https:\/\/www.notibras.com\/site\/projeto-leva-cidadania-e-servicos-publicos-a-catadores\/#article","isPartOf":{"@id":"https:\/\/www.notibras.com\/site\/projeto-leva-cidadania-e-servicos-publicos-a-catadores\/"},"author":{"name":"Eduardo Mart\u00ednez","@id":"https:\/\/www.notibras.com\/site\/#\/schema\/person\/5b7fabf2aedc3ada2105f03b22b4d3dd"},"headline":"Projeto leva cidadania e servi\u00e7os p\u00fablicos a catadores","datePublished":"2026-01-15T04:00:20+00:00","mainEntityOfPage":{"@id":"https:\/\/www.notibras.com\/site\/projeto-leva-cidadania-e-servicos-publicos-a-catadores\/"},"wordCount":418,"publisher":{"@id":"https:\/\/www.notibras.com\/site\/#organization"},"image":{"@id":"https:\/\/www.notibras.com\/site\/projeto-leva-cidadania-e-servicos-publicos-a-catadores\/#primaryimage"},"thumbnailUrl":"https:\/\/www.notibras.com\/site\/wp-content\/uploads\/2026\/01\/WhatsApp-Image-2026-01-14-at-16.01.30.jpeg","articleSection":["Quadradinho em Foco"],"inLanguage":"pt-BR"},{"@type":"WebPage","@id":"https:\/\/www.notibras.com\/site\/projeto-leva-cidadania-e-servicos-publicos-a-catadores\/","url":"https:\/\/www.notibras.com\/site\/projeto-leva-cidadania-e-servicos-publicos-a-catadores\/","name":"Projeto leva cidadania e servi\u00e7os p\u00fablicos a catadores - Notibras","isPartOf":{"@id":"https:\/\/www.notibras.com\/site\/#website"},"primaryImageOfPage":{"@id":"https:\/\/www.notibras.com\/site\/projeto-leva-cidadania-e-servicos-publicos-a-catadores\/#primaryimage"},"image":{"@id":"https:\/\/www.notibras.com\/site\/projeto-leva-cidadania-e-servicos-publicos-a-catadores\/#primaryimage"},"thumbnailUrl":"https:\/\/www.notibras.com\/site\/wp-content\/uploads\/2026\/01\/WhatsApp-Image-2026-01-14-at-16.01.30.jpeg","datePublished":"2026-01-15T04:00:20+00:00","breadcrumb":{"@id":"https:\/\/www.notibras.com\/site\/projeto-leva-cidadania-e-servicos-publicos-a-catadores\/#breadcrumb"},"inLanguage":"pt-BR","potentialAction":[{"@type":"ReadAction","target":["https:\/\/www.notibras.com\/site\/projeto-leva-cidadania-e-servicos-publicos-a-catadores\/"]}]},{"@type":"ImageObject","inLanguage":"pt-BR","@id":"https:\/\/www.notibras.com\/site\/projeto-leva-cidadania-e-servicos-publicos-a-catadores\/#primaryimage","url":"https:\/\/www.notibras.com\/site\/wp-content\/uploads\/2026\/01\/WhatsApp-Image-2026-01-14-at-16.01.30.jpeg","contentUrl":"https:\/\/www.notibras.com\/site\/wp-content\/uploads\/2026\/01\/WhatsApp-Image-2026-01-14-at-16.01.30.jpeg","width":1181,"height":787},{"@type":"BreadcrumbList","@id":"https:\/\/www.notibras.com\/site\/projeto-leva-cidadania-e-servicos-publicos-a-catadores\/#breadcrumb","itemListElement":[{"@type":"ListItem","position":1,"name":"In\u00edcio","item":"https:\/\/www.notibras.com\/site\/"},{"@type":"ListItem","position":2,"name":"Projeto leva cidadania e servi\u00e7os p\u00fablicos a catadores"}]},{"@type":"WebSite","@id":"https:\/\/www.notibras.com\/site\/#website","url":"https:\/\/www.notibras.com\/site\/","name":"Notibras","description":"Not\u00edcias de Bras\u00edlia, do Brasil e do Mundo","publisher":{"@id":"https:\/\/www.notibras.com\/site\/#organization"},"potentialAction":[{"@type":"SearchAction","target":{"@type":"EntryPoint","urlTemplate":"https:\/\/www.notibras.com\/site\/?s={search_term_string}"},"query-input":{"@type":"PropertyValueSpecification","valueRequired":true,"valueName":"search_term_string"}}],"inLanguage":"pt-BR"},{"@type":"Organization","@id":"https:\/\/www.notibras.com\/site\/#organization","name":"Grupo Notibras de Comunica\u00e7\u00e3o","url":"https:\/\/www.notibras.com\/site\/","logo":{"@type":"ImageObject","inLanguage":"pt-BR","@id":"https:\/\/www.notibras.com\/site\/#\/schema\/logo\/image\/","url":"https:\/\/www.notibras.com\/site\/wp-content\/uploads\/2023\/01\/notibras23.png","contentUrl":"https:\/\/www.notibras.com\/site\/wp-content\/uploads\/2023\/01\/notibras23.png","width":350,"height":87,"caption":"Grupo Notibras de Comunica\u00e7\u00e3o"},"image":{"@id":"https:\/\/www.notibras.com\/site\/#\/schema\/logo\/image\/"},"sameAs":["https:\/\/www.facebook.com\/notibras\/","https:\/\/x.com\/Notibras","https:\/\/www.instagram.com\/notibras\/"]},{"@type":"Person","@id":"https:\/\/www.notibras.com\/site\/#\/schema\/person\/5b7fabf2aedc3ada2105f03b22b4d3dd","name":"Eduardo Mart\u00ednez","image":{"@type":"ImageObject","inLanguage":"pt-BR","@id":"https:\/\/secure.gravatar.com\/avatar\/7902f906289926289cbcda644b5197c796b893c6ffd7b9a536a42d290f7704a0?s=96&d=mm&r=g","url":"https:\/\/secure.gravatar.com\/avatar\/7902f906289926289cbcda644b5197c796b893c6ffd7b9a536a42d290f7704a0?s=96&d=mm&r=g","contentUrl":"https:\/\/secure.gravatar.com\/avatar\/7902f906289926289cbcda644b5197c796b893c6ffd7b9a536a42d290f7704a0?s=96&d=mm&r=g","caption":"Eduardo Mart\u00ednez"}}]}},"amp_enabled":true,"_links":{"self":[{"href":"https:\/\/www.notibras.com\/site\/wp-json\/wp\/v2\/posts\/379029","targetHints":{"allow":["GET"]}}],"collection":[{"href":"https:\/\/www.notibras.com\/site\/wp-json\/wp\/v2\/posts"}],"about":[{"href":"https:\/\/www.notibras.com\/site\/wp-json\/wp\/v2\/types\/post"}],"author":[{"embeddable":true,"href":"https:\/\/www.notibras.com\/site\/wp-json\/wp\/v2\/users\/21"}],"replies":[{"embeddable":true,"href":"https:\/\/www.notibras.com\/site\/wp-json\/wp\/v2\/comments?post=379029"}],"version-history":[{"count":2,"href":"https:\/\/www.notibras.com\/site\/wp-json\/wp\/v2\/posts\/379029\/revisions"}],"predecessor-version":[{"id":379032,"href":"https:\/\/www.notibras.com\/site\/wp-json\/wp\/v2\/posts\/379029\/revisions\/379032"}],"wp:featuredmedia":[{"embeddable":true,"href":"https:\/\/www.notibras.com\/site\/wp-json\/wp\/v2\/media\/379030"}],"wp:attachment":[{"href":"https:\/\/www.notibras.com\/site\/wp-json\/wp\/v2\/media?parent=379029"}],"wp:term":[{"taxonomy":"category","embeddable":true,"href":"https:\/\/www.notibras.com\/site\/wp-json\/wp\/v2\/categories?post=379029"},{"taxonomy":"post_tag","embeddable":true,"href":"https:\/\/www.notibras.com\/site\/wp-json\/wp\/v2\/tags?post=379029"}],"curies":[{"name":"wp","href":"https:\/\/api.w.org\/{rel}","templated":true}]}}