{"id":379039,"date":"2026-01-15T02:00:10","date_gmt":"2026-01-15T05:00:10","guid":{"rendered":"https:\/\/www.notibras.com\/site\/?p=379039"},"modified":"2026-01-15T00:20:00","modified_gmt":"2026-01-15T03:20:00","slug":"elias-bancario-queria-ser-poeta","status":"publish","type":"post","link":"https:\/\/www.notibras.com\/site\/elias-bancario-queria-ser-poeta\/","title":{"rendered":"Elias, banc\u00e1rio, queria ser poeta"},"content":{"rendered":"<p>Elias, banc\u00e1rio por falta de melhor op\u00e7\u00e3o para ganhar o p\u00e3o, queria mesmo \u00e9 ser poeta. Ali\u00e1s, at\u00e9 era, apesar das estrofes capengas que, desde sempre, lhe provocavam \u00e2nsias de desejos, logo transformadas em v\u00f4mitos. Coisas de artista, dizia tia L\u00facia, que apoiava o sobrinho, enquanto Mauro, o pai, apenas conseguia enxergar aquilo como desperd\u00edcio de papel e caneta.<\/p>\n<p>Aos 42 anos, o sujeito sa\u00eda do trabalho, passava no Bar do Bosco, ali na 709 da Asa Norte, em Bras\u00edlia, onde todos pareciam saber que a mesa do canto, quase encostada \u00e0 parede, era sua por tradi\u00e7\u00e3o. Pedia uma cerveja, que logo se transformava em duas ou tr\u00eas, conforme a companhia. Nada al\u00e9m disso, pois precisava ir trabalhar no dia seguinte.<\/p>\n<p>Sexta-feira, ent\u00e3o, era a pr\u00f3pria derrota, quando o s\u00e1bado era destinado para que ele se recuperasse da ressaca. E ficava nessa at\u00e9 o domingo, quando tentava controlar as sa\u00eddas ou, ent\u00e3o, fingia que n\u00e3o estava em casa para ningu\u00e9m ir incomod\u00e1-lo. Era o dia de fazer rabiscos. O problema \u00e9 que lhe estava faltando inspira\u00e7\u00e3o.<\/p>\n<p>Na segunda-feira, acordava por volta das 8h, quando preparava um breve caf\u00e9 amargo. Para acompanhar, no m\u00e1ximo meia fatia de p\u00e3o, j\u00e1 que o apetite costumava lhe faltar durante a manh\u00e3. Tomava um banho e se arrumava para ir trabalhar na ag\u00eancia do Banco do Brasil, onde era caixa.<\/p>\n<p>O homem tinha uma queda por Gertrudes, gerente de contas. No entanto, faltava-lhe coragem para convid\u00e1-la para um cinema ou um caf\u00e9. Jantar? Eis que havia um empecilho, n\u00e3o dele, mas dela, que parecia viver um tumultuado romance com F\u00e1bio, o marido.<\/p>\n<p>Elias sabia distinguir quando a quase amada e o esposo atravessavam fases sorridentes ou ruins. E elas contrastavam de maneira estranha na sua mente. Ci\u00fame, inveja, raiva, pena do pr\u00f3prio ser que se transformara.<\/p>\n<p>Tentava escrever sobre Gertrudes. Quando conseguia produzir algo que o agradava, logo amassava a folha e, para n\u00e3o cair em qualquer tenta\u00e7\u00e3o, tacava-lhe fogo.<\/p>\n<p>Depois de uma semana carregada de conversas com amigos de copo, coroada com uma bebedeira de fazer inveja a qualquer exagero, eis que o s\u00e1bado se tornou curto para recuperar a raz\u00e3o. E o domingo se fez tempo de reflex\u00e3o, que jurou cumprir a decis\u00e3o de, finalmente, chamar Gertrudes para sair. Sim! Isso mesmo!<\/p>\n<p>O gajo acordou mais cedo do que de costume, tacou um pouco de leite sobre o caf\u00e9 sempre preto, passou generosa quantidade de manteiga em duas fatias de p\u00e3o. Teve certeza de que a vida o chamava e, por isso, carecia de energia para encarar o que fosse preciso.<\/p>\n<p>Mal pisou na ag\u00eancia, buscou com os olhos a linda Gertrudes. L\u00e1 estava ela, sentada \u00e0 mesa, mexendo no computador. Que cabelos lindos, que sorriso perfeito, que olhos magn\u00edficos. Castanhos como se fossem duas avel\u00e3s maduras. Decidido, foi em sua dire\u00e7\u00e3o, mas eis que Francisco, outro colega, se aproximou e o puxou pelo bra\u00e7o.<\/p>\n<p>\u2014 Elias, preciso te contar uma coisa.<\/p>\n<p>\u2014 Agora n\u00e3o posso.<\/p>\n<p>\u2014 Por que n\u00e3o?<\/p>\n<p>Aquele &#8220;por que n\u00e3o?&#8221; desestabilizou por completo o homem. Nem prestou aten\u00e7\u00e3o no que sa\u00eda dos l\u00e1bios do Francisco. Maldi\u00e7\u00e3o! Era como se o cara estivesse falando debaixo d&#8217;\u00e1gua, dava para ouvir o som, mas nada intelig\u00edvel. Elias come\u00e7ou a se desesperar e, por um momento, imaginou-se empurrando o chato de \u00faltima hora, mas lhe faltou \u00edmpeto, ainda mais quando viu que a porta do banco se abriu para a multid\u00e3o de clientes entrar.<\/p>\n<p>Elias passou o dia remoendo sua falta de sorte, at\u00e9 que o tempo de ir embora chegou. J\u00e1 na sa\u00edda, conseguiu trocar algumas palavras tolas com Gertrudes, que aguardava o marido. O bom humor da colega indicava que ela e F\u00e1bio estavam na fase rom\u00e2ntica. E teve certeza disso assim que a mulher enxergou o esposo do outro lado da rua. E foi quando aconteceu o seguinte interl\u00fadio:<\/p>\n<p>\u2014 Estou vendo que voc\u00ea anda ansioso, Elias.<\/p>\n<p>\u2014 \u00c9 verdade. Estou ansioso pra come\u00e7ar a namorar e abandonar os meus amigos.<\/p>\n<p>F\u00e1bio se aproximou, beijou a mulher, cumprimentou o Elias e, em seguida, o casal se despediu. Todavia, antes de desaparecer na esquina, Gertrudes gritou:<\/p>\n<p>\u2014 Elias, voc\u00ea vai conseguir! Tor\u00e7o muito por voc\u00ea!<\/p>\n<p><strong>\u2026\u2026\u2026\u2026\u2026\u2026\u2026\u2026<\/strong><\/p>\n<p><strong>Eduardo Mart\u00ednez \u00e9 autor do livro \u201957 Contos e Cr\u00f4nicas por um Autor Muito Velho\u2019 (Vencedor do Pr\u00eamio Liter\u00e1rio Clarice Lispector \u2013 2025 na categoria livro de contos).<\/strong><\/p>\n<p><strong>Compre aqui<\/strong><\/p>\n<p><a href=\"https:\/\/www.joanineditora.com.br\/57-contos-e-cronicas-por-um-autor-muito-velho\"><strong>https:\/\/www.joanineditora.com.br\/57-contos-e-cronicas-por-um-autor-muito-velho<\/strong><\/a><\/p>\n","protected":false},"excerpt":{"rendered":"<p>Elias, banc\u00e1rio por falta de melhor op\u00e7\u00e3o para ganhar o p\u00e3o, queria mesmo \u00e9 ser poeta. Ali\u00e1s, at\u00e9 era, apesar das estrofes capengas que, desde sempre, lhe provocavam \u00e2nsias de desejos, logo transformadas em v\u00f4mitos. Coisas de artista, dizia tia L\u00facia, que apoiava o sobrinho, enquanto Mauro, o pai, apenas conseguia enxergar aquilo como desperd\u00edcio [&hellip;]<\/p>\n","protected":false},"author":21,"featured_media":379040,"comment_status":"closed","ping_status":"closed","sticky":false,"template":"","format":"standard","meta":{"_acf_changed":false,"footnotes":""},"categories":[161],"tags":[],"class_list":["post-379039","post","type-post","status-publish","format-standard","has-post-thumbnail","hentry","category-quadradinho-em-foco"],"acf":[],"yoast_head":"<!-- This site is optimized with the Yoast SEO plugin v27.2 - https:\/\/yoast.com\/product\/yoast-seo-wordpress\/ -->\n<title>Elias, banc\u00e1rio, queria ser poeta - Notibras<\/title>\n<meta name=\"robots\" content=\"index, follow, max-snippet:-1, max-image-preview:large, max-video-preview:-1\" \/>\n<link rel=\"canonical\" href=\"https:\/\/www.notibras.com\/site\/elias-bancario-queria-ser-poeta\/\" \/>\n<meta property=\"og:locale\" content=\"pt_BR\" \/>\n<meta property=\"og:type\" content=\"article\" \/>\n<meta property=\"og:title\" content=\"Elias, banc\u00e1rio, queria ser poeta - Notibras\" \/>\n<meta property=\"og:description\" content=\"Elias, banc\u00e1rio por falta de melhor op\u00e7\u00e3o para ganhar o p\u00e3o, queria mesmo \u00e9 ser poeta. Ali\u00e1s, at\u00e9 era, apesar das estrofes capengas que, desde sempre, lhe provocavam \u00e2nsias de desejos, logo transformadas em v\u00f4mitos. Coisas de artista, dizia tia L\u00facia, que apoiava o sobrinho, enquanto Mauro, o pai, apenas conseguia enxergar aquilo como desperd\u00edcio [&hellip;]\" \/>\n<meta property=\"og:url\" content=\"https:\/\/www.notibras.com\/site\/elias-bancario-queria-ser-poeta\/\" \/>\n<meta property=\"og:site_name\" content=\"Notibras\" \/>\n<meta property=\"article:publisher\" content=\"https:\/\/www.facebook.com\/notibras\/\" \/>\n<meta property=\"article:published_time\" content=\"2026-01-15T05:00:10+00:00\" \/>\n<meta property=\"og:image\" content=\"https:\/\/www.notibras.com\/site\/wp-content\/uploads\/2026\/01\/IMG_0333.jpg\" \/>\n\t<meta property=\"og:image:width\" content=\"1023\" \/>\n\t<meta property=\"og:image:height\" content=\"927\" \/>\n\t<meta property=\"og:image:type\" content=\"image\/jpeg\" \/>\n<meta name=\"author\" content=\"Eduardo Mart\u00ednez\" \/>\n<meta name=\"twitter:card\" content=\"summary_large_image\" \/>\n<meta name=\"twitter:creator\" content=\"@Notibras\" \/>\n<meta name=\"twitter:site\" content=\"@Notibras\" \/>\n<meta name=\"twitter:label1\" content=\"Escrito por\" \/>\n\t<meta name=\"twitter:data1\" content=\"Eduardo Mart\u00ednez\" \/>\n\t<meta name=\"twitter:label2\" content=\"Est. tempo de leitura\" \/>\n\t<meta name=\"twitter:data2\" content=\"5 minutos\" \/>\n<script type=\"application\/ld+json\" class=\"yoast-schema-graph\">{\"@context\":\"https:\/\/schema.org\",\"@graph\":[{\"@type\":\"Article\",\"@id\":\"https:\/\/www.notibras.com\/site\/elias-bancario-queria-ser-poeta\/#article\",\"isPartOf\":{\"@id\":\"https:\/\/www.notibras.com\/site\/elias-bancario-queria-ser-poeta\/\"},\"author\":{\"name\":\"Eduardo Mart\u00ednez\",\"@id\":\"https:\/\/www.notibras.com\/site\/#\/schema\/person\/5b7fabf2aedc3ada2105f03b22b4d3dd\"},\"headline\":\"Elias, banc\u00e1rio, queria ser poeta\",\"datePublished\":\"2026-01-15T05:00:10+00:00\",\"mainEntityOfPage\":{\"@id\":\"https:\/\/www.notibras.com\/site\/elias-bancario-queria-ser-poeta\/\"},\"wordCount\":782,\"publisher\":{\"@id\":\"https:\/\/www.notibras.com\/site\/#organization\"},\"image\":{\"@id\":\"https:\/\/www.notibras.com\/site\/elias-bancario-queria-ser-poeta\/#primaryimage\"},\"thumbnailUrl\":\"https:\/\/www.notibras.com\/site\/wp-content\/uploads\/2026\/01\/IMG_0333.jpg\",\"articleSection\":[\"Quadradinho em Foco\"],\"inLanguage\":\"pt-BR\"},{\"@type\":\"WebPage\",\"@id\":\"https:\/\/www.notibras.com\/site\/elias-bancario-queria-ser-poeta\/\",\"url\":\"https:\/\/www.notibras.com\/site\/elias-bancario-queria-ser-poeta\/\",\"name\":\"Elias, banc\u00e1rio, queria ser poeta - Notibras\",\"isPartOf\":{\"@id\":\"https:\/\/www.notibras.com\/site\/#website\"},\"primaryImageOfPage\":{\"@id\":\"https:\/\/www.notibras.com\/site\/elias-bancario-queria-ser-poeta\/#primaryimage\"},\"image\":{\"@id\":\"https:\/\/www.notibras.com\/site\/elias-bancario-queria-ser-poeta\/#primaryimage\"},\"thumbnailUrl\":\"https:\/\/www.notibras.com\/site\/wp-content\/uploads\/2026\/01\/IMG_0333.jpg\",\"datePublished\":\"2026-01-15T05:00:10+00:00\",\"breadcrumb\":{\"@id\":\"https:\/\/www.notibras.com\/site\/elias-bancario-queria-ser-poeta\/#breadcrumb\"},\"inLanguage\":\"pt-BR\",\"potentialAction\":[{\"@type\":\"ReadAction\",\"target\":[\"https:\/\/www.notibras.com\/site\/elias-bancario-queria-ser-poeta\/\"]}]},{\"@type\":\"ImageObject\",\"inLanguage\":\"pt-BR\",\"@id\":\"https:\/\/www.notibras.com\/site\/elias-bancario-queria-ser-poeta\/#primaryimage\",\"url\":\"https:\/\/www.notibras.com\/site\/wp-content\/uploads\/2026\/01\/IMG_0333.jpg\",\"contentUrl\":\"https:\/\/www.notibras.com\/site\/wp-content\/uploads\/2026\/01\/IMG_0333.jpg\",\"width\":1023,\"height\":927},{\"@type\":\"BreadcrumbList\",\"@id\":\"https:\/\/www.notibras.com\/site\/elias-bancario-queria-ser-poeta\/#breadcrumb\",\"itemListElement\":[{\"@type\":\"ListItem\",\"position\":1,\"name\":\"In\u00edcio\",\"item\":\"https:\/\/www.notibras.com\/site\/\"},{\"@type\":\"ListItem\",\"position\":2,\"name\":\"Elias, banc\u00e1rio, queria ser poeta\"}]},{\"@type\":\"WebSite\",\"@id\":\"https:\/\/www.notibras.com\/site\/#website\",\"url\":\"https:\/\/www.notibras.com\/site\/\",\"name\":\"Notibras\",\"description\":\"Not\u00edcias de Bras\u00edlia, do Brasil e do Mundo\",\"publisher\":{\"@id\":\"https:\/\/www.notibras.com\/site\/#organization\"},\"potentialAction\":[{\"@type\":\"SearchAction\",\"target\":{\"@type\":\"EntryPoint\",\"urlTemplate\":\"https:\/\/www.notibras.com\/site\/?s={search_term_string}\"},\"query-input\":{\"@type\":\"PropertyValueSpecification\",\"valueRequired\":true,\"valueName\":\"search_term_string\"}}],\"inLanguage\":\"pt-BR\"},{\"@type\":\"Organization\",\"@id\":\"https:\/\/www.notibras.com\/site\/#organization\",\"name\":\"Grupo Notibras de Comunica\u00e7\u00e3o\",\"url\":\"https:\/\/www.notibras.com\/site\/\",\"logo\":{\"@type\":\"ImageObject\",\"inLanguage\":\"pt-BR\",\"@id\":\"https:\/\/www.notibras.com\/site\/#\/schema\/logo\/image\/\",\"url\":\"https:\/\/www.notibras.com\/site\/wp-content\/uploads\/2023\/01\/notibras23.png\",\"contentUrl\":\"https:\/\/www.notibras.com\/site\/wp-content\/uploads\/2023\/01\/notibras23.png\",\"width\":350,\"height\":87,\"caption\":\"Grupo Notibras de Comunica\u00e7\u00e3o\"},\"image\":{\"@id\":\"https:\/\/www.notibras.com\/site\/#\/schema\/logo\/image\/\"},\"sameAs\":[\"https:\/\/www.facebook.com\/notibras\/\",\"https:\/\/x.com\/Notibras\",\"https:\/\/www.instagram.com\/notibras\/\"]},{\"@type\":\"Person\",\"@id\":\"https:\/\/www.notibras.com\/site\/#\/schema\/person\/5b7fabf2aedc3ada2105f03b22b4d3dd\",\"name\":\"Eduardo Mart\u00ednez\",\"image\":{\"@type\":\"ImageObject\",\"inLanguage\":\"pt-BR\",\"@id\":\"https:\/\/secure.gravatar.com\/avatar\/7902f906289926289cbcda644b5197c796b893c6ffd7b9a536a42d290f7704a0?s=96&d=mm&r=g\",\"url\":\"https:\/\/secure.gravatar.com\/avatar\/7902f906289926289cbcda644b5197c796b893c6ffd7b9a536a42d290f7704a0?s=96&d=mm&r=g\",\"contentUrl\":\"https:\/\/secure.gravatar.com\/avatar\/7902f906289926289cbcda644b5197c796b893c6ffd7b9a536a42d290f7704a0?s=96&d=mm&r=g\",\"caption\":\"Eduardo Mart\u00ednez\"}}]}<\/script>\n<!-- \/ Yoast SEO plugin. -->","yoast_head_json":{"title":"Elias, banc\u00e1rio, queria ser poeta - Notibras","robots":{"index":"index","follow":"follow","max-snippet":"max-snippet:-1","max-image-preview":"max-image-preview:large","max-video-preview":"max-video-preview:-1"},"canonical":"https:\/\/www.notibras.com\/site\/elias-bancario-queria-ser-poeta\/","og_locale":"pt_BR","og_type":"article","og_title":"Elias, banc\u00e1rio, queria ser poeta - Notibras","og_description":"Elias, banc\u00e1rio por falta de melhor op\u00e7\u00e3o para ganhar o p\u00e3o, queria mesmo \u00e9 ser poeta. Ali\u00e1s, at\u00e9 era, apesar das estrofes capengas que, desde sempre, lhe provocavam \u00e2nsias de desejos, logo transformadas em v\u00f4mitos. Coisas de artista, dizia tia L\u00facia, que apoiava o sobrinho, enquanto Mauro, o pai, apenas conseguia enxergar aquilo como desperd\u00edcio [&hellip;]","og_url":"https:\/\/www.notibras.com\/site\/elias-bancario-queria-ser-poeta\/","og_site_name":"Notibras","article_publisher":"https:\/\/www.facebook.com\/notibras\/","article_published_time":"2026-01-15T05:00:10+00:00","og_image":[{"width":1023,"height":927,"url":"https:\/\/www.notibras.com\/site\/wp-content\/uploads\/2026\/01\/IMG_0333.jpg","type":"image\/jpeg"}],"author":"Eduardo Mart\u00ednez","twitter_card":"summary_large_image","twitter_creator":"@Notibras","twitter_site":"@Notibras","twitter_misc":{"Escrito por":"Eduardo Mart\u00ednez","Est. tempo de leitura":"5 minutos"},"schema":{"@context":"https:\/\/schema.org","@graph":[{"@type":"Article","@id":"https:\/\/www.notibras.com\/site\/elias-bancario-queria-ser-poeta\/#article","isPartOf":{"@id":"https:\/\/www.notibras.com\/site\/elias-bancario-queria-ser-poeta\/"},"author":{"name":"Eduardo Mart\u00ednez","@id":"https:\/\/www.notibras.com\/site\/#\/schema\/person\/5b7fabf2aedc3ada2105f03b22b4d3dd"},"headline":"Elias, banc\u00e1rio, queria ser poeta","datePublished":"2026-01-15T05:00:10+00:00","mainEntityOfPage":{"@id":"https:\/\/www.notibras.com\/site\/elias-bancario-queria-ser-poeta\/"},"wordCount":782,"publisher":{"@id":"https:\/\/www.notibras.com\/site\/#organization"},"image":{"@id":"https:\/\/www.notibras.com\/site\/elias-bancario-queria-ser-poeta\/#primaryimage"},"thumbnailUrl":"https:\/\/www.notibras.com\/site\/wp-content\/uploads\/2026\/01\/IMG_0333.jpg","articleSection":["Quadradinho em Foco"],"inLanguage":"pt-BR"},{"@type":"WebPage","@id":"https:\/\/www.notibras.com\/site\/elias-bancario-queria-ser-poeta\/","url":"https:\/\/www.notibras.com\/site\/elias-bancario-queria-ser-poeta\/","name":"Elias, banc\u00e1rio, queria ser poeta - Notibras","isPartOf":{"@id":"https:\/\/www.notibras.com\/site\/#website"},"primaryImageOfPage":{"@id":"https:\/\/www.notibras.com\/site\/elias-bancario-queria-ser-poeta\/#primaryimage"},"image":{"@id":"https:\/\/www.notibras.com\/site\/elias-bancario-queria-ser-poeta\/#primaryimage"},"thumbnailUrl":"https:\/\/www.notibras.com\/site\/wp-content\/uploads\/2026\/01\/IMG_0333.jpg","datePublished":"2026-01-15T05:00:10+00:00","breadcrumb":{"@id":"https:\/\/www.notibras.com\/site\/elias-bancario-queria-ser-poeta\/#breadcrumb"},"inLanguage":"pt-BR","potentialAction":[{"@type":"ReadAction","target":["https:\/\/www.notibras.com\/site\/elias-bancario-queria-ser-poeta\/"]}]},{"@type":"ImageObject","inLanguage":"pt-BR","@id":"https:\/\/www.notibras.com\/site\/elias-bancario-queria-ser-poeta\/#primaryimage","url":"https:\/\/www.notibras.com\/site\/wp-content\/uploads\/2026\/01\/IMG_0333.jpg","contentUrl":"https:\/\/www.notibras.com\/site\/wp-content\/uploads\/2026\/01\/IMG_0333.jpg","width":1023,"height":927},{"@type":"BreadcrumbList","@id":"https:\/\/www.notibras.com\/site\/elias-bancario-queria-ser-poeta\/#breadcrumb","itemListElement":[{"@type":"ListItem","position":1,"name":"In\u00edcio","item":"https:\/\/www.notibras.com\/site\/"},{"@type":"ListItem","position":2,"name":"Elias, banc\u00e1rio, queria ser poeta"}]},{"@type":"WebSite","@id":"https:\/\/www.notibras.com\/site\/#website","url":"https:\/\/www.notibras.com\/site\/","name":"Notibras","description":"Not\u00edcias de Bras\u00edlia, do Brasil e do Mundo","publisher":{"@id":"https:\/\/www.notibras.com\/site\/#organization"},"potentialAction":[{"@type":"SearchAction","target":{"@type":"EntryPoint","urlTemplate":"https:\/\/www.notibras.com\/site\/?s={search_term_string}"},"query-input":{"@type":"PropertyValueSpecification","valueRequired":true,"valueName":"search_term_string"}}],"inLanguage":"pt-BR"},{"@type":"Organization","@id":"https:\/\/www.notibras.com\/site\/#organization","name":"Grupo Notibras de Comunica\u00e7\u00e3o","url":"https:\/\/www.notibras.com\/site\/","logo":{"@type":"ImageObject","inLanguage":"pt-BR","@id":"https:\/\/www.notibras.com\/site\/#\/schema\/logo\/image\/","url":"https:\/\/www.notibras.com\/site\/wp-content\/uploads\/2023\/01\/notibras23.png","contentUrl":"https:\/\/www.notibras.com\/site\/wp-content\/uploads\/2023\/01\/notibras23.png","width":350,"height":87,"caption":"Grupo Notibras de Comunica\u00e7\u00e3o"},"image":{"@id":"https:\/\/www.notibras.com\/site\/#\/schema\/logo\/image\/"},"sameAs":["https:\/\/www.facebook.com\/notibras\/","https:\/\/x.com\/Notibras","https:\/\/www.instagram.com\/notibras\/"]},{"@type":"Person","@id":"https:\/\/www.notibras.com\/site\/#\/schema\/person\/5b7fabf2aedc3ada2105f03b22b4d3dd","name":"Eduardo Mart\u00ednez","image":{"@type":"ImageObject","inLanguage":"pt-BR","@id":"https:\/\/secure.gravatar.com\/avatar\/7902f906289926289cbcda644b5197c796b893c6ffd7b9a536a42d290f7704a0?s=96&d=mm&r=g","url":"https:\/\/secure.gravatar.com\/avatar\/7902f906289926289cbcda644b5197c796b893c6ffd7b9a536a42d290f7704a0?s=96&d=mm&r=g","contentUrl":"https:\/\/secure.gravatar.com\/avatar\/7902f906289926289cbcda644b5197c796b893c6ffd7b9a536a42d290f7704a0?s=96&d=mm&r=g","caption":"Eduardo Mart\u00ednez"}}]}},"amp_enabled":true,"_links":{"self":[{"href":"https:\/\/www.notibras.com\/site\/wp-json\/wp\/v2\/posts\/379039","targetHints":{"allow":["GET"]}}],"collection":[{"href":"https:\/\/www.notibras.com\/site\/wp-json\/wp\/v2\/posts"}],"about":[{"href":"https:\/\/www.notibras.com\/site\/wp-json\/wp\/v2\/types\/post"}],"author":[{"embeddable":true,"href":"https:\/\/www.notibras.com\/site\/wp-json\/wp\/v2\/users\/21"}],"replies":[{"embeddable":true,"href":"https:\/\/www.notibras.com\/site\/wp-json\/wp\/v2\/comments?post=379039"}],"version-history":[{"count":3,"href":"https:\/\/www.notibras.com\/site\/wp-json\/wp\/v2\/posts\/379039\/revisions"}],"predecessor-version":[{"id":379043,"href":"https:\/\/www.notibras.com\/site\/wp-json\/wp\/v2\/posts\/379039\/revisions\/379043"}],"wp:featuredmedia":[{"embeddable":true,"href":"https:\/\/www.notibras.com\/site\/wp-json\/wp\/v2\/media\/379040"}],"wp:attachment":[{"href":"https:\/\/www.notibras.com\/site\/wp-json\/wp\/v2\/media?parent=379039"}],"wp:term":[{"taxonomy":"category","embeddable":true,"href":"https:\/\/www.notibras.com\/site\/wp-json\/wp\/v2\/categories?post=379039"},{"taxonomy":"post_tag","embeddable":true,"href":"https:\/\/www.notibras.com\/site\/wp-json\/wp\/v2\/tags?post=379039"}],"curies":[{"name":"wp","href":"https:\/\/api.w.org\/{rel}","templated":true}]}}