{"id":379044,"date":"2026-01-16T01:00:37","date_gmt":"2026-01-16T04:00:37","guid":{"rendered":"https:\/\/www.notibras.com\/site\/?p=379044"},"modified":"2026-01-15T00:39:17","modified_gmt":"2026-01-15T03:39:17","slug":"referencias","status":"publish","type":"post","link":"https:\/\/www.notibras.com\/site\/referencias\/","title":{"rendered":"Refer\u00eancias"},"content":{"rendered":"<p>\u201cOs outros chegam para compartilhar felicidade, n\u00e3o para traz\u00ea-la.\u201d<\/p>\n<p>A leitura \u00e9 sempre uma bela viagem, ou a um lugar inventado, ou desconhecido, ao nosso interior, ou&#8230; ao passado.<\/p>\n<p>A frase do livro me transporta imediatamente para um passeio divertido, um s\u00e1bado, com hora para sa\u00edda, sem hor\u00e1rio previsto para retorno. Uma rota, planejada cuidadosamente no in\u00edcio, mas, ao decorrer do dia, o planejamento se desfazia pouco a pouco.<\/p>\n<p>Dezesseis mulheres, animad\u00edssimas no in\u00edcio, aos poucos vamos percebendo as diferen\u00e7as. Primeira parada, um bel\u00edssimo restaurante, que&#8230; de acordo com os planos, seria nosso local de almo\u00e7o.<\/p>\n<p>N\u00e3o havia espa\u00e7o para todas n\u00f3s e, ap\u00f3s um breve debate, decidimos pelo drink, na mesa da varanda, a vista&#8230; a pedra do lagarto.<\/p>\n<p>Algumas discutiam chateadas, queriam o almo\u00e7o, outras permaneceram no tanto faz, e um grupo mais animado decide pedir a t\u00e1bua de degusta\u00e7\u00e3o.<\/p>\n<p>Pr\u00f3xima parada, nosso almo\u00e7o, tamb\u00e9m n\u00e3o tinha mesa para todas. Nos dividimos em grupos. Novamente um grupo incomodado, outro reclamando, e outro contando piadas.<\/p>\n<p>Nosso dia seguiu exatamente dessa forma, a rota estava muito mais lotada do que o normal e nada saiu como planejado, mas um pequeno grupo se divertia com tudo.<\/p>\n<p>Nossa \u00faltima parada cancelada, uma espera de duas horas para entrada no restaurante. O grupo decide pegar as sobras de bolo e salgadinhos do almo\u00e7o e fazer um pequeno piquenique na beira da rua, animad\u00edssimo.<\/p>\n<p>Dias depois, acampando na escurid\u00e3o do Pico da Bandeira, todos dormindo e eu sentada admirando a noite escura, a beleza dos vagalumes que eu n\u00e3o via h\u00e1 anos, a magia do c\u00e9u estrelado, retorno ao passeio com o grupo, nossa \u00faltima parada tinha lua cheia, uma vis\u00e3o linda das cidades, poucos vagalumes, sons de sapos, p\u00e1ssaros noturnos e apenas duas ou tr\u00eas pessoas conseguiram enxergar tudo isso.<\/p>\n<p>Uma quest\u00e3o que fica sem resposta por meses surge naquele instante. O que \u00e9 felicidade? O que \u00e9 amor?<\/p>\n<p>Obvio que temos in\u00fameras defini\u00e7\u00f5es, mas, revendo situa\u00e7\u00f5es rotineiras, percebo que o brilho min\u00fasculo de um vagalume para mim \u00e9 um encanto, para outra \u00e9 impercept\u00edvel e, para outra, um incomodo.<\/p>\n<p>A forma de enxergar a vida teria uma liga\u00e7\u00e3o com o compreendemos do amor e da felicidade? N\u00e3o encontro a resposta por meses.<\/p>\n<p>Caminhando pelas praias de Guarapari, paro para meu momento de banho de mar, de tranquilidade, de estar sozinha e uma liga\u00e7\u00e3o interrompe o momento comigo.<\/p>\n<p>\u2014 Como sabemos o que \u00e9 amor, ou bons relacionamentos se n\u00e3o temos boas refer\u00eancias disso?<\/p>\n<p>A pergunta n\u00e3o era surpresa, dias antes, um bom caf\u00e9 e um papo filos\u00f3fico teria nos levado a esse questionamento, mas dessa vez a liga\u00e7\u00e3o vinha acompanhada de um v\u00eddeo, trazendo a n\u00f3s duas um bom debate e a minha resposta.<\/p>\n<p>Se eu consigo enxergar a beleza das pequenas coisas, se eu consigo ouvir e aprender com uma bela conversa com um idoso, se sou capaz de ajudar algu\u00e9m em situa\u00e7\u00f5es dif\u00edceis, de encontrar solu\u00e7\u00f5es para o que estiver fora de controle, enxergar a beleza da vida, eu encontrei o amor e a felicidade, eles moram em mim, n\u00e3o o outro ou no dia a dia.<\/p>\n<p>O outro \u00e9 uma extens\u00e3o desse amor e da felicidade, mas esses sentimentos vivem em mim. Compreender isso \u00e9 tamb\u00e9m compreender que o outro pode aceitar ou n\u00e3o meu amor e minha felicidade, mas n\u00e3o \u00e9 algo dele, \u00e9 meu.<\/p>\n<p>Entendo isso a partir de duas ideias, a dela:<\/p>\n<p>\u2014 O amor \u00e9 como um bolo que eu fa\u00e7o, dou de presente e a outra pessoa n\u00e3o aceita, e eu volto com ele para mim, guardo at\u00e9 algu\u00e9m aceitar.<\/p>\n<p>Penso eu que essa \u00e9 a forma mais comum de olhar a vida, mas alimenta a ideia de rejei\u00e7\u00e3o.<\/p>\n<p>A minha ideia, alimentada por uma mulher inteligente:<\/p>\n<p>\u2014 O amor \u00e9 aquilo que existe em mim, algu\u00e9m pode ser a v\u00e1lvula que vai dar vaz\u00e3o ao que est\u00e1 em mim, logo, se eu comparo a um bolo muito bem decorado, presenteio a pessoa que me ajudou nesse meu despertar, se n\u00e3o aceito \u00e9 algo meu, que pode e deve ser meu alimento, sendo meu, n\u00e3o vou me ater \u00e0 rejei\u00e7\u00e3o, eu tenho a receito.<\/p>\n<p><strong>&#8230;&#8230;&#8230;&#8230;&#8230;&#8230;&#8230;&#8230;&#8230;&#8230;<\/strong><\/p>\n<p><strong>&#8220;Apaixonada pela vida em todas as suas formas! M\u00e3e, av\u00f3, artes\u00e3 do croch\u00ea e escritora por voca\u00e7\u00e3o. Encontro inspira\u00e7\u00e3o na natureza e tranquilidade nas trilhas da montanha. Palavras e linhas s\u00e3o minhas ferramentas para criar e compartilhar amor.&#8221;<\/strong><br \/>\n<strong>Autora de tr\u00eas livros publicados, colunista e integrante de uma comunidade liter\u00e1ria.<\/strong><br \/>\n<strong>Atualmente reside em Cachoeiro de Itapemirim-ES.<\/strong><\/p>\n","protected":false},"excerpt":{"rendered":"<p>\u201cOs outros chegam para compartilhar felicidade, n\u00e3o para traz\u00ea-la.\u201d A leitura \u00e9 sempre uma bela viagem, ou a um lugar inventado, ou desconhecido, ao nosso interior, ou&#8230; ao passado. A frase do livro me transporta imediatamente para um passeio divertido, um s\u00e1bado, com hora para sa\u00edda, sem hor\u00e1rio previsto para retorno. Uma rota, planejada cuidadosamente [&hellip;]<\/p>\n","protected":false},"author":21,"featured_media":379045,"comment_status":"closed","ping_status":"closed","sticky":false,"template":"","format":"standard","meta":{"_acf_changed":false,"footnotes":""},"categories":[234],"tags":[],"class_list":["post-379044","post","type-post","status-publish","format-standard","has-post-thumbnail","hentry","category-cafe-literario"],"acf":[],"yoast_head":"<!-- This site is optimized with the Yoast SEO plugin v27.2 - https:\/\/yoast.com\/product\/yoast-seo-wordpress\/ -->\n<title>Refer\u00eancias - Notibras<\/title>\n<meta name=\"robots\" content=\"index, follow, max-snippet:-1, max-image-preview:large, max-video-preview:-1\" \/>\n<link rel=\"canonical\" href=\"https:\/\/www.notibras.com\/site\/referencias\/\" \/>\n<meta property=\"og:locale\" content=\"pt_BR\" \/>\n<meta property=\"og:type\" content=\"article\" \/>\n<meta property=\"og:title\" content=\"Refer\u00eancias - Notibras\" \/>\n<meta property=\"og:description\" content=\"\u201cOs outros chegam para compartilhar felicidade, n\u00e3o para traz\u00ea-la.\u201d A leitura \u00e9 sempre uma bela viagem, ou a um lugar inventado, ou desconhecido, ao nosso interior, ou&#8230; ao passado. A frase do livro me transporta imediatamente para um passeio divertido, um s\u00e1bado, com hora para sa\u00edda, sem hor\u00e1rio previsto para retorno. Uma rota, planejada cuidadosamente [&hellip;]\" \/>\n<meta property=\"og:url\" content=\"https:\/\/www.notibras.com\/site\/referencias\/\" \/>\n<meta property=\"og:site_name\" content=\"Notibras\" \/>\n<meta property=\"article:publisher\" content=\"https:\/\/www.facebook.com\/notibras\/\" \/>\n<meta property=\"article:published_time\" content=\"2026-01-16T04:00:37+00:00\" \/>\n<meta property=\"og:image\" content=\"https:\/\/www.notibras.com\/site\/wp-content\/uploads\/2026\/01\/96a7573f-3249-49a7-90a2-295f6e888e45.jpg\" \/>\n\t<meta property=\"og:image:width\" content=\"809\" \/>\n\t<meta property=\"og:image:height\" content=\"1209\" \/>\n\t<meta property=\"og:image:type\" content=\"image\/jpeg\" \/>\n<meta name=\"author\" content=\"Eduardo Mart\u00ednez\" \/>\n<meta name=\"twitter:card\" content=\"summary_large_image\" \/>\n<meta name=\"twitter:creator\" content=\"@Notibras\" \/>\n<meta name=\"twitter:site\" content=\"@Notibras\" \/>\n<meta name=\"twitter:label1\" content=\"Escrito por\" \/>\n\t<meta name=\"twitter:data1\" content=\"Eduardo Mart\u00ednez\" \/>\n\t<meta name=\"twitter:label2\" content=\"Est. tempo de leitura\" \/>\n\t<meta name=\"twitter:data2\" content=\"5 minutos\" \/>\n<script type=\"application\/ld+json\" class=\"yoast-schema-graph\">{\"@context\":\"https:\/\/schema.org\",\"@graph\":[{\"@type\":\"Article\",\"@id\":\"https:\/\/www.notibras.com\/site\/referencias\/#article\",\"isPartOf\":{\"@id\":\"https:\/\/www.notibras.com\/site\/referencias\/\"},\"author\":{\"name\":\"Eduardo Mart\u00ednez\",\"@id\":\"https:\/\/www.notibras.com\/site\/#\/schema\/person\/5b7fabf2aedc3ada2105f03b22b4d3dd\"},\"headline\":\"Refer\u00eancias\",\"datePublished\":\"2026-01-16T04:00:37+00:00\",\"mainEntityOfPage\":{\"@id\":\"https:\/\/www.notibras.com\/site\/referencias\/\"},\"wordCount\":801,\"publisher\":{\"@id\":\"https:\/\/www.notibras.com\/site\/#organization\"},\"image\":{\"@id\":\"https:\/\/www.notibras.com\/site\/referencias\/#primaryimage\"},\"thumbnailUrl\":\"https:\/\/www.notibras.com\/site\/wp-content\/uploads\/2026\/01\/96a7573f-3249-49a7-90a2-295f6e888e45.jpg\",\"articleSection\":[\"Caf\u00e9 Liter\u00e1rio\"],\"inLanguage\":\"pt-BR\"},{\"@type\":\"WebPage\",\"@id\":\"https:\/\/www.notibras.com\/site\/referencias\/\",\"url\":\"https:\/\/www.notibras.com\/site\/referencias\/\",\"name\":\"Refer\u00eancias - Notibras\",\"isPartOf\":{\"@id\":\"https:\/\/www.notibras.com\/site\/#website\"},\"primaryImageOfPage\":{\"@id\":\"https:\/\/www.notibras.com\/site\/referencias\/#primaryimage\"},\"image\":{\"@id\":\"https:\/\/www.notibras.com\/site\/referencias\/#primaryimage\"},\"thumbnailUrl\":\"https:\/\/www.notibras.com\/site\/wp-content\/uploads\/2026\/01\/96a7573f-3249-49a7-90a2-295f6e888e45.jpg\",\"datePublished\":\"2026-01-16T04:00:37+00:00\",\"breadcrumb\":{\"@id\":\"https:\/\/www.notibras.com\/site\/referencias\/#breadcrumb\"},\"inLanguage\":\"pt-BR\",\"potentialAction\":[{\"@type\":\"ReadAction\",\"target\":[\"https:\/\/www.notibras.com\/site\/referencias\/\"]}]},{\"@type\":\"ImageObject\",\"inLanguage\":\"pt-BR\",\"@id\":\"https:\/\/www.notibras.com\/site\/referencias\/#primaryimage\",\"url\":\"https:\/\/www.notibras.com\/site\/wp-content\/uploads\/2026\/01\/96a7573f-3249-49a7-90a2-295f6e888e45.jpg\",\"contentUrl\":\"https:\/\/www.notibras.com\/site\/wp-content\/uploads\/2026\/01\/96a7573f-3249-49a7-90a2-295f6e888e45.jpg\",\"width\":809,\"height\":1209},{\"@type\":\"BreadcrumbList\",\"@id\":\"https:\/\/www.notibras.com\/site\/referencias\/#breadcrumb\",\"itemListElement\":[{\"@type\":\"ListItem\",\"position\":1,\"name\":\"In\u00edcio\",\"item\":\"https:\/\/www.notibras.com\/site\/\"},{\"@type\":\"ListItem\",\"position\":2,\"name\":\"Refer\u00eancias\"}]},{\"@type\":\"WebSite\",\"@id\":\"https:\/\/www.notibras.com\/site\/#website\",\"url\":\"https:\/\/www.notibras.com\/site\/\",\"name\":\"Notibras\",\"description\":\"Not\u00edcias de Bras\u00edlia, do Brasil e do Mundo\",\"publisher\":{\"@id\":\"https:\/\/www.notibras.com\/site\/#organization\"},\"potentialAction\":[{\"@type\":\"SearchAction\",\"target\":{\"@type\":\"EntryPoint\",\"urlTemplate\":\"https:\/\/www.notibras.com\/site\/?s={search_term_string}\"},\"query-input\":{\"@type\":\"PropertyValueSpecification\",\"valueRequired\":true,\"valueName\":\"search_term_string\"}}],\"inLanguage\":\"pt-BR\"},{\"@type\":\"Organization\",\"@id\":\"https:\/\/www.notibras.com\/site\/#organization\",\"name\":\"Grupo Notibras de Comunica\u00e7\u00e3o\",\"url\":\"https:\/\/www.notibras.com\/site\/\",\"logo\":{\"@type\":\"ImageObject\",\"inLanguage\":\"pt-BR\",\"@id\":\"https:\/\/www.notibras.com\/site\/#\/schema\/logo\/image\/\",\"url\":\"https:\/\/www.notibras.com\/site\/wp-content\/uploads\/2023\/01\/notibras23.png\",\"contentUrl\":\"https:\/\/www.notibras.com\/site\/wp-content\/uploads\/2023\/01\/notibras23.png\",\"width\":350,\"height\":87,\"caption\":\"Grupo Notibras de Comunica\u00e7\u00e3o\"},\"image\":{\"@id\":\"https:\/\/www.notibras.com\/site\/#\/schema\/logo\/image\/\"},\"sameAs\":[\"https:\/\/www.facebook.com\/notibras\/\",\"https:\/\/x.com\/Notibras\",\"https:\/\/www.instagram.com\/notibras\/\"]},{\"@type\":\"Person\",\"@id\":\"https:\/\/www.notibras.com\/site\/#\/schema\/person\/5b7fabf2aedc3ada2105f03b22b4d3dd\",\"name\":\"Eduardo Mart\u00ednez\",\"image\":{\"@type\":\"ImageObject\",\"inLanguage\":\"pt-BR\",\"@id\":\"https:\/\/secure.gravatar.com\/avatar\/7902f906289926289cbcda644b5197c796b893c6ffd7b9a536a42d290f7704a0?s=96&d=mm&r=g\",\"url\":\"https:\/\/secure.gravatar.com\/avatar\/7902f906289926289cbcda644b5197c796b893c6ffd7b9a536a42d290f7704a0?s=96&d=mm&r=g\",\"contentUrl\":\"https:\/\/secure.gravatar.com\/avatar\/7902f906289926289cbcda644b5197c796b893c6ffd7b9a536a42d290f7704a0?s=96&d=mm&r=g\",\"caption\":\"Eduardo Mart\u00ednez\"}}]}<\/script>\n<!-- \/ Yoast SEO plugin. -->","yoast_head_json":{"title":"Refer\u00eancias - Notibras","robots":{"index":"index","follow":"follow","max-snippet":"max-snippet:-1","max-image-preview":"max-image-preview:large","max-video-preview":"max-video-preview:-1"},"canonical":"https:\/\/www.notibras.com\/site\/referencias\/","og_locale":"pt_BR","og_type":"article","og_title":"Refer\u00eancias - Notibras","og_description":"\u201cOs outros chegam para compartilhar felicidade, n\u00e3o para traz\u00ea-la.\u201d A leitura \u00e9 sempre uma bela viagem, ou a um lugar inventado, ou desconhecido, ao nosso interior, ou&#8230; ao passado. A frase do livro me transporta imediatamente para um passeio divertido, um s\u00e1bado, com hora para sa\u00edda, sem hor\u00e1rio previsto para retorno. Uma rota, planejada cuidadosamente [&hellip;]","og_url":"https:\/\/www.notibras.com\/site\/referencias\/","og_site_name":"Notibras","article_publisher":"https:\/\/www.facebook.com\/notibras\/","article_published_time":"2026-01-16T04:00:37+00:00","og_image":[{"width":809,"height":1209,"url":"https:\/\/www.notibras.com\/site\/wp-content\/uploads\/2026\/01\/96a7573f-3249-49a7-90a2-295f6e888e45.jpg","type":"image\/jpeg"}],"author":"Eduardo Mart\u00ednez","twitter_card":"summary_large_image","twitter_creator":"@Notibras","twitter_site":"@Notibras","twitter_misc":{"Escrito por":"Eduardo Mart\u00ednez","Est. tempo de leitura":"5 minutos"},"schema":{"@context":"https:\/\/schema.org","@graph":[{"@type":"Article","@id":"https:\/\/www.notibras.com\/site\/referencias\/#article","isPartOf":{"@id":"https:\/\/www.notibras.com\/site\/referencias\/"},"author":{"name":"Eduardo Mart\u00ednez","@id":"https:\/\/www.notibras.com\/site\/#\/schema\/person\/5b7fabf2aedc3ada2105f03b22b4d3dd"},"headline":"Refer\u00eancias","datePublished":"2026-01-16T04:00:37+00:00","mainEntityOfPage":{"@id":"https:\/\/www.notibras.com\/site\/referencias\/"},"wordCount":801,"publisher":{"@id":"https:\/\/www.notibras.com\/site\/#organization"},"image":{"@id":"https:\/\/www.notibras.com\/site\/referencias\/#primaryimage"},"thumbnailUrl":"https:\/\/www.notibras.com\/site\/wp-content\/uploads\/2026\/01\/96a7573f-3249-49a7-90a2-295f6e888e45.jpg","articleSection":["Caf\u00e9 Liter\u00e1rio"],"inLanguage":"pt-BR"},{"@type":"WebPage","@id":"https:\/\/www.notibras.com\/site\/referencias\/","url":"https:\/\/www.notibras.com\/site\/referencias\/","name":"Refer\u00eancias - Notibras","isPartOf":{"@id":"https:\/\/www.notibras.com\/site\/#website"},"primaryImageOfPage":{"@id":"https:\/\/www.notibras.com\/site\/referencias\/#primaryimage"},"image":{"@id":"https:\/\/www.notibras.com\/site\/referencias\/#primaryimage"},"thumbnailUrl":"https:\/\/www.notibras.com\/site\/wp-content\/uploads\/2026\/01\/96a7573f-3249-49a7-90a2-295f6e888e45.jpg","datePublished":"2026-01-16T04:00:37+00:00","breadcrumb":{"@id":"https:\/\/www.notibras.com\/site\/referencias\/#breadcrumb"},"inLanguage":"pt-BR","potentialAction":[{"@type":"ReadAction","target":["https:\/\/www.notibras.com\/site\/referencias\/"]}]},{"@type":"ImageObject","inLanguage":"pt-BR","@id":"https:\/\/www.notibras.com\/site\/referencias\/#primaryimage","url":"https:\/\/www.notibras.com\/site\/wp-content\/uploads\/2026\/01\/96a7573f-3249-49a7-90a2-295f6e888e45.jpg","contentUrl":"https:\/\/www.notibras.com\/site\/wp-content\/uploads\/2026\/01\/96a7573f-3249-49a7-90a2-295f6e888e45.jpg","width":809,"height":1209},{"@type":"BreadcrumbList","@id":"https:\/\/www.notibras.com\/site\/referencias\/#breadcrumb","itemListElement":[{"@type":"ListItem","position":1,"name":"In\u00edcio","item":"https:\/\/www.notibras.com\/site\/"},{"@type":"ListItem","position":2,"name":"Refer\u00eancias"}]},{"@type":"WebSite","@id":"https:\/\/www.notibras.com\/site\/#website","url":"https:\/\/www.notibras.com\/site\/","name":"Notibras","description":"Not\u00edcias de Bras\u00edlia, do Brasil e do Mundo","publisher":{"@id":"https:\/\/www.notibras.com\/site\/#organization"},"potentialAction":[{"@type":"SearchAction","target":{"@type":"EntryPoint","urlTemplate":"https:\/\/www.notibras.com\/site\/?s={search_term_string}"},"query-input":{"@type":"PropertyValueSpecification","valueRequired":true,"valueName":"search_term_string"}}],"inLanguage":"pt-BR"},{"@type":"Organization","@id":"https:\/\/www.notibras.com\/site\/#organization","name":"Grupo Notibras de Comunica\u00e7\u00e3o","url":"https:\/\/www.notibras.com\/site\/","logo":{"@type":"ImageObject","inLanguage":"pt-BR","@id":"https:\/\/www.notibras.com\/site\/#\/schema\/logo\/image\/","url":"https:\/\/www.notibras.com\/site\/wp-content\/uploads\/2023\/01\/notibras23.png","contentUrl":"https:\/\/www.notibras.com\/site\/wp-content\/uploads\/2023\/01\/notibras23.png","width":350,"height":87,"caption":"Grupo Notibras de Comunica\u00e7\u00e3o"},"image":{"@id":"https:\/\/www.notibras.com\/site\/#\/schema\/logo\/image\/"},"sameAs":["https:\/\/www.facebook.com\/notibras\/","https:\/\/x.com\/Notibras","https:\/\/www.instagram.com\/notibras\/"]},{"@type":"Person","@id":"https:\/\/www.notibras.com\/site\/#\/schema\/person\/5b7fabf2aedc3ada2105f03b22b4d3dd","name":"Eduardo Mart\u00ednez","image":{"@type":"ImageObject","inLanguage":"pt-BR","@id":"https:\/\/secure.gravatar.com\/avatar\/7902f906289926289cbcda644b5197c796b893c6ffd7b9a536a42d290f7704a0?s=96&d=mm&r=g","url":"https:\/\/secure.gravatar.com\/avatar\/7902f906289926289cbcda644b5197c796b893c6ffd7b9a536a42d290f7704a0?s=96&d=mm&r=g","contentUrl":"https:\/\/secure.gravatar.com\/avatar\/7902f906289926289cbcda644b5197c796b893c6ffd7b9a536a42d290f7704a0?s=96&d=mm&r=g","caption":"Eduardo Mart\u00ednez"}}]}},"amp_enabled":true,"_links":{"self":[{"href":"https:\/\/www.notibras.com\/site\/wp-json\/wp\/v2\/posts\/379044","targetHints":{"allow":["GET"]}}],"collection":[{"href":"https:\/\/www.notibras.com\/site\/wp-json\/wp\/v2\/posts"}],"about":[{"href":"https:\/\/www.notibras.com\/site\/wp-json\/wp\/v2\/types\/post"}],"author":[{"embeddable":true,"href":"https:\/\/www.notibras.com\/site\/wp-json\/wp\/v2\/users\/21"}],"replies":[{"embeddable":true,"href":"https:\/\/www.notibras.com\/site\/wp-json\/wp\/v2\/comments?post=379044"}],"version-history":[{"count":2,"href":"https:\/\/www.notibras.com\/site\/wp-json\/wp\/v2\/posts\/379044\/revisions"}],"predecessor-version":[{"id":379047,"href":"https:\/\/www.notibras.com\/site\/wp-json\/wp\/v2\/posts\/379044\/revisions\/379047"}],"wp:featuredmedia":[{"embeddable":true,"href":"https:\/\/www.notibras.com\/site\/wp-json\/wp\/v2\/media\/379045"}],"wp:attachment":[{"href":"https:\/\/www.notibras.com\/site\/wp-json\/wp\/v2\/media?parent=379044"}],"wp:term":[{"taxonomy":"category","embeddable":true,"href":"https:\/\/www.notibras.com\/site\/wp-json\/wp\/v2\/categories?post=379044"},{"taxonomy":"post_tag","embeddable":true,"href":"https:\/\/www.notibras.com\/site\/wp-json\/wp\/v2\/tags?post=379044"}],"curies":[{"name":"wp","href":"https:\/\/api.w.org\/{rel}","templated":true}]}}