{"id":379058,"date":"2026-01-16T00:15:53","date_gmt":"2026-01-16T03:15:53","guid":{"rendered":"https:\/\/www.notibras.com\/site\/?p=379058"},"modified":"2026-01-15T01:19:12","modified_gmt":"2026-01-15T04:19:12","slug":"a-mesa-que-fala-cinco-sotaques-e-um-so-coracao","status":"publish","type":"post","link":"https:\/\/www.notibras.com\/site\/a-mesa-que-fala-cinco-sotaques-e-um-so-coracao\/","title":{"rendered":"A mesa que fala cinco sotaques e um s\u00f3 cora\u00e7\u00e3o"},"content":{"rendered":"<p>Era uma noite sem lua no porto de Lisboa, daquelas em que o Tejo fica t\u00e3o preto que parece espelho do c\u00e9u.<\/p>\n<p>Eu estava num boteco antigo, quase escondido entre a Alfama e o Cais do Sodr\u00e9, tomando um copo de vinho verde que cantava na garganta.<\/p>\n<p>De repente, a porta abriu com vento de mar e entraram todos.<\/p>\n<p>N\u00e3o pediram licen\u00e7a.<\/p>\n<p>A casa era deles tamb\u00e9m.<\/p>\n<p>Primeiro chegou Lu\u00eds de Cam\u00f5es, de tapa-olho e capa rasgada, carregando Os Lus\u00edadas debaixo do bra\u00e7o como quem carrega uma ferida aberta.<\/p>\n<p>Sentou-se na cabeceira e disse, rouco:<\/p>\n<p>&#8220;Perdi um olho em Ceuta,<\/p>\n<p>perdi a p\u00e1tria em Macau,<\/p>\n<p>perdi o ju\u00edzo por amor,<\/p>\n<p>mas ganhei dez cantos que ainda fazem Portugal chorar de saudade de si mesmo.&#8221;<\/p>\n<p>Ao lado dele, Fernando Pessoa j\u00e1 estava em quatro lugares ao mesmo tempo.<\/p>\n<p>O pr\u00f3prio, \u00c1lvaro de Campos, Ricardo Reis e Alberto Caeiro tomavam ginginha em copos diferentes.<\/p>\n<p>\u00c1lvaro gritava: &#8220;\u00d3 mar salgado, quanto do teu sal s\u00e3o l\u00e1grimas de Portugal!&#8221;<\/p>\n<p>Ricardo respondia: &#8220;Calma, rapaz, tudo \u00e9 in\u00fatil.&#8221;<\/p>\n<p>Caeiro apenas olhava pela janela e dizia: &#8220;O Tejo \u00e9 mais bonito que o rio que corre pela minha aldeia,<\/p>\n<p>mas o Tejo n\u00e3o \u00e9 mais bonito que o rio que corre pela minha aldeia<\/p>\n<p>porque o Tejo n\u00e3o \u00e9 o rio que corre pela minha aldeia.&#8221;<\/p>\n<p>E o pr\u00f3prio Pessoa, quieto, anotava tudo num guardanapo.<\/p>\n<p>Jos\u00e9 Saramago entrou depois, com passos lentos e voz de profeta cansado.<\/p>\n<p>Pediu um copo d&#8217;\u00e1gua (s\u00f3 \u00e1gua) e falou:<\/p>\n<p>&#8220;Eu vim de Azinhaga, onde o rio era de lama e o c\u00e9u de esperan\u00e7a.<\/p>\n<p>Escrevi cegueira, morte com suspensas, jangadas de pedra,<\/p>\n<p>porque a \u00fanica maneira de salvar o mundo<\/p>\n<p>\u00e9 contar que ele est\u00e1 perdido.&#8221;<\/p>\n<p>De Luanda chegou Jos\u00e9 Eduardo Agualusa, trazendo cheiro de capim e de revolu\u00e7\u00e3o.<\/p>\n<p>Riu alto:<\/p>\n<p>&#8220;Em Angola a gente aprende cedo que a hist\u00f3ria \u00e9 um c\u00e3o que morde o pr\u00f3prio rabo.<\/p>\n<p>Eu escrevi sobre rainhas gingas, sobre na\u00e7\u00f5es que nascem em hot\u00e9is,<\/p>\n<p>porque a \u00c1frica n\u00e3o cabe em fronteiras desenhadas por b\u00eabados em Berlim.&#8221;<\/p>\n<p>Mia Couto desceu de um avi\u00e3o que n\u00e3o existia, vindo de Mo\u00e7ambique.<\/p>\n<p>Trouxe areia nas sand\u00e1lias e um sorriso que desarma guerras.<\/p>\n<p>&#8220;Na minha terra as palavras t\u00eam alma pr\u00f3pria.<\/p>\n<p>O rio fala, a \u00e1rvore lembra, o morto vem tomar caf\u00e9.<\/p>\n<p>Escrevo para que o portugu\u00eas aprenda a ser africano<\/p>\n<p>e a \u00c1frica aprenda a ser portuguesa<\/p>\n<p>sem perder o sotaque de nenhuma.&#8221;<\/p>\n<p>Pepetela sentou-se ao lado dele, ainda com p\u00f3 de guerra civil.<\/p>\n<p>&#8220;Eu lutei com arma na m\u00e3o,<\/p>\n<p>depois lutei com caneta.<\/p>\n<p>A arma cansou, a caneta n\u00e3o.&#8221;<\/p>\n<p>De Cabo Verde chegou Germano Almeida, de chinelo de dedo e camisa florida,<\/p>\n<p>contando anedotas antes mesmo de cumprimentar.<\/p>\n<p>&#8220;Em S\u00e3o Vicente a vida \u00e9 t\u00e3o lenta<\/p>\n<p>que o tempo pede licen\u00e7a pra passar.<\/p>\n<p>Escrevi O Testamento do Senhor Napumoceno<\/p>\n<p>para provar que at\u00e9 um rico avarento<\/p>\n<p>morre rindo quando a ilha quer.&#8221;<\/p>\n<p>De Guin\u00e9-Bissau, Abdulai Sil\u00e1 chegou quase em sil\u00eancio,<\/p>\n<p>mas quando falou foi como trov\u00e3o baixo:<\/p>\n<p>&#8220;N\u00f3s fomos a \u00faltima col\u00f4nia a ser livre<\/p>\n<p>e a primeira a descobrir que liberdade tamb\u00e9m d\u00f3i.<\/p>\n<p>Escrevo para que o crioulo tenha orgulho<\/p>\n<p>de ser l\u00edngua de gente grande.&#8221;<\/p>\n<p>E, de repente, o bar ficou pequeno demais.<\/p>\n<p>Porque entrou Clarice Lispector, brasileira de cora\u00e7\u00e3o ucraniano,<\/p>\n<p>e sentou-se no colo de Cam\u00f5es sem pedir licen\u00e7a.<\/p>\n<p>&#8220;Eu nasci num lugar que n\u00e3o existe mais<\/p>\n<p>e escrevi em portugu\u00eas como quem sangra.<\/p>\n<p>A paix\u00e3o segundo G.H. n\u00e3o \u00e9 livro,<\/p>\n<p>\u00e9 exorcismo.&#8221;<\/p>\n<p>Chico Buarque chegou cantando baixinho &#8220;Constru\u00e7\u00e3o&#8221;,<\/p>\n<p>e o pr\u00f3prio Saramago bateu palmas no ritmo.<\/p>\n<p>Paulinho da Viola apareceu s\u00f3 pra fazer segunda voz.<\/p>\n<p>E ent\u00e3o, no canto mais escuro,<\/p>\n<p>apareceu Agostinho Neto, m\u00e9dico e poeta, primeiro presidente de Angola livre.<\/p>\n<p>Ergueu o copo e disse apenas:<\/p>\n<p>&#8220;Havemos de voltar<\/p>\n<p>\u00e0s terras onde nascemos<\/p>\n<p>mesmo que tenhamos que nascer de novo.&#8221;<\/p>\n<p>Todos se calaram.<\/p>\n<p>At\u00e9 o mar l\u00e1 fora parou de bater no cais.<\/p>\n<p>Quando amanheceu, o boteco estava vazio.<\/p>\n<p>S\u00f3 ficaram os copos, as cadeiras tortas<\/p>\n<p>e um guardanapo onde algu\u00e9m (talvez todos) escreveu:<\/p>\n<p>&#8220;N\u00f3s n\u00e3o falamos a mesma l\u00edngua.<\/p>\n<p>Falamos cinco dialetos de uma \u00fanica saudade.<\/p>\n<p>Portugu\u00eas de Lisboa, do Rio, de Luanda, de Maputo, de Bissau,<\/p>\n<p>de Mindelo, do Recife, de Coimbra.<\/p>\n<p>Todos com sotaque de ex\u00edlio e de casa.<\/p>\n<p>Todos com gosto de mar e de terra vermelha.<\/p>\n<p>Todos com vontade de ficar<\/p>\n<p>e vontade de partir.<\/p>\n<p>A mesa continua posta.<\/p>\n<p>O vinho n\u00e3o acaba.<\/p>\n<p>A conversa recome\u00e7a<\/p>\n<p>todas as noites,<\/p>\n<p>em todos os portos do mundo<\/p>\n<p>onde algu\u00e9m abre um livro<\/p>\n<p>e ouve, l\u00e1 dentro,<\/p>\n<p>o cora\u00e7\u00e3o batendo<\/p>\n<p>em crioulo,<\/p>\n<p>em banto,<\/p>\n<p>em tupi,<\/p>\n<p>em portugu\u00eas errado<\/p>\n<p>e absolutamente perfeito.&#8221;<\/p>\n<p>Sa\u00ed para a rua quando o sol nascia sobre o Tejo.<\/p>\n<p>E soube, com uma certeza que n\u00e3o explica,<\/p>\n<p>que aquela mesa nunca fecha.<\/p>\n<p>Basta chegar,<\/p>\n<p>pedir um copo,<\/p>\n<p>e come\u00e7ar a contar<\/p>\n<p>sua pr\u00f3pria hist\u00f3ria<\/p>\n<p>na l\u00edngua que doer mais bonito.<\/p>\n<p>Porque, no fim das contas,<\/p>\n<p>todos n\u00f3s<\/p>\n<p>somos apenas<\/p>\n<p>continua\u00e7\u00e3o<\/p>\n<p>daquele primeiro verso<\/p>\n<p>que Cam\u00f5es perdeu no mar<\/p>\n<p>e o mar devolveu<\/p>\n<p>em milh\u00f5es de vozes.<\/p>\n","protected":false},"excerpt":{"rendered":"<p>Era uma noite sem lua no porto de Lisboa, daquelas em que o Tejo fica t\u00e3o preto que parece espelho do c\u00e9u. Eu estava num boteco antigo, quase escondido entre a Alfama e o Cais do Sodr\u00e9, tomando um copo de vinho verde que cantava na garganta. De repente, a porta abriu com vento de [&hellip;]<\/p>\n","protected":false},"author":21,"featured_media":379059,"comment_status":"closed","ping_status":"closed","sticky":false,"template":"","format":"standard","meta":{"_acf_changed":false,"footnotes":""},"categories":[234],"tags":[],"class_list":["post-379058","post","type-post","status-publish","format-standard","has-post-thumbnail","hentry","category-cafe-literario"],"acf":[],"yoast_head":"<!-- This site is optimized with the Yoast SEO plugin v27.2 - https:\/\/yoast.com\/product\/yoast-seo-wordpress\/ -->\n<title>A mesa que fala cinco sotaques e um s\u00f3 cora\u00e7\u00e3o - Notibras<\/title>\n<meta name=\"robots\" content=\"index, follow, max-snippet:-1, max-image-preview:large, max-video-preview:-1\" \/>\n<link rel=\"canonical\" href=\"https:\/\/www.notibras.com\/site\/a-mesa-que-fala-cinco-sotaques-e-um-so-coracao\/\" \/>\n<meta property=\"og:locale\" content=\"pt_BR\" \/>\n<meta property=\"og:type\" content=\"article\" \/>\n<meta property=\"og:title\" content=\"A mesa que fala cinco sotaques e um s\u00f3 cora\u00e7\u00e3o - Notibras\" \/>\n<meta property=\"og:description\" content=\"Era uma noite sem lua no porto de Lisboa, daquelas em que o Tejo fica t\u00e3o preto que parece espelho do c\u00e9u. Eu estava num boteco antigo, quase escondido entre a Alfama e o Cais do Sodr\u00e9, tomando um copo de vinho verde que cantava na garganta. De repente, a porta abriu com vento de [&hellip;]\" \/>\n<meta property=\"og:url\" content=\"https:\/\/www.notibras.com\/site\/a-mesa-que-fala-cinco-sotaques-e-um-so-coracao\/\" \/>\n<meta property=\"og:site_name\" content=\"Notibras\" \/>\n<meta property=\"article:publisher\" content=\"https:\/\/www.facebook.com\/notibras\/\" \/>\n<meta property=\"article:published_time\" content=\"2026-01-16T03:15:53+00:00\" \/>\n<meta property=\"og:image\" content=\"https:\/\/www.notibras.com\/site\/wp-content\/uploads\/2026\/01\/IMG_0336.jpg\" \/>\n\t<meta property=\"og:image:width\" content=\"968\" \/>\n\t<meta property=\"og:image:height\" content=\"950\" \/>\n\t<meta property=\"og:image:type\" content=\"image\/jpeg\" \/>\n<meta name=\"author\" content=\"Eduardo Mart\u00ednez\" \/>\n<meta name=\"twitter:card\" content=\"summary_large_image\" \/>\n<meta name=\"twitter:creator\" content=\"@Notibras\" \/>\n<meta name=\"twitter:site\" content=\"@Notibras\" \/>\n<meta name=\"twitter:label1\" content=\"Escrito por\" \/>\n\t<meta name=\"twitter:data1\" content=\"Eduardo Mart\u00ednez\" \/>\n\t<meta name=\"twitter:label2\" content=\"Est. tempo de leitura\" \/>\n\t<meta name=\"twitter:data2\" content=\"5 minutos\" \/>\n<script type=\"application\/ld+json\" class=\"yoast-schema-graph\">{\"@context\":\"https:\/\/schema.org\",\"@graph\":[{\"@type\":\"Article\",\"@id\":\"https:\/\/www.notibras.com\/site\/a-mesa-que-fala-cinco-sotaques-e-um-so-coracao\/#article\",\"isPartOf\":{\"@id\":\"https:\/\/www.notibras.com\/site\/a-mesa-que-fala-cinco-sotaques-e-um-so-coracao\/\"},\"author\":{\"name\":\"Eduardo Mart\u00ednez\",\"@id\":\"https:\/\/www.notibras.com\/site\/#\/schema\/person\/5b7fabf2aedc3ada2105f03b22b4d3dd\"},\"headline\":\"A mesa que fala cinco sotaques e um s\u00f3 cora\u00e7\u00e3o\",\"datePublished\":\"2026-01-16T03:15:53+00:00\",\"mainEntityOfPage\":{\"@id\":\"https:\/\/www.notibras.com\/site\/a-mesa-que-fala-cinco-sotaques-e-um-so-coracao\/\"},\"wordCount\":921,\"publisher\":{\"@id\":\"https:\/\/www.notibras.com\/site\/#organization\"},\"image\":{\"@id\":\"https:\/\/www.notibras.com\/site\/a-mesa-que-fala-cinco-sotaques-e-um-so-coracao\/#primaryimage\"},\"thumbnailUrl\":\"https:\/\/www.notibras.com\/site\/wp-content\/uploads\/2026\/01\/IMG_0336.jpg\",\"articleSection\":[\"Caf\u00e9 Liter\u00e1rio\"],\"inLanguage\":\"pt-BR\"},{\"@type\":\"WebPage\",\"@id\":\"https:\/\/www.notibras.com\/site\/a-mesa-que-fala-cinco-sotaques-e-um-so-coracao\/\",\"url\":\"https:\/\/www.notibras.com\/site\/a-mesa-que-fala-cinco-sotaques-e-um-so-coracao\/\",\"name\":\"A mesa que fala cinco sotaques e um s\u00f3 cora\u00e7\u00e3o - Notibras\",\"isPartOf\":{\"@id\":\"https:\/\/www.notibras.com\/site\/#website\"},\"primaryImageOfPage\":{\"@id\":\"https:\/\/www.notibras.com\/site\/a-mesa-que-fala-cinco-sotaques-e-um-so-coracao\/#primaryimage\"},\"image\":{\"@id\":\"https:\/\/www.notibras.com\/site\/a-mesa-que-fala-cinco-sotaques-e-um-so-coracao\/#primaryimage\"},\"thumbnailUrl\":\"https:\/\/www.notibras.com\/site\/wp-content\/uploads\/2026\/01\/IMG_0336.jpg\",\"datePublished\":\"2026-01-16T03:15:53+00:00\",\"breadcrumb\":{\"@id\":\"https:\/\/www.notibras.com\/site\/a-mesa-que-fala-cinco-sotaques-e-um-so-coracao\/#breadcrumb\"},\"inLanguage\":\"pt-BR\",\"potentialAction\":[{\"@type\":\"ReadAction\",\"target\":[\"https:\/\/www.notibras.com\/site\/a-mesa-que-fala-cinco-sotaques-e-um-so-coracao\/\"]}]},{\"@type\":\"ImageObject\",\"inLanguage\":\"pt-BR\",\"@id\":\"https:\/\/www.notibras.com\/site\/a-mesa-que-fala-cinco-sotaques-e-um-so-coracao\/#primaryimage\",\"url\":\"https:\/\/www.notibras.com\/site\/wp-content\/uploads\/2026\/01\/IMG_0336.jpg\",\"contentUrl\":\"https:\/\/www.notibras.com\/site\/wp-content\/uploads\/2026\/01\/IMG_0336.jpg\",\"width\":968,\"height\":950},{\"@type\":\"BreadcrumbList\",\"@id\":\"https:\/\/www.notibras.com\/site\/a-mesa-que-fala-cinco-sotaques-e-um-so-coracao\/#breadcrumb\",\"itemListElement\":[{\"@type\":\"ListItem\",\"position\":1,\"name\":\"In\u00edcio\",\"item\":\"https:\/\/www.notibras.com\/site\/\"},{\"@type\":\"ListItem\",\"position\":2,\"name\":\"A mesa que fala cinco sotaques e um s\u00f3 cora\u00e7\u00e3o\"}]},{\"@type\":\"WebSite\",\"@id\":\"https:\/\/www.notibras.com\/site\/#website\",\"url\":\"https:\/\/www.notibras.com\/site\/\",\"name\":\"Notibras\",\"description\":\"Not\u00edcias de Bras\u00edlia, do Brasil e do Mundo\",\"publisher\":{\"@id\":\"https:\/\/www.notibras.com\/site\/#organization\"},\"potentialAction\":[{\"@type\":\"SearchAction\",\"target\":{\"@type\":\"EntryPoint\",\"urlTemplate\":\"https:\/\/www.notibras.com\/site\/?s={search_term_string}\"},\"query-input\":{\"@type\":\"PropertyValueSpecification\",\"valueRequired\":true,\"valueName\":\"search_term_string\"}}],\"inLanguage\":\"pt-BR\"},{\"@type\":\"Organization\",\"@id\":\"https:\/\/www.notibras.com\/site\/#organization\",\"name\":\"Grupo Notibras de Comunica\u00e7\u00e3o\",\"url\":\"https:\/\/www.notibras.com\/site\/\",\"logo\":{\"@type\":\"ImageObject\",\"inLanguage\":\"pt-BR\",\"@id\":\"https:\/\/www.notibras.com\/site\/#\/schema\/logo\/image\/\",\"url\":\"https:\/\/www.notibras.com\/site\/wp-content\/uploads\/2023\/01\/notibras23.png\",\"contentUrl\":\"https:\/\/www.notibras.com\/site\/wp-content\/uploads\/2023\/01\/notibras23.png\",\"width\":350,\"height\":87,\"caption\":\"Grupo Notibras de Comunica\u00e7\u00e3o\"},\"image\":{\"@id\":\"https:\/\/www.notibras.com\/site\/#\/schema\/logo\/image\/\"},\"sameAs\":[\"https:\/\/www.facebook.com\/notibras\/\",\"https:\/\/x.com\/Notibras\",\"https:\/\/www.instagram.com\/notibras\/\"]},{\"@type\":\"Person\",\"@id\":\"https:\/\/www.notibras.com\/site\/#\/schema\/person\/5b7fabf2aedc3ada2105f03b22b4d3dd\",\"name\":\"Eduardo Mart\u00ednez\",\"image\":{\"@type\":\"ImageObject\",\"inLanguage\":\"pt-BR\",\"@id\":\"https:\/\/secure.gravatar.com\/avatar\/7902f906289926289cbcda644b5197c796b893c6ffd7b9a536a42d290f7704a0?s=96&d=mm&r=g\",\"url\":\"https:\/\/secure.gravatar.com\/avatar\/7902f906289926289cbcda644b5197c796b893c6ffd7b9a536a42d290f7704a0?s=96&d=mm&r=g\",\"contentUrl\":\"https:\/\/secure.gravatar.com\/avatar\/7902f906289926289cbcda644b5197c796b893c6ffd7b9a536a42d290f7704a0?s=96&d=mm&r=g\",\"caption\":\"Eduardo Mart\u00ednez\"}}]}<\/script>\n<!-- \/ Yoast SEO plugin. -->","yoast_head_json":{"title":"A mesa que fala cinco sotaques e um s\u00f3 cora\u00e7\u00e3o - Notibras","robots":{"index":"index","follow":"follow","max-snippet":"max-snippet:-1","max-image-preview":"max-image-preview:large","max-video-preview":"max-video-preview:-1"},"canonical":"https:\/\/www.notibras.com\/site\/a-mesa-que-fala-cinco-sotaques-e-um-so-coracao\/","og_locale":"pt_BR","og_type":"article","og_title":"A mesa que fala cinco sotaques e um s\u00f3 cora\u00e7\u00e3o - Notibras","og_description":"Era uma noite sem lua no porto de Lisboa, daquelas em que o Tejo fica t\u00e3o preto que parece espelho do c\u00e9u. Eu estava num boteco antigo, quase escondido entre a Alfama e o Cais do Sodr\u00e9, tomando um copo de vinho verde que cantava na garganta. De repente, a porta abriu com vento de [&hellip;]","og_url":"https:\/\/www.notibras.com\/site\/a-mesa-que-fala-cinco-sotaques-e-um-so-coracao\/","og_site_name":"Notibras","article_publisher":"https:\/\/www.facebook.com\/notibras\/","article_published_time":"2026-01-16T03:15:53+00:00","og_image":[{"width":968,"height":950,"url":"https:\/\/www.notibras.com\/site\/wp-content\/uploads\/2026\/01\/IMG_0336.jpg","type":"image\/jpeg"}],"author":"Eduardo Mart\u00ednez","twitter_card":"summary_large_image","twitter_creator":"@Notibras","twitter_site":"@Notibras","twitter_misc":{"Escrito por":"Eduardo Mart\u00ednez","Est. tempo de leitura":"5 minutos"},"schema":{"@context":"https:\/\/schema.org","@graph":[{"@type":"Article","@id":"https:\/\/www.notibras.com\/site\/a-mesa-que-fala-cinco-sotaques-e-um-so-coracao\/#article","isPartOf":{"@id":"https:\/\/www.notibras.com\/site\/a-mesa-que-fala-cinco-sotaques-e-um-so-coracao\/"},"author":{"name":"Eduardo Mart\u00ednez","@id":"https:\/\/www.notibras.com\/site\/#\/schema\/person\/5b7fabf2aedc3ada2105f03b22b4d3dd"},"headline":"A mesa que fala cinco sotaques e um s\u00f3 cora\u00e7\u00e3o","datePublished":"2026-01-16T03:15:53+00:00","mainEntityOfPage":{"@id":"https:\/\/www.notibras.com\/site\/a-mesa-que-fala-cinco-sotaques-e-um-so-coracao\/"},"wordCount":921,"publisher":{"@id":"https:\/\/www.notibras.com\/site\/#organization"},"image":{"@id":"https:\/\/www.notibras.com\/site\/a-mesa-que-fala-cinco-sotaques-e-um-so-coracao\/#primaryimage"},"thumbnailUrl":"https:\/\/www.notibras.com\/site\/wp-content\/uploads\/2026\/01\/IMG_0336.jpg","articleSection":["Caf\u00e9 Liter\u00e1rio"],"inLanguage":"pt-BR"},{"@type":"WebPage","@id":"https:\/\/www.notibras.com\/site\/a-mesa-que-fala-cinco-sotaques-e-um-so-coracao\/","url":"https:\/\/www.notibras.com\/site\/a-mesa-que-fala-cinco-sotaques-e-um-so-coracao\/","name":"A mesa que fala cinco sotaques e um s\u00f3 cora\u00e7\u00e3o - Notibras","isPartOf":{"@id":"https:\/\/www.notibras.com\/site\/#website"},"primaryImageOfPage":{"@id":"https:\/\/www.notibras.com\/site\/a-mesa-que-fala-cinco-sotaques-e-um-so-coracao\/#primaryimage"},"image":{"@id":"https:\/\/www.notibras.com\/site\/a-mesa-que-fala-cinco-sotaques-e-um-so-coracao\/#primaryimage"},"thumbnailUrl":"https:\/\/www.notibras.com\/site\/wp-content\/uploads\/2026\/01\/IMG_0336.jpg","datePublished":"2026-01-16T03:15:53+00:00","breadcrumb":{"@id":"https:\/\/www.notibras.com\/site\/a-mesa-que-fala-cinco-sotaques-e-um-so-coracao\/#breadcrumb"},"inLanguage":"pt-BR","potentialAction":[{"@type":"ReadAction","target":["https:\/\/www.notibras.com\/site\/a-mesa-que-fala-cinco-sotaques-e-um-so-coracao\/"]}]},{"@type":"ImageObject","inLanguage":"pt-BR","@id":"https:\/\/www.notibras.com\/site\/a-mesa-que-fala-cinco-sotaques-e-um-so-coracao\/#primaryimage","url":"https:\/\/www.notibras.com\/site\/wp-content\/uploads\/2026\/01\/IMG_0336.jpg","contentUrl":"https:\/\/www.notibras.com\/site\/wp-content\/uploads\/2026\/01\/IMG_0336.jpg","width":968,"height":950},{"@type":"BreadcrumbList","@id":"https:\/\/www.notibras.com\/site\/a-mesa-que-fala-cinco-sotaques-e-um-so-coracao\/#breadcrumb","itemListElement":[{"@type":"ListItem","position":1,"name":"In\u00edcio","item":"https:\/\/www.notibras.com\/site\/"},{"@type":"ListItem","position":2,"name":"A mesa que fala cinco sotaques e um s\u00f3 cora\u00e7\u00e3o"}]},{"@type":"WebSite","@id":"https:\/\/www.notibras.com\/site\/#website","url":"https:\/\/www.notibras.com\/site\/","name":"Notibras","description":"Not\u00edcias de Bras\u00edlia, do Brasil e do Mundo","publisher":{"@id":"https:\/\/www.notibras.com\/site\/#organization"},"potentialAction":[{"@type":"SearchAction","target":{"@type":"EntryPoint","urlTemplate":"https:\/\/www.notibras.com\/site\/?s={search_term_string}"},"query-input":{"@type":"PropertyValueSpecification","valueRequired":true,"valueName":"search_term_string"}}],"inLanguage":"pt-BR"},{"@type":"Organization","@id":"https:\/\/www.notibras.com\/site\/#organization","name":"Grupo Notibras de Comunica\u00e7\u00e3o","url":"https:\/\/www.notibras.com\/site\/","logo":{"@type":"ImageObject","inLanguage":"pt-BR","@id":"https:\/\/www.notibras.com\/site\/#\/schema\/logo\/image\/","url":"https:\/\/www.notibras.com\/site\/wp-content\/uploads\/2023\/01\/notibras23.png","contentUrl":"https:\/\/www.notibras.com\/site\/wp-content\/uploads\/2023\/01\/notibras23.png","width":350,"height":87,"caption":"Grupo Notibras de Comunica\u00e7\u00e3o"},"image":{"@id":"https:\/\/www.notibras.com\/site\/#\/schema\/logo\/image\/"},"sameAs":["https:\/\/www.facebook.com\/notibras\/","https:\/\/x.com\/Notibras","https:\/\/www.instagram.com\/notibras\/"]},{"@type":"Person","@id":"https:\/\/www.notibras.com\/site\/#\/schema\/person\/5b7fabf2aedc3ada2105f03b22b4d3dd","name":"Eduardo Mart\u00ednez","image":{"@type":"ImageObject","inLanguage":"pt-BR","@id":"https:\/\/secure.gravatar.com\/avatar\/7902f906289926289cbcda644b5197c796b893c6ffd7b9a536a42d290f7704a0?s=96&d=mm&r=g","url":"https:\/\/secure.gravatar.com\/avatar\/7902f906289926289cbcda644b5197c796b893c6ffd7b9a536a42d290f7704a0?s=96&d=mm&r=g","contentUrl":"https:\/\/secure.gravatar.com\/avatar\/7902f906289926289cbcda644b5197c796b893c6ffd7b9a536a42d290f7704a0?s=96&d=mm&r=g","caption":"Eduardo Mart\u00ednez"}}]}},"amp_enabled":true,"_links":{"self":[{"href":"https:\/\/www.notibras.com\/site\/wp-json\/wp\/v2\/posts\/379058","targetHints":{"allow":["GET"]}}],"collection":[{"href":"https:\/\/www.notibras.com\/site\/wp-json\/wp\/v2\/posts"}],"about":[{"href":"https:\/\/www.notibras.com\/site\/wp-json\/wp\/v2\/types\/post"}],"author":[{"embeddable":true,"href":"https:\/\/www.notibras.com\/site\/wp-json\/wp\/v2\/users\/21"}],"replies":[{"embeddable":true,"href":"https:\/\/www.notibras.com\/site\/wp-json\/wp\/v2\/comments?post=379058"}],"version-history":[{"count":2,"href":"https:\/\/www.notibras.com\/site\/wp-json\/wp\/v2\/posts\/379058\/revisions"}],"predecessor-version":[{"id":379061,"href":"https:\/\/www.notibras.com\/site\/wp-json\/wp\/v2\/posts\/379058\/revisions\/379061"}],"wp:featuredmedia":[{"embeddable":true,"href":"https:\/\/www.notibras.com\/site\/wp-json\/wp\/v2\/media\/379059"}],"wp:attachment":[{"href":"https:\/\/www.notibras.com\/site\/wp-json\/wp\/v2\/media?parent=379058"}],"wp:term":[{"taxonomy":"category","embeddable":true,"href":"https:\/\/www.notibras.com\/site\/wp-json\/wp\/v2\/categories?post=379058"},{"taxonomy":"post_tag","embeddable":true,"href":"https:\/\/www.notibras.com\/site\/wp-json\/wp\/v2\/tags?post=379058"}],"curies":[{"name":"wp","href":"https:\/\/api.w.org\/{rel}","templated":true}]}}