{"id":379065,"date":"2026-01-15T01:15:58","date_gmt":"2026-01-15T04:15:58","guid":{"rendered":"https:\/\/www.notibras.com\/site\/?p=379065"},"modified":"2026-01-15T11:56:23","modified_gmt":"2026-01-15T14:56:23","slug":"as-benzedeiras-e-a-porta-livre","status":"publish","type":"post","link":"https:\/\/www.notibras.com\/site\/as-benzedeiras-e-a-porta-livre\/","title":{"rendered":"AS BENZEDEIRAS E A PORTA LIVRE"},"content":{"rendered":"<p>Na cidade do interior, um pequeno grupo humano descia o morro, pr\u00f3ximo \u00e0 linha do trem, por uma viela estreita e torta. Acabavam de vir da casa de dona Cec\u00edlia, a benzedeira mais afamada das cercanias. Assim como Cec\u00edlia, houvera outras: Gl\u00f3ria, Francisca, Bernardete, Paula&#8230; Todas, a seu modo, ofereciam o mesmo servi\u00e7o, prestado sempre de forma gratuita. Uma reza usando falas praticamente incompreens\u00edveis, um gestual. Um pequeno ma\u00e7o de velas era, eventualmente, a paga. Seriam acendidas para o anjo da guarda. Perdia-se na noite dos tempos a origem daquele saber. Certo \u00e9 que aquelas mulheres haviam aprendido o ritual com outras mulheres, mais velhas de suas fam\u00edlias, e essas com outras, mais remotas ainda, at\u00e9 um tempo em que o sacerd\u00f3cio talvez fosse exercido n\u00e3o pelos homens, mas por elas. Um sacerd\u00f3cio dom\u00e9stico, privado, destinado a proteger e salvar especialmente os mais novos. Sim, apenas as crian\u00e7as eram benzidas, ou rezadas, daquela forma. Aos adultos era reservado diverso tratamento, mais complexo.<\/p>\n<p>De dona Cec\u00edlia eu, particularmente, me lembro. Era uma senhorinha pequena, de pele parda, cabelos grisalhos, um rosto simp\u00e1tico. Sorria ao nos receber. Punha-nos de costas para a porta de sua modest\u00edssima casa e, movimentando as m\u00e3os em volta de n\u00f3s, nossa cabe\u00e7a, nossos bra\u00e7os, ia recitando a reza incompreens\u00edvel, invariavelmente repetida, trecho a trecho, por todas as vezes em que l\u00e1 estive. N\u00e3o lembro da f\u00f3rmula, exceto pela frase que sempre considerei enigm\u00e1tica: &#8220;com dois te puseram, com tr\u00eas eu tiro&#8221;. O tr\u00eas era a j\u00e1 bem conhecida Sant\u00edssima Trindade, que eu havia ouvido o padre falar a respeito na missa. Mas os outros dois, aqueles respons\u00e1veis por alguma coisa ruim que nos atrapalhava, eu n\u00e3o podia imaginar quem fossem. At\u00e9 pensei pouco sobre o que, ou quem, poderiam ser os dois&#8230; a ideia me atemorizava, portanto o melhor a fazer era ficar distante e a salvo dessa dupla.<\/p>\n<p>Ningu\u00e9m podia ficar entre quem estava sendo rezado e a porta logo atr\u00e1s. As for\u00e7as, ou energias, que sa\u00edam com a reza precisavam encontrar a sa\u00edda, sem obst\u00e1culos.<\/p>\n<p>Certa vez, ouvi dona Cec\u00edlia balbuciando, ap\u00f3s rezar uma menina:<\/p>\n<p>\u2014 Ela tava carregada. \u00d3ia, fiquei toda arrupiada.<\/p>\n<p>A recomenda\u00e7\u00e3o final era, ap\u00f3s o banho, diluir um tanto de alfazema em extrato numa quantidade de \u00e1gua, ir despejando no corpo pesco\u00e7o abaixo, recitando o &#8220;Creio em Deus Pai&#8221;.<\/p>\n<p>\u2014 Veio uma menina do Rio, mas eu s\u00f3 quis ver depois que j\u00e1 tinha passado pelo m\u00e9dico \u2014 ouvi-a contar noutra ocasi\u00e3o. Era a objetividade da benzedeira se rendendo aos poderes, ou limita\u00e7\u00f5es, da medicina tradicional. A seu modo, dona Cec\u00edlia dizia que n\u00e3o desafiava a ci\u00eancia. Ao contr\u00e1rio, punha-a em situa\u00e7\u00e3o superior, e agia a partir do limite em que os &#8220;casacas-brancas&#8221; ficassem sem sa\u00edda.<\/p>\n<p>Meu tio Hely contava que, um dia, cumpria seu expediente no Hospital do Andara\u00ed quando, movendo-se de mau jeito, travou a coluna. De uma tal maneira que n\u00e3o conseguia sair do lugar. Estava num hospital, mas seus companheiros o levaram, rapidamente, a uma senhora ali perto, que benzia e curava males humanos. Adentrou meu tio, com dificuldade e se contorcendo de dores, numa saleta miser\u00e1vel da casa prestes a ser demolida por obras que, ent\u00e3o, come\u00e7avam a modificar o lugar. Ali, uma mulher pequena, muito idosa, abancada em frente a uma mesa coberta por pano branco, balbuciava uma reza. Algu\u00e9m da casa pegou uma bacia com \u00e1gua e colocou-a sobre a mesa. Vieram com uma garrafa de vidro e emborcaram-na de gargalo para baixo sobre a bacia. Ent\u00e3o, ela come\u00e7ou sua recita\u00e7\u00e3o ancestral. \u00c0 medida que rezava, a \u00e1gua da bacia subia incrivelmente garrafa acima. Quando terminou, o l\u00edquido estava todo na garrafa, e a dor na coluna de meu tio havia sumido.<\/p>\n<p>Onde est\u00e3o, nos dias de hoje, essas mulheres e o sacerd\u00f3cio misterioso que exerciam? Foram engolidas pelo mundo moderno, pelas exig\u00eancias do mercado de trabalho e pela escala 6&#215;1? N\u00e3o aprenderam mais, das gera\u00e7\u00f5es passadas, as palavras rituais que curavam nossos males? Onde est\u00e3o as Cec\u00edlias, as Gl\u00f3rias, as Franciscas, as Bernardetes e Paulas no momento em que a humanidade, perdida e ego\u00edsta, mais precisa delas, da vela para o anjo da guarda e do banho de alfazema?<\/p>\n<p>.<strong>&#8230;&#8230;&#8230;&#8230;..<\/strong><\/p>\n<p><strong>Daniel Marchi \u00e9 autor de &#8220;A Verdade nos Seres&#8221; e &#8220;Territ\u00f3rio do Sonho&#8221;.<\/strong><\/p>\n","protected":false},"excerpt":{"rendered":"<p>Na cidade do interior, um pequeno grupo humano descia o morro, pr\u00f3ximo \u00e0 linha do trem, por uma viela estreita e torta. Acabavam de vir da casa de dona Cec\u00edlia, a benzedeira mais afamada das cercanias. Assim como Cec\u00edlia, houvera outras: Gl\u00f3ria, Francisca, Bernardete, Paula&#8230; Todas, a seu modo, ofereciam o mesmo servi\u00e7o, prestado sempre [&hellip;]<\/p>\n","protected":false},"author":21,"featured_media":379068,"comment_status":"closed","ping_status":"closed","sticky":false,"template":"","format":"standard","meta":{"_acf_changed":false,"footnotes":""},"categories":[234],"tags":[],"class_list":["post-379065","post","type-post","status-publish","format-standard","has-post-thumbnail","hentry","category-cafe-literario"],"acf":[],"yoast_head":"<!-- This site is optimized with the Yoast SEO plugin v27.2 - https:\/\/yoast.com\/product\/yoast-seo-wordpress\/ -->\n<title>AS BENZEDEIRAS E A PORTA LIVRE - Notibras<\/title>\n<meta name=\"robots\" content=\"index, follow, max-snippet:-1, max-image-preview:large, max-video-preview:-1\" \/>\n<link rel=\"canonical\" href=\"https:\/\/www.notibras.com\/site\/as-benzedeiras-e-a-porta-livre\/\" \/>\n<meta property=\"og:locale\" content=\"pt_BR\" \/>\n<meta property=\"og:type\" content=\"article\" \/>\n<meta property=\"og:title\" content=\"AS BENZEDEIRAS E A PORTA LIVRE - Notibras\" \/>\n<meta property=\"og:description\" content=\"Na cidade do interior, um pequeno grupo humano descia o morro, pr\u00f3ximo \u00e0 linha do trem, por uma viela estreita e torta. Acabavam de vir da casa de dona Cec\u00edlia, a benzedeira mais afamada das cercanias. Assim como Cec\u00edlia, houvera outras: Gl\u00f3ria, Francisca, Bernardete, Paula&#8230; Todas, a seu modo, ofereciam o mesmo servi\u00e7o, prestado sempre [&hellip;]\" \/>\n<meta property=\"og:url\" content=\"https:\/\/www.notibras.com\/site\/as-benzedeiras-e-a-porta-livre\/\" \/>\n<meta property=\"og:site_name\" content=\"Notibras\" \/>\n<meta property=\"article:publisher\" content=\"https:\/\/www.facebook.com\/notibras\/\" \/>\n<meta property=\"article:published_time\" content=\"2026-01-15T04:15:58+00:00\" \/>\n<meta property=\"article:modified_time\" content=\"2026-01-15T14:56:23+00:00\" \/>\n<meta property=\"og:image\" content=\"https:\/\/www.notibras.com\/site\/wp-content\/uploads\/2026\/01\/ChatGPT-Image-15_01_2026-01_20_57-1024x683.png\" \/>\n\t<meta property=\"og:image:width\" content=\"1024\" \/>\n\t<meta property=\"og:image:height\" content=\"683\" \/>\n\t<meta property=\"og:image:type\" content=\"image\/png\" \/>\n<meta name=\"author\" content=\"Eduardo Mart\u00ednez\" \/>\n<meta name=\"twitter:card\" content=\"summary_large_image\" \/>\n<meta name=\"twitter:creator\" content=\"@Notibras\" \/>\n<meta name=\"twitter:site\" content=\"@Notibras\" \/>\n<meta name=\"twitter:label1\" content=\"Escrito por\" \/>\n\t<meta name=\"twitter:data1\" content=\"Eduardo Mart\u00ednez\" \/>\n\t<meta name=\"twitter:label2\" content=\"Est. tempo de leitura\" \/>\n\t<meta name=\"twitter:data2\" content=\"5 minutos\" \/>\n<script type=\"application\/ld+json\" class=\"yoast-schema-graph\">{\"@context\":\"https:\/\/schema.org\",\"@graph\":[{\"@type\":\"Article\",\"@id\":\"https:\/\/www.notibras.com\/site\/as-benzedeiras-e-a-porta-livre\/#article\",\"isPartOf\":{\"@id\":\"https:\/\/www.notibras.com\/site\/as-benzedeiras-e-a-porta-livre\/\"},\"author\":{\"name\":\"Eduardo Mart\u00ednez\",\"@id\":\"https:\/\/www.notibras.com\/site\/#\/schema\/person\/5b7fabf2aedc3ada2105f03b22b4d3dd\"},\"headline\":\"AS BENZEDEIRAS E A PORTA LIVRE\",\"datePublished\":\"2026-01-15T04:15:58+00:00\",\"dateModified\":\"2026-01-15T14:56:23+00:00\",\"mainEntityOfPage\":{\"@id\":\"https:\/\/www.notibras.com\/site\/as-benzedeiras-e-a-porta-livre\/\"},\"wordCount\":776,\"publisher\":{\"@id\":\"https:\/\/www.notibras.com\/site\/#organization\"},\"image\":{\"@id\":\"https:\/\/www.notibras.com\/site\/as-benzedeiras-e-a-porta-livre\/#primaryimage\"},\"thumbnailUrl\":\"https:\/\/www.notibras.com\/site\/wp-content\/uploads\/2026\/01\/ChatGPT-Image-15_01_2026-01_20_57.png\",\"articleSection\":[\"Caf\u00e9 Liter\u00e1rio\"],\"inLanguage\":\"pt-BR\"},{\"@type\":\"WebPage\",\"@id\":\"https:\/\/www.notibras.com\/site\/as-benzedeiras-e-a-porta-livre\/\",\"url\":\"https:\/\/www.notibras.com\/site\/as-benzedeiras-e-a-porta-livre\/\",\"name\":\"AS BENZEDEIRAS E A PORTA LIVRE - Notibras\",\"isPartOf\":{\"@id\":\"https:\/\/www.notibras.com\/site\/#website\"},\"primaryImageOfPage\":{\"@id\":\"https:\/\/www.notibras.com\/site\/as-benzedeiras-e-a-porta-livre\/#primaryimage\"},\"image\":{\"@id\":\"https:\/\/www.notibras.com\/site\/as-benzedeiras-e-a-porta-livre\/#primaryimage\"},\"thumbnailUrl\":\"https:\/\/www.notibras.com\/site\/wp-content\/uploads\/2026\/01\/ChatGPT-Image-15_01_2026-01_20_57.png\",\"datePublished\":\"2026-01-15T04:15:58+00:00\",\"dateModified\":\"2026-01-15T14:56:23+00:00\",\"breadcrumb\":{\"@id\":\"https:\/\/www.notibras.com\/site\/as-benzedeiras-e-a-porta-livre\/#breadcrumb\"},\"inLanguage\":\"pt-BR\",\"potentialAction\":[{\"@type\":\"ReadAction\",\"target\":[\"https:\/\/www.notibras.com\/site\/as-benzedeiras-e-a-porta-livre\/\"]}]},{\"@type\":\"ImageObject\",\"inLanguage\":\"pt-BR\",\"@id\":\"https:\/\/www.notibras.com\/site\/as-benzedeiras-e-a-porta-livre\/#primaryimage\",\"url\":\"https:\/\/www.notibras.com\/site\/wp-content\/uploads\/2026\/01\/ChatGPT-Image-15_01_2026-01_20_57.png\",\"contentUrl\":\"https:\/\/www.notibras.com\/site\/wp-content\/uploads\/2026\/01\/ChatGPT-Image-15_01_2026-01_20_57.png\",\"width\":1536,\"height\":1024},{\"@type\":\"BreadcrumbList\",\"@id\":\"https:\/\/www.notibras.com\/site\/as-benzedeiras-e-a-porta-livre\/#breadcrumb\",\"itemListElement\":[{\"@type\":\"ListItem\",\"position\":1,\"name\":\"In\u00edcio\",\"item\":\"https:\/\/www.notibras.com\/site\/\"},{\"@type\":\"ListItem\",\"position\":2,\"name\":\"AS BENZEDEIRAS E A PORTA LIVRE\"}]},{\"@type\":\"WebSite\",\"@id\":\"https:\/\/www.notibras.com\/site\/#website\",\"url\":\"https:\/\/www.notibras.com\/site\/\",\"name\":\"Notibras\",\"description\":\"Not\u00edcias de Bras\u00edlia, do Brasil e do Mundo\",\"publisher\":{\"@id\":\"https:\/\/www.notibras.com\/site\/#organization\"},\"potentialAction\":[{\"@type\":\"SearchAction\",\"target\":{\"@type\":\"EntryPoint\",\"urlTemplate\":\"https:\/\/www.notibras.com\/site\/?s={search_term_string}\"},\"query-input\":{\"@type\":\"PropertyValueSpecification\",\"valueRequired\":true,\"valueName\":\"search_term_string\"}}],\"inLanguage\":\"pt-BR\"},{\"@type\":\"Organization\",\"@id\":\"https:\/\/www.notibras.com\/site\/#organization\",\"name\":\"Grupo Notibras de Comunica\u00e7\u00e3o\",\"url\":\"https:\/\/www.notibras.com\/site\/\",\"logo\":{\"@type\":\"ImageObject\",\"inLanguage\":\"pt-BR\",\"@id\":\"https:\/\/www.notibras.com\/site\/#\/schema\/logo\/image\/\",\"url\":\"https:\/\/www.notibras.com\/site\/wp-content\/uploads\/2023\/01\/notibras23.png\",\"contentUrl\":\"https:\/\/www.notibras.com\/site\/wp-content\/uploads\/2023\/01\/notibras23.png\",\"width\":350,\"height\":87,\"caption\":\"Grupo Notibras de Comunica\u00e7\u00e3o\"},\"image\":{\"@id\":\"https:\/\/www.notibras.com\/site\/#\/schema\/logo\/image\/\"},\"sameAs\":[\"https:\/\/www.facebook.com\/notibras\/\",\"https:\/\/x.com\/Notibras\",\"https:\/\/www.instagram.com\/notibras\/\"]},{\"@type\":\"Person\",\"@id\":\"https:\/\/www.notibras.com\/site\/#\/schema\/person\/5b7fabf2aedc3ada2105f03b22b4d3dd\",\"name\":\"Eduardo Mart\u00ednez\",\"image\":{\"@type\":\"ImageObject\",\"inLanguage\":\"pt-BR\",\"@id\":\"https:\/\/secure.gravatar.com\/avatar\/7902f906289926289cbcda644b5197c796b893c6ffd7b9a536a42d290f7704a0?s=96&d=mm&r=g\",\"url\":\"https:\/\/secure.gravatar.com\/avatar\/7902f906289926289cbcda644b5197c796b893c6ffd7b9a536a42d290f7704a0?s=96&d=mm&r=g\",\"contentUrl\":\"https:\/\/secure.gravatar.com\/avatar\/7902f906289926289cbcda644b5197c796b893c6ffd7b9a536a42d290f7704a0?s=96&d=mm&r=g\",\"caption\":\"Eduardo Mart\u00ednez\"}}]}<\/script>\n<!-- \/ Yoast SEO plugin. -->","yoast_head_json":{"title":"AS BENZEDEIRAS E A PORTA LIVRE - Notibras","robots":{"index":"index","follow":"follow","max-snippet":"max-snippet:-1","max-image-preview":"max-image-preview:large","max-video-preview":"max-video-preview:-1"},"canonical":"https:\/\/www.notibras.com\/site\/as-benzedeiras-e-a-porta-livre\/","og_locale":"pt_BR","og_type":"article","og_title":"AS BENZEDEIRAS E A PORTA LIVRE - Notibras","og_description":"Na cidade do interior, um pequeno grupo humano descia o morro, pr\u00f3ximo \u00e0 linha do trem, por uma viela estreita e torta. Acabavam de vir da casa de dona Cec\u00edlia, a benzedeira mais afamada das cercanias. Assim como Cec\u00edlia, houvera outras: Gl\u00f3ria, Francisca, Bernardete, Paula&#8230; Todas, a seu modo, ofereciam o mesmo servi\u00e7o, prestado sempre [&hellip;]","og_url":"https:\/\/www.notibras.com\/site\/as-benzedeiras-e-a-porta-livre\/","og_site_name":"Notibras","article_publisher":"https:\/\/www.facebook.com\/notibras\/","article_published_time":"2026-01-15T04:15:58+00:00","article_modified_time":"2026-01-15T14:56:23+00:00","og_image":[{"width":1024,"height":683,"url":"https:\/\/www.notibras.com\/site\/wp-content\/uploads\/2026\/01\/ChatGPT-Image-15_01_2026-01_20_57-1024x683.png","type":"image\/png"}],"author":"Eduardo Mart\u00ednez","twitter_card":"summary_large_image","twitter_creator":"@Notibras","twitter_site":"@Notibras","twitter_misc":{"Escrito por":"Eduardo Mart\u00ednez","Est. tempo de leitura":"5 minutos"},"schema":{"@context":"https:\/\/schema.org","@graph":[{"@type":"Article","@id":"https:\/\/www.notibras.com\/site\/as-benzedeiras-e-a-porta-livre\/#article","isPartOf":{"@id":"https:\/\/www.notibras.com\/site\/as-benzedeiras-e-a-porta-livre\/"},"author":{"name":"Eduardo Mart\u00ednez","@id":"https:\/\/www.notibras.com\/site\/#\/schema\/person\/5b7fabf2aedc3ada2105f03b22b4d3dd"},"headline":"AS BENZEDEIRAS E A PORTA LIVRE","datePublished":"2026-01-15T04:15:58+00:00","dateModified":"2026-01-15T14:56:23+00:00","mainEntityOfPage":{"@id":"https:\/\/www.notibras.com\/site\/as-benzedeiras-e-a-porta-livre\/"},"wordCount":776,"publisher":{"@id":"https:\/\/www.notibras.com\/site\/#organization"},"image":{"@id":"https:\/\/www.notibras.com\/site\/as-benzedeiras-e-a-porta-livre\/#primaryimage"},"thumbnailUrl":"https:\/\/www.notibras.com\/site\/wp-content\/uploads\/2026\/01\/ChatGPT-Image-15_01_2026-01_20_57.png","articleSection":["Caf\u00e9 Liter\u00e1rio"],"inLanguage":"pt-BR"},{"@type":"WebPage","@id":"https:\/\/www.notibras.com\/site\/as-benzedeiras-e-a-porta-livre\/","url":"https:\/\/www.notibras.com\/site\/as-benzedeiras-e-a-porta-livre\/","name":"AS BENZEDEIRAS E A PORTA LIVRE - Notibras","isPartOf":{"@id":"https:\/\/www.notibras.com\/site\/#website"},"primaryImageOfPage":{"@id":"https:\/\/www.notibras.com\/site\/as-benzedeiras-e-a-porta-livre\/#primaryimage"},"image":{"@id":"https:\/\/www.notibras.com\/site\/as-benzedeiras-e-a-porta-livre\/#primaryimage"},"thumbnailUrl":"https:\/\/www.notibras.com\/site\/wp-content\/uploads\/2026\/01\/ChatGPT-Image-15_01_2026-01_20_57.png","datePublished":"2026-01-15T04:15:58+00:00","dateModified":"2026-01-15T14:56:23+00:00","breadcrumb":{"@id":"https:\/\/www.notibras.com\/site\/as-benzedeiras-e-a-porta-livre\/#breadcrumb"},"inLanguage":"pt-BR","potentialAction":[{"@type":"ReadAction","target":["https:\/\/www.notibras.com\/site\/as-benzedeiras-e-a-porta-livre\/"]}]},{"@type":"ImageObject","inLanguage":"pt-BR","@id":"https:\/\/www.notibras.com\/site\/as-benzedeiras-e-a-porta-livre\/#primaryimage","url":"https:\/\/www.notibras.com\/site\/wp-content\/uploads\/2026\/01\/ChatGPT-Image-15_01_2026-01_20_57.png","contentUrl":"https:\/\/www.notibras.com\/site\/wp-content\/uploads\/2026\/01\/ChatGPT-Image-15_01_2026-01_20_57.png","width":1536,"height":1024},{"@type":"BreadcrumbList","@id":"https:\/\/www.notibras.com\/site\/as-benzedeiras-e-a-porta-livre\/#breadcrumb","itemListElement":[{"@type":"ListItem","position":1,"name":"In\u00edcio","item":"https:\/\/www.notibras.com\/site\/"},{"@type":"ListItem","position":2,"name":"AS BENZEDEIRAS E A PORTA LIVRE"}]},{"@type":"WebSite","@id":"https:\/\/www.notibras.com\/site\/#website","url":"https:\/\/www.notibras.com\/site\/","name":"Notibras","description":"Not\u00edcias de Bras\u00edlia, do Brasil e do Mundo","publisher":{"@id":"https:\/\/www.notibras.com\/site\/#organization"},"potentialAction":[{"@type":"SearchAction","target":{"@type":"EntryPoint","urlTemplate":"https:\/\/www.notibras.com\/site\/?s={search_term_string}"},"query-input":{"@type":"PropertyValueSpecification","valueRequired":true,"valueName":"search_term_string"}}],"inLanguage":"pt-BR"},{"@type":"Organization","@id":"https:\/\/www.notibras.com\/site\/#organization","name":"Grupo Notibras de Comunica\u00e7\u00e3o","url":"https:\/\/www.notibras.com\/site\/","logo":{"@type":"ImageObject","inLanguage":"pt-BR","@id":"https:\/\/www.notibras.com\/site\/#\/schema\/logo\/image\/","url":"https:\/\/www.notibras.com\/site\/wp-content\/uploads\/2023\/01\/notibras23.png","contentUrl":"https:\/\/www.notibras.com\/site\/wp-content\/uploads\/2023\/01\/notibras23.png","width":350,"height":87,"caption":"Grupo Notibras de Comunica\u00e7\u00e3o"},"image":{"@id":"https:\/\/www.notibras.com\/site\/#\/schema\/logo\/image\/"},"sameAs":["https:\/\/www.facebook.com\/notibras\/","https:\/\/x.com\/Notibras","https:\/\/www.instagram.com\/notibras\/"]},{"@type":"Person","@id":"https:\/\/www.notibras.com\/site\/#\/schema\/person\/5b7fabf2aedc3ada2105f03b22b4d3dd","name":"Eduardo Mart\u00ednez","image":{"@type":"ImageObject","inLanguage":"pt-BR","@id":"https:\/\/secure.gravatar.com\/avatar\/7902f906289926289cbcda644b5197c796b893c6ffd7b9a536a42d290f7704a0?s=96&d=mm&r=g","url":"https:\/\/secure.gravatar.com\/avatar\/7902f906289926289cbcda644b5197c796b893c6ffd7b9a536a42d290f7704a0?s=96&d=mm&r=g","contentUrl":"https:\/\/secure.gravatar.com\/avatar\/7902f906289926289cbcda644b5197c796b893c6ffd7b9a536a42d290f7704a0?s=96&d=mm&r=g","caption":"Eduardo Mart\u00ednez"}}]}},"amp_enabled":true,"_links":{"self":[{"href":"https:\/\/www.notibras.com\/site\/wp-json\/wp\/v2\/posts\/379065","targetHints":{"allow":["GET"]}}],"collection":[{"href":"https:\/\/www.notibras.com\/site\/wp-json\/wp\/v2\/posts"}],"about":[{"href":"https:\/\/www.notibras.com\/site\/wp-json\/wp\/v2\/types\/post"}],"author":[{"embeddable":true,"href":"https:\/\/www.notibras.com\/site\/wp-json\/wp\/v2\/users\/21"}],"replies":[{"embeddable":true,"href":"https:\/\/www.notibras.com\/site\/wp-json\/wp\/v2\/comments?post=379065"}],"version-history":[{"count":6,"href":"https:\/\/www.notibras.com\/site\/wp-json\/wp\/v2\/posts\/379065\/revisions"}],"predecessor-version":[{"id":379112,"href":"https:\/\/www.notibras.com\/site\/wp-json\/wp\/v2\/posts\/379065\/revisions\/379112"}],"wp:featuredmedia":[{"embeddable":true,"href":"https:\/\/www.notibras.com\/site\/wp-json\/wp\/v2\/media\/379068"}],"wp:attachment":[{"href":"https:\/\/www.notibras.com\/site\/wp-json\/wp\/v2\/media?parent=379065"}],"wp:term":[{"taxonomy":"category","embeddable":true,"href":"https:\/\/www.notibras.com\/site\/wp-json\/wp\/v2\/categories?post=379065"},{"taxonomy":"post_tag","embeddable":true,"href":"https:\/\/www.notibras.com\/site\/wp-json\/wp\/v2\/tags?post=379065"}],"curies":[{"name":"wp","href":"https:\/\/api.w.org\/{rel}","templated":true}]}}