{"id":379074,"date":"2026-01-15T00:09:09","date_gmt":"2026-01-15T03:09:09","guid":{"rendered":"https:\/\/www.notibras.com\/site\/?p=379074"},"modified":"2026-01-15T01:30:47","modified_gmt":"2026-01-15T04:30:47","slug":"morre-arlindo-de-souza-conhecido-como-popeye-brasileiro","status":"publish","type":"post","link":"https:\/\/www.notibras.com\/site\/morre-arlindo-de-souza-conhecido-como-popeye-brasileiro\/","title":{"rendered":"Morre Arlindo de Souza, conhecido como &#8220;Popeye Brasileiro&#8221;"},"content":{"rendered":"<p>Uma pequena multid\u00e3o acompanhou na quarta, 14, o olindense Arlindo de Souza, conhecido como Popeye Brasileiro, que morreu na v\u00e9spera aos 55 anos Arlindo ficou conhecido nacionalmente ap\u00f3s aparecer em programas de televis\u00e3o com m\u00fasculos avantajados dos bra\u00e7os, resultado da aplica\u00e7\u00e3o de \u00f3leo mineral. Com f\u00edsico exagerado, ele passou a ser comparado ao famoso marinheiro de desenho animado.<\/p>\n<p>A causa da morte de Arlindo n\u00e3o foi informada. Ele morava em \u00c1guas Compridas, bairro de Olinda, e morreu no Hospital Ot\u00e1vio de Freitas, em Tejipi\u00f3, na zona oeste do Recife, onde estava internado desde dezembro. O sepultamento foi no Cemit\u00e9rio de \u00c1guas Compridas.<\/p>\n<p>Pedreiro, Arlindo modificou o corpo com a aplica\u00e7\u00e3o de \u00f3leo mineral e \u00e1lcool, pr\u00e1tica condenada por m\u00e9dicos. O caso de Arlindo chamou aten\u00e7\u00e3o para o uso de anabolizantes e outras subst\u00e2ncias para aumentar a massa muscular. Entre outros problemas, o uso de esteroides \u00e9 associado a s\u00e9rios riscos para a sa\u00fade renal, como aumento da press\u00e3o arterial, danos celulares e at\u00e9 mesmo a morte.<\/p>\n<p>O m\u00e9dico cardiologista e presidente da Associa\u00e7\u00e3o de Hospitais e Servi\u00e7os de Sa\u00fade do Estado de S\u00e3o Paulo (AHOSP), Anis Mitri, alerta que o uso de horm\u00f4nios anabolizantes, sint\u00e9ticos ou n\u00e3o, traz in\u00fameros efeitos colaterais, principalmente quando usados em altas doses.<\/p>\n<p>\u201cQuando a pessoa usa o horm\u00f4nio para fazer muscula\u00e7\u00e3o, ela acaba sentindo que tem mais disposi\u00e7\u00e3o, ela acaba sentindo que tem mais recupera\u00e7\u00e3o muscular mais f\u00e1cil, ela consegue levantar mais peso. E isso acaba criando uma tend\u00eancia da pessoa sempre querer usar. S\u00f3 que o uso dele, tanto curto quanto prolongado, gera efeitos colaterais que voc\u00ea n\u00e3o consegue controlar\u201d, disse \u00e0 Ag\u00eancia Brasil.<\/p>\n<p>Entre os efeitos est\u00e3o a depend\u00eancia, a cria\u00e7\u00e3o de co\u00e1gulos no sangue que podem levar a um acidente vascular cerebral (AVC), derrame, infarto. Al\u00e9m disso, ele cita efeitos oncol\u00f3gicos, que podem predispor a pessoa a ter mais tipos de c\u00e2ncer, a exemplo do c\u00e2ncer de pr\u00f3stata, c\u00e2ncer de mama e de tireoide.<\/p>\n<p>\u201cVoc\u00ea n\u00e3o consegue controlar qual \u00e9 a dose segura. Tamb\u00e9m existem os efeitos ps\u00edquicos e psicol\u00f3gicos, em que a pessoa fica mais nervosa, mais agressiva. Al\u00e9m dos efeitos simples, que \u00e9 a queda de cabelo, prurid\u00e3o e vermelhid\u00e3o de pele, aumento da press\u00e3o arterial. Isso tudo faz com que os horm\u00f4nios sejam perigosos\u201d, afirmou.<\/p>\n<p>\u201cEle [Arlindo] tamb\u00e9m acrescentava essa quest\u00e3o do \u00f3leo mineral dentro da musculatura. Isso pode levar a gangrena, apodrecimento dos m\u00fasculos e trombose tamb\u00e9m\u201d, concluiu.<\/p>\n<p>A Sociedade Brasileira de Endocrinologia e Metabologia (Sbem) tamb\u00e9m alerta que o uso, sem acompanhamento m\u00e9dico, de testosterona \u2013 comumente chamada de anabolizante \u2013 pode ser perigoso e causar danos irrepar\u00e1veis no corpo humano. O uso da subst\u00e2ncia tornou-se um problema de sa\u00fade p\u00fablica e os casos de complica\u00e7\u00f5es s\u00e3o cada vez mais frequentes.<\/p>\n<p>A entidade cita como efeitos o aumento de acne, queda de cabelo, dist\u00farbios da fun\u00e7\u00e3o do f\u00edgado, tumores no f\u00edgado, explos\u00f5es de ira ou comportamento agressivo, paranoia, alucina\u00e7\u00f5es, psicoses, co\u00e1gulos de sangue, reten\u00e7\u00e3o de l\u00edquido no organismo, aumento da press\u00e3o arterial e risco de adquirir doen\u00e7as transmiss\u00edveis.<\/p>\n<p>Em raz\u00e3o dos riscos, em abril de 2023, o Conselho Federal de Medicina (CFM) proibiu a prescri\u00e7\u00e3o m\u00e9dica de terapias hormonais com esteroides androg\u00eanicos e anabolizantes com finalidade est\u00e9tica, para ganho de massa muscular ou melhora do desempenho esportivo. A decis\u00e3o foi tomada em raz\u00e3o da inexist\u00eancia de comprova\u00e7\u00e3o cient\u00edfica suficiente que sustente o benef\u00edcio e a seguran\u00e7a do paciente.<\/p>\n","protected":false},"excerpt":{"rendered":"<p>Uma pequena multid\u00e3o acompanhou na quarta, 14, o olindense Arlindo de Souza, conhecido como Popeye Brasileiro, que morreu na v\u00e9spera aos 55 anos Arlindo ficou conhecido nacionalmente ap\u00f3s aparecer em programas de televis\u00e3o com m\u00fasculos avantajados dos bra\u00e7os, resultado da aplica\u00e7\u00e3o de \u00f3leo mineral. Com f\u00edsico exagerado, ele passou a ser comparado ao famoso marinheiro [&hellip;]<\/p>\n","protected":false},"author":2,"featured_media":379076,"comment_status":"closed","ping_status":"closed","sticky":false,"template":"","format":"standard","meta":{"_acf_changed":false,"footnotes":""},"categories":[165],"tags":[],"class_list":["post-379074","post","type-post","status-publish","format-standard","has-post-thumbnail","hentry","category-nordeste"],"acf":[],"yoast_head":"<!-- This site is optimized with the Yoast SEO plugin v27.2 - https:\/\/yoast.com\/product\/yoast-seo-wordpress\/ -->\n<title>Morre Arlindo de Souza, conhecido como &quot;Popeye Brasileiro&quot; - Notibras<\/title>\n<meta name=\"robots\" content=\"index, follow, max-snippet:-1, max-image-preview:large, max-video-preview:-1\" \/>\n<link rel=\"canonical\" href=\"https:\/\/www.notibras.com\/site\/morre-arlindo-de-souza-conhecido-como-popeye-brasileiro\/\" \/>\n<meta property=\"og:locale\" content=\"pt_BR\" \/>\n<meta property=\"og:type\" content=\"article\" \/>\n<meta property=\"og:title\" content=\"Morre Arlindo de Souza, conhecido como &quot;Popeye Brasileiro&quot; - Notibras\" \/>\n<meta property=\"og:description\" content=\"Uma pequena multid\u00e3o acompanhou na quarta, 14, o olindense Arlindo de Souza, conhecido como Popeye Brasileiro, que morreu na v\u00e9spera aos 55 anos Arlindo ficou conhecido nacionalmente ap\u00f3s aparecer em programas de televis\u00e3o com m\u00fasculos avantajados dos bra\u00e7os, resultado da aplica\u00e7\u00e3o de \u00f3leo mineral. Com f\u00edsico exagerado, ele passou a ser comparado ao famoso marinheiro [&hellip;]\" \/>\n<meta property=\"og:url\" content=\"https:\/\/www.notibras.com\/site\/morre-arlindo-de-souza-conhecido-como-popeye-brasileiro\/\" \/>\n<meta property=\"og:site_name\" content=\"Notibras\" \/>\n<meta property=\"article:publisher\" content=\"https:\/\/www.facebook.com\/notibras\/\" \/>\n<meta property=\"article:published_time\" content=\"2026-01-15T03:09:09+00:00\" \/>\n<meta property=\"article:modified_time\" content=\"2026-01-15T04:30:47+00:00\" \/>\n<meta property=\"og:image\" content=\"https:\/\/www.notibras.com\/site\/wp-content\/uploads\/2026\/01\/1_captura-de-tela-2026-01-14-172207-63242680.webp\" \/>\n\t<meta property=\"og:image:width\" content=\"1170\" \/>\n\t<meta property=\"og:image:height\" content=\"700\" \/>\n\t<meta property=\"og:image:type\" content=\"image\/webp\" \/>\n<meta name=\"author\" content=\"Reda\u00e7\u00e3o\" \/>\n<meta name=\"twitter:card\" content=\"summary_large_image\" \/>\n<meta name=\"twitter:creator\" content=\"@Notibras\" \/>\n<meta name=\"twitter:site\" content=\"@Notibras\" \/>\n<meta name=\"twitter:label1\" content=\"Escrito por\" \/>\n\t<meta name=\"twitter:data1\" content=\"Reda\u00e7\u00e3o\" \/>\n\t<meta name=\"twitter:label2\" content=\"Est. tempo de leitura\" \/>\n\t<meta name=\"twitter:data2\" content=\"4 minutos\" \/>\n<script type=\"application\/ld+json\" class=\"yoast-schema-graph\">{\"@context\":\"https:\/\/schema.org\",\"@graph\":[{\"@type\":\"Article\",\"@id\":\"https:\/\/www.notibras.com\/site\/morre-arlindo-de-souza-conhecido-como-popeye-brasileiro\/#article\",\"isPartOf\":{\"@id\":\"https:\/\/www.notibras.com\/site\/morre-arlindo-de-souza-conhecido-como-popeye-brasileiro\/\"},\"author\":{\"name\":\"Reda\u00e7\u00e3o\",\"@id\":\"https:\/\/www.notibras.com\/site\/#\/schema\/person\/36ab0979449956132d3e5b517ea76ac8\"},\"headline\":\"Morre Arlindo de Souza, conhecido como &#8220;Popeye Brasileiro&#8221;\",\"datePublished\":\"2026-01-15T03:09:09+00:00\",\"dateModified\":\"2026-01-15T04:30:47+00:00\",\"mainEntityOfPage\":{\"@id\":\"https:\/\/www.notibras.com\/site\/morre-arlindo-de-souza-conhecido-como-popeye-brasileiro\/\"},\"wordCount\":651,\"publisher\":{\"@id\":\"https:\/\/www.notibras.com\/site\/#organization\"},\"image\":{\"@id\":\"https:\/\/www.notibras.com\/site\/morre-arlindo-de-souza-conhecido-como-popeye-brasileiro\/#primaryimage\"},\"thumbnailUrl\":\"https:\/\/www.notibras.com\/site\/wp-content\/uploads\/2026\/01\/1_captura-de-tela-2026-01-14-172207-63242680.webp\",\"articleSection\":[\"Nordeste\"],\"inLanguage\":\"pt-BR\"},{\"@type\":\"WebPage\",\"@id\":\"https:\/\/www.notibras.com\/site\/morre-arlindo-de-souza-conhecido-como-popeye-brasileiro\/\",\"url\":\"https:\/\/www.notibras.com\/site\/morre-arlindo-de-souza-conhecido-como-popeye-brasileiro\/\",\"name\":\"Morre Arlindo de Souza, conhecido como \\\"Popeye Brasileiro\\\" - Notibras\",\"isPartOf\":{\"@id\":\"https:\/\/www.notibras.com\/site\/#website\"},\"primaryImageOfPage\":{\"@id\":\"https:\/\/www.notibras.com\/site\/morre-arlindo-de-souza-conhecido-como-popeye-brasileiro\/#primaryimage\"},\"image\":{\"@id\":\"https:\/\/www.notibras.com\/site\/morre-arlindo-de-souza-conhecido-como-popeye-brasileiro\/#primaryimage\"},\"thumbnailUrl\":\"https:\/\/www.notibras.com\/site\/wp-content\/uploads\/2026\/01\/1_captura-de-tela-2026-01-14-172207-63242680.webp\",\"datePublished\":\"2026-01-15T03:09:09+00:00\",\"dateModified\":\"2026-01-15T04:30:47+00:00\",\"breadcrumb\":{\"@id\":\"https:\/\/www.notibras.com\/site\/morre-arlindo-de-souza-conhecido-como-popeye-brasileiro\/#breadcrumb\"},\"inLanguage\":\"pt-BR\",\"potentialAction\":[{\"@type\":\"ReadAction\",\"target\":[\"https:\/\/www.notibras.com\/site\/morre-arlindo-de-souza-conhecido-como-popeye-brasileiro\/\"]}]},{\"@type\":\"ImageObject\",\"inLanguage\":\"pt-BR\",\"@id\":\"https:\/\/www.notibras.com\/site\/morre-arlindo-de-souza-conhecido-como-popeye-brasileiro\/#primaryimage\",\"url\":\"https:\/\/www.notibras.com\/site\/wp-content\/uploads\/2026\/01\/1_captura-de-tela-2026-01-14-172207-63242680.webp\",\"contentUrl\":\"https:\/\/www.notibras.com\/site\/wp-content\/uploads\/2026\/01\/1_captura-de-tela-2026-01-14-172207-63242680.webp\",\"width\":1170,\"height\":700},{\"@type\":\"BreadcrumbList\",\"@id\":\"https:\/\/www.notibras.com\/site\/morre-arlindo-de-souza-conhecido-como-popeye-brasileiro\/#breadcrumb\",\"itemListElement\":[{\"@type\":\"ListItem\",\"position\":1,\"name\":\"In\u00edcio\",\"item\":\"https:\/\/www.notibras.com\/site\/\"},{\"@type\":\"ListItem\",\"position\":2,\"name\":\"Morre Arlindo de Souza, conhecido como &#8220;Popeye Brasileiro&#8221;\"}]},{\"@type\":\"WebSite\",\"@id\":\"https:\/\/www.notibras.com\/site\/#website\",\"url\":\"https:\/\/www.notibras.com\/site\/\",\"name\":\"Notibras\",\"description\":\"Not\u00edcias de Bras\u00edlia, do Brasil e do Mundo\",\"publisher\":{\"@id\":\"https:\/\/www.notibras.com\/site\/#organization\"},\"potentialAction\":[{\"@type\":\"SearchAction\",\"target\":{\"@type\":\"EntryPoint\",\"urlTemplate\":\"https:\/\/www.notibras.com\/site\/?s={search_term_string}\"},\"query-input\":{\"@type\":\"PropertyValueSpecification\",\"valueRequired\":true,\"valueName\":\"search_term_string\"}}],\"inLanguage\":\"pt-BR\"},{\"@type\":\"Organization\",\"@id\":\"https:\/\/www.notibras.com\/site\/#organization\",\"name\":\"Grupo Notibras de Comunica\u00e7\u00e3o\",\"url\":\"https:\/\/www.notibras.com\/site\/\",\"logo\":{\"@type\":\"ImageObject\",\"inLanguage\":\"pt-BR\",\"@id\":\"https:\/\/www.notibras.com\/site\/#\/schema\/logo\/image\/\",\"url\":\"https:\/\/www.notibras.com\/site\/wp-content\/uploads\/2023\/01\/notibras23.png\",\"contentUrl\":\"https:\/\/www.notibras.com\/site\/wp-content\/uploads\/2023\/01\/notibras23.png\",\"width\":350,\"height\":87,\"caption\":\"Grupo Notibras de Comunica\u00e7\u00e3o\"},\"image\":{\"@id\":\"https:\/\/www.notibras.com\/site\/#\/schema\/logo\/image\/\"},\"sameAs\":[\"https:\/\/www.facebook.com\/notibras\/\",\"https:\/\/x.com\/Notibras\",\"https:\/\/www.instagram.com\/notibras\/\"]},{\"@type\":\"Person\",\"@id\":\"https:\/\/www.notibras.com\/site\/#\/schema\/person\/36ab0979449956132d3e5b517ea76ac8\",\"name\":\"Reda\u00e7\u00e3o\",\"image\":{\"@type\":\"ImageObject\",\"inLanguage\":\"pt-BR\",\"@id\":\"https:\/\/secure.gravatar.com\/avatar\/e0a867bdedb85fd243eadf09663511f96fc81e0720a4a42581f334ad4303aa6b?s=96&d=mm&r=g\",\"url\":\"https:\/\/secure.gravatar.com\/avatar\/e0a867bdedb85fd243eadf09663511f96fc81e0720a4a42581f334ad4303aa6b?s=96&d=mm&r=g\",\"contentUrl\":\"https:\/\/secure.gravatar.com\/avatar\/e0a867bdedb85fd243eadf09663511f96fc81e0720a4a42581f334ad4303aa6b?s=96&d=mm&r=g\",\"caption\":\"Reda\u00e7\u00e3o\"}}]}<\/script>\n<!-- \/ Yoast SEO plugin. -->","yoast_head_json":{"title":"Morre Arlindo de Souza, conhecido como \"Popeye Brasileiro\" - Notibras","robots":{"index":"index","follow":"follow","max-snippet":"max-snippet:-1","max-image-preview":"max-image-preview:large","max-video-preview":"max-video-preview:-1"},"canonical":"https:\/\/www.notibras.com\/site\/morre-arlindo-de-souza-conhecido-como-popeye-brasileiro\/","og_locale":"pt_BR","og_type":"article","og_title":"Morre Arlindo de Souza, conhecido como \"Popeye Brasileiro\" - Notibras","og_description":"Uma pequena multid\u00e3o acompanhou na quarta, 14, o olindense Arlindo de Souza, conhecido como Popeye Brasileiro, que morreu na v\u00e9spera aos 55 anos Arlindo ficou conhecido nacionalmente ap\u00f3s aparecer em programas de televis\u00e3o com m\u00fasculos avantajados dos bra\u00e7os, resultado da aplica\u00e7\u00e3o de \u00f3leo mineral. Com f\u00edsico exagerado, ele passou a ser comparado ao famoso marinheiro [&hellip;]","og_url":"https:\/\/www.notibras.com\/site\/morre-arlindo-de-souza-conhecido-como-popeye-brasileiro\/","og_site_name":"Notibras","article_publisher":"https:\/\/www.facebook.com\/notibras\/","article_published_time":"2026-01-15T03:09:09+00:00","article_modified_time":"2026-01-15T04:30:47+00:00","og_image":[{"width":1170,"height":700,"url":"https:\/\/www.notibras.com\/site\/wp-content\/uploads\/2026\/01\/1_captura-de-tela-2026-01-14-172207-63242680.webp","type":"image\/webp"}],"author":"Reda\u00e7\u00e3o","twitter_card":"summary_large_image","twitter_creator":"@Notibras","twitter_site":"@Notibras","twitter_misc":{"Escrito por":"Reda\u00e7\u00e3o","Est. tempo de leitura":"4 minutos"},"schema":{"@context":"https:\/\/schema.org","@graph":[{"@type":"Article","@id":"https:\/\/www.notibras.com\/site\/morre-arlindo-de-souza-conhecido-como-popeye-brasileiro\/#article","isPartOf":{"@id":"https:\/\/www.notibras.com\/site\/morre-arlindo-de-souza-conhecido-como-popeye-brasileiro\/"},"author":{"name":"Reda\u00e7\u00e3o","@id":"https:\/\/www.notibras.com\/site\/#\/schema\/person\/36ab0979449956132d3e5b517ea76ac8"},"headline":"Morre Arlindo de Souza, conhecido como &#8220;Popeye Brasileiro&#8221;","datePublished":"2026-01-15T03:09:09+00:00","dateModified":"2026-01-15T04:30:47+00:00","mainEntityOfPage":{"@id":"https:\/\/www.notibras.com\/site\/morre-arlindo-de-souza-conhecido-como-popeye-brasileiro\/"},"wordCount":651,"publisher":{"@id":"https:\/\/www.notibras.com\/site\/#organization"},"image":{"@id":"https:\/\/www.notibras.com\/site\/morre-arlindo-de-souza-conhecido-como-popeye-brasileiro\/#primaryimage"},"thumbnailUrl":"https:\/\/www.notibras.com\/site\/wp-content\/uploads\/2026\/01\/1_captura-de-tela-2026-01-14-172207-63242680.webp","articleSection":["Nordeste"],"inLanguage":"pt-BR"},{"@type":"WebPage","@id":"https:\/\/www.notibras.com\/site\/morre-arlindo-de-souza-conhecido-como-popeye-brasileiro\/","url":"https:\/\/www.notibras.com\/site\/morre-arlindo-de-souza-conhecido-como-popeye-brasileiro\/","name":"Morre Arlindo de Souza, conhecido como \"Popeye Brasileiro\" - Notibras","isPartOf":{"@id":"https:\/\/www.notibras.com\/site\/#website"},"primaryImageOfPage":{"@id":"https:\/\/www.notibras.com\/site\/morre-arlindo-de-souza-conhecido-como-popeye-brasileiro\/#primaryimage"},"image":{"@id":"https:\/\/www.notibras.com\/site\/morre-arlindo-de-souza-conhecido-como-popeye-brasileiro\/#primaryimage"},"thumbnailUrl":"https:\/\/www.notibras.com\/site\/wp-content\/uploads\/2026\/01\/1_captura-de-tela-2026-01-14-172207-63242680.webp","datePublished":"2026-01-15T03:09:09+00:00","dateModified":"2026-01-15T04:30:47+00:00","breadcrumb":{"@id":"https:\/\/www.notibras.com\/site\/morre-arlindo-de-souza-conhecido-como-popeye-brasileiro\/#breadcrumb"},"inLanguage":"pt-BR","potentialAction":[{"@type":"ReadAction","target":["https:\/\/www.notibras.com\/site\/morre-arlindo-de-souza-conhecido-como-popeye-brasileiro\/"]}]},{"@type":"ImageObject","inLanguage":"pt-BR","@id":"https:\/\/www.notibras.com\/site\/morre-arlindo-de-souza-conhecido-como-popeye-brasileiro\/#primaryimage","url":"https:\/\/www.notibras.com\/site\/wp-content\/uploads\/2026\/01\/1_captura-de-tela-2026-01-14-172207-63242680.webp","contentUrl":"https:\/\/www.notibras.com\/site\/wp-content\/uploads\/2026\/01\/1_captura-de-tela-2026-01-14-172207-63242680.webp","width":1170,"height":700},{"@type":"BreadcrumbList","@id":"https:\/\/www.notibras.com\/site\/morre-arlindo-de-souza-conhecido-como-popeye-brasileiro\/#breadcrumb","itemListElement":[{"@type":"ListItem","position":1,"name":"In\u00edcio","item":"https:\/\/www.notibras.com\/site\/"},{"@type":"ListItem","position":2,"name":"Morre Arlindo de Souza, conhecido como &#8220;Popeye Brasileiro&#8221;"}]},{"@type":"WebSite","@id":"https:\/\/www.notibras.com\/site\/#website","url":"https:\/\/www.notibras.com\/site\/","name":"Notibras","description":"Not\u00edcias de Bras\u00edlia, do Brasil e do Mundo","publisher":{"@id":"https:\/\/www.notibras.com\/site\/#organization"},"potentialAction":[{"@type":"SearchAction","target":{"@type":"EntryPoint","urlTemplate":"https:\/\/www.notibras.com\/site\/?s={search_term_string}"},"query-input":{"@type":"PropertyValueSpecification","valueRequired":true,"valueName":"search_term_string"}}],"inLanguage":"pt-BR"},{"@type":"Organization","@id":"https:\/\/www.notibras.com\/site\/#organization","name":"Grupo Notibras de Comunica\u00e7\u00e3o","url":"https:\/\/www.notibras.com\/site\/","logo":{"@type":"ImageObject","inLanguage":"pt-BR","@id":"https:\/\/www.notibras.com\/site\/#\/schema\/logo\/image\/","url":"https:\/\/www.notibras.com\/site\/wp-content\/uploads\/2023\/01\/notibras23.png","contentUrl":"https:\/\/www.notibras.com\/site\/wp-content\/uploads\/2023\/01\/notibras23.png","width":350,"height":87,"caption":"Grupo Notibras de Comunica\u00e7\u00e3o"},"image":{"@id":"https:\/\/www.notibras.com\/site\/#\/schema\/logo\/image\/"},"sameAs":["https:\/\/www.facebook.com\/notibras\/","https:\/\/x.com\/Notibras","https:\/\/www.instagram.com\/notibras\/"]},{"@type":"Person","@id":"https:\/\/www.notibras.com\/site\/#\/schema\/person\/36ab0979449956132d3e5b517ea76ac8","name":"Reda\u00e7\u00e3o","image":{"@type":"ImageObject","inLanguage":"pt-BR","@id":"https:\/\/secure.gravatar.com\/avatar\/e0a867bdedb85fd243eadf09663511f96fc81e0720a4a42581f334ad4303aa6b?s=96&d=mm&r=g","url":"https:\/\/secure.gravatar.com\/avatar\/e0a867bdedb85fd243eadf09663511f96fc81e0720a4a42581f334ad4303aa6b?s=96&d=mm&r=g","contentUrl":"https:\/\/secure.gravatar.com\/avatar\/e0a867bdedb85fd243eadf09663511f96fc81e0720a4a42581f334ad4303aa6b?s=96&d=mm&r=g","caption":"Reda\u00e7\u00e3o"}}]}},"amp_enabled":true,"_links":{"self":[{"href":"https:\/\/www.notibras.com\/site\/wp-json\/wp\/v2\/posts\/379074","targetHints":{"allow":["GET"]}}],"collection":[{"href":"https:\/\/www.notibras.com\/site\/wp-json\/wp\/v2\/posts"}],"about":[{"href":"https:\/\/www.notibras.com\/site\/wp-json\/wp\/v2\/types\/post"}],"author":[{"embeddable":true,"href":"https:\/\/www.notibras.com\/site\/wp-json\/wp\/v2\/users\/2"}],"replies":[{"embeddable":true,"href":"https:\/\/www.notibras.com\/site\/wp-json\/wp\/v2\/comments?post=379074"}],"version-history":[{"count":1,"href":"https:\/\/www.notibras.com\/site\/wp-json\/wp\/v2\/posts\/379074\/revisions"}],"predecessor-version":[{"id":379077,"href":"https:\/\/www.notibras.com\/site\/wp-json\/wp\/v2\/posts\/379074\/revisions\/379077"}],"wp:featuredmedia":[{"embeddable":true,"href":"https:\/\/www.notibras.com\/site\/wp-json\/wp\/v2\/media\/379076"}],"wp:attachment":[{"href":"https:\/\/www.notibras.com\/site\/wp-json\/wp\/v2\/media?parent=379074"}],"wp:term":[{"taxonomy":"category","embeddable":true,"href":"https:\/\/www.notibras.com\/site\/wp-json\/wp\/v2\/categories?post=379074"},{"taxonomy":"post_tag","embeddable":true,"href":"https:\/\/www.notibras.com\/site\/wp-json\/wp\/v2\/tags?post=379074"}],"curies":[{"name":"wp","href":"https:\/\/api.w.org\/{rel}","templated":true}]}}