{"id":379079,"date":"2026-01-15T00:10:54","date_gmt":"2026-01-15T03:10:54","guid":{"rendered":"https:\/\/www.notibras.com\/site\/?p=379079"},"modified":"2026-01-15T01:36:58","modified_gmt":"2026-01-15T04:36:58","slug":"buscas-por-criancas-desaparecidas-no-maranhao-entram-no-12o-dia","status":"publish","type":"post","link":"https:\/\/www.notibras.com\/site\/buscas-por-criancas-desaparecidas-no-maranhao-entram-no-12o-dia\/","title":{"rendered":"Buscas por crian\u00e7as desaparecidas no Maranh\u00e3o entram no 12\u00ba dia"},"content":{"rendered":"<p>As buscas por duas crian\u00e7as desaparecidas na zona rural de Bacabal, no interior do Maranh\u00e3o, a cerca de 250 km de S\u00e3o Lu\u00eds, entram nesta quinta-feira (15) no 12\u00ba dia. \u00c1gatha Isabelly, de 6 anos, e Allan Michael, de 4 anos, desapareceram no dia 4 de janeiro ap\u00f3s sa\u00edrem para brincar no Quilombo de S\u00e3o Sebasti\u00e3o dos Pretos. Uma terceira crian\u00e7a desaparecida, Anderson Kauan, de 8 anos, foi encontrada no dia 7 de janeiro, em uma estrada.<\/p>\n<p>A \u00e1rea de buscas, de cerca de 54 Km\u00b2, \u00e9 marcada por mata de vegeta\u00e7\u00e3o fechada, terreno irregular, com poucas trilhas, dif\u00edcil acesso, a\u00e7udes, o Rio Mearim e lagos. No final da manh\u00e3 desta quarta-feira, mergulhadores do Corpo de Bombeiros Militar do Maranh\u00e3o (CBMMA) iniciaram a varredura no Lago Limpo, local por onde as crian\u00e7as teriam passado.<\/p>\n<p>A opera\u00e7\u00e3o de busca re\u00fane cerca de 500 pessoas, entre profissionais do Instituto Chico Mendes de Conserva\u00e7\u00e3o da Biodiversidade (ICMBio), Corpo de Bombeiros, Pol\u00edcia Civil, Pol\u00edcia Militar, Guarda Municipal, Ex\u00e9rcito, quilombolas e volunt\u00e1rios. Um aplicativo de geolocaliza\u00e7\u00e3o \u00e9 usado para mapear as rotas percorridas pelas equipes.<\/p>\n<p>Em nota divulgada em uma rede social, o Corpo de Bombeiros informou que as equipes seguem mobilizadas, sem interrup\u00e7\u00e3o em buscas terrestres, a\u00e9reas, nos lagos e nos rios.<\/p>\n<p>A Coordena\u00e7\u00e3o Nacional de Articula\u00e7\u00e3o das Comunidades Negras Rurais Quilombolas (Conaq) tamb\u00e9m divulgou uma nota de solidariedade e apoio \u00e0 fam\u00edlia das crian\u00e7as, e disse que acompanha as not\u00edcias com preocupa\u00e7\u00e3o, mas tamb\u00e9m com esperan\u00e7a.<\/p>\n<p>\u201cA Conaq se une \u00e0 torcida coletiva, \u00e0s ora\u00e7\u00f5es para que as crian\u00e7as sejam localizadas o mais r\u00e1pido poss\u00edvel assim como Anderson Kauan &#8211; uma das crian\u00e7as que tamb\u00e9m estava desaparecida e foi encontrada por produtores rurais na zona rural do munic\u00edpio\u201d, diz a nota.<\/p>\n<p>\u201cReafirmamos nosso compromisso com as fam\u00edlias e com a comunidade quilombola. Seguimos acompanhando o caso e defendemos que todas as medidas necess\u00e1rias sigam sendo adotadas pelas autoridades at\u00e9 que o caso seja completamente solucionado. O estado deve garantir seguran\u00e7a e prote\u00e7\u00e3o \u00e0s nossas crian\u00e7as dentro e fora dos territ\u00f3rios quilombolas\u201d, diz a Conaq.<\/p>\n<p>A Pol\u00edcia Civil do Maranh\u00e3o est\u00e1 investigando o caso. O Instituto de Per\u00edcias para Crian\u00e7as e Adolescentes (IPCA), \u00f3rg\u00e3o da Secretaria de Seguran\u00e7a P\u00fablica do Maranh\u00e3o, est\u00e1 em Bacabal desde domingo (11).<\/p>\n<p>A equipe multidisciplinar do IPCA j\u00e1 ouviu Anderson Kauan, que estava com \u00c1gatha e Allan no dia do desaparecimento. Anderson foi encontrado por carroceiros no povoado Santa Rosa, vizinho de onde ele desapareceu. Aos profissionais ele afirmou ter deixado os dois no local enquanto buscava ajuda.<\/p>\n<p>Ao ser encontrado Anderson estava debilitado e sem roupas. Exames atestaram que ele n\u00e3o foi abusado sexualmente.<\/p>\n","protected":false},"excerpt":{"rendered":"<p>As buscas por duas crian\u00e7as desaparecidas na zona rural de Bacabal, no interior do Maranh\u00e3o, a cerca de 250 km de S\u00e3o Lu\u00eds, entram nesta quinta-feira (15) no 12\u00ba dia. \u00c1gatha Isabelly, de 6 anos, e Allan Michael, de 4 anos, desapareceram no dia 4 de janeiro ap\u00f3s sa\u00edrem para brincar no Quilombo de S\u00e3o [&hellip;]<\/p>\n","protected":false},"author":2,"featured_media":379081,"comment_status":"closed","ping_status":"closed","sticky":false,"template":"","format":"standard","meta":{"_acf_changed":false,"footnotes":""},"categories":[165],"tags":[],"class_list":["post-379079","post","type-post","status-publish","format-standard","has-post-thumbnail","hentry","category-nordeste"],"acf":[],"yoast_head":"<!-- This site is optimized with the Yoast SEO plugin v27.2 - https:\/\/yoast.com\/product\/yoast-seo-wordpress\/ -->\n<title>Buscas por crian\u00e7as desaparecidas no Maranh\u00e3o entram no 12\u00ba dia - Notibras<\/title>\n<meta name=\"robots\" content=\"index, follow, max-snippet:-1, max-image-preview:large, max-video-preview:-1\" \/>\n<link rel=\"canonical\" href=\"https:\/\/www.notibras.com\/site\/buscas-por-criancas-desaparecidas-no-maranhao-entram-no-12o-dia\/\" \/>\n<meta property=\"og:locale\" content=\"pt_BR\" \/>\n<meta property=\"og:type\" content=\"article\" \/>\n<meta property=\"og:title\" content=\"Buscas por crian\u00e7as desaparecidas no Maranh\u00e3o entram no 12\u00ba dia - Notibras\" \/>\n<meta property=\"og:description\" content=\"As buscas por duas crian\u00e7as desaparecidas na zona rural de Bacabal, no interior do Maranh\u00e3o, a cerca de 250 km de S\u00e3o Lu\u00eds, entram nesta quinta-feira (15) no 12\u00ba dia. \u00c1gatha Isabelly, de 6 anos, e Allan Michael, de 4 anos, desapareceram no dia 4 de janeiro ap\u00f3s sa\u00edrem para brincar no Quilombo de S\u00e3o [&hellip;]\" \/>\n<meta property=\"og:url\" content=\"https:\/\/www.notibras.com\/site\/buscas-por-criancas-desaparecidas-no-maranhao-entram-no-12o-dia\/\" \/>\n<meta property=\"og:site_name\" content=\"Notibras\" \/>\n<meta property=\"article:publisher\" content=\"https:\/\/www.facebook.com\/notibras\/\" \/>\n<meta property=\"article:published_time\" content=\"2026-01-15T03:10:54+00:00\" \/>\n<meta property=\"article:modified_time\" content=\"2026-01-15T04:36:58+00:00\" \/>\n<meta property=\"og:image\" content=\"https:\/\/www.notibras.com\/site\/wp-content\/uploads\/2026\/01\/nbyp44j75fapnnxnfmufh3cfni.webp\" \/>\n\t<meta property=\"og:image:width\" content=\"1170\" \/>\n\t<meta property=\"og:image:height\" content=\"700\" \/>\n\t<meta property=\"og:image:type\" content=\"image\/webp\" \/>\n<meta name=\"author\" content=\"Reda\u00e7\u00e3o\" \/>\n<meta name=\"twitter:card\" content=\"summary_large_image\" \/>\n<meta name=\"twitter:creator\" content=\"@Notibras\" \/>\n<meta name=\"twitter:site\" content=\"@Notibras\" \/>\n<meta name=\"twitter:label1\" content=\"Escrito por\" \/>\n\t<meta name=\"twitter:data1\" content=\"Reda\u00e7\u00e3o\" \/>\n\t<meta name=\"twitter:label2\" content=\"Est. tempo de leitura\" \/>\n\t<meta name=\"twitter:data2\" content=\"3 minutos\" \/>\n<script type=\"application\/ld+json\" class=\"yoast-schema-graph\">{\"@context\":\"https:\/\/schema.org\",\"@graph\":[{\"@type\":\"Article\",\"@id\":\"https:\/\/www.notibras.com\/site\/buscas-por-criancas-desaparecidas-no-maranhao-entram-no-12o-dia\/#article\",\"isPartOf\":{\"@id\":\"https:\/\/www.notibras.com\/site\/buscas-por-criancas-desaparecidas-no-maranhao-entram-no-12o-dia\/\"},\"author\":{\"name\":\"Reda\u00e7\u00e3o\",\"@id\":\"https:\/\/www.notibras.com\/site\/#\/schema\/person\/36ab0979449956132d3e5b517ea76ac8\"},\"headline\":\"Buscas por crian\u00e7as desaparecidas no Maranh\u00e3o entram no 12\u00ba dia\",\"datePublished\":\"2026-01-15T03:10:54+00:00\",\"dateModified\":\"2026-01-15T04:36:58+00:00\",\"mainEntityOfPage\":{\"@id\":\"https:\/\/www.notibras.com\/site\/buscas-por-criancas-desaparecidas-no-maranhao-entram-no-12o-dia\/\"},\"wordCount\":487,\"publisher\":{\"@id\":\"https:\/\/www.notibras.com\/site\/#organization\"},\"image\":{\"@id\":\"https:\/\/www.notibras.com\/site\/buscas-por-criancas-desaparecidas-no-maranhao-entram-no-12o-dia\/#primaryimage\"},\"thumbnailUrl\":\"https:\/\/www.notibras.com\/site\/wp-content\/uploads\/2026\/01\/nbyp44j75fapnnxnfmufh3cfni.webp\",\"articleSection\":[\"Nordeste\"],\"inLanguage\":\"pt-BR\"},{\"@type\":\"WebPage\",\"@id\":\"https:\/\/www.notibras.com\/site\/buscas-por-criancas-desaparecidas-no-maranhao-entram-no-12o-dia\/\",\"url\":\"https:\/\/www.notibras.com\/site\/buscas-por-criancas-desaparecidas-no-maranhao-entram-no-12o-dia\/\",\"name\":\"Buscas por crian\u00e7as desaparecidas no Maranh\u00e3o entram no 12\u00ba dia - Notibras\",\"isPartOf\":{\"@id\":\"https:\/\/www.notibras.com\/site\/#website\"},\"primaryImageOfPage\":{\"@id\":\"https:\/\/www.notibras.com\/site\/buscas-por-criancas-desaparecidas-no-maranhao-entram-no-12o-dia\/#primaryimage\"},\"image\":{\"@id\":\"https:\/\/www.notibras.com\/site\/buscas-por-criancas-desaparecidas-no-maranhao-entram-no-12o-dia\/#primaryimage\"},\"thumbnailUrl\":\"https:\/\/www.notibras.com\/site\/wp-content\/uploads\/2026\/01\/nbyp44j75fapnnxnfmufh3cfni.webp\",\"datePublished\":\"2026-01-15T03:10:54+00:00\",\"dateModified\":\"2026-01-15T04:36:58+00:00\",\"breadcrumb\":{\"@id\":\"https:\/\/www.notibras.com\/site\/buscas-por-criancas-desaparecidas-no-maranhao-entram-no-12o-dia\/#breadcrumb\"},\"inLanguage\":\"pt-BR\",\"potentialAction\":[{\"@type\":\"ReadAction\",\"target\":[\"https:\/\/www.notibras.com\/site\/buscas-por-criancas-desaparecidas-no-maranhao-entram-no-12o-dia\/\"]}]},{\"@type\":\"ImageObject\",\"inLanguage\":\"pt-BR\",\"@id\":\"https:\/\/www.notibras.com\/site\/buscas-por-criancas-desaparecidas-no-maranhao-entram-no-12o-dia\/#primaryimage\",\"url\":\"https:\/\/www.notibras.com\/site\/wp-content\/uploads\/2026\/01\/nbyp44j75fapnnxnfmufh3cfni.webp\",\"contentUrl\":\"https:\/\/www.notibras.com\/site\/wp-content\/uploads\/2026\/01\/nbyp44j75fapnnxnfmufh3cfni.webp\",\"width\":1170,\"height\":700},{\"@type\":\"BreadcrumbList\",\"@id\":\"https:\/\/www.notibras.com\/site\/buscas-por-criancas-desaparecidas-no-maranhao-entram-no-12o-dia\/#breadcrumb\",\"itemListElement\":[{\"@type\":\"ListItem\",\"position\":1,\"name\":\"In\u00edcio\",\"item\":\"https:\/\/www.notibras.com\/site\/\"},{\"@type\":\"ListItem\",\"position\":2,\"name\":\"Buscas por crian\u00e7as desaparecidas no Maranh\u00e3o entram no 12\u00ba dia\"}]},{\"@type\":\"WebSite\",\"@id\":\"https:\/\/www.notibras.com\/site\/#website\",\"url\":\"https:\/\/www.notibras.com\/site\/\",\"name\":\"Notibras\",\"description\":\"Not\u00edcias de Bras\u00edlia, do Brasil e do Mundo\",\"publisher\":{\"@id\":\"https:\/\/www.notibras.com\/site\/#organization\"},\"potentialAction\":[{\"@type\":\"SearchAction\",\"target\":{\"@type\":\"EntryPoint\",\"urlTemplate\":\"https:\/\/www.notibras.com\/site\/?s={search_term_string}\"},\"query-input\":{\"@type\":\"PropertyValueSpecification\",\"valueRequired\":true,\"valueName\":\"search_term_string\"}}],\"inLanguage\":\"pt-BR\"},{\"@type\":\"Organization\",\"@id\":\"https:\/\/www.notibras.com\/site\/#organization\",\"name\":\"Grupo Notibras de Comunica\u00e7\u00e3o\",\"url\":\"https:\/\/www.notibras.com\/site\/\",\"logo\":{\"@type\":\"ImageObject\",\"inLanguage\":\"pt-BR\",\"@id\":\"https:\/\/www.notibras.com\/site\/#\/schema\/logo\/image\/\",\"url\":\"https:\/\/www.notibras.com\/site\/wp-content\/uploads\/2023\/01\/notibras23.png\",\"contentUrl\":\"https:\/\/www.notibras.com\/site\/wp-content\/uploads\/2023\/01\/notibras23.png\",\"width\":350,\"height\":87,\"caption\":\"Grupo Notibras de Comunica\u00e7\u00e3o\"},\"image\":{\"@id\":\"https:\/\/www.notibras.com\/site\/#\/schema\/logo\/image\/\"},\"sameAs\":[\"https:\/\/www.facebook.com\/notibras\/\",\"https:\/\/x.com\/Notibras\",\"https:\/\/www.instagram.com\/notibras\/\"]},{\"@type\":\"Person\",\"@id\":\"https:\/\/www.notibras.com\/site\/#\/schema\/person\/36ab0979449956132d3e5b517ea76ac8\",\"name\":\"Reda\u00e7\u00e3o\",\"image\":{\"@type\":\"ImageObject\",\"inLanguage\":\"pt-BR\",\"@id\":\"https:\/\/secure.gravatar.com\/avatar\/e0a867bdedb85fd243eadf09663511f96fc81e0720a4a42581f334ad4303aa6b?s=96&d=mm&r=g\",\"url\":\"https:\/\/secure.gravatar.com\/avatar\/e0a867bdedb85fd243eadf09663511f96fc81e0720a4a42581f334ad4303aa6b?s=96&d=mm&r=g\",\"contentUrl\":\"https:\/\/secure.gravatar.com\/avatar\/e0a867bdedb85fd243eadf09663511f96fc81e0720a4a42581f334ad4303aa6b?s=96&d=mm&r=g\",\"caption\":\"Reda\u00e7\u00e3o\"}}]}<\/script>\n<!-- \/ Yoast SEO plugin. -->","yoast_head_json":{"title":"Buscas por crian\u00e7as desaparecidas no Maranh\u00e3o entram no 12\u00ba dia - Notibras","robots":{"index":"index","follow":"follow","max-snippet":"max-snippet:-1","max-image-preview":"max-image-preview:large","max-video-preview":"max-video-preview:-1"},"canonical":"https:\/\/www.notibras.com\/site\/buscas-por-criancas-desaparecidas-no-maranhao-entram-no-12o-dia\/","og_locale":"pt_BR","og_type":"article","og_title":"Buscas por crian\u00e7as desaparecidas no Maranh\u00e3o entram no 12\u00ba dia - Notibras","og_description":"As buscas por duas crian\u00e7as desaparecidas na zona rural de Bacabal, no interior do Maranh\u00e3o, a cerca de 250 km de S\u00e3o Lu\u00eds, entram nesta quinta-feira (15) no 12\u00ba dia. \u00c1gatha Isabelly, de 6 anos, e Allan Michael, de 4 anos, desapareceram no dia 4 de janeiro ap\u00f3s sa\u00edrem para brincar no Quilombo de S\u00e3o [&hellip;]","og_url":"https:\/\/www.notibras.com\/site\/buscas-por-criancas-desaparecidas-no-maranhao-entram-no-12o-dia\/","og_site_name":"Notibras","article_publisher":"https:\/\/www.facebook.com\/notibras\/","article_published_time":"2026-01-15T03:10:54+00:00","article_modified_time":"2026-01-15T04:36:58+00:00","og_image":[{"width":1170,"height":700,"url":"https:\/\/www.notibras.com\/site\/wp-content\/uploads\/2026\/01\/nbyp44j75fapnnxnfmufh3cfni.webp","type":"image\/webp"}],"author":"Reda\u00e7\u00e3o","twitter_card":"summary_large_image","twitter_creator":"@Notibras","twitter_site":"@Notibras","twitter_misc":{"Escrito por":"Reda\u00e7\u00e3o","Est. tempo de leitura":"3 minutos"},"schema":{"@context":"https:\/\/schema.org","@graph":[{"@type":"Article","@id":"https:\/\/www.notibras.com\/site\/buscas-por-criancas-desaparecidas-no-maranhao-entram-no-12o-dia\/#article","isPartOf":{"@id":"https:\/\/www.notibras.com\/site\/buscas-por-criancas-desaparecidas-no-maranhao-entram-no-12o-dia\/"},"author":{"name":"Reda\u00e7\u00e3o","@id":"https:\/\/www.notibras.com\/site\/#\/schema\/person\/36ab0979449956132d3e5b517ea76ac8"},"headline":"Buscas por crian\u00e7as desaparecidas no Maranh\u00e3o entram no 12\u00ba dia","datePublished":"2026-01-15T03:10:54+00:00","dateModified":"2026-01-15T04:36:58+00:00","mainEntityOfPage":{"@id":"https:\/\/www.notibras.com\/site\/buscas-por-criancas-desaparecidas-no-maranhao-entram-no-12o-dia\/"},"wordCount":487,"publisher":{"@id":"https:\/\/www.notibras.com\/site\/#organization"},"image":{"@id":"https:\/\/www.notibras.com\/site\/buscas-por-criancas-desaparecidas-no-maranhao-entram-no-12o-dia\/#primaryimage"},"thumbnailUrl":"https:\/\/www.notibras.com\/site\/wp-content\/uploads\/2026\/01\/nbyp44j75fapnnxnfmufh3cfni.webp","articleSection":["Nordeste"],"inLanguage":"pt-BR"},{"@type":"WebPage","@id":"https:\/\/www.notibras.com\/site\/buscas-por-criancas-desaparecidas-no-maranhao-entram-no-12o-dia\/","url":"https:\/\/www.notibras.com\/site\/buscas-por-criancas-desaparecidas-no-maranhao-entram-no-12o-dia\/","name":"Buscas por crian\u00e7as desaparecidas no Maranh\u00e3o entram no 12\u00ba dia - Notibras","isPartOf":{"@id":"https:\/\/www.notibras.com\/site\/#website"},"primaryImageOfPage":{"@id":"https:\/\/www.notibras.com\/site\/buscas-por-criancas-desaparecidas-no-maranhao-entram-no-12o-dia\/#primaryimage"},"image":{"@id":"https:\/\/www.notibras.com\/site\/buscas-por-criancas-desaparecidas-no-maranhao-entram-no-12o-dia\/#primaryimage"},"thumbnailUrl":"https:\/\/www.notibras.com\/site\/wp-content\/uploads\/2026\/01\/nbyp44j75fapnnxnfmufh3cfni.webp","datePublished":"2026-01-15T03:10:54+00:00","dateModified":"2026-01-15T04:36:58+00:00","breadcrumb":{"@id":"https:\/\/www.notibras.com\/site\/buscas-por-criancas-desaparecidas-no-maranhao-entram-no-12o-dia\/#breadcrumb"},"inLanguage":"pt-BR","potentialAction":[{"@type":"ReadAction","target":["https:\/\/www.notibras.com\/site\/buscas-por-criancas-desaparecidas-no-maranhao-entram-no-12o-dia\/"]}]},{"@type":"ImageObject","inLanguage":"pt-BR","@id":"https:\/\/www.notibras.com\/site\/buscas-por-criancas-desaparecidas-no-maranhao-entram-no-12o-dia\/#primaryimage","url":"https:\/\/www.notibras.com\/site\/wp-content\/uploads\/2026\/01\/nbyp44j75fapnnxnfmufh3cfni.webp","contentUrl":"https:\/\/www.notibras.com\/site\/wp-content\/uploads\/2026\/01\/nbyp44j75fapnnxnfmufh3cfni.webp","width":1170,"height":700},{"@type":"BreadcrumbList","@id":"https:\/\/www.notibras.com\/site\/buscas-por-criancas-desaparecidas-no-maranhao-entram-no-12o-dia\/#breadcrumb","itemListElement":[{"@type":"ListItem","position":1,"name":"In\u00edcio","item":"https:\/\/www.notibras.com\/site\/"},{"@type":"ListItem","position":2,"name":"Buscas por crian\u00e7as desaparecidas no Maranh\u00e3o entram no 12\u00ba dia"}]},{"@type":"WebSite","@id":"https:\/\/www.notibras.com\/site\/#website","url":"https:\/\/www.notibras.com\/site\/","name":"Notibras","description":"Not\u00edcias de Bras\u00edlia, do Brasil e do Mundo","publisher":{"@id":"https:\/\/www.notibras.com\/site\/#organization"},"potentialAction":[{"@type":"SearchAction","target":{"@type":"EntryPoint","urlTemplate":"https:\/\/www.notibras.com\/site\/?s={search_term_string}"},"query-input":{"@type":"PropertyValueSpecification","valueRequired":true,"valueName":"search_term_string"}}],"inLanguage":"pt-BR"},{"@type":"Organization","@id":"https:\/\/www.notibras.com\/site\/#organization","name":"Grupo Notibras de Comunica\u00e7\u00e3o","url":"https:\/\/www.notibras.com\/site\/","logo":{"@type":"ImageObject","inLanguage":"pt-BR","@id":"https:\/\/www.notibras.com\/site\/#\/schema\/logo\/image\/","url":"https:\/\/www.notibras.com\/site\/wp-content\/uploads\/2023\/01\/notibras23.png","contentUrl":"https:\/\/www.notibras.com\/site\/wp-content\/uploads\/2023\/01\/notibras23.png","width":350,"height":87,"caption":"Grupo Notibras de Comunica\u00e7\u00e3o"},"image":{"@id":"https:\/\/www.notibras.com\/site\/#\/schema\/logo\/image\/"},"sameAs":["https:\/\/www.facebook.com\/notibras\/","https:\/\/x.com\/Notibras","https:\/\/www.instagram.com\/notibras\/"]},{"@type":"Person","@id":"https:\/\/www.notibras.com\/site\/#\/schema\/person\/36ab0979449956132d3e5b517ea76ac8","name":"Reda\u00e7\u00e3o","image":{"@type":"ImageObject","inLanguage":"pt-BR","@id":"https:\/\/secure.gravatar.com\/avatar\/e0a867bdedb85fd243eadf09663511f96fc81e0720a4a42581f334ad4303aa6b?s=96&d=mm&r=g","url":"https:\/\/secure.gravatar.com\/avatar\/e0a867bdedb85fd243eadf09663511f96fc81e0720a4a42581f334ad4303aa6b?s=96&d=mm&r=g","contentUrl":"https:\/\/secure.gravatar.com\/avatar\/e0a867bdedb85fd243eadf09663511f96fc81e0720a4a42581f334ad4303aa6b?s=96&d=mm&r=g","caption":"Reda\u00e7\u00e3o"}}]}},"amp_enabled":true,"_links":{"self":[{"href":"https:\/\/www.notibras.com\/site\/wp-json\/wp\/v2\/posts\/379079","targetHints":{"allow":["GET"]}}],"collection":[{"href":"https:\/\/www.notibras.com\/site\/wp-json\/wp\/v2\/posts"}],"about":[{"href":"https:\/\/www.notibras.com\/site\/wp-json\/wp\/v2\/types\/post"}],"author":[{"embeddable":true,"href":"https:\/\/www.notibras.com\/site\/wp-json\/wp\/v2\/users\/2"}],"replies":[{"embeddable":true,"href":"https:\/\/www.notibras.com\/site\/wp-json\/wp\/v2\/comments?post=379079"}],"version-history":[{"count":1,"href":"https:\/\/www.notibras.com\/site\/wp-json\/wp\/v2\/posts\/379079\/revisions"}],"predecessor-version":[{"id":379082,"href":"https:\/\/www.notibras.com\/site\/wp-json\/wp\/v2\/posts\/379079\/revisions\/379082"}],"wp:featuredmedia":[{"embeddable":true,"href":"https:\/\/www.notibras.com\/site\/wp-json\/wp\/v2\/media\/379081"}],"wp:attachment":[{"href":"https:\/\/www.notibras.com\/site\/wp-json\/wp\/v2\/media?parent=379079"}],"wp:term":[{"taxonomy":"category","embeddable":true,"href":"https:\/\/www.notibras.com\/site\/wp-json\/wp\/v2\/categories?post=379079"},{"taxonomy":"post_tag","embeddable":true,"href":"https:\/\/www.notibras.com\/site\/wp-json\/wp\/v2\/tags?post=379079"}],"curies":[{"name":"wp","href":"https:\/\/api.w.org\/{rel}","templated":true}]}}