{"id":379086,"date":"2026-01-15T00:00:26","date_gmt":"2026-01-15T03:00:26","guid":{"rendered":"https:\/\/www.notibras.com\/site\/?p=379086"},"modified":"2026-01-15T01:46:32","modified_gmt":"2026-01-15T04:46:32","slug":"galo-da-madrugada-vence-atletico-mineiro-em-disputa-judicial","status":"publish","type":"post","link":"https:\/\/www.notibras.com\/site\/galo-da-madrugada-vence-atletico-mineiro-em-disputa-judicial\/","title":{"rendered":"Galo da Madrugada vence Atl\u00e9tico Mineiro em disputa judicial"},"content":{"rendered":"<p>A Justi\u00e7a Federal rejeitou um pedido feito pelo clube de futebol Atl\u00e9tico-MG para proibir o Galo da Madrugada, um dos blocos mais tradicionais do carnaval do Recife, de usar a marca &#8220;Galo Folia&#8221;. O processo foi movido pelo time mineiro, que tem como mascote um galo, sob a justificativa de viola\u00e7\u00e3o de direitos de propriedade.<\/p>\n<p>Na senten\u00e7a, o Atl\u00e9tico tamb\u00e9m foi condenado a pagar as custas do processo. A decis\u00e3o \u00e9 de primeira inst\u00e2ncia e cabe recurso. Procurado, o Galo da Madrugada disse que a Justi\u00e7a reconheceu a trajet\u00f3ria hist\u00f3rica da agremia\u00e7\u00e3o.<\/p>\n<p>A senten\u00e7a foi publicada pela ju\u00edza Qu\u00e9zia Silvia Reis, da 9\u00aa Vara Federal do Rio de Janeiro. O processo foi levado para Justi\u00e7a Federal do Rio por escolha do Atl\u00e9tico-MG, j\u00e1 que o Instituto Nacional da Propriedade Industrial (Inpi), que tamb\u00e9m \u00e9 r\u00e9u nessa a\u00e7\u00e3o judicial, tem sede no estado.<\/p>\n<p>Na decis\u00e3o, a magistrada considerou que, embora a agremia\u00e7\u00e3o e o clube desportivo utilizem marcas com a mesma palavra, n\u00e3o h\u00e1 risco de confus\u00e3o ou associa\u00e7\u00e3o indevida. Al\u00e9m disso, de acordo com a ju\u00edza, o clube carnavalesco tem registros de marcas anteriores \u00e0 do time de futebol.<\/p>\n<p>&#8220;Embora uma mesma pessoa possa gostar de futebol e carnaval, o p\u00fablico \u00e9 abordado em momentos de consumo diferentes. Assim, n\u00e3o \u00e9 cr\u00edvel que o p\u00fablico confundiria um bloco de carnaval com uma marca de futebol devido \u00e0 notoriedade distinta de cada um em seu segmento&#8221;, diz a magistrada em um trecho da decis\u00e3o.<\/p>\n<p>Por isso, conforme a senten\u00e7a, n\u00e3o caberia, no caso, a aplica\u00e7\u00e3o da Lei Pel\u00e9, que institui normas sobre os direitos de imagem dos atletas e das entidades esportivas.<\/p>\n<p>Procurado, o Galo da Madrugada informou, por meio de nota, que recebeu a decis\u00e3o com tranquilidade e que a Justi\u00e7a reconheceu a trajet\u00f3ria hist\u00f3rica do bloco, &#8220;que h\u00e1 mais de 40 anos leva cultura e alegria \u00e0s ruas do Recife.<\/p>\n<p>A agremia\u00e7\u00e3o carnavalesca disse, ainda, que n\u00e3o v\u00ea o processo como uma &#8220;disputa contra ningu\u00e9m&#8221; e que respeita o Atl\u00e9tico-MG. Al\u00e9m disso, o bloco declarou entender que s\u00e3o institui\u00e7\u00f5es de \u00e1reas diferentes: futebol e carnaval.<\/p>\n<p>&#8220;O Galo segue fazendo o que sempre fez: promovendo carnaval, tradi\u00e7\u00e3o e inclus\u00e3o. Nosso compromisso \u00e9 com o povo e com a cultura pernambucana&#8221;, afirmou o bloco no texto.<\/p>\n","protected":false},"excerpt":{"rendered":"<p>A Justi\u00e7a Federal rejeitou um pedido feito pelo clube de futebol Atl\u00e9tico-MG para proibir o Galo da Madrugada, um dos blocos mais tradicionais do carnaval do Recife, de usar a marca &#8220;Galo Folia&#8221;. O processo foi movido pelo time mineiro, que tem como mascote um galo, sob a justificativa de viola\u00e7\u00e3o de direitos de propriedade. [&hellip;]<\/p>\n","protected":false},"author":2,"featured_media":379087,"comment_status":"closed","ping_status":"closed","sticky":false,"template":"","format":"standard","meta":{"_acf_changed":false,"footnotes":""},"categories":[165],"tags":[],"class_list":["post-379086","post","type-post","status-publish","format-standard","has-post-thumbnail","hentry","category-nordeste"],"acf":[],"yoast_head":"<!-- This site is optimized with the Yoast SEO plugin v27.2 - https:\/\/yoast.com\/product\/yoast-seo-wordpress\/ -->\n<title>Galo da Madrugada vence Atl\u00e9tico Mineiro em disputa judicial - Notibras<\/title>\n<meta name=\"robots\" content=\"index, follow, max-snippet:-1, max-image-preview:large, max-video-preview:-1\" \/>\n<link rel=\"canonical\" href=\"https:\/\/www.notibras.com\/site\/galo-da-madrugada-vence-atletico-mineiro-em-disputa-judicial\/\" \/>\n<meta property=\"og:locale\" content=\"pt_BR\" \/>\n<meta property=\"og:type\" content=\"article\" \/>\n<meta property=\"og:title\" content=\"Galo da Madrugada vence Atl\u00e9tico Mineiro em disputa judicial - Notibras\" \/>\n<meta property=\"og:description\" content=\"A Justi\u00e7a Federal rejeitou um pedido feito pelo clube de futebol Atl\u00e9tico-MG para proibir o Galo da Madrugada, um dos blocos mais tradicionais do carnaval do Recife, de usar a marca &#8220;Galo Folia&#8221;. O processo foi movido pelo time mineiro, que tem como mascote um galo, sob a justificativa de viola\u00e7\u00e3o de direitos de propriedade. [&hellip;]\" \/>\n<meta property=\"og:url\" content=\"https:\/\/www.notibras.com\/site\/galo-da-madrugada-vence-atletico-mineiro-em-disputa-judicial\/\" \/>\n<meta property=\"og:site_name\" content=\"Notibras\" \/>\n<meta property=\"article:publisher\" content=\"https:\/\/www.facebook.com\/notibras\/\" \/>\n<meta property=\"article:published_time\" content=\"2026-01-15T03:00:26+00:00\" \/>\n<meta property=\"article:modified_time\" content=\"2026-01-15T04:46:32+00:00\" \/>\n<meta property=\"og:image\" content=\"https:\/\/www.notibras.com\/site\/wp-content\/uploads\/2026\/01\/22ea5506-10c2-4420-9d4b-a5c722b5d553.jpg\" \/>\n\t<meta property=\"og:image:width\" content=\"984\" \/>\n\t<meta property=\"og:image:height\" content=\"656\" \/>\n\t<meta property=\"og:image:type\" content=\"image\/jpeg\" \/>\n<meta name=\"author\" content=\"Reda\u00e7\u00e3o\" \/>\n<meta name=\"twitter:card\" content=\"summary_large_image\" \/>\n<meta name=\"twitter:creator\" content=\"@Notibras\" \/>\n<meta name=\"twitter:site\" content=\"@Notibras\" \/>\n<meta name=\"twitter:label1\" content=\"Escrito por\" \/>\n\t<meta name=\"twitter:data1\" content=\"Reda\u00e7\u00e3o\" \/>\n\t<meta name=\"twitter:label2\" content=\"Est. tempo de leitura\" \/>\n\t<meta name=\"twitter:data2\" content=\"3 minutos\" \/>\n<script type=\"application\/ld+json\" class=\"yoast-schema-graph\">{\"@context\":\"https:\/\/schema.org\",\"@graph\":[{\"@type\":\"Article\",\"@id\":\"https:\/\/www.notibras.com\/site\/galo-da-madrugada-vence-atletico-mineiro-em-disputa-judicial\/#article\",\"isPartOf\":{\"@id\":\"https:\/\/www.notibras.com\/site\/galo-da-madrugada-vence-atletico-mineiro-em-disputa-judicial\/\"},\"author\":{\"name\":\"Reda\u00e7\u00e3o\",\"@id\":\"https:\/\/www.notibras.com\/site\/#\/schema\/person\/36ab0979449956132d3e5b517ea76ac8\"},\"headline\":\"Galo da Madrugada vence Atl\u00e9tico Mineiro em disputa judicial\",\"datePublished\":\"2026-01-15T03:00:26+00:00\",\"dateModified\":\"2026-01-15T04:46:32+00:00\",\"mainEntityOfPage\":{\"@id\":\"https:\/\/www.notibras.com\/site\/galo-da-madrugada-vence-atletico-mineiro-em-disputa-judicial\/\"},\"wordCount\":424,\"publisher\":{\"@id\":\"https:\/\/www.notibras.com\/site\/#organization\"},\"image\":{\"@id\":\"https:\/\/www.notibras.com\/site\/galo-da-madrugada-vence-atletico-mineiro-em-disputa-judicial\/#primaryimage\"},\"thumbnailUrl\":\"https:\/\/www.notibras.com\/site\/wp-content\/uploads\/2026\/01\/22ea5506-10c2-4420-9d4b-a5c722b5d553.jpg\",\"articleSection\":[\"Nordeste\"],\"inLanguage\":\"pt-BR\"},{\"@type\":\"WebPage\",\"@id\":\"https:\/\/www.notibras.com\/site\/galo-da-madrugada-vence-atletico-mineiro-em-disputa-judicial\/\",\"url\":\"https:\/\/www.notibras.com\/site\/galo-da-madrugada-vence-atletico-mineiro-em-disputa-judicial\/\",\"name\":\"Galo da Madrugada vence Atl\u00e9tico Mineiro em disputa judicial - Notibras\",\"isPartOf\":{\"@id\":\"https:\/\/www.notibras.com\/site\/#website\"},\"primaryImageOfPage\":{\"@id\":\"https:\/\/www.notibras.com\/site\/galo-da-madrugada-vence-atletico-mineiro-em-disputa-judicial\/#primaryimage\"},\"image\":{\"@id\":\"https:\/\/www.notibras.com\/site\/galo-da-madrugada-vence-atletico-mineiro-em-disputa-judicial\/#primaryimage\"},\"thumbnailUrl\":\"https:\/\/www.notibras.com\/site\/wp-content\/uploads\/2026\/01\/22ea5506-10c2-4420-9d4b-a5c722b5d553.jpg\",\"datePublished\":\"2026-01-15T03:00:26+00:00\",\"dateModified\":\"2026-01-15T04:46:32+00:00\",\"breadcrumb\":{\"@id\":\"https:\/\/www.notibras.com\/site\/galo-da-madrugada-vence-atletico-mineiro-em-disputa-judicial\/#breadcrumb\"},\"inLanguage\":\"pt-BR\",\"potentialAction\":[{\"@type\":\"ReadAction\",\"target\":[\"https:\/\/www.notibras.com\/site\/galo-da-madrugada-vence-atletico-mineiro-em-disputa-judicial\/\"]}]},{\"@type\":\"ImageObject\",\"inLanguage\":\"pt-BR\",\"@id\":\"https:\/\/www.notibras.com\/site\/galo-da-madrugada-vence-atletico-mineiro-em-disputa-judicial\/#primaryimage\",\"url\":\"https:\/\/www.notibras.com\/site\/wp-content\/uploads\/2026\/01\/22ea5506-10c2-4420-9d4b-a5c722b5d553.jpg\",\"contentUrl\":\"https:\/\/www.notibras.com\/site\/wp-content\/uploads\/2026\/01\/22ea5506-10c2-4420-9d4b-a5c722b5d553.jpg\",\"width\":984,\"height\":656},{\"@type\":\"BreadcrumbList\",\"@id\":\"https:\/\/www.notibras.com\/site\/galo-da-madrugada-vence-atletico-mineiro-em-disputa-judicial\/#breadcrumb\",\"itemListElement\":[{\"@type\":\"ListItem\",\"position\":1,\"name\":\"In\u00edcio\",\"item\":\"https:\/\/www.notibras.com\/site\/\"},{\"@type\":\"ListItem\",\"position\":2,\"name\":\"Galo da Madrugada vence Atl\u00e9tico Mineiro em disputa judicial\"}]},{\"@type\":\"WebSite\",\"@id\":\"https:\/\/www.notibras.com\/site\/#website\",\"url\":\"https:\/\/www.notibras.com\/site\/\",\"name\":\"Notibras\",\"description\":\"Not\u00edcias de Bras\u00edlia, do Brasil e do Mundo\",\"publisher\":{\"@id\":\"https:\/\/www.notibras.com\/site\/#organization\"},\"potentialAction\":[{\"@type\":\"SearchAction\",\"target\":{\"@type\":\"EntryPoint\",\"urlTemplate\":\"https:\/\/www.notibras.com\/site\/?s={search_term_string}\"},\"query-input\":{\"@type\":\"PropertyValueSpecification\",\"valueRequired\":true,\"valueName\":\"search_term_string\"}}],\"inLanguage\":\"pt-BR\"},{\"@type\":\"Organization\",\"@id\":\"https:\/\/www.notibras.com\/site\/#organization\",\"name\":\"Grupo Notibras de Comunica\u00e7\u00e3o\",\"url\":\"https:\/\/www.notibras.com\/site\/\",\"logo\":{\"@type\":\"ImageObject\",\"inLanguage\":\"pt-BR\",\"@id\":\"https:\/\/www.notibras.com\/site\/#\/schema\/logo\/image\/\",\"url\":\"https:\/\/www.notibras.com\/site\/wp-content\/uploads\/2023\/01\/notibras23.png\",\"contentUrl\":\"https:\/\/www.notibras.com\/site\/wp-content\/uploads\/2023\/01\/notibras23.png\",\"width\":350,\"height\":87,\"caption\":\"Grupo Notibras de Comunica\u00e7\u00e3o\"},\"image\":{\"@id\":\"https:\/\/www.notibras.com\/site\/#\/schema\/logo\/image\/\"},\"sameAs\":[\"https:\/\/www.facebook.com\/notibras\/\",\"https:\/\/x.com\/Notibras\",\"https:\/\/www.instagram.com\/notibras\/\"]},{\"@type\":\"Person\",\"@id\":\"https:\/\/www.notibras.com\/site\/#\/schema\/person\/36ab0979449956132d3e5b517ea76ac8\",\"name\":\"Reda\u00e7\u00e3o\",\"image\":{\"@type\":\"ImageObject\",\"inLanguage\":\"pt-BR\",\"@id\":\"https:\/\/secure.gravatar.com\/avatar\/e0a867bdedb85fd243eadf09663511f96fc81e0720a4a42581f334ad4303aa6b?s=96&d=mm&r=g\",\"url\":\"https:\/\/secure.gravatar.com\/avatar\/e0a867bdedb85fd243eadf09663511f96fc81e0720a4a42581f334ad4303aa6b?s=96&d=mm&r=g\",\"contentUrl\":\"https:\/\/secure.gravatar.com\/avatar\/e0a867bdedb85fd243eadf09663511f96fc81e0720a4a42581f334ad4303aa6b?s=96&d=mm&r=g\",\"caption\":\"Reda\u00e7\u00e3o\"}}]}<\/script>\n<!-- \/ Yoast SEO plugin. -->","yoast_head_json":{"title":"Galo da Madrugada vence Atl\u00e9tico Mineiro em disputa judicial - Notibras","robots":{"index":"index","follow":"follow","max-snippet":"max-snippet:-1","max-image-preview":"max-image-preview:large","max-video-preview":"max-video-preview:-1"},"canonical":"https:\/\/www.notibras.com\/site\/galo-da-madrugada-vence-atletico-mineiro-em-disputa-judicial\/","og_locale":"pt_BR","og_type":"article","og_title":"Galo da Madrugada vence Atl\u00e9tico Mineiro em disputa judicial - Notibras","og_description":"A Justi\u00e7a Federal rejeitou um pedido feito pelo clube de futebol Atl\u00e9tico-MG para proibir o Galo da Madrugada, um dos blocos mais tradicionais do carnaval do Recife, de usar a marca &#8220;Galo Folia&#8221;. O processo foi movido pelo time mineiro, que tem como mascote um galo, sob a justificativa de viola\u00e7\u00e3o de direitos de propriedade. [&hellip;]","og_url":"https:\/\/www.notibras.com\/site\/galo-da-madrugada-vence-atletico-mineiro-em-disputa-judicial\/","og_site_name":"Notibras","article_publisher":"https:\/\/www.facebook.com\/notibras\/","article_published_time":"2026-01-15T03:00:26+00:00","article_modified_time":"2026-01-15T04:46:32+00:00","og_image":[{"width":984,"height":656,"url":"https:\/\/www.notibras.com\/site\/wp-content\/uploads\/2026\/01\/22ea5506-10c2-4420-9d4b-a5c722b5d553.jpg","type":"image\/jpeg"}],"author":"Reda\u00e7\u00e3o","twitter_card":"summary_large_image","twitter_creator":"@Notibras","twitter_site":"@Notibras","twitter_misc":{"Escrito por":"Reda\u00e7\u00e3o","Est. tempo de leitura":"3 minutos"},"schema":{"@context":"https:\/\/schema.org","@graph":[{"@type":"Article","@id":"https:\/\/www.notibras.com\/site\/galo-da-madrugada-vence-atletico-mineiro-em-disputa-judicial\/#article","isPartOf":{"@id":"https:\/\/www.notibras.com\/site\/galo-da-madrugada-vence-atletico-mineiro-em-disputa-judicial\/"},"author":{"name":"Reda\u00e7\u00e3o","@id":"https:\/\/www.notibras.com\/site\/#\/schema\/person\/36ab0979449956132d3e5b517ea76ac8"},"headline":"Galo da Madrugada vence Atl\u00e9tico Mineiro em disputa judicial","datePublished":"2026-01-15T03:00:26+00:00","dateModified":"2026-01-15T04:46:32+00:00","mainEntityOfPage":{"@id":"https:\/\/www.notibras.com\/site\/galo-da-madrugada-vence-atletico-mineiro-em-disputa-judicial\/"},"wordCount":424,"publisher":{"@id":"https:\/\/www.notibras.com\/site\/#organization"},"image":{"@id":"https:\/\/www.notibras.com\/site\/galo-da-madrugada-vence-atletico-mineiro-em-disputa-judicial\/#primaryimage"},"thumbnailUrl":"https:\/\/www.notibras.com\/site\/wp-content\/uploads\/2026\/01\/22ea5506-10c2-4420-9d4b-a5c722b5d553.jpg","articleSection":["Nordeste"],"inLanguage":"pt-BR"},{"@type":"WebPage","@id":"https:\/\/www.notibras.com\/site\/galo-da-madrugada-vence-atletico-mineiro-em-disputa-judicial\/","url":"https:\/\/www.notibras.com\/site\/galo-da-madrugada-vence-atletico-mineiro-em-disputa-judicial\/","name":"Galo da Madrugada vence Atl\u00e9tico Mineiro em disputa judicial - Notibras","isPartOf":{"@id":"https:\/\/www.notibras.com\/site\/#website"},"primaryImageOfPage":{"@id":"https:\/\/www.notibras.com\/site\/galo-da-madrugada-vence-atletico-mineiro-em-disputa-judicial\/#primaryimage"},"image":{"@id":"https:\/\/www.notibras.com\/site\/galo-da-madrugada-vence-atletico-mineiro-em-disputa-judicial\/#primaryimage"},"thumbnailUrl":"https:\/\/www.notibras.com\/site\/wp-content\/uploads\/2026\/01\/22ea5506-10c2-4420-9d4b-a5c722b5d553.jpg","datePublished":"2026-01-15T03:00:26+00:00","dateModified":"2026-01-15T04:46:32+00:00","breadcrumb":{"@id":"https:\/\/www.notibras.com\/site\/galo-da-madrugada-vence-atletico-mineiro-em-disputa-judicial\/#breadcrumb"},"inLanguage":"pt-BR","potentialAction":[{"@type":"ReadAction","target":["https:\/\/www.notibras.com\/site\/galo-da-madrugada-vence-atletico-mineiro-em-disputa-judicial\/"]}]},{"@type":"ImageObject","inLanguage":"pt-BR","@id":"https:\/\/www.notibras.com\/site\/galo-da-madrugada-vence-atletico-mineiro-em-disputa-judicial\/#primaryimage","url":"https:\/\/www.notibras.com\/site\/wp-content\/uploads\/2026\/01\/22ea5506-10c2-4420-9d4b-a5c722b5d553.jpg","contentUrl":"https:\/\/www.notibras.com\/site\/wp-content\/uploads\/2026\/01\/22ea5506-10c2-4420-9d4b-a5c722b5d553.jpg","width":984,"height":656},{"@type":"BreadcrumbList","@id":"https:\/\/www.notibras.com\/site\/galo-da-madrugada-vence-atletico-mineiro-em-disputa-judicial\/#breadcrumb","itemListElement":[{"@type":"ListItem","position":1,"name":"In\u00edcio","item":"https:\/\/www.notibras.com\/site\/"},{"@type":"ListItem","position":2,"name":"Galo da Madrugada vence Atl\u00e9tico Mineiro em disputa judicial"}]},{"@type":"WebSite","@id":"https:\/\/www.notibras.com\/site\/#website","url":"https:\/\/www.notibras.com\/site\/","name":"Notibras","description":"Not\u00edcias de Bras\u00edlia, do Brasil e do Mundo","publisher":{"@id":"https:\/\/www.notibras.com\/site\/#organization"},"potentialAction":[{"@type":"SearchAction","target":{"@type":"EntryPoint","urlTemplate":"https:\/\/www.notibras.com\/site\/?s={search_term_string}"},"query-input":{"@type":"PropertyValueSpecification","valueRequired":true,"valueName":"search_term_string"}}],"inLanguage":"pt-BR"},{"@type":"Organization","@id":"https:\/\/www.notibras.com\/site\/#organization","name":"Grupo Notibras de Comunica\u00e7\u00e3o","url":"https:\/\/www.notibras.com\/site\/","logo":{"@type":"ImageObject","inLanguage":"pt-BR","@id":"https:\/\/www.notibras.com\/site\/#\/schema\/logo\/image\/","url":"https:\/\/www.notibras.com\/site\/wp-content\/uploads\/2023\/01\/notibras23.png","contentUrl":"https:\/\/www.notibras.com\/site\/wp-content\/uploads\/2023\/01\/notibras23.png","width":350,"height":87,"caption":"Grupo Notibras de Comunica\u00e7\u00e3o"},"image":{"@id":"https:\/\/www.notibras.com\/site\/#\/schema\/logo\/image\/"},"sameAs":["https:\/\/www.facebook.com\/notibras\/","https:\/\/x.com\/Notibras","https:\/\/www.instagram.com\/notibras\/"]},{"@type":"Person","@id":"https:\/\/www.notibras.com\/site\/#\/schema\/person\/36ab0979449956132d3e5b517ea76ac8","name":"Reda\u00e7\u00e3o","image":{"@type":"ImageObject","inLanguage":"pt-BR","@id":"https:\/\/secure.gravatar.com\/avatar\/e0a867bdedb85fd243eadf09663511f96fc81e0720a4a42581f334ad4303aa6b?s=96&d=mm&r=g","url":"https:\/\/secure.gravatar.com\/avatar\/e0a867bdedb85fd243eadf09663511f96fc81e0720a4a42581f334ad4303aa6b?s=96&d=mm&r=g","contentUrl":"https:\/\/secure.gravatar.com\/avatar\/e0a867bdedb85fd243eadf09663511f96fc81e0720a4a42581f334ad4303aa6b?s=96&d=mm&r=g","caption":"Reda\u00e7\u00e3o"}}]}},"amp_enabled":true,"_links":{"self":[{"href":"https:\/\/www.notibras.com\/site\/wp-json\/wp\/v2\/posts\/379086","targetHints":{"allow":["GET"]}}],"collection":[{"href":"https:\/\/www.notibras.com\/site\/wp-json\/wp\/v2\/posts"}],"about":[{"href":"https:\/\/www.notibras.com\/site\/wp-json\/wp\/v2\/types\/post"}],"author":[{"embeddable":true,"href":"https:\/\/www.notibras.com\/site\/wp-json\/wp\/v2\/users\/2"}],"replies":[{"embeddable":true,"href":"https:\/\/www.notibras.com\/site\/wp-json\/wp\/v2\/comments?post=379086"}],"version-history":[{"count":1,"href":"https:\/\/www.notibras.com\/site\/wp-json\/wp\/v2\/posts\/379086\/revisions"}],"predecessor-version":[{"id":379088,"href":"https:\/\/www.notibras.com\/site\/wp-json\/wp\/v2\/posts\/379086\/revisions\/379088"}],"wp:featuredmedia":[{"embeddable":true,"href":"https:\/\/www.notibras.com\/site\/wp-json\/wp\/v2\/media\/379087"}],"wp:attachment":[{"href":"https:\/\/www.notibras.com\/site\/wp-json\/wp\/v2\/media?parent=379086"}],"wp:term":[{"taxonomy":"category","embeddable":true,"href":"https:\/\/www.notibras.com\/site\/wp-json\/wp\/v2\/categories?post=379086"},{"taxonomy":"post_tag","embeddable":true,"href":"https:\/\/www.notibras.com\/site\/wp-json\/wp\/v2\/tags?post=379086"}],"curies":[{"name":"wp","href":"https:\/\/api.w.org\/{rel}","templated":true}]}}