{"id":379096,"date":"2026-01-15T02:51:48","date_gmt":"2026-01-15T05:51:48","guid":{"rendered":"https:\/\/www.notibras.com\/site\/?p=379096"},"modified":"2026-01-15T02:55:07","modified_gmt":"2026-01-15T05:55:07","slug":"portugal-vai-as-urnas-sob-a-sombra-fascista","status":"publish","type":"post","link":"https:\/\/www.notibras.com\/site\/portugal-vai-as-urnas-sob-a-sombra-fascista\/","title":{"rendered":"Portugal vai \u00e0s urnas sob a sombra fascista"},"content":{"rendered":"<p>No domingo, 18, os eleitores portugueses v\u00e3o novamente \u00e0s urnas, desta vez para escolher o pr\u00f3ximo presidente ou presidenta da Rep\u00fablica para um mandato de cinco anos. A ocorr\u00eancia de diversas elei\u00e7\u00f5es em Portugal \u00e9 uma caracter\u00edstica de regimes parlamentaristas, onde o parlamento se dissolve quando o governo cai, e realizam-se novas elei\u00e7\u00f5es parlamentares. Nos \u00faltimos quatro anos ocorreram tr\u00eas elei\u00e7\u00f5es para o parlamento, em fun\u00e7\u00e3o da queda do gabinete do primeiro-ministro, o que obrigou a novas elei\u00e7\u00f5es parlamentares. Isto \u00e9 algo a que os brasileiros n\u00e3o est\u00e3o habituados, por ter o Brasil um regime presidencialista.<\/p>\n<p>Elei\u00e7\u00f5es presidenciais e municipais (em Portugal chamadas de aut\u00e1rquicas), assim como no Brasil, ocorrem obedecendo ao mandato fixado constitucionalmente. As elei\u00e7\u00f5es presidenciais ocorrem a cada cinco anos, per\u00edodo do mandato, e agora em 2026 h\u00e1 11 candidatos, dentre eles apenas uma mulher. Destes, h\u00e1 cinco que t\u00eam chances de irem a um segundo turno, visto que n\u00e3o h\u00e1 nenhuma indica\u00e7\u00e3o de vit\u00f3ria de algu\u00e9m no primeiro turno. As pesquisas apontam dentre os cinco candidatos com chances uma leve vantagem, dentro da margem de erro, para dois deles, o do Partido Socialista Antonio Jos\u00e9 Seguro, e o do partido de extrema direita Chega, Andr\u00e9 Ventura.<\/p>\n<p>Esta \u00e9 a quest\u00e3o que choca e coloca uma imensa preocupa\u00e7\u00e3o quanto a estas elei\u00e7\u00f5es, a possibilidade de haver um presidente de um partido que n\u00e3o condena a ditadura fascista que houve em Portugal e foi derrubada em 1974, algo muito parecido com a atua\u00e7\u00e3o de alguns pol\u00edticos no Brasil, que ainda defendem a ditadura ocorrida entre 1964 e 1985. O partido de Ventura se apoia ainda na xenofobia para se manter em evid\u00eancia, discurso esse que tem angariado muito apoio nos pa\u00edses europeus.<\/p>\n<p>De acordo com as pesquisas, d\u00e1 um enorme alento o fato de estas indicarem que qualquer candidato que enfrente Ventura em um segundo turno o vence. E isto se deve a algo que infelizmente n\u00e3o vemos no Brasil, a forma\u00e7\u00e3o de um \u201ccord\u00e3o sanit\u00e1rio\u201d por parte da maioria dos partidos e tamb\u00e9m da m\u00eddia, que busca isolar o Chega e seu discurso fascista. O segundo turno ocorre em 8 de fevereiro entre os dois melhores colocados no primeiro. \u00c9 aguardar as elei\u00e7\u00f5es, e torcer para que o fascismo n\u00e3o tenha vez em Portugal, como infelizmente j\u00e1 ocorreu na It\u00e1lia, e ronda a Fran\u00e7a que vai ter elei\u00e7\u00f5es presidenciais em 2027.<\/p>\n<p>&#8230;&#8230;&#8230;&#8230;&#8230;&#8230;..<\/p>\n<p><strong>Antonio Eust\u00e1quio \u00e9 correspondente de Notibras na Europa<\/strong><\/p>\n","protected":false},"excerpt":{"rendered":"<p>No domingo, 18, os eleitores portugueses v\u00e3o novamente \u00e0s urnas, desta vez para escolher o pr\u00f3ximo presidente ou presidenta da Rep\u00fablica para um mandato de cinco anos. A ocorr\u00eancia de diversas elei\u00e7\u00f5es em Portugal \u00e9 uma caracter\u00edstica de regimes parlamentaristas, onde o parlamento se dissolve quando o governo cai, e realizam-se novas elei\u00e7\u00f5es parlamentares. Nos [&hellip;]<\/p>\n","protected":false},"author":2,"featured_media":379097,"comment_status":"closed","ping_status":"closed","sticky":false,"template":"","format":"standard","meta":{"_acf_changed":false,"footnotes":""},"categories":[236],"tags":[95],"class_list":["post-379096","post","type-post","status-publish","format-standard","has-post-thumbnail","hentry","category-ponto-de-vista","tag-capa"],"acf":[],"yoast_head":"<!-- This site is optimized with the Yoast SEO plugin v27.2 - https:\/\/yoast.com\/product\/yoast-seo-wordpress\/ -->\n<title>Portugal vai \u00e0s urnas sob a sombra fascista - Notibras<\/title>\n<meta name=\"robots\" content=\"index, follow, max-snippet:-1, max-image-preview:large, max-video-preview:-1\" \/>\n<link rel=\"canonical\" href=\"https:\/\/www.notibras.com\/site\/portugal-vai-as-urnas-sob-a-sombra-fascista\/\" \/>\n<meta property=\"og:locale\" content=\"pt_BR\" \/>\n<meta property=\"og:type\" content=\"article\" \/>\n<meta property=\"og:title\" content=\"Portugal vai \u00e0s urnas sob a sombra fascista - Notibras\" \/>\n<meta property=\"og:description\" content=\"No domingo, 18, os eleitores portugueses v\u00e3o novamente \u00e0s urnas, desta vez para escolher o pr\u00f3ximo presidente ou presidenta da Rep\u00fablica para um mandato de cinco anos. A ocorr\u00eancia de diversas elei\u00e7\u00f5es em Portugal \u00e9 uma caracter\u00edstica de regimes parlamentaristas, onde o parlamento se dissolve quando o governo cai, e realizam-se novas elei\u00e7\u00f5es parlamentares. Nos [&hellip;]\" \/>\n<meta property=\"og:url\" content=\"https:\/\/www.notibras.com\/site\/portugal-vai-as-urnas-sob-a-sombra-fascista\/\" \/>\n<meta property=\"og:site_name\" content=\"Notibras\" \/>\n<meta property=\"article:publisher\" content=\"https:\/\/www.facebook.com\/notibras\/\" \/>\n<meta property=\"article:published_time\" content=\"2026-01-15T05:51:48+00:00\" \/>\n<meta property=\"article:modified_time\" content=\"2026-01-15T05:55:07+00:00\" \/>\n<meta property=\"og:image\" content=\"https:\/\/www.notibras.com\/site\/wp-content\/uploads\/2026\/01\/img_1280x720uu2025-05-19-00-52-06-2363848.webp\" \/>\n\t<meta property=\"og:image:width\" content=\"1280\" \/>\n\t<meta property=\"og:image:height\" content=\"720\" \/>\n\t<meta property=\"og:image:type\" content=\"image\/webp\" \/>\n<meta name=\"author\" content=\"Reda\u00e7\u00e3o\" \/>\n<meta name=\"twitter:card\" content=\"summary_large_image\" \/>\n<meta name=\"twitter:creator\" content=\"@Notibras\" \/>\n<meta name=\"twitter:site\" content=\"@Notibras\" \/>\n<meta name=\"twitter:label1\" content=\"Escrito por\" \/>\n\t<meta name=\"twitter:data1\" content=\"Reda\u00e7\u00e3o\" \/>\n\t<meta name=\"twitter:label2\" content=\"Est. tempo de leitura\" \/>\n\t<meta name=\"twitter:data2\" content=\"3 minutos\" \/>\n<script type=\"application\/ld+json\" class=\"yoast-schema-graph\">{\"@context\":\"https:\/\/schema.org\",\"@graph\":[{\"@type\":\"Article\",\"@id\":\"https:\/\/www.notibras.com\/site\/portugal-vai-as-urnas-sob-a-sombra-fascista\/#article\",\"isPartOf\":{\"@id\":\"https:\/\/www.notibras.com\/site\/portugal-vai-as-urnas-sob-a-sombra-fascista\/\"},\"author\":{\"name\":\"Reda\u00e7\u00e3o\",\"@id\":\"https:\/\/www.notibras.com\/site\/#\/schema\/person\/36ab0979449956132d3e5b517ea76ac8\"},\"headline\":\"Portugal vai \u00e0s urnas sob a sombra fascista\",\"datePublished\":\"2026-01-15T05:51:48+00:00\",\"dateModified\":\"2026-01-15T05:55:07+00:00\",\"mainEntityOfPage\":{\"@id\":\"https:\/\/www.notibras.com\/site\/portugal-vai-as-urnas-sob-a-sombra-fascista\/\"},\"wordCount\":439,\"publisher\":{\"@id\":\"https:\/\/www.notibras.com\/site\/#organization\"},\"image\":{\"@id\":\"https:\/\/www.notibras.com\/site\/portugal-vai-as-urnas-sob-a-sombra-fascista\/#primaryimage\"},\"thumbnailUrl\":\"https:\/\/www.notibras.com\/site\/wp-content\/uploads\/2026\/01\/img_1280x720uu2025-05-19-00-52-06-2363848.webp\",\"keywords\":[\"capa\"],\"articleSection\":[\"Ponto de Vista\"],\"inLanguage\":\"pt-BR\"},{\"@type\":\"WebPage\",\"@id\":\"https:\/\/www.notibras.com\/site\/portugal-vai-as-urnas-sob-a-sombra-fascista\/\",\"url\":\"https:\/\/www.notibras.com\/site\/portugal-vai-as-urnas-sob-a-sombra-fascista\/\",\"name\":\"Portugal vai \u00e0s urnas sob a sombra fascista - Notibras\",\"isPartOf\":{\"@id\":\"https:\/\/www.notibras.com\/site\/#website\"},\"primaryImageOfPage\":{\"@id\":\"https:\/\/www.notibras.com\/site\/portugal-vai-as-urnas-sob-a-sombra-fascista\/#primaryimage\"},\"image\":{\"@id\":\"https:\/\/www.notibras.com\/site\/portugal-vai-as-urnas-sob-a-sombra-fascista\/#primaryimage\"},\"thumbnailUrl\":\"https:\/\/www.notibras.com\/site\/wp-content\/uploads\/2026\/01\/img_1280x720uu2025-05-19-00-52-06-2363848.webp\",\"datePublished\":\"2026-01-15T05:51:48+00:00\",\"dateModified\":\"2026-01-15T05:55:07+00:00\",\"breadcrumb\":{\"@id\":\"https:\/\/www.notibras.com\/site\/portugal-vai-as-urnas-sob-a-sombra-fascista\/#breadcrumb\"},\"inLanguage\":\"pt-BR\",\"potentialAction\":[{\"@type\":\"ReadAction\",\"target\":[\"https:\/\/www.notibras.com\/site\/portugal-vai-as-urnas-sob-a-sombra-fascista\/\"]}]},{\"@type\":\"ImageObject\",\"inLanguage\":\"pt-BR\",\"@id\":\"https:\/\/www.notibras.com\/site\/portugal-vai-as-urnas-sob-a-sombra-fascista\/#primaryimage\",\"url\":\"https:\/\/www.notibras.com\/site\/wp-content\/uploads\/2026\/01\/img_1280x720uu2025-05-19-00-52-06-2363848.webp\",\"contentUrl\":\"https:\/\/www.notibras.com\/site\/wp-content\/uploads\/2026\/01\/img_1280x720uu2025-05-19-00-52-06-2363848.webp\",\"width\":1280,\"height\":720},{\"@type\":\"BreadcrumbList\",\"@id\":\"https:\/\/www.notibras.com\/site\/portugal-vai-as-urnas-sob-a-sombra-fascista\/#breadcrumb\",\"itemListElement\":[{\"@type\":\"ListItem\",\"position\":1,\"name\":\"In\u00edcio\",\"item\":\"https:\/\/www.notibras.com\/site\/\"},{\"@type\":\"ListItem\",\"position\":2,\"name\":\"Portugal vai \u00e0s urnas sob a sombra fascista\"}]},{\"@type\":\"WebSite\",\"@id\":\"https:\/\/www.notibras.com\/site\/#website\",\"url\":\"https:\/\/www.notibras.com\/site\/\",\"name\":\"Notibras\",\"description\":\"Not\u00edcias de Bras\u00edlia, do Brasil e do Mundo\",\"publisher\":{\"@id\":\"https:\/\/www.notibras.com\/site\/#organization\"},\"potentialAction\":[{\"@type\":\"SearchAction\",\"target\":{\"@type\":\"EntryPoint\",\"urlTemplate\":\"https:\/\/www.notibras.com\/site\/?s={search_term_string}\"},\"query-input\":{\"@type\":\"PropertyValueSpecification\",\"valueRequired\":true,\"valueName\":\"search_term_string\"}}],\"inLanguage\":\"pt-BR\"},{\"@type\":\"Organization\",\"@id\":\"https:\/\/www.notibras.com\/site\/#organization\",\"name\":\"Grupo Notibras de Comunica\u00e7\u00e3o\",\"url\":\"https:\/\/www.notibras.com\/site\/\",\"logo\":{\"@type\":\"ImageObject\",\"inLanguage\":\"pt-BR\",\"@id\":\"https:\/\/www.notibras.com\/site\/#\/schema\/logo\/image\/\",\"url\":\"https:\/\/www.notibras.com\/site\/wp-content\/uploads\/2023\/01\/notibras23.png\",\"contentUrl\":\"https:\/\/www.notibras.com\/site\/wp-content\/uploads\/2023\/01\/notibras23.png\",\"width\":350,\"height\":87,\"caption\":\"Grupo Notibras de Comunica\u00e7\u00e3o\"},\"image\":{\"@id\":\"https:\/\/www.notibras.com\/site\/#\/schema\/logo\/image\/\"},\"sameAs\":[\"https:\/\/www.facebook.com\/notibras\/\",\"https:\/\/x.com\/Notibras\",\"https:\/\/www.instagram.com\/notibras\/\"]},{\"@type\":\"Person\",\"@id\":\"https:\/\/www.notibras.com\/site\/#\/schema\/person\/36ab0979449956132d3e5b517ea76ac8\",\"name\":\"Reda\u00e7\u00e3o\",\"image\":{\"@type\":\"ImageObject\",\"inLanguage\":\"pt-BR\",\"@id\":\"https:\/\/secure.gravatar.com\/avatar\/e0a867bdedb85fd243eadf09663511f96fc81e0720a4a42581f334ad4303aa6b?s=96&d=mm&r=g\",\"url\":\"https:\/\/secure.gravatar.com\/avatar\/e0a867bdedb85fd243eadf09663511f96fc81e0720a4a42581f334ad4303aa6b?s=96&d=mm&r=g\",\"contentUrl\":\"https:\/\/secure.gravatar.com\/avatar\/e0a867bdedb85fd243eadf09663511f96fc81e0720a4a42581f334ad4303aa6b?s=96&d=mm&r=g\",\"caption\":\"Reda\u00e7\u00e3o\"}}]}<\/script>\n<!-- \/ Yoast SEO plugin. -->","yoast_head_json":{"title":"Portugal vai \u00e0s urnas sob a sombra fascista - Notibras","robots":{"index":"index","follow":"follow","max-snippet":"max-snippet:-1","max-image-preview":"max-image-preview:large","max-video-preview":"max-video-preview:-1"},"canonical":"https:\/\/www.notibras.com\/site\/portugal-vai-as-urnas-sob-a-sombra-fascista\/","og_locale":"pt_BR","og_type":"article","og_title":"Portugal vai \u00e0s urnas sob a sombra fascista - Notibras","og_description":"No domingo, 18, os eleitores portugueses v\u00e3o novamente \u00e0s urnas, desta vez para escolher o pr\u00f3ximo presidente ou presidenta da Rep\u00fablica para um mandato de cinco anos. A ocorr\u00eancia de diversas elei\u00e7\u00f5es em Portugal \u00e9 uma caracter\u00edstica de regimes parlamentaristas, onde o parlamento se dissolve quando o governo cai, e realizam-se novas elei\u00e7\u00f5es parlamentares. Nos [&hellip;]","og_url":"https:\/\/www.notibras.com\/site\/portugal-vai-as-urnas-sob-a-sombra-fascista\/","og_site_name":"Notibras","article_publisher":"https:\/\/www.facebook.com\/notibras\/","article_published_time":"2026-01-15T05:51:48+00:00","article_modified_time":"2026-01-15T05:55:07+00:00","og_image":[{"width":1280,"height":720,"url":"https:\/\/www.notibras.com\/site\/wp-content\/uploads\/2026\/01\/img_1280x720uu2025-05-19-00-52-06-2363848.webp","type":"image\/webp"}],"author":"Reda\u00e7\u00e3o","twitter_card":"summary_large_image","twitter_creator":"@Notibras","twitter_site":"@Notibras","twitter_misc":{"Escrito por":"Reda\u00e7\u00e3o","Est. tempo de leitura":"3 minutos"},"schema":{"@context":"https:\/\/schema.org","@graph":[{"@type":"Article","@id":"https:\/\/www.notibras.com\/site\/portugal-vai-as-urnas-sob-a-sombra-fascista\/#article","isPartOf":{"@id":"https:\/\/www.notibras.com\/site\/portugal-vai-as-urnas-sob-a-sombra-fascista\/"},"author":{"name":"Reda\u00e7\u00e3o","@id":"https:\/\/www.notibras.com\/site\/#\/schema\/person\/36ab0979449956132d3e5b517ea76ac8"},"headline":"Portugal vai \u00e0s urnas sob a sombra fascista","datePublished":"2026-01-15T05:51:48+00:00","dateModified":"2026-01-15T05:55:07+00:00","mainEntityOfPage":{"@id":"https:\/\/www.notibras.com\/site\/portugal-vai-as-urnas-sob-a-sombra-fascista\/"},"wordCount":439,"publisher":{"@id":"https:\/\/www.notibras.com\/site\/#organization"},"image":{"@id":"https:\/\/www.notibras.com\/site\/portugal-vai-as-urnas-sob-a-sombra-fascista\/#primaryimage"},"thumbnailUrl":"https:\/\/www.notibras.com\/site\/wp-content\/uploads\/2026\/01\/img_1280x720uu2025-05-19-00-52-06-2363848.webp","keywords":["capa"],"articleSection":["Ponto de Vista"],"inLanguage":"pt-BR"},{"@type":"WebPage","@id":"https:\/\/www.notibras.com\/site\/portugal-vai-as-urnas-sob-a-sombra-fascista\/","url":"https:\/\/www.notibras.com\/site\/portugal-vai-as-urnas-sob-a-sombra-fascista\/","name":"Portugal vai \u00e0s urnas sob a sombra fascista - Notibras","isPartOf":{"@id":"https:\/\/www.notibras.com\/site\/#website"},"primaryImageOfPage":{"@id":"https:\/\/www.notibras.com\/site\/portugal-vai-as-urnas-sob-a-sombra-fascista\/#primaryimage"},"image":{"@id":"https:\/\/www.notibras.com\/site\/portugal-vai-as-urnas-sob-a-sombra-fascista\/#primaryimage"},"thumbnailUrl":"https:\/\/www.notibras.com\/site\/wp-content\/uploads\/2026\/01\/img_1280x720uu2025-05-19-00-52-06-2363848.webp","datePublished":"2026-01-15T05:51:48+00:00","dateModified":"2026-01-15T05:55:07+00:00","breadcrumb":{"@id":"https:\/\/www.notibras.com\/site\/portugal-vai-as-urnas-sob-a-sombra-fascista\/#breadcrumb"},"inLanguage":"pt-BR","potentialAction":[{"@type":"ReadAction","target":["https:\/\/www.notibras.com\/site\/portugal-vai-as-urnas-sob-a-sombra-fascista\/"]}]},{"@type":"ImageObject","inLanguage":"pt-BR","@id":"https:\/\/www.notibras.com\/site\/portugal-vai-as-urnas-sob-a-sombra-fascista\/#primaryimage","url":"https:\/\/www.notibras.com\/site\/wp-content\/uploads\/2026\/01\/img_1280x720uu2025-05-19-00-52-06-2363848.webp","contentUrl":"https:\/\/www.notibras.com\/site\/wp-content\/uploads\/2026\/01\/img_1280x720uu2025-05-19-00-52-06-2363848.webp","width":1280,"height":720},{"@type":"BreadcrumbList","@id":"https:\/\/www.notibras.com\/site\/portugal-vai-as-urnas-sob-a-sombra-fascista\/#breadcrumb","itemListElement":[{"@type":"ListItem","position":1,"name":"In\u00edcio","item":"https:\/\/www.notibras.com\/site\/"},{"@type":"ListItem","position":2,"name":"Portugal vai \u00e0s urnas sob a sombra fascista"}]},{"@type":"WebSite","@id":"https:\/\/www.notibras.com\/site\/#website","url":"https:\/\/www.notibras.com\/site\/","name":"Notibras","description":"Not\u00edcias de Bras\u00edlia, do Brasil e do Mundo","publisher":{"@id":"https:\/\/www.notibras.com\/site\/#organization"},"potentialAction":[{"@type":"SearchAction","target":{"@type":"EntryPoint","urlTemplate":"https:\/\/www.notibras.com\/site\/?s={search_term_string}"},"query-input":{"@type":"PropertyValueSpecification","valueRequired":true,"valueName":"search_term_string"}}],"inLanguage":"pt-BR"},{"@type":"Organization","@id":"https:\/\/www.notibras.com\/site\/#organization","name":"Grupo Notibras de Comunica\u00e7\u00e3o","url":"https:\/\/www.notibras.com\/site\/","logo":{"@type":"ImageObject","inLanguage":"pt-BR","@id":"https:\/\/www.notibras.com\/site\/#\/schema\/logo\/image\/","url":"https:\/\/www.notibras.com\/site\/wp-content\/uploads\/2023\/01\/notibras23.png","contentUrl":"https:\/\/www.notibras.com\/site\/wp-content\/uploads\/2023\/01\/notibras23.png","width":350,"height":87,"caption":"Grupo Notibras de Comunica\u00e7\u00e3o"},"image":{"@id":"https:\/\/www.notibras.com\/site\/#\/schema\/logo\/image\/"},"sameAs":["https:\/\/www.facebook.com\/notibras\/","https:\/\/x.com\/Notibras","https:\/\/www.instagram.com\/notibras\/"]},{"@type":"Person","@id":"https:\/\/www.notibras.com\/site\/#\/schema\/person\/36ab0979449956132d3e5b517ea76ac8","name":"Reda\u00e7\u00e3o","image":{"@type":"ImageObject","inLanguage":"pt-BR","@id":"https:\/\/secure.gravatar.com\/avatar\/e0a867bdedb85fd243eadf09663511f96fc81e0720a4a42581f334ad4303aa6b?s=96&d=mm&r=g","url":"https:\/\/secure.gravatar.com\/avatar\/e0a867bdedb85fd243eadf09663511f96fc81e0720a4a42581f334ad4303aa6b?s=96&d=mm&r=g","contentUrl":"https:\/\/secure.gravatar.com\/avatar\/e0a867bdedb85fd243eadf09663511f96fc81e0720a4a42581f334ad4303aa6b?s=96&d=mm&r=g","caption":"Reda\u00e7\u00e3o"}}]}},"amp_enabled":true,"_links":{"self":[{"href":"https:\/\/www.notibras.com\/site\/wp-json\/wp\/v2\/posts\/379096","targetHints":{"allow":["GET"]}}],"collection":[{"href":"https:\/\/www.notibras.com\/site\/wp-json\/wp\/v2\/posts"}],"about":[{"href":"https:\/\/www.notibras.com\/site\/wp-json\/wp\/v2\/types\/post"}],"author":[{"embeddable":true,"href":"https:\/\/www.notibras.com\/site\/wp-json\/wp\/v2\/users\/2"}],"replies":[{"embeddable":true,"href":"https:\/\/www.notibras.com\/site\/wp-json\/wp\/v2\/comments?post=379096"}],"version-history":[{"count":3,"href":"https:\/\/www.notibras.com\/site\/wp-json\/wp\/v2\/posts\/379096\/revisions"}],"predecessor-version":[{"id":379100,"href":"https:\/\/www.notibras.com\/site\/wp-json\/wp\/v2\/posts\/379096\/revisions\/379100"}],"wp:featuredmedia":[{"embeddable":true,"href":"https:\/\/www.notibras.com\/site\/wp-json\/wp\/v2\/media\/379097"}],"wp:attachment":[{"href":"https:\/\/www.notibras.com\/site\/wp-json\/wp\/v2\/media?parent=379096"}],"wp:term":[{"taxonomy":"category","embeddable":true,"href":"https:\/\/www.notibras.com\/site\/wp-json\/wp\/v2\/categories?post=379096"},{"taxonomy":"post_tag","embeddable":true,"href":"https:\/\/www.notibras.com\/site\/wp-json\/wp\/v2\/tags?post=379096"}],"curies":[{"name":"wp","href":"https:\/\/api.w.org\/{rel}","templated":true}]}}