{"id":379101,"date":"2026-01-15T03:35:02","date_gmt":"2026-01-15T06:35:02","guid":{"rendered":"https:\/\/www.notibras.com\/site\/?p=379101"},"modified":"2026-01-15T03:35:02","modified_gmt":"2026-01-15T06:35:02","slug":"vestibular-cobrara-obras-indigenas-e-quadrinhos","status":"publish","type":"post","link":"https:\/\/www.notibras.com\/site\/vestibular-cobrara-obras-indigenas-e-quadrinhos\/","title":{"rendered":"Vestibular cobrar\u00e1 obras ind\u00edgenas e quadrinhos"},"content":{"rendered":"<p>A Universidade de S\u00e3o Paulo (USP) divulgou as obras de literatura para leitura obrigat\u00f3ria que ser\u00e1 cobrada dos vestibulandos nos exames de 2030 a 2033. A lista traz mudan\u00e7as em rela\u00e7\u00e3o aos autores do ciclo 2026-2029 e amplia g\u00eaneros liter\u00e1rios e a origem dos autores.<\/p>\n<p>A nova rela\u00e7\u00e3o foi aprovada em reuni\u00e3o do Conselho de Gradua\u00e7\u00e3o da universidade, por unanimidade, e traz o retorno de obras de teatro como refer\u00eancia, g\u00eanero que esteve de fora nos \u00faltimos exames, al\u00e9m de incluir os quadrinhos, por meio de uma graphic novel (romance gr\u00e1fico).<\/p>\n<p>Ser\u00e1 a primeira vez que os autores ind\u00edgenas ser\u00e3o cobrados na Fuvest, com a obra Origin\u00e1rias: uma Antologia Feminina de Literatura Ind\u00edgena, uma colet\u00e2nea de contos de Trudru\u00e1 Dorrico e Maur\u00edcio Negro, no bi\u00eanio 2030-2031, e Fantasmas, de Daniel Munduruku, para 2032-2033.<\/p>\n<p>&#8220;Temos a preocupa\u00e7\u00e3o de trazer vis\u00f5es mais contempor\u00e2neas, abordando um espectro de problemas mais amplo e favorecendo a avalia\u00e7\u00e3o comparativa entre escolas liter\u00e1rias e as pr\u00f3prias obras&#8221;, explicou o diretor executivo da Funda\u00e7\u00e3o para o Vestibular (Fuvest) Gustavo Monaco.<\/p>\n<p>A abordagem, que tem sido o tom tanto na Fuvest quanto em outros vestibulares e no pr\u00f3prio Exame Nacional do Ensino M\u00e9dio (Enem), vem de uma percep\u00e7\u00e3o que Monaco resume como a de que o conhecimento \u00e9 fracionado apenas por raz\u00f5es did\u00e1ticas. Ele destaca a import\u00e2ncia de os estudantes que chegam \u00e0 universidade serem capazes de estabelecer rela\u00e7\u00f5es entre essas concep\u00e7\u00f5es e narrativas diferentes.<\/p>\n<p>A amplia\u00e7\u00e3o tamb\u00e9m impacta a corre\u00e7\u00e3o das quest\u00f5es. A banca de portugu\u00eas \u00e9 a maior da Fuvest, pois todos os candidatos da segunda fase fazem a prova, e s\u00e3o cerca de 30 mil pessoas. Metade das quest\u00f5es envolve literatura, e a corre\u00e7\u00e3o delas cabe a professores da USP, doutorandos, ex-alunos de doutorados e alunos de p\u00f3s-doutorado. Com a amplia\u00e7\u00e3o, cresce a complexidade das perguntas, e tamb\u00e9m das respostas.<\/p>\n<p>&#8220;Tem sido mais comum, durante a corre\u00e7\u00e3o, que surjam debates, pois algumas respostas trazem novas formas de pensar os temas, com abordagens que levam a pensar novas formas de compara\u00e7\u00e3o&#8221;, comenta Monaco.<\/p>\n<p>A lista amplia a retomada de autores masculinos, j\u00e1 que as obras cobradas entre 2026 e 2028 tinham somente autoras, e manter\u00e1 a paridade de g\u00eaneros.<\/p>\n<p><strong>Confira a lista de obras:<\/strong><br \/>\nLista de livros para 2030 e 2031<\/p>\n<p>La\u00e7os de Fam\u00edlia, Clarice Lispector (contos)<br \/>\nOrigin\u00e1rias: uma Antologia Feminina de Literatura Ind\u00edgena, Trudru\u00e1 Dorrico e Maur\u00edcio Negro (contos)<br \/>\nA Morat\u00f3ria, Jorge Andrade (teatro)<br \/>\nUma Faca s\u00f3 L\u00e2mina, Jo\u00e3o Cabral de Melo Neto (poesia)<br \/>\nBeco do Ros\u00e1rio, Ana Luiza Koehler (graphic novel)<br \/>\nEsa\u00fa e Jac\u00f3, Machado de Assis (romance)<br \/>\nMemorial do Convento, Jos\u00e9 Saramago (romance)<br \/>\nA Ilha Fant\u00e1stica, Germano Almeida (romance)<br \/>\nQuarto de Despejo, Carolina Maria de Jesus (romance)<br \/>\nLista de livros para 2032 e 2033<\/p>\n<p>La\u00e7os de Fam\u00edlia, Clarice Lispector (contos)<br \/>\nOrfeu da Concei\u00e7\u00e3o, Vinicius de Moraes (teatro)<br \/>\nUma Faca s\u00f3 L\u00e2mina, Jo\u00e3o Cabral de Melo Neto (poesia)<br \/>\nBeco do Ros\u00e1rio, Ana Luiza Koehler (graphic novel)<br \/>\n\u00darsula, Maria Firmina dos Reis (romance)<br \/>\nEsa\u00fa e Jac\u00f3, Machado de Assis (romance)<br \/>\nO Plantador de Ab\u00f3boras, Lu\u00eds Cardoso (romance)<br \/>\nCasa de Fam\u00edlia, Paula F\u00e1brio (romance)<br \/>\nFantasmas, Daniel Munduruku (romance)<\/p>\n","protected":false},"excerpt":{"rendered":"<p>A Universidade de S\u00e3o Paulo (USP) divulgou as obras de literatura para leitura obrigat\u00f3ria que ser\u00e1 cobrada dos vestibulandos nos exames de 2030 a 2033. A lista traz mudan\u00e7as em rela\u00e7\u00e3o aos autores do ciclo 2026-2029 e amplia g\u00eaneros liter\u00e1rios e a origem dos autores. A nova rela\u00e7\u00e3o foi aprovada em reuni\u00e3o do Conselho de [&hellip;]<\/p>\n","protected":false},"author":2,"featured_media":379102,"comment_status":"closed","ping_status":"closed","sticky":false,"template":"","format":"standard","meta":{"_acf_changed":false,"footnotes":""},"categories":[155],"tags":[],"class_list":["post-379101","post","type-post","status-publish","format-standard","has-post-thumbnail","hentry","category-leitura-vip"],"acf":[],"yoast_head":"<!-- This site is optimized with the Yoast SEO plugin v27.2 - https:\/\/yoast.com\/product\/yoast-seo-wordpress\/ -->\n<title>Vestibular cobrar\u00e1 obras ind\u00edgenas e quadrinhos - Notibras<\/title>\n<meta name=\"robots\" content=\"index, follow, max-snippet:-1, max-image-preview:large, max-video-preview:-1\" \/>\n<link rel=\"canonical\" href=\"https:\/\/www.notibras.com\/site\/vestibular-cobrara-obras-indigenas-e-quadrinhos\/\" \/>\n<meta property=\"og:locale\" content=\"pt_BR\" \/>\n<meta property=\"og:type\" content=\"article\" \/>\n<meta property=\"og:title\" content=\"Vestibular cobrar\u00e1 obras ind\u00edgenas e quadrinhos - Notibras\" \/>\n<meta property=\"og:description\" content=\"A Universidade de S\u00e3o Paulo (USP) divulgou as obras de literatura para leitura obrigat\u00f3ria que ser\u00e1 cobrada dos vestibulandos nos exames de 2030 a 2033. A lista traz mudan\u00e7as em rela\u00e7\u00e3o aos autores do ciclo 2026-2029 e amplia g\u00eaneros liter\u00e1rios e a origem dos autores. A nova rela\u00e7\u00e3o foi aprovada em reuni\u00e3o do Conselho de [&hellip;]\" \/>\n<meta property=\"og:url\" content=\"https:\/\/www.notibras.com\/site\/vestibular-cobrara-obras-indigenas-e-quadrinhos\/\" \/>\n<meta property=\"og:site_name\" content=\"Notibras\" \/>\n<meta property=\"article:publisher\" content=\"https:\/\/www.facebook.com\/notibras\/\" \/>\n<meta property=\"article:published_time\" content=\"2026-01-15T06:35:02+00:00\" \/>\n<meta property=\"og:image\" content=\"https:\/\/www.notibras.com\/site\/wp-content\/uploads\/2026\/01\/rbr7101.jpg\" \/>\n\t<meta property=\"og:image:width\" content=\"1170\" \/>\n\t<meta property=\"og:image:height\" content=\"700\" \/>\n\t<meta property=\"og:image:type\" content=\"image\/jpeg\" \/>\n<meta name=\"author\" content=\"Reda\u00e7\u00e3o\" \/>\n<meta name=\"twitter:card\" content=\"summary_large_image\" \/>\n<meta name=\"twitter:creator\" content=\"@Notibras\" \/>\n<meta name=\"twitter:site\" content=\"@Notibras\" \/>\n<meta name=\"twitter:label1\" content=\"Escrito por\" \/>\n\t<meta name=\"twitter:data1\" content=\"Reda\u00e7\u00e3o\" \/>\n\t<meta name=\"twitter:label2\" content=\"Est. tempo de leitura\" \/>\n\t<meta name=\"twitter:data2\" content=\"4 minutos\" \/>\n<script type=\"application\/ld+json\" class=\"yoast-schema-graph\">{\"@context\":\"https:\/\/schema.org\",\"@graph\":[{\"@type\":\"Article\",\"@id\":\"https:\/\/www.notibras.com\/site\/vestibular-cobrara-obras-indigenas-e-quadrinhos\/#article\",\"isPartOf\":{\"@id\":\"https:\/\/www.notibras.com\/site\/vestibular-cobrara-obras-indigenas-e-quadrinhos\/\"},\"author\":{\"name\":\"Reda\u00e7\u00e3o\",\"@id\":\"https:\/\/www.notibras.com\/site\/#\/schema\/person\/36ab0979449956132d3e5b517ea76ac8\"},\"headline\":\"Vestibular cobrar\u00e1 obras ind\u00edgenas e quadrinhos\",\"datePublished\":\"2026-01-15T06:35:02+00:00\",\"mainEntityOfPage\":{\"@id\":\"https:\/\/www.notibras.com\/site\/vestibular-cobrara-obras-indigenas-e-quadrinhos\/\"},\"wordCount\":575,\"publisher\":{\"@id\":\"https:\/\/www.notibras.com\/site\/#organization\"},\"image\":{\"@id\":\"https:\/\/www.notibras.com\/site\/vestibular-cobrara-obras-indigenas-e-quadrinhos\/#primaryimage\"},\"thumbnailUrl\":\"https:\/\/www.notibras.com\/site\/wp-content\/uploads\/2026\/01\/rbr7101.jpg\",\"articleSection\":[\"Leitura Vip\"],\"inLanguage\":\"pt-BR\"},{\"@type\":\"WebPage\",\"@id\":\"https:\/\/www.notibras.com\/site\/vestibular-cobrara-obras-indigenas-e-quadrinhos\/\",\"url\":\"https:\/\/www.notibras.com\/site\/vestibular-cobrara-obras-indigenas-e-quadrinhos\/\",\"name\":\"Vestibular cobrar\u00e1 obras ind\u00edgenas e quadrinhos - Notibras\",\"isPartOf\":{\"@id\":\"https:\/\/www.notibras.com\/site\/#website\"},\"primaryImageOfPage\":{\"@id\":\"https:\/\/www.notibras.com\/site\/vestibular-cobrara-obras-indigenas-e-quadrinhos\/#primaryimage\"},\"image\":{\"@id\":\"https:\/\/www.notibras.com\/site\/vestibular-cobrara-obras-indigenas-e-quadrinhos\/#primaryimage\"},\"thumbnailUrl\":\"https:\/\/www.notibras.com\/site\/wp-content\/uploads\/2026\/01\/rbr7101.jpg\",\"datePublished\":\"2026-01-15T06:35:02+00:00\",\"breadcrumb\":{\"@id\":\"https:\/\/www.notibras.com\/site\/vestibular-cobrara-obras-indigenas-e-quadrinhos\/#breadcrumb\"},\"inLanguage\":\"pt-BR\",\"potentialAction\":[{\"@type\":\"ReadAction\",\"target\":[\"https:\/\/www.notibras.com\/site\/vestibular-cobrara-obras-indigenas-e-quadrinhos\/\"]}]},{\"@type\":\"ImageObject\",\"inLanguage\":\"pt-BR\",\"@id\":\"https:\/\/www.notibras.com\/site\/vestibular-cobrara-obras-indigenas-e-quadrinhos\/#primaryimage\",\"url\":\"https:\/\/www.notibras.com\/site\/wp-content\/uploads\/2026\/01\/rbr7101.jpg\",\"contentUrl\":\"https:\/\/www.notibras.com\/site\/wp-content\/uploads\/2026\/01\/rbr7101.jpg\",\"width\":1170,\"height\":700},{\"@type\":\"BreadcrumbList\",\"@id\":\"https:\/\/www.notibras.com\/site\/vestibular-cobrara-obras-indigenas-e-quadrinhos\/#breadcrumb\",\"itemListElement\":[{\"@type\":\"ListItem\",\"position\":1,\"name\":\"In\u00edcio\",\"item\":\"https:\/\/www.notibras.com\/site\/\"},{\"@type\":\"ListItem\",\"position\":2,\"name\":\"Vestibular cobrar\u00e1 obras ind\u00edgenas e quadrinhos\"}]},{\"@type\":\"WebSite\",\"@id\":\"https:\/\/www.notibras.com\/site\/#website\",\"url\":\"https:\/\/www.notibras.com\/site\/\",\"name\":\"Notibras\",\"description\":\"Not\u00edcias de Bras\u00edlia, do Brasil e do Mundo\",\"publisher\":{\"@id\":\"https:\/\/www.notibras.com\/site\/#organization\"},\"potentialAction\":[{\"@type\":\"SearchAction\",\"target\":{\"@type\":\"EntryPoint\",\"urlTemplate\":\"https:\/\/www.notibras.com\/site\/?s={search_term_string}\"},\"query-input\":{\"@type\":\"PropertyValueSpecification\",\"valueRequired\":true,\"valueName\":\"search_term_string\"}}],\"inLanguage\":\"pt-BR\"},{\"@type\":\"Organization\",\"@id\":\"https:\/\/www.notibras.com\/site\/#organization\",\"name\":\"Grupo Notibras de Comunica\u00e7\u00e3o\",\"url\":\"https:\/\/www.notibras.com\/site\/\",\"logo\":{\"@type\":\"ImageObject\",\"inLanguage\":\"pt-BR\",\"@id\":\"https:\/\/www.notibras.com\/site\/#\/schema\/logo\/image\/\",\"url\":\"https:\/\/www.notibras.com\/site\/wp-content\/uploads\/2023\/01\/notibras23.png\",\"contentUrl\":\"https:\/\/www.notibras.com\/site\/wp-content\/uploads\/2023\/01\/notibras23.png\",\"width\":350,\"height\":87,\"caption\":\"Grupo Notibras de Comunica\u00e7\u00e3o\"},\"image\":{\"@id\":\"https:\/\/www.notibras.com\/site\/#\/schema\/logo\/image\/\"},\"sameAs\":[\"https:\/\/www.facebook.com\/notibras\/\",\"https:\/\/x.com\/Notibras\",\"https:\/\/www.instagram.com\/notibras\/\"]},{\"@type\":\"Person\",\"@id\":\"https:\/\/www.notibras.com\/site\/#\/schema\/person\/36ab0979449956132d3e5b517ea76ac8\",\"name\":\"Reda\u00e7\u00e3o\",\"image\":{\"@type\":\"ImageObject\",\"inLanguage\":\"pt-BR\",\"@id\":\"https:\/\/secure.gravatar.com\/avatar\/e0a867bdedb85fd243eadf09663511f96fc81e0720a4a42581f334ad4303aa6b?s=96&d=mm&r=g\",\"url\":\"https:\/\/secure.gravatar.com\/avatar\/e0a867bdedb85fd243eadf09663511f96fc81e0720a4a42581f334ad4303aa6b?s=96&d=mm&r=g\",\"contentUrl\":\"https:\/\/secure.gravatar.com\/avatar\/e0a867bdedb85fd243eadf09663511f96fc81e0720a4a42581f334ad4303aa6b?s=96&d=mm&r=g\",\"caption\":\"Reda\u00e7\u00e3o\"}}]}<\/script>\n<!-- \/ Yoast SEO plugin. -->","yoast_head_json":{"title":"Vestibular cobrar\u00e1 obras ind\u00edgenas e quadrinhos - Notibras","robots":{"index":"index","follow":"follow","max-snippet":"max-snippet:-1","max-image-preview":"max-image-preview:large","max-video-preview":"max-video-preview:-1"},"canonical":"https:\/\/www.notibras.com\/site\/vestibular-cobrara-obras-indigenas-e-quadrinhos\/","og_locale":"pt_BR","og_type":"article","og_title":"Vestibular cobrar\u00e1 obras ind\u00edgenas e quadrinhos - Notibras","og_description":"A Universidade de S\u00e3o Paulo (USP) divulgou as obras de literatura para leitura obrigat\u00f3ria que ser\u00e1 cobrada dos vestibulandos nos exames de 2030 a 2033. A lista traz mudan\u00e7as em rela\u00e7\u00e3o aos autores do ciclo 2026-2029 e amplia g\u00eaneros liter\u00e1rios e a origem dos autores. A nova rela\u00e7\u00e3o foi aprovada em reuni\u00e3o do Conselho de [&hellip;]","og_url":"https:\/\/www.notibras.com\/site\/vestibular-cobrara-obras-indigenas-e-quadrinhos\/","og_site_name":"Notibras","article_publisher":"https:\/\/www.facebook.com\/notibras\/","article_published_time":"2026-01-15T06:35:02+00:00","og_image":[{"width":1170,"height":700,"url":"https:\/\/www.notibras.com\/site\/wp-content\/uploads\/2026\/01\/rbr7101.jpg","type":"image\/jpeg"}],"author":"Reda\u00e7\u00e3o","twitter_card":"summary_large_image","twitter_creator":"@Notibras","twitter_site":"@Notibras","twitter_misc":{"Escrito por":"Reda\u00e7\u00e3o","Est. tempo de leitura":"4 minutos"},"schema":{"@context":"https:\/\/schema.org","@graph":[{"@type":"Article","@id":"https:\/\/www.notibras.com\/site\/vestibular-cobrara-obras-indigenas-e-quadrinhos\/#article","isPartOf":{"@id":"https:\/\/www.notibras.com\/site\/vestibular-cobrara-obras-indigenas-e-quadrinhos\/"},"author":{"name":"Reda\u00e7\u00e3o","@id":"https:\/\/www.notibras.com\/site\/#\/schema\/person\/36ab0979449956132d3e5b517ea76ac8"},"headline":"Vestibular cobrar\u00e1 obras ind\u00edgenas e quadrinhos","datePublished":"2026-01-15T06:35:02+00:00","mainEntityOfPage":{"@id":"https:\/\/www.notibras.com\/site\/vestibular-cobrara-obras-indigenas-e-quadrinhos\/"},"wordCount":575,"publisher":{"@id":"https:\/\/www.notibras.com\/site\/#organization"},"image":{"@id":"https:\/\/www.notibras.com\/site\/vestibular-cobrara-obras-indigenas-e-quadrinhos\/#primaryimage"},"thumbnailUrl":"https:\/\/www.notibras.com\/site\/wp-content\/uploads\/2026\/01\/rbr7101.jpg","articleSection":["Leitura Vip"],"inLanguage":"pt-BR"},{"@type":"WebPage","@id":"https:\/\/www.notibras.com\/site\/vestibular-cobrara-obras-indigenas-e-quadrinhos\/","url":"https:\/\/www.notibras.com\/site\/vestibular-cobrara-obras-indigenas-e-quadrinhos\/","name":"Vestibular cobrar\u00e1 obras ind\u00edgenas e quadrinhos - Notibras","isPartOf":{"@id":"https:\/\/www.notibras.com\/site\/#website"},"primaryImageOfPage":{"@id":"https:\/\/www.notibras.com\/site\/vestibular-cobrara-obras-indigenas-e-quadrinhos\/#primaryimage"},"image":{"@id":"https:\/\/www.notibras.com\/site\/vestibular-cobrara-obras-indigenas-e-quadrinhos\/#primaryimage"},"thumbnailUrl":"https:\/\/www.notibras.com\/site\/wp-content\/uploads\/2026\/01\/rbr7101.jpg","datePublished":"2026-01-15T06:35:02+00:00","breadcrumb":{"@id":"https:\/\/www.notibras.com\/site\/vestibular-cobrara-obras-indigenas-e-quadrinhos\/#breadcrumb"},"inLanguage":"pt-BR","potentialAction":[{"@type":"ReadAction","target":["https:\/\/www.notibras.com\/site\/vestibular-cobrara-obras-indigenas-e-quadrinhos\/"]}]},{"@type":"ImageObject","inLanguage":"pt-BR","@id":"https:\/\/www.notibras.com\/site\/vestibular-cobrara-obras-indigenas-e-quadrinhos\/#primaryimage","url":"https:\/\/www.notibras.com\/site\/wp-content\/uploads\/2026\/01\/rbr7101.jpg","contentUrl":"https:\/\/www.notibras.com\/site\/wp-content\/uploads\/2026\/01\/rbr7101.jpg","width":1170,"height":700},{"@type":"BreadcrumbList","@id":"https:\/\/www.notibras.com\/site\/vestibular-cobrara-obras-indigenas-e-quadrinhos\/#breadcrumb","itemListElement":[{"@type":"ListItem","position":1,"name":"In\u00edcio","item":"https:\/\/www.notibras.com\/site\/"},{"@type":"ListItem","position":2,"name":"Vestibular cobrar\u00e1 obras ind\u00edgenas e quadrinhos"}]},{"@type":"WebSite","@id":"https:\/\/www.notibras.com\/site\/#website","url":"https:\/\/www.notibras.com\/site\/","name":"Notibras","description":"Not\u00edcias de Bras\u00edlia, do Brasil e do Mundo","publisher":{"@id":"https:\/\/www.notibras.com\/site\/#organization"},"potentialAction":[{"@type":"SearchAction","target":{"@type":"EntryPoint","urlTemplate":"https:\/\/www.notibras.com\/site\/?s={search_term_string}"},"query-input":{"@type":"PropertyValueSpecification","valueRequired":true,"valueName":"search_term_string"}}],"inLanguage":"pt-BR"},{"@type":"Organization","@id":"https:\/\/www.notibras.com\/site\/#organization","name":"Grupo Notibras de Comunica\u00e7\u00e3o","url":"https:\/\/www.notibras.com\/site\/","logo":{"@type":"ImageObject","inLanguage":"pt-BR","@id":"https:\/\/www.notibras.com\/site\/#\/schema\/logo\/image\/","url":"https:\/\/www.notibras.com\/site\/wp-content\/uploads\/2023\/01\/notibras23.png","contentUrl":"https:\/\/www.notibras.com\/site\/wp-content\/uploads\/2023\/01\/notibras23.png","width":350,"height":87,"caption":"Grupo Notibras de Comunica\u00e7\u00e3o"},"image":{"@id":"https:\/\/www.notibras.com\/site\/#\/schema\/logo\/image\/"},"sameAs":["https:\/\/www.facebook.com\/notibras\/","https:\/\/x.com\/Notibras","https:\/\/www.instagram.com\/notibras\/"]},{"@type":"Person","@id":"https:\/\/www.notibras.com\/site\/#\/schema\/person\/36ab0979449956132d3e5b517ea76ac8","name":"Reda\u00e7\u00e3o","image":{"@type":"ImageObject","inLanguage":"pt-BR","@id":"https:\/\/secure.gravatar.com\/avatar\/e0a867bdedb85fd243eadf09663511f96fc81e0720a4a42581f334ad4303aa6b?s=96&d=mm&r=g","url":"https:\/\/secure.gravatar.com\/avatar\/e0a867bdedb85fd243eadf09663511f96fc81e0720a4a42581f334ad4303aa6b?s=96&d=mm&r=g","contentUrl":"https:\/\/secure.gravatar.com\/avatar\/e0a867bdedb85fd243eadf09663511f96fc81e0720a4a42581f334ad4303aa6b?s=96&d=mm&r=g","caption":"Reda\u00e7\u00e3o"}}]}},"amp_enabled":true,"_links":{"self":[{"href":"https:\/\/www.notibras.com\/site\/wp-json\/wp\/v2\/posts\/379101","targetHints":{"allow":["GET"]}}],"collection":[{"href":"https:\/\/www.notibras.com\/site\/wp-json\/wp\/v2\/posts"}],"about":[{"href":"https:\/\/www.notibras.com\/site\/wp-json\/wp\/v2\/types\/post"}],"author":[{"embeddable":true,"href":"https:\/\/www.notibras.com\/site\/wp-json\/wp\/v2\/users\/2"}],"replies":[{"embeddable":true,"href":"https:\/\/www.notibras.com\/site\/wp-json\/wp\/v2\/comments?post=379101"}],"version-history":[{"count":1,"href":"https:\/\/www.notibras.com\/site\/wp-json\/wp\/v2\/posts\/379101\/revisions"}],"predecessor-version":[{"id":379103,"href":"https:\/\/www.notibras.com\/site\/wp-json\/wp\/v2\/posts\/379101\/revisions\/379103"}],"wp:featuredmedia":[{"embeddable":true,"href":"https:\/\/www.notibras.com\/site\/wp-json\/wp\/v2\/media\/379102"}],"wp:attachment":[{"href":"https:\/\/www.notibras.com\/site\/wp-json\/wp\/v2\/media?parent=379101"}],"wp:term":[{"taxonomy":"category","embeddable":true,"href":"https:\/\/www.notibras.com\/site\/wp-json\/wp\/v2\/categories?post=379101"},{"taxonomy":"post_tag","embeddable":true,"href":"https:\/\/www.notibras.com\/site\/wp-json\/wp\/v2\/tags?post=379101"}],"curies":[{"name":"wp","href":"https:\/\/api.w.org\/{rel}","templated":true}]}}