{"id":379104,"date":"2026-01-15T03:57:52","date_gmt":"2026-01-15T06:57:52","guid":{"rendered":"https:\/\/www.notibras.com\/site\/?p=379104"},"modified":"2026-01-15T03:57:52","modified_gmt":"2026-01-15T06:57:52","slug":"politicos-de-correntes-diversas-comecam-a-se-escorar-em-lula-para-2026","status":"publish","type":"post","link":"https:\/\/www.notibras.com\/site\/politicos-de-correntes-diversas-comecam-a-se-escorar-em-lula-para-2026\/","title":{"rendered":"Pol\u00edticos de correntes diversas come\u00e7am a se escorar em Lula para 2026"},"content":{"rendered":"<p>Independentemente da teimosa ideologiza\u00e7\u00e3o das elei\u00e7\u00f5es gerais deste ano, h\u00e1 um fato que foge da polariza\u00e7\u00e3o idealizada por um amontoado de supostos candidatos presos a estruturas pol\u00edticas que dependem financeira e estruturalmente de outras. Isolados, eles viram presas f\u00e1ceis das siglas simbolicamente consideradas tubar\u00f5es. Por isso, se fecham em blocos na tentativa de se fortalecerem. O problema \u00e9 a submiss\u00e3o aos conceitos, determina\u00e7\u00f5es e interesses regionais, nacionais e pessoais das verdadeiras lideran\u00e7as.<\/p>\n<p>S\u00e3o esses l\u00edderes que criam as normas, d\u00e3o as ordens, as cartas e determinam as a\u00e7\u00f5es no Congresso Nacional, nos governos e parlamentos estaduais e municipais e at\u00e9 no Governo Central. No atual espectro de 32 partidos registrados no Tribunal Superior Eleitoral, somente o PT, o PL e o PP t\u00eam condi\u00e7\u00f5es geopol\u00edticas isoladas de vit\u00f3ria. Embora tenham peso regional, os demais funcionam como ap\u00eandice dos grandes conglomerados partid\u00e1rios. Ou seja, para terem voz, obrigatoriamente a maioria precisa se unir em blocos \u00e0 direita, tamb\u00e9m denominada Centr\u00e3o, e \u00e0 esquerda. Fora disso, as excel\u00eancias n\u00e3o t\u00eam vez.<\/p>\n<p>Hoje, a diferen\u00e7a \u00e9 unilateralmente pessoal. A maioria esmagadora dos que navegam \u00e0 esquerda est\u00e1 fechada com o presidente Luiz In\u00e1cio. Embora sonhem com a futura divis\u00e3o de poder, os tripulantes da nau progressista sabem que, sem Lula, poucos se salvar\u00e3o do naufr\u00e1gio. Dividida at\u00e9 a medula, a direita n\u00e3o se entende, se esfacela e, cada vez mais, chama para seus membros a certeza da descontinuidade pol\u00edtico-administrativa, consequentemente o descr\u00e9dito eleitoral. \u00c9 o experimento do derretimento internacional da direita e da extrema-direita. Embora ainda poderosos, que o digam Donald Trump e Benjamin Netanyahu.<\/p>\n<p>Bom, ruim ou mais ou menos, com ou sem falhas, mas com cr\u00e9dito, o governo Lula tende a se consolidar como a melhor op\u00e7\u00e3o para o pleito de outubro. Parece desproposital, mas a politiza\u00e7\u00e3o da polariza\u00e7\u00e3o isolou muito mais a direita do que a esquerda. O filme\u00a0<i>O Agente Secreto<\/i>\u00a0\u00e9 a prova disso. Em lugar de comemorar as duas premia\u00e7\u00f5es, os que se dizem oposi\u00e7\u00e3o a Luiz In\u00e1cio preferiram se isentar ideologicamente das comemora\u00e7\u00f5es. Perderam a oportunidade de se juntarem a milhares de milh\u00f5es de eleitores brasileiros que vibraram com os dois Globos de Ouro.<\/p>\n<p>Com os n\u00fameros das \u00faltimas pesquisas debaixo do bra\u00e7o, pol\u00edticos de reconhecida robustez e de variadas correntes j\u00e1 se posicionaram para 2026. Presidente da C\u00e2mara dos Deputados, Hugo Motta (Republicanos-PB) faz tempo decidiu se escorar na prov\u00e1vel reelei\u00e7\u00e3o de Lula. Condicionar apoio a \u201cgestos\u201d do Pal\u00e1cio do Planalto em benef\u00edcio de sua base eleitoral faz parte do jogo. Na mesma pegada de Motta e sob a m\u00e1xima de que a pol\u00edtica se constr\u00f3i com reciprocidade, o deputado Airton Lira (PP-AL) e o senador Renan Calheiros (MDB-AL), entre muitos outros, tamb\u00e9m fecharam com o l\u00edder petista. No lado oposto, al\u00e9m da dificuldade de um nome, as mentiras permanecem insustent\u00e1veis.<\/p>\n<p>Candidato da vez, o senador Fl\u00e1vio Bolsonaro confessou publicamente que, caso eleito, dar\u00e1 continuidade ao que fez seu pai, Jair Bolsonaro, isto \u00e9, nada de \u00fatil para o povo brasileiro. Ele e seus seguidores sem nexo acusam Luiz In\u00e1cio de tudo um pouco, mas s\u00e3o incapazes de lembrar que, em 2023, o atual presidente pediu licen\u00e7a ao Congresso para gastar R$ 198 bilh\u00f5es acima do limite constitucional. Em quatro anos de governo, Bolsonaro e Paulo Guedes, ent\u00e3o ministro da Economia, furaram o teto de gastos em R$ 795 bilh\u00f5es. Partindo da premissa de governar voltado para o povo, quem \u00e9 verdadeiramente o desonesto nessa hist\u00f3ria? Para sorte do povo, as pesquisas indicam que Fl\u00e1vio, Tarc\u00edsio e similares morrer\u00e3o sem chegar \u00e0 praia. Os n\u00fameros n\u00e3o mentem.<\/p>\n","protected":false},"excerpt":{"rendered":"<p>Independentemente da teimosa ideologiza\u00e7\u00e3o das elei\u00e7\u00f5es gerais deste ano, h\u00e1 um fato que foge da polariza\u00e7\u00e3o idealizada por um amontoado de supostos candidatos presos a estruturas pol\u00edticas que dependem financeira e estruturalmente de outras. Isolados, eles viram presas f\u00e1ceis das siglas simbolicamente consideradas tubar\u00f5es. Por isso, se fecham em blocos na tentativa de se fortalecerem. [&hellip;]<\/p>\n","protected":false},"author":2,"featured_media":358034,"comment_status":"closed","ping_status":"closed","sticky":false,"template":"","format":"standard","meta":{"_acf_changed":false,"footnotes":""},"categories":[16],"tags":[],"class_list":["post-379104","post","type-post","status-publish","format-standard","has-post-thumbnail","hentry","category-brasil"],"acf":[],"yoast_head":"<!-- This site is optimized with the Yoast SEO plugin v27.2 - https:\/\/yoast.com\/product\/yoast-seo-wordpress\/ -->\n<title>Pol\u00edticos de correntes diversas come\u00e7am a se escorar em Lula para 2026 - Notibras<\/title>\n<meta name=\"robots\" content=\"index, follow, max-snippet:-1, max-image-preview:large, max-video-preview:-1\" \/>\n<link rel=\"canonical\" href=\"https:\/\/www.notibras.com\/site\/politicos-de-correntes-diversas-comecam-a-se-escorar-em-lula-para-2026\/\" \/>\n<meta property=\"og:locale\" content=\"pt_BR\" \/>\n<meta property=\"og:type\" content=\"article\" \/>\n<meta property=\"og:title\" content=\"Pol\u00edticos de correntes diversas come\u00e7am a se escorar em Lula para 2026 - Notibras\" \/>\n<meta property=\"og:description\" content=\"Independentemente da teimosa ideologiza\u00e7\u00e3o das elei\u00e7\u00f5es gerais deste ano, h\u00e1 um fato que foge da polariza\u00e7\u00e3o idealizada por um amontoado de supostos candidatos presos a estruturas pol\u00edticas que dependem financeira e estruturalmente de outras. Isolados, eles viram presas f\u00e1ceis das siglas simbolicamente consideradas tubar\u00f5es. Por isso, se fecham em blocos na tentativa de se fortalecerem. [&hellip;]\" \/>\n<meta property=\"og:url\" content=\"https:\/\/www.notibras.com\/site\/politicos-de-correntes-diversas-comecam-a-se-escorar-em-lula-para-2026\/\" \/>\n<meta property=\"og:site_name\" content=\"Notibras\" \/>\n<meta property=\"article:publisher\" content=\"https:\/\/www.facebook.com\/notibras\/\" \/>\n<meta property=\"article:published_time\" content=\"2026-01-15T06:57:52+00:00\" \/>\n<meta property=\"og:image\" content=\"https:\/\/www.notibras.com\/site\/wp-content\/uploads\/2025\/07\/lula_rio_doce_10.webp\" \/>\n\t<meta property=\"og:image:width\" content=\"770\" \/>\n\t<meta property=\"og:image:height\" content=\"520\" \/>\n\t<meta property=\"og:image:type\" content=\"image\/webp\" \/>\n<meta name=\"author\" content=\"Reda\u00e7\u00e3o\" \/>\n<meta name=\"twitter:card\" content=\"summary_large_image\" \/>\n<meta name=\"twitter:creator\" content=\"@Notibras\" \/>\n<meta name=\"twitter:site\" content=\"@Notibras\" \/>\n<meta name=\"twitter:label1\" content=\"Escrito por\" \/>\n\t<meta name=\"twitter:data1\" content=\"Reda\u00e7\u00e3o\" \/>\n\t<meta name=\"twitter:label2\" content=\"Est. tempo de leitura\" \/>\n\t<meta name=\"twitter:data2\" content=\"4 minutos\" \/>\n<script type=\"application\/ld+json\" class=\"yoast-schema-graph\">{\"@context\":\"https:\/\/schema.org\",\"@graph\":[{\"@type\":\"Article\",\"@id\":\"https:\/\/www.notibras.com\/site\/politicos-de-correntes-diversas-comecam-a-se-escorar-em-lula-para-2026\/#article\",\"isPartOf\":{\"@id\":\"https:\/\/www.notibras.com\/site\/politicos-de-correntes-diversas-comecam-a-se-escorar-em-lula-para-2026\/\"},\"author\":{\"name\":\"Reda\u00e7\u00e3o\",\"@id\":\"https:\/\/www.notibras.com\/site\/#\/schema\/person\/36ab0979449956132d3e5b517ea76ac8\"},\"headline\":\"Pol\u00edticos de correntes diversas come\u00e7am a se escorar em Lula para 2026\",\"datePublished\":\"2026-01-15T06:57:52+00:00\",\"mainEntityOfPage\":{\"@id\":\"https:\/\/www.notibras.com\/site\/politicos-de-correntes-diversas-comecam-a-se-escorar-em-lula-para-2026\/\"},\"wordCount\":659,\"publisher\":{\"@id\":\"https:\/\/www.notibras.com\/site\/#organization\"},\"image\":{\"@id\":\"https:\/\/www.notibras.com\/site\/politicos-de-correntes-diversas-comecam-a-se-escorar-em-lula-para-2026\/#primaryimage\"},\"thumbnailUrl\":\"https:\/\/www.notibras.com\/site\/wp-content\/uploads\/2025\/07\/lula_rio_doce_10.webp\",\"articleSection\":[\"Brasil\"],\"inLanguage\":\"pt-BR\"},{\"@type\":\"WebPage\",\"@id\":\"https:\/\/www.notibras.com\/site\/politicos-de-correntes-diversas-comecam-a-se-escorar-em-lula-para-2026\/\",\"url\":\"https:\/\/www.notibras.com\/site\/politicos-de-correntes-diversas-comecam-a-se-escorar-em-lula-para-2026\/\",\"name\":\"Pol\u00edticos de correntes diversas come\u00e7am a se escorar em Lula para 2026 - Notibras\",\"isPartOf\":{\"@id\":\"https:\/\/www.notibras.com\/site\/#website\"},\"primaryImageOfPage\":{\"@id\":\"https:\/\/www.notibras.com\/site\/politicos-de-correntes-diversas-comecam-a-se-escorar-em-lula-para-2026\/#primaryimage\"},\"image\":{\"@id\":\"https:\/\/www.notibras.com\/site\/politicos-de-correntes-diversas-comecam-a-se-escorar-em-lula-para-2026\/#primaryimage\"},\"thumbnailUrl\":\"https:\/\/www.notibras.com\/site\/wp-content\/uploads\/2025\/07\/lula_rio_doce_10.webp\",\"datePublished\":\"2026-01-15T06:57:52+00:00\",\"breadcrumb\":{\"@id\":\"https:\/\/www.notibras.com\/site\/politicos-de-correntes-diversas-comecam-a-se-escorar-em-lula-para-2026\/#breadcrumb\"},\"inLanguage\":\"pt-BR\",\"potentialAction\":[{\"@type\":\"ReadAction\",\"target\":[\"https:\/\/www.notibras.com\/site\/politicos-de-correntes-diversas-comecam-a-se-escorar-em-lula-para-2026\/\"]}]},{\"@type\":\"ImageObject\",\"inLanguage\":\"pt-BR\",\"@id\":\"https:\/\/www.notibras.com\/site\/politicos-de-correntes-diversas-comecam-a-se-escorar-em-lula-para-2026\/#primaryimage\",\"url\":\"https:\/\/www.notibras.com\/site\/wp-content\/uploads\/2025\/07\/lula_rio_doce_10.webp\",\"contentUrl\":\"https:\/\/www.notibras.com\/site\/wp-content\/uploads\/2025\/07\/lula_rio_doce_10.webp\",\"width\":770,\"height\":520},{\"@type\":\"BreadcrumbList\",\"@id\":\"https:\/\/www.notibras.com\/site\/politicos-de-correntes-diversas-comecam-a-se-escorar-em-lula-para-2026\/#breadcrumb\",\"itemListElement\":[{\"@type\":\"ListItem\",\"position\":1,\"name\":\"In\u00edcio\",\"item\":\"https:\/\/www.notibras.com\/site\/\"},{\"@type\":\"ListItem\",\"position\":2,\"name\":\"Pol\u00edticos de correntes diversas come\u00e7am a se escorar em Lula para 2026\"}]},{\"@type\":\"WebSite\",\"@id\":\"https:\/\/www.notibras.com\/site\/#website\",\"url\":\"https:\/\/www.notibras.com\/site\/\",\"name\":\"Notibras\",\"description\":\"Not\u00edcias de Bras\u00edlia, do Brasil e do Mundo\",\"publisher\":{\"@id\":\"https:\/\/www.notibras.com\/site\/#organization\"},\"potentialAction\":[{\"@type\":\"SearchAction\",\"target\":{\"@type\":\"EntryPoint\",\"urlTemplate\":\"https:\/\/www.notibras.com\/site\/?s={search_term_string}\"},\"query-input\":{\"@type\":\"PropertyValueSpecification\",\"valueRequired\":true,\"valueName\":\"search_term_string\"}}],\"inLanguage\":\"pt-BR\"},{\"@type\":\"Organization\",\"@id\":\"https:\/\/www.notibras.com\/site\/#organization\",\"name\":\"Grupo Notibras de Comunica\u00e7\u00e3o\",\"url\":\"https:\/\/www.notibras.com\/site\/\",\"logo\":{\"@type\":\"ImageObject\",\"inLanguage\":\"pt-BR\",\"@id\":\"https:\/\/www.notibras.com\/site\/#\/schema\/logo\/image\/\",\"url\":\"https:\/\/www.notibras.com\/site\/wp-content\/uploads\/2023\/01\/notibras23.png\",\"contentUrl\":\"https:\/\/www.notibras.com\/site\/wp-content\/uploads\/2023\/01\/notibras23.png\",\"width\":350,\"height\":87,\"caption\":\"Grupo Notibras de Comunica\u00e7\u00e3o\"},\"image\":{\"@id\":\"https:\/\/www.notibras.com\/site\/#\/schema\/logo\/image\/\"},\"sameAs\":[\"https:\/\/www.facebook.com\/notibras\/\",\"https:\/\/x.com\/Notibras\",\"https:\/\/www.instagram.com\/notibras\/\"]},{\"@type\":\"Person\",\"@id\":\"https:\/\/www.notibras.com\/site\/#\/schema\/person\/36ab0979449956132d3e5b517ea76ac8\",\"name\":\"Reda\u00e7\u00e3o\",\"image\":{\"@type\":\"ImageObject\",\"inLanguage\":\"pt-BR\",\"@id\":\"https:\/\/secure.gravatar.com\/avatar\/e0a867bdedb85fd243eadf09663511f96fc81e0720a4a42581f334ad4303aa6b?s=96&d=mm&r=g\",\"url\":\"https:\/\/secure.gravatar.com\/avatar\/e0a867bdedb85fd243eadf09663511f96fc81e0720a4a42581f334ad4303aa6b?s=96&d=mm&r=g\",\"contentUrl\":\"https:\/\/secure.gravatar.com\/avatar\/e0a867bdedb85fd243eadf09663511f96fc81e0720a4a42581f334ad4303aa6b?s=96&d=mm&r=g\",\"caption\":\"Reda\u00e7\u00e3o\"}}]}<\/script>\n<!-- \/ Yoast SEO plugin. -->","yoast_head_json":{"title":"Pol\u00edticos de correntes diversas come\u00e7am a se escorar em Lula para 2026 - Notibras","robots":{"index":"index","follow":"follow","max-snippet":"max-snippet:-1","max-image-preview":"max-image-preview:large","max-video-preview":"max-video-preview:-1"},"canonical":"https:\/\/www.notibras.com\/site\/politicos-de-correntes-diversas-comecam-a-se-escorar-em-lula-para-2026\/","og_locale":"pt_BR","og_type":"article","og_title":"Pol\u00edticos de correntes diversas come\u00e7am a se escorar em Lula para 2026 - Notibras","og_description":"Independentemente da teimosa ideologiza\u00e7\u00e3o das elei\u00e7\u00f5es gerais deste ano, h\u00e1 um fato que foge da polariza\u00e7\u00e3o idealizada por um amontoado de supostos candidatos presos a estruturas pol\u00edticas que dependem financeira e estruturalmente de outras. Isolados, eles viram presas f\u00e1ceis das siglas simbolicamente consideradas tubar\u00f5es. Por isso, se fecham em blocos na tentativa de se fortalecerem. [&hellip;]","og_url":"https:\/\/www.notibras.com\/site\/politicos-de-correntes-diversas-comecam-a-se-escorar-em-lula-para-2026\/","og_site_name":"Notibras","article_publisher":"https:\/\/www.facebook.com\/notibras\/","article_published_time":"2026-01-15T06:57:52+00:00","og_image":[{"width":770,"height":520,"url":"https:\/\/www.notibras.com\/site\/wp-content\/uploads\/2025\/07\/lula_rio_doce_10.webp","type":"image\/webp"}],"author":"Reda\u00e7\u00e3o","twitter_card":"summary_large_image","twitter_creator":"@Notibras","twitter_site":"@Notibras","twitter_misc":{"Escrito por":"Reda\u00e7\u00e3o","Est. tempo de leitura":"4 minutos"},"schema":{"@context":"https:\/\/schema.org","@graph":[{"@type":"Article","@id":"https:\/\/www.notibras.com\/site\/politicos-de-correntes-diversas-comecam-a-se-escorar-em-lula-para-2026\/#article","isPartOf":{"@id":"https:\/\/www.notibras.com\/site\/politicos-de-correntes-diversas-comecam-a-se-escorar-em-lula-para-2026\/"},"author":{"name":"Reda\u00e7\u00e3o","@id":"https:\/\/www.notibras.com\/site\/#\/schema\/person\/36ab0979449956132d3e5b517ea76ac8"},"headline":"Pol\u00edticos de correntes diversas come\u00e7am a se escorar em Lula para 2026","datePublished":"2026-01-15T06:57:52+00:00","mainEntityOfPage":{"@id":"https:\/\/www.notibras.com\/site\/politicos-de-correntes-diversas-comecam-a-se-escorar-em-lula-para-2026\/"},"wordCount":659,"publisher":{"@id":"https:\/\/www.notibras.com\/site\/#organization"},"image":{"@id":"https:\/\/www.notibras.com\/site\/politicos-de-correntes-diversas-comecam-a-se-escorar-em-lula-para-2026\/#primaryimage"},"thumbnailUrl":"https:\/\/www.notibras.com\/site\/wp-content\/uploads\/2025\/07\/lula_rio_doce_10.webp","articleSection":["Brasil"],"inLanguage":"pt-BR"},{"@type":"WebPage","@id":"https:\/\/www.notibras.com\/site\/politicos-de-correntes-diversas-comecam-a-se-escorar-em-lula-para-2026\/","url":"https:\/\/www.notibras.com\/site\/politicos-de-correntes-diversas-comecam-a-se-escorar-em-lula-para-2026\/","name":"Pol\u00edticos de correntes diversas come\u00e7am a se escorar em Lula para 2026 - Notibras","isPartOf":{"@id":"https:\/\/www.notibras.com\/site\/#website"},"primaryImageOfPage":{"@id":"https:\/\/www.notibras.com\/site\/politicos-de-correntes-diversas-comecam-a-se-escorar-em-lula-para-2026\/#primaryimage"},"image":{"@id":"https:\/\/www.notibras.com\/site\/politicos-de-correntes-diversas-comecam-a-se-escorar-em-lula-para-2026\/#primaryimage"},"thumbnailUrl":"https:\/\/www.notibras.com\/site\/wp-content\/uploads\/2025\/07\/lula_rio_doce_10.webp","datePublished":"2026-01-15T06:57:52+00:00","breadcrumb":{"@id":"https:\/\/www.notibras.com\/site\/politicos-de-correntes-diversas-comecam-a-se-escorar-em-lula-para-2026\/#breadcrumb"},"inLanguage":"pt-BR","potentialAction":[{"@type":"ReadAction","target":["https:\/\/www.notibras.com\/site\/politicos-de-correntes-diversas-comecam-a-se-escorar-em-lula-para-2026\/"]}]},{"@type":"ImageObject","inLanguage":"pt-BR","@id":"https:\/\/www.notibras.com\/site\/politicos-de-correntes-diversas-comecam-a-se-escorar-em-lula-para-2026\/#primaryimage","url":"https:\/\/www.notibras.com\/site\/wp-content\/uploads\/2025\/07\/lula_rio_doce_10.webp","contentUrl":"https:\/\/www.notibras.com\/site\/wp-content\/uploads\/2025\/07\/lula_rio_doce_10.webp","width":770,"height":520},{"@type":"BreadcrumbList","@id":"https:\/\/www.notibras.com\/site\/politicos-de-correntes-diversas-comecam-a-se-escorar-em-lula-para-2026\/#breadcrumb","itemListElement":[{"@type":"ListItem","position":1,"name":"In\u00edcio","item":"https:\/\/www.notibras.com\/site\/"},{"@type":"ListItem","position":2,"name":"Pol\u00edticos de correntes diversas come\u00e7am a se escorar em Lula para 2026"}]},{"@type":"WebSite","@id":"https:\/\/www.notibras.com\/site\/#website","url":"https:\/\/www.notibras.com\/site\/","name":"Notibras","description":"Not\u00edcias de Bras\u00edlia, do Brasil e do Mundo","publisher":{"@id":"https:\/\/www.notibras.com\/site\/#organization"},"potentialAction":[{"@type":"SearchAction","target":{"@type":"EntryPoint","urlTemplate":"https:\/\/www.notibras.com\/site\/?s={search_term_string}"},"query-input":{"@type":"PropertyValueSpecification","valueRequired":true,"valueName":"search_term_string"}}],"inLanguage":"pt-BR"},{"@type":"Organization","@id":"https:\/\/www.notibras.com\/site\/#organization","name":"Grupo Notibras de Comunica\u00e7\u00e3o","url":"https:\/\/www.notibras.com\/site\/","logo":{"@type":"ImageObject","inLanguage":"pt-BR","@id":"https:\/\/www.notibras.com\/site\/#\/schema\/logo\/image\/","url":"https:\/\/www.notibras.com\/site\/wp-content\/uploads\/2023\/01\/notibras23.png","contentUrl":"https:\/\/www.notibras.com\/site\/wp-content\/uploads\/2023\/01\/notibras23.png","width":350,"height":87,"caption":"Grupo Notibras de Comunica\u00e7\u00e3o"},"image":{"@id":"https:\/\/www.notibras.com\/site\/#\/schema\/logo\/image\/"},"sameAs":["https:\/\/www.facebook.com\/notibras\/","https:\/\/x.com\/Notibras","https:\/\/www.instagram.com\/notibras\/"]},{"@type":"Person","@id":"https:\/\/www.notibras.com\/site\/#\/schema\/person\/36ab0979449956132d3e5b517ea76ac8","name":"Reda\u00e7\u00e3o","image":{"@type":"ImageObject","inLanguage":"pt-BR","@id":"https:\/\/secure.gravatar.com\/avatar\/e0a867bdedb85fd243eadf09663511f96fc81e0720a4a42581f334ad4303aa6b?s=96&d=mm&r=g","url":"https:\/\/secure.gravatar.com\/avatar\/e0a867bdedb85fd243eadf09663511f96fc81e0720a4a42581f334ad4303aa6b?s=96&d=mm&r=g","contentUrl":"https:\/\/secure.gravatar.com\/avatar\/e0a867bdedb85fd243eadf09663511f96fc81e0720a4a42581f334ad4303aa6b?s=96&d=mm&r=g","caption":"Reda\u00e7\u00e3o"}}]}},"amp_enabled":true,"_links":{"self":[{"href":"https:\/\/www.notibras.com\/site\/wp-json\/wp\/v2\/posts\/379104","targetHints":{"allow":["GET"]}}],"collection":[{"href":"https:\/\/www.notibras.com\/site\/wp-json\/wp\/v2\/posts"}],"about":[{"href":"https:\/\/www.notibras.com\/site\/wp-json\/wp\/v2\/types\/post"}],"author":[{"embeddable":true,"href":"https:\/\/www.notibras.com\/site\/wp-json\/wp\/v2\/users\/2"}],"replies":[{"embeddable":true,"href":"https:\/\/www.notibras.com\/site\/wp-json\/wp\/v2\/comments?post=379104"}],"version-history":[{"count":1,"href":"https:\/\/www.notibras.com\/site\/wp-json\/wp\/v2\/posts\/379104\/revisions"}],"predecessor-version":[{"id":379105,"href":"https:\/\/www.notibras.com\/site\/wp-json\/wp\/v2\/posts\/379104\/revisions\/379105"}],"wp:featuredmedia":[{"embeddable":true,"href":"https:\/\/www.notibras.com\/site\/wp-json\/wp\/v2\/media\/358034"}],"wp:attachment":[{"href":"https:\/\/www.notibras.com\/site\/wp-json\/wp\/v2\/media?parent=379104"}],"wp:term":[{"taxonomy":"category","embeddable":true,"href":"https:\/\/www.notibras.com\/site\/wp-json\/wp\/v2\/categories?post=379104"},{"taxonomy":"post_tag","embeddable":true,"href":"https:\/\/www.notibras.com\/site\/wp-json\/wp\/v2\/tags?post=379104"}],"curies":[{"name":"wp","href":"https:\/\/api.w.org\/{rel}","templated":true}]}}