{"id":379106,"date":"2026-01-15T03:33:03","date_gmt":"2026-01-15T06:33:03","guid":{"rendered":"https:\/\/www.notibras.com\/site\/?p=379106"},"modified":"2026-01-15T04:28:02","modified_gmt":"2026-01-15T07:28:02","slug":"mesmo-estressada-nova-geracao-e-invejada-por-quem-cheira-acima-da-media","status":"publish","type":"post","link":"https:\/\/www.notibras.com\/site\/mesmo-estressada-nova-geracao-e-invejada-por-quem-cheira-acima-da-media\/","title":{"rendered":"Mesmo estressada, nova gera\u00e7\u00e3o \u00e9 invejada por quem cheira acima da m\u00e9dia"},"content":{"rendered":"<p>Atendendo recomenda\u00e7\u00f5es do meu pediatra, mudei radicalmente meus h\u00e1bitos. De imediato, passei a evitar certos produtos, entre eles o Vick Vaporub, o Mertiolate, Leite de Rosas, a pomada Min\u00e2ncora, os sabonetes Phebo e Cashmere Bouquet e as col\u00f4nias Tabu, Alfazema e Countor\u00e9. A raz\u00e3o do pedido \u00e9 impedir que as viroses que permeiam o mundo moderno me reconhe\u00e7am pelo cheiro como homem de idade acima da m\u00e9dia. Embora o aroma seja de poesia (tudo a ver com o poema de Ad\u00e9lia Prado), decidi acatar a ordem m\u00e9dica porque, ap\u00f3s contar os anos, percebi que tenho menos tempo para viver a partir daqui do que o que eu vivi at\u00e9 agora. Ali\u00e1s, o que fazer no Brasil em que deputados, senadores, delegados e at\u00e9 desembargadores cometem crimes?<\/p>\n<p>\u00c9 o tempo mostrando que passei da hora de debater estatutos, regras, procedimentos e regulamentos internos, sabendo que nenhum deles ser\u00e1 alcan\u00e7ado. Normas n\u00e3o servem mais para quem sobreviveu \u00e0 gripe espanhola, ao Coronav\u00edrus, \u00e0 vitrola de gramofone, \u00e0s cartas manuscritas e ao bolsonarismo. Depois de andar, pedalar, andar de trem, dirigir Fusca e trabalhar em subsolo, estou com minha cal\u00e7a boca de sino aguardando o Elon Musk SpaceX para Marte. N\u00e3o fosse a bosta de Congresso que elegemos, estaria certo de que a vida de hoje \u00e9 maravilhosa. Infelizmente, n\u00e3o estou.<\/p>\n<p>Apesar da bandidagem engravatada, para quem andou de bonde, lota\u00e7\u00e3o e Fusca como t\u00e1xi, morro de inveja da juventude triste de nossos dias. Embora a meninada disponha do que nunca dispus, \u00e9 uma gera\u00e7\u00e3o que se estressa e se frustra por quase tudo. Os jovens dessas duas \u00faltimas d\u00e9cadas andam de carro pr\u00f3prio ou de Uber, t\u00eam cart\u00e3o de cr\u00e9dito, n\u00e3o lavam cuecas nem calcinhas, estudam em escolas particulares, viajam com alguma frequ\u00eancia para a Disney, vira e mexe est\u00e3o em baladas pouco republicanas, mas aproveitam muito pouco tudo que recebem. Por exemplo, a internet e as redes sociais. Usam, mas n\u00e3o buscam conhecimento. Pior \u00e9 votar sem consci\u00eancia em plena evolu\u00e7\u00e3o eleitoral.<\/p>\n<p>Religiosidade? S\u00f3 quando o calo aperta. Dificilmente se encantam com decora\u00e7\u00f5es natalinas, tampouco com um ip\u00ea florido no meio da avenida. Amam amar Anitta, Ludmilla, J\u00e3o, Lexa, Pablo Vitar, \u00c9 o Tchan e porcarias afins, mas odeiam amar Belchior, Fagner, Caetano, Gil, Lenin, Tim, Benjor, Milton, Bet\u00e2nia, Chico e outras feras da MPB. Reivindicam direitos de express\u00e3o e n\u00e3o oferecem nada em troca. Nenhuma atitude. Julgam, mas reclamam quando s\u00e3o julgados. Na maioria das vezes, se acham v\u00edtimas dos pais, aos quais rotulam de ju\u00edzes duros e impiedosos. \u00c9 claro que nunca experimentaram as dores da palmat\u00f3ria ou o castigo sobre gr\u00e3os de milho ou de feij\u00e3o.<\/p>\n<p>Provavelmente nunca votaram em urna de papel, aquela que Bolsonaro jamais questionou. E sabem por qu\u00ea? Descubram! De compaix\u00e3o e valores duvidosos, choram e amea\u00e7am vingan\u00e7a p\u00fablica pelo cachorro maltratado, mas silenciosamente desejam que o homem seja esquartejado. Sempre querem um pouco disso e muito daquilo. Para os novos patriotas, direitos s\u00e3o obriga\u00e7\u00e3o. J\u00e1 os deveres n\u00e3o passam de inven\u00e7\u00e3o dos opressores. Querem pai e m\u00e3e 24 horas \u00e0 disposi\u00e7\u00e3o, mas dificilmente aparecem quando um deles t\u00eam necessidade. Ou seja, n\u00e3o conhecem o idioma da reciprocidade. E haja insatisfa\u00e7\u00e3o, infelicidade, descontentamento, adoecimento e falsos solu\u00e7os.<\/p>\n<p>Desnecess\u00e1rio debater as raz\u00f5es, mas trata-se de uma gera\u00e7\u00e3o inconformada. \u00c0s vezes, mal-amada. Nada de anormal para quem denomina um d\u00e9spota de mito e seus seguidores de democratas. Presa em suas desculpas, acomodada em suas gaiolas de ouro, a meninada de hoje, com destaque para a patriotada, posta sorrisos e beijos prolongados em praias paradis\u00edacas, mas n\u00e3o se banham no mar curador. Limpam o lixo na praia com os amigos, mas n\u00e3o arrumam a pr\u00f3pria cama. Em casa, estampam tristeza, sofrimento, dor\u2026 a dor de ter que crescer sem fazer por onde\u2026 merecer.\u201d Querem moleza, sentem no colo do Jair Bolsonaro. Simples assim. A maioria deles n\u00e3o torceu, mas, enquanto o Bozo est\u00e1 em \u201cCannes\u201d, o cinema brasileiro ganhou dois Globos de Ouro.<\/p>\n<p>&#8230;&#8230;&#8230;<\/p>\n<p><strong>Wenceslau Ara\u00fajo \u00e9 Editor-Chefe de Notibras<\/strong><\/p>\n","protected":false},"excerpt":{"rendered":"<p>Atendendo recomenda\u00e7\u00f5es do meu pediatra, mudei radicalmente meus h\u00e1bitos. De imediato, passei a evitar certos produtos, entre eles o Vick Vaporub, o Mertiolate, Leite de Rosas, a pomada Min\u00e2ncora, os sabonetes Phebo e Cashmere Bouquet e as col\u00f4nias Tabu, Alfazema e Countor\u00e9. A raz\u00e3o do pedido \u00e9 impedir que as viroses que permeiam o mundo [&hellip;]<\/p>\n","protected":false},"author":2,"featured_media":379107,"comment_status":"closed","ping_status":"closed","sticky":false,"template":"","format":"standard","meta":{"_acf_changed":false,"footnotes":""},"categories":[16],"tags":[],"class_list":["post-379106","post","type-post","status-publish","format-standard","has-post-thumbnail","hentry","category-brasil"],"acf":[],"yoast_head":"<!-- This site is optimized with the Yoast SEO plugin v27.2 - https:\/\/yoast.com\/product\/yoast-seo-wordpress\/ -->\n<title>Mesmo estressada, nova gera\u00e7\u00e3o \u00e9 invejada por quem cheira acima da m\u00e9dia - Notibras<\/title>\n<meta name=\"robots\" content=\"index, follow, max-snippet:-1, max-image-preview:large, max-video-preview:-1\" \/>\n<link rel=\"canonical\" href=\"https:\/\/www.notibras.com\/site\/mesmo-estressada-nova-geracao-e-invejada-por-quem-cheira-acima-da-media\/\" \/>\n<meta property=\"og:locale\" content=\"pt_BR\" \/>\n<meta property=\"og:type\" content=\"article\" \/>\n<meta property=\"og:title\" content=\"Mesmo estressada, nova gera\u00e7\u00e3o \u00e9 invejada por quem cheira acima da m\u00e9dia - Notibras\" \/>\n<meta property=\"og:description\" content=\"Atendendo recomenda\u00e7\u00f5es do meu pediatra, mudei radicalmente meus h\u00e1bitos. De imediato, passei a evitar certos produtos, entre eles o Vick Vaporub, o Mertiolate, Leite de Rosas, a pomada Min\u00e2ncora, os sabonetes Phebo e Cashmere Bouquet e as col\u00f4nias Tabu, Alfazema e Countor\u00e9. A raz\u00e3o do pedido \u00e9 impedir que as viroses que permeiam o mundo [&hellip;]\" \/>\n<meta property=\"og:url\" content=\"https:\/\/www.notibras.com\/site\/mesmo-estressada-nova-geracao-e-invejada-por-quem-cheira-acima-da-media\/\" \/>\n<meta property=\"og:site_name\" content=\"Notibras\" \/>\n<meta property=\"article:publisher\" content=\"https:\/\/www.facebook.com\/notibras\/\" \/>\n<meta property=\"article:published_time\" content=\"2026-01-15T06:33:03+00:00\" \/>\n<meta property=\"article:modified_time\" content=\"2026-01-15T07:28:02+00:00\" \/>\n<meta property=\"og:image\" content=\"https:\/\/www.notibras.com\/site\/wp-content\/uploads\/2026\/01\/42218aa4-93e7-4010-98c2-6385852ee561.jpg\" \/>\n\t<meta property=\"og:image:width\" content=\"810\" \/>\n\t<meta property=\"og:image:height\" content=\"1440\" \/>\n\t<meta property=\"og:image:type\" content=\"image\/jpeg\" \/>\n<meta name=\"author\" content=\"Reda\u00e7\u00e3o\" \/>\n<meta name=\"twitter:card\" content=\"summary_large_image\" \/>\n<meta name=\"twitter:creator\" content=\"@Notibras\" \/>\n<meta name=\"twitter:site\" content=\"@Notibras\" \/>\n<meta name=\"twitter:label1\" content=\"Escrito por\" \/>\n\t<meta name=\"twitter:data1\" content=\"Reda\u00e7\u00e3o\" \/>\n\t<meta name=\"twitter:label2\" content=\"Est. tempo de leitura\" \/>\n\t<meta name=\"twitter:data2\" content=\"4 minutos\" \/>\n<script type=\"application\/ld+json\" class=\"yoast-schema-graph\">{\"@context\":\"https:\/\/schema.org\",\"@graph\":[{\"@type\":\"Article\",\"@id\":\"https:\/\/www.notibras.com\/site\/mesmo-estressada-nova-geracao-e-invejada-por-quem-cheira-acima-da-media\/#article\",\"isPartOf\":{\"@id\":\"https:\/\/www.notibras.com\/site\/mesmo-estressada-nova-geracao-e-invejada-por-quem-cheira-acima-da-media\/\"},\"author\":{\"name\":\"Reda\u00e7\u00e3o\",\"@id\":\"https:\/\/www.notibras.com\/site\/#\/schema\/person\/36ab0979449956132d3e5b517ea76ac8\"},\"headline\":\"Mesmo estressada, nova gera\u00e7\u00e3o \u00e9 invejada por quem cheira acima da m\u00e9dia\",\"datePublished\":\"2026-01-15T06:33:03+00:00\",\"dateModified\":\"2026-01-15T07:28:02+00:00\",\"mainEntityOfPage\":{\"@id\":\"https:\/\/www.notibras.com\/site\/mesmo-estressada-nova-geracao-e-invejada-por-quem-cheira-acima-da-media\/\"},\"wordCount\":729,\"publisher\":{\"@id\":\"https:\/\/www.notibras.com\/site\/#organization\"},\"image\":{\"@id\":\"https:\/\/www.notibras.com\/site\/mesmo-estressada-nova-geracao-e-invejada-por-quem-cheira-acima-da-media\/#primaryimage\"},\"thumbnailUrl\":\"https:\/\/www.notibras.com\/site\/wp-content\/uploads\/2026\/01\/42218aa4-93e7-4010-98c2-6385852ee561.jpg\",\"articleSection\":[\"Brasil\"],\"inLanguage\":\"pt-BR\"},{\"@type\":\"WebPage\",\"@id\":\"https:\/\/www.notibras.com\/site\/mesmo-estressada-nova-geracao-e-invejada-por-quem-cheira-acima-da-media\/\",\"url\":\"https:\/\/www.notibras.com\/site\/mesmo-estressada-nova-geracao-e-invejada-por-quem-cheira-acima-da-media\/\",\"name\":\"Mesmo estressada, nova gera\u00e7\u00e3o \u00e9 invejada por quem cheira acima da m\u00e9dia - Notibras\",\"isPartOf\":{\"@id\":\"https:\/\/www.notibras.com\/site\/#website\"},\"primaryImageOfPage\":{\"@id\":\"https:\/\/www.notibras.com\/site\/mesmo-estressada-nova-geracao-e-invejada-por-quem-cheira-acima-da-media\/#primaryimage\"},\"image\":{\"@id\":\"https:\/\/www.notibras.com\/site\/mesmo-estressada-nova-geracao-e-invejada-por-quem-cheira-acima-da-media\/#primaryimage\"},\"thumbnailUrl\":\"https:\/\/www.notibras.com\/site\/wp-content\/uploads\/2026\/01\/42218aa4-93e7-4010-98c2-6385852ee561.jpg\",\"datePublished\":\"2026-01-15T06:33:03+00:00\",\"dateModified\":\"2026-01-15T07:28:02+00:00\",\"breadcrumb\":{\"@id\":\"https:\/\/www.notibras.com\/site\/mesmo-estressada-nova-geracao-e-invejada-por-quem-cheira-acima-da-media\/#breadcrumb\"},\"inLanguage\":\"pt-BR\",\"potentialAction\":[{\"@type\":\"ReadAction\",\"target\":[\"https:\/\/www.notibras.com\/site\/mesmo-estressada-nova-geracao-e-invejada-por-quem-cheira-acima-da-media\/\"]}]},{\"@type\":\"ImageObject\",\"inLanguage\":\"pt-BR\",\"@id\":\"https:\/\/www.notibras.com\/site\/mesmo-estressada-nova-geracao-e-invejada-por-quem-cheira-acima-da-media\/#primaryimage\",\"url\":\"https:\/\/www.notibras.com\/site\/wp-content\/uploads\/2026\/01\/42218aa4-93e7-4010-98c2-6385852ee561.jpg\",\"contentUrl\":\"https:\/\/www.notibras.com\/site\/wp-content\/uploads\/2026\/01\/42218aa4-93e7-4010-98c2-6385852ee561.jpg\",\"width\":810,\"height\":1440},{\"@type\":\"BreadcrumbList\",\"@id\":\"https:\/\/www.notibras.com\/site\/mesmo-estressada-nova-geracao-e-invejada-por-quem-cheira-acima-da-media\/#breadcrumb\",\"itemListElement\":[{\"@type\":\"ListItem\",\"position\":1,\"name\":\"In\u00edcio\",\"item\":\"https:\/\/www.notibras.com\/site\/\"},{\"@type\":\"ListItem\",\"position\":2,\"name\":\"Mesmo estressada, nova gera\u00e7\u00e3o \u00e9 invejada por quem cheira acima da m\u00e9dia\"}]},{\"@type\":\"WebSite\",\"@id\":\"https:\/\/www.notibras.com\/site\/#website\",\"url\":\"https:\/\/www.notibras.com\/site\/\",\"name\":\"Notibras\",\"description\":\"Not\u00edcias de Bras\u00edlia, do Brasil e do Mundo\",\"publisher\":{\"@id\":\"https:\/\/www.notibras.com\/site\/#organization\"},\"potentialAction\":[{\"@type\":\"SearchAction\",\"target\":{\"@type\":\"EntryPoint\",\"urlTemplate\":\"https:\/\/www.notibras.com\/site\/?s={search_term_string}\"},\"query-input\":{\"@type\":\"PropertyValueSpecification\",\"valueRequired\":true,\"valueName\":\"search_term_string\"}}],\"inLanguage\":\"pt-BR\"},{\"@type\":\"Organization\",\"@id\":\"https:\/\/www.notibras.com\/site\/#organization\",\"name\":\"Grupo Notibras de Comunica\u00e7\u00e3o\",\"url\":\"https:\/\/www.notibras.com\/site\/\",\"logo\":{\"@type\":\"ImageObject\",\"inLanguage\":\"pt-BR\",\"@id\":\"https:\/\/www.notibras.com\/site\/#\/schema\/logo\/image\/\",\"url\":\"https:\/\/www.notibras.com\/site\/wp-content\/uploads\/2023\/01\/notibras23.png\",\"contentUrl\":\"https:\/\/www.notibras.com\/site\/wp-content\/uploads\/2023\/01\/notibras23.png\",\"width\":350,\"height\":87,\"caption\":\"Grupo Notibras de Comunica\u00e7\u00e3o\"},\"image\":{\"@id\":\"https:\/\/www.notibras.com\/site\/#\/schema\/logo\/image\/\"},\"sameAs\":[\"https:\/\/www.facebook.com\/notibras\/\",\"https:\/\/x.com\/Notibras\",\"https:\/\/www.instagram.com\/notibras\/\"]},{\"@type\":\"Person\",\"@id\":\"https:\/\/www.notibras.com\/site\/#\/schema\/person\/36ab0979449956132d3e5b517ea76ac8\",\"name\":\"Reda\u00e7\u00e3o\",\"image\":{\"@type\":\"ImageObject\",\"inLanguage\":\"pt-BR\",\"@id\":\"https:\/\/secure.gravatar.com\/avatar\/e0a867bdedb85fd243eadf09663511f96fc81e0720a4a42581f334ad4303aa6b?s=96&d=mm&r=g\",\"url\":\"https:\/\/secure.gravatar.com\/avatar\/e0a867bdedb85fd243eadf09663511f96fc81e0720a4a42581f334ad4303aa6b?s=96&d=mm&r=g\",\"contentUrl\":\"https:\/\/secure.gravatar.com\/avatar\/e0a867bdedb85fd243eadf09663511f96fc81e0720a4a42581f334ad4303aa6b?s=96&d=mm&r=g\",\"caption\":\"Reda\u00e7\u00e3o\"}}]}<\/script>\n<!-- \/ Yoast SEO plugin. -->","yoast_head_json":{"title":"Mesmo estressada, nova gera\u00e7\u00e3o \u00e9 invejada por quem cheira acima da m\u00e9dia - Notibras","robots":{"index":"index","follow":"follow","max-snippet":"max-snippet:-1","max-image-preview":"max-image-preview:large","max-video-preview":"max-video-preview:-1"},"canonical":"https:\/\/www.notibras.com\/site\/mesmo-estressada-nova-geracao-e-invejada-por-quem-cheira-acima-da-media\/","og_locale":"pt_BR","og_type":"article","og_title":"Mesmo estressada, nova gera\u00e7\u00e3o \u00e9 invejada por quem cheira acima da m\u00e9dia - Notibras","og_description":"Atendendo recomenda\u00e7\u00f5es do meu pediatra, mudei radicalmente meus h\u00e1bitos. De imediato, passei a evitar certos produtos, entre eles o Vick Vaporub, o Mertiolate, Leite de Rosas, a pomada Min\u00e2ncora, os sabonetes Phebo e Cashmere Bouquet e as col\u00f4nias Tabu, Alfazema e Countor\u00e9. A raz\u00e3o do pedido \u00e9 impedir que as viroses que permeiam o mundo [&hellip;]","og_url":"https:\/\/www.notibras.com\/site\/mesmo-estressada-nova-geracao-e-invejada-por-quem-cheira-acima-da-media\/","og_site_name":"Notibras","article_publisher":"https:\/\/www.facebook.com\/notibras\/","article_published_time":"2026-01-15T06:33:03+00:00","article_modified_time":"2026-01-15T07:28:02+00:00","og_image":[{"width":810,"height":1440,"url":"https:\/\/www.notibras.com\/site\/wp-content\/uploads\/2026\/01\/42218aa4-93e7-4010-98c2-6385852ee561.jpg","type":"image\/jpeg"}],"author":"Reda\u00e7\u00e3o","twitter_card":"summary_large_image","twitter_creator":"@Notibras","twitter_site":"@Notibras","twitter_misc":{"Escrito por":"Reda\u00e7\u00e3o","Est. tempo de leitura":"4 minutos"},"schema":{"@context":"https:\/\/schema.org","@graph":[{"@type":"Article","@id":"https:\/\/www.notibras.com\/site\/mesmo-estressada-nova-geracao-e-invejada-por-quem-cheira-acima-da-media\/#article","isPartOf":{"@id":"https:\/\/www.notibras.com\/site\/mesmo-estressada-nova-geracao-e-invejada-por-quem-cheira-acima-da-media\/"},"author":{"name":"Reda\u00e7\u00e3o","@id":"https:\/\/www.notibras.com\/site\/#\/schema\/person\/36ab0979449956132d3e5b517ea76ac8"},"headline":"Mesmo estressada, nova gera\u00e7\u00e3o \u00e9 invejada por quem cheira acima da m\u00e9dia","datePublished":"2026-01-15T06:33:03+00:00","dateModified":"2026-01-15T07:28:02+00:00","mainEntityOfPage":{"@id":"https:\/\/www.notibras.com\/site\/mesmo-estressada-nova-geracao-e-invejada-por-quem-cheira-acima-da-media\/"},"wordCount":729,"publisher":{"@id":"https:\/\/www.notibras.com\/site\/#organization"},"image":{"@id":"https:\/\/www.notibras.com\/site\/mesmo-estressada-nova-geracao-e-invejada-por-quem-cheira-acima-da-media\/#primaryimage"},"thumbnailUrl":"https:\/\/www.notibras.com\/site\/wp-content\/uploads\/2026\/01\/42218aa4-93e7-4010-98c2-6385852ee561.jpg","articleSection":["Brasil"],"inLanguage":"pt-BR"},{"@type":"WebPage","@id":"https:\/\/www.notibras.com\/site\/mesmo-estressada-nova-geracao-e-invejada-por-quem-cheira-acima-da-media\/","url":"https:\/\/www.notibras.com\/site\/mesmo-estressada-nova-geracao-e-invejada-por-quem-cheira-acima-da-media\/","name":"Mesmo estressada, nova gera\u00e7\u00e3o \u00e9 invejada por quem cheira acima da m\u00e9dia - Notibras","isPartOf":{"@id":"https:\/\/www.notibras.com\/site\/#website"},"primaryImageOfPage":{"@id":"https:\/\/www.notibras.com\/site\/mesmo-estressada-nova-geracao-e-invejada-por-quem-cheira-acima-da-media\/#primaryimage"},"image":{"@id":"https:\/\/www.notibras.com\/site\/mesmo-estressada-nova-geracao-e-invejada-por-quem-cheira-acima-da-media\/#primaryimage"},"thumbnailUrl":"https:\/\/www.notibras.com\/site\/wp-content\/uploads\/2026\/01\/42218aa4-93e7-4010-98c2-6385852ee561.jpg","datePublished":"2026-01-15T06:33:03+00:00","dateModified":"2026-01-15T07:28:02+00:00","breadcrumb":{"@id":"https:\/\/www.notibras.com\/site\/mesmo-estressada-nova-geracao-e-invejada-por-quem-cheira-acima-da-media\/#breadcrumb"},"inLanguage":"pt-BR","potentialAction":[{"@type":"ReadAction","target":["https:\/\/www.notibras.com\/site\/mesmo-estressada-nova-geracao-e-invejada-por-quem-cheira-acima-da-media\/"]}]},{"@type":"ImageObject","inLanguage":"pt-BR","@id":"https:\/\/www.notibras.com\/site\/mesmo-estressada-nova-geracao-e-invejada-por-quem-cheira-acima-da-media\/#primaryimage","url":"https:\/\/www.notibras.com\/site\/wp-content\/uploads\/2026\/01\/42218aa4-93e7-4010-98c2-6385852ee561.jpg","contentUrl":"https:\/\/www.notibras.com\/site\/wp-content\/uploads\/2026\/01\/42218aa4-93e7-4010-98c2-6385852ee561.jpg","width":810,"height":1440},{"@type":"BreadcrumbList","@id":"https:\/\/www.notibras.com\/site\/mesmo-estressada-nova-geracao-e-invejada-por-quem-cheira-acima-da-media\/#breadcrumb","itemListElement":[{"@type":"ListItem","position":1,"name":"In\u00edcio","item":"https:\/\/www.notibras.com\/site\/"},{"@type":"ListItem","position":2,"name":"Mesmo estressada, nova gera\u00e7\u00e3o \u00e9 invejada por quem cheira acima da m\u00e9dia"}]},{"@type":"WebSite","@id":"https:\/\/www.notibras.com\/site\/#website","url":"https:\/\/www.notibras.com\/site\/","name":"Notibras","description":"Not\u00edcias de Bras\u00edlia, do Brasil e do Mundo","publisher":{"@id":"https:\/\/www.notibras.com\/site\/#organization"},"potentialAction":[{"@type":"SearchAction","target":{"@type":"EntryPoint","urlTemplate":"https:\/\/www.notibras.com\/site\/?s={search_term_string}"},"query-input":{"@type":"PropertyValueSpecification","valueRequired":true,"valueName":"search_term_string"}}],"inLanguage":"pt-BR"},{"@type":"Organization","@id":"https:\/\/www.notibras.com\/site\/#organization","name":"Grupo Notibras de Comunica\u00e7\u00e3o","url":"https:\/\/www.notibras.com\/site\/","logo":{"@type":"ImageObject","inLanguage":"pt-BR","@id":"https:\/\/www.notibras.com\/site\/#\/schema\/logo\/image\/","url":"https:\/\/www.notibras.com\/site\/wp-content\/uploads\/2023\/01\/notibras23.png","contentUrl":"https:\/\/www.notibras.com\/site\/wp-content\/uploads\/2023\/01\/notibras23.png","width":350,"height":87,"caption":"Grupo Notibras de Comunica\u00e7\u00e3o"},"image":{"@id":"https:\/\/www.notibras.com\/site\/#\/schema\/logo\/image\/"},"sameAs":["https:\/\/www.facebook.com\/notibras\/","https:\/\/x.com\/Notibras","https:\/\/www.instagram.com\/notibras\/"]},{"@type":"Person","@id":"https:\/\/www.notibras.com\/site\/#\/schema\/person\/36ab0979449956132d3e5b517ea76ac8","name":"Reda\u00e7\u00e3o","image":{"@type":"ImageObject","inLanguage":"pt-BR","@id":"https:\/\/secure.gravatar.com\/avatar\/e0a867bdedb85fd243eadf09663511f96fc81e0720a4a42581f334ad4303aa6b?s=96&d=mm&r=g","url":"https:\/\/secure.gravatar.com\/avatar\/e0a867bdedb85fd243eadf09663511f96fc81e0720a4a42581f334ad4303aa6b?s=96&d=mm&r=g","contentUrl":"https:\/\/secure.gravatar.com\/avatar\/e0a867bdedb85fd243eadf09663511f96fc81e0720a4a42581f334ad4303aa6b?s=96&d=mm&r=g","caption":"Reda\u00e7\u00e3o"}}]}},"amp_enabled":true,"_links":{"self":[{"href":"https:\/\/www.notibras.com\/site\/wp-json\/wp\/v2\/posts\/379106","targetHints":{"allow":["GET"]}}],"collection":[{"href":"https:\/\/www.notibras.com\/site\/wp-json\/wp\/v2\/posts"}],"about":[{"href":"https:\/\/www.notibras.com\/site\/wp-json\/wp\/v2\/types\/post"}],"author":[{"embeddable":true,"href":"https:\/\/www.notibras.com\/site\/wp-json\/wp\/v2\/users\/2"}],"replies":[{"embeddable":true,"href":"https:\/\/www.notibras.com\/site\/wp-json\/wp\/v2\/comments?post=379106"}],"version-history":[{"count":2,"href":"https:\/\/www.notibras.com\/site\/wp-json\/wp\/v2\/posts\/379106\/revisions"}],"predecessor-version":[{"id":379109,"href":"https:\/\/www.notibras.com\/site\/wp-json\/wp\/v2\/posts\/379106\/revisions\/379109"}],"wp:featuredmedia":[{"embeddable":true,"href":"https:\/\/www.notibras.com\/site\/wp-json\/wp\/v2\/media\/379107"}],"wp:attachment":[{"href":"https:\/\/www.notibras.com\/site\/wp-json\/wp\/v2\/media?parent=379106"}],"wp:term":[{"taxonomy":"category","embeddable":true,"href":"https:\/\/www.notibras.com\/site\/wp-json\/wp\/v2\/categories?post=379106"},{"taxonomy":"post_tag","embeddable":true,"href":"https:\/\/www.notibras.com\/site\/wp-json\/wp\/v2\/tags?post=379106"}],"curies":[{"name":"wp","href":"https:\/\/api.w.org\/{rel}","templated":true}]}}