{"id":379114,"date":"2026-01-15T12:28:17","date_gmt":"2026-01-15T15:28:17","guid":{"rendered":"https:\/\/www.notibras.com\/site\/?p=379114"},"modified":"2026-01-15T12:42:33","modified_gmt":"2026-01-15T15:42:33","slug":"policiais-da-15a-desvendam-desaparecimento-de-menor","status":"publish","type":"post","link":"https:\/\/www.notibras.com\/site\/policiais-da-15a-desvendam-desaparecimento-de-menor\/","title":{"rendered":"Policiais da 15\u00aa desvendam desaparecimento de menor"},"content":{"rendered":"<p>A Pol\u00edcia Civil do Distrito Federal, por meio da 15\u00aa Delegacia de Pol\u00edcia, esclareceu o desaparecimento da adolescente Luiza Riquessoli Liberato, de 15 anos, que estava desaparecida desde janeiro de 2025.<\/p>\n<p>O caso foi solucionado ap\u00f3s a equipe receber informa\u00e7\u00f5es de que a jovem estaria residindo na cidade de Planaltina de Goi\u00e1s.<\/p>\n<p>Conforme apurado, o hist\u00f3rico do caso remonta a 2024, quando se iniciou um conflito familiar que culminou na destitui\u00e7\u00e3o do poder familiar da genitora de Luiza em rela\u00e7\u00e3o aos cinco filhos, \u00e0 \u00e9poca residentes em Minas Gerais.<\/p>\n<p>Em raz\u00e3o da decis\u00e3o judicial, Luiza foi encaminhada para acolhimento institucional naquele estado. Por j\u00e1 ser adolescente, n\u00e3o ingressaria mais na fila de ado\u00e7\u00e3o, permanecendo em abrigo at\u00e9 atingir a maioridade.<\/p>\n<p>Posteriormente, a institui\u00e7\u00e3o de acolhimento identificou a exist\u00eancia de um irm\u00e3o da adolescente residente em Bras\u00edlia e promoveu contato com o objetivo de tentar a reaproxima\u00e7\u00e3o familiar.<\/p>\n<p>Diante da concord\u00e2ncia do irm\u00e3o, Luiza foi transferida para o Distrito Federal. Contudo, a conviv\u00eancia n\u00e3o se mostrou exitosa, uma vez que os irm\u00e3os n\u00e3o haviam sido criados juntos, resultando em dificuldades de adapta\u00e7\u00e3o. Em raz\u00e3o disso, a adolescente foi encaminhada para acolhimento no Lar S\u00e3o Jos\u00e9, em Ceil\u00e2ndia\/DF.<\/p>\n<p>Conforme apurado no curso das investiga\u00e7\u00f5es, Luiza demonstrava insatisfa\u00e7\u00e3o com o acolhimento institucional, tendo relatado a outros acolhidos e amigos que n\u00e3o gostava do abrigo e pretendia fugir.<\/p>\n<p>Em 26 de janeiro de 2025, durante a realiza\u00e7\u00e3o de um evento no Lar S\u00e3o Jos\u00e9, a adolescente evadiu-se da institui\u00e7\u00e3o, n\u00e3o retornando posteriormente, fato que motivou o registro de ocorr\u00eancia de desaparecimento e a instaura\u00e7\u00e3o de inqu\u00e9rito policial ainda em 2025 pela 15\u00aa Delegacia de Pol\u00edcia.<\/p>\n<p>No \u00e2mbito do inqu\u00e9rito, foram realizadas diversas dilig\u00eancias pela equipe da Se\u00e7\u00e3o de Pol\u00edcia Comunit\u00e1ria (SPCOM) da 15\u00aa DP.<\/p>\n<p>Os policiais efetuaram contatos com familiares, ouviram pessoas pr\u00f3ximas \u00e0 adolescente e realizaram buscas em locais que Luiza costumava frequentar, incluindo endere\u00e7os residenciais, lanchonetes, com\u00e9rcios e pontos de encontro indicados por testemunhas. Em todos esses locais, foram deixadas fotografias da adolescente e contatos da equipe policial, com o objetivo de obter informa\u00e7\u00f5es sobre seu paradeiro.<\/p>\n<p>Foi ainda colhido material gen\u00e9tico do irm\u00e3o da adolescente para o caso da necessidade de eventual confronto.<\/p>\n<p>Nesta semana, as dilig\u00eancias avan\u00e7aram ap\u00f3s os policiais da 15 DP receberam informa\u00e7\u00f5es de que a menor estaria residindo em Planaltina de Goias.<\/p>\n<p>Nesta quarta (14), diante da nova informa\u00e7\u00e3o, os agentes retornaram ao abrigo, ocasi\u00e3o em que foram informados de que um homem idoso havia comparecido recentemente ao local questionando sobre os documentos pessoais da adolescente, o que abriu nova linha investigativa.<\/p>\n<p>A partir desse dado, a equipe conseguiu localizar a resid\u00eancia desse homem, em Taguatinga\/DF, onde foi informada que uma jovem chamada Luiza estaria vivendo maritalmente com o filho dele, na cidade de Planaltina de Goi\u00e1s, embora o sobrenome da menor n\u00e3o fosse inicialmente conhecido.<\/p>\n<p>A equipe policial conseguiu contato telef\u00f4nico com o rapaz, de 31 anos, que confirmou as informa\u00e7\u00f5es. Em seguida, os policiais deslocaram-se at\u00e9 a casa dele, onde foi poss\u00edvel confirmar que a jovem que estava vivendo com ele era, de fato, a jovem Luiza Riquessoli Liberato, desaparecida desde janeiro deste ano.<\/p>\n<p>A localiza\u00e7\u00e3o da menor foi comunicada aos seus familiares, tendo sido a adolescente imediatamente apresentada \u00e0 Promotoria da Vara da Inf\u00e2ncia e da Juventude do Distrito Federal, para a ado\u00e7\u00e3o das provid\u00eancias legais.<\/p>\n<p>Na ocasi\u00e3o, foi constatado que Luiza encontrava-se em boas condi\u00e7\u00f5es f\u00edsicas e de sa\u00fade, n\u00e3o havendo ind\u00edcios de maus-tratos.<\/p>\n<p>Com a localiza\u00e7\u00e3o da desaparecida, o inqu\u00e9rito policial ser\u00e1 conclu\u00eddo e encaminhado \u00e0 justi\u00e7a com sugest\u00e3o de arquivamento.<\/p>\n<p>A princ\u00edpio a jovem permanecer\u00e1 vivendo com o seu namorado no endere\u00e7o onde foi localizada.<\/p>\n","protected":false},"excerpt":{"rendered":"<p>A Pol\u00edcia Civil do Distrito Federal, por meio da 15\u00aa Delegacia de Pol\u00edcia, esclareceu o desaparecimento da adolescente Luiza Riquessoli Liberato, de 15 anos, que estava desaparecida desde janeiro de 2025. O caso foi solucionado ap\u00f3s a equipe receber informa\u00e7\u00f5es de que a jovem estaria residindo na cidade de Planaltina de Goi\u00e1s. Conforme apurado, o [&hellip;]<\/p>\n","protected":false},"author":21,"featured_media":379117,"comment_status":"closed","ping_status":"closed","sticky":false,"template":"","format":"standard","meta":{"_acf_changed":false,"footnotes":""},"categories":[161],"tags":[],"class_list":["post-379114","post","type-post","status-publish","format-standard","has-post-thumbnail","hentry","category-quadradinho-em-foco"],"acf":[],"yoast_head":"<!-- This site is optimized with the Yoast SEO plugin v27.2 - https:\/\/yoast.com\/product\/yoast-seo-wordpress\/ -->\n<title>Policiais da 15\u00aa desvendam desaparecimento de menor - Notibras<\/title>\n<meta name=\"robots\" content=\"index, follow, max-snippet:-1, max-image-preview:large, max-video-preview:-1\" \/>\n<link rel=\"canonical\" href=\"https:\/\/www.notibras.com\/site\/policiais-da-15a-desvendam-desaparecimento-de-menor\/\" \/>\n<meta property=\"og:locale\" content=\"pt_BR\" \/>\n<meta property=\"og:type\" content=\"article\" \/>\n<meta property=\"og:title\" content=\"Policiais da 15\u00aa desvendam desaparecimento de menor - Notibras\" \/>\n<meta property=\"og:description\" content=\"A Pol\u00edcia Civil do Distrito Federal, por meio da 15\u00aa Delegacia de Pol\u00edcia, esclareceu o desaparecimento da adolescente Luiza Riquessoli Liberato, de 15 anos, que estava desaparecida desde janeiro de 2025. O caso foi solucionado ap\u00f3s a equipe receber informa\u00e7\u00f5es de que a jovem estaria residindo na cidade de Planaltina de Goi\u00e1s. Conforme apurado, o [&hellip;]\" \/>\n<meta property=\"og:url\" content=\"https:\/\/www.notibras.com\/site\/policiais-da-15a-desvendam-desaparecimento-de-menor\/\" \/>\n<meta property=\"og:site_name\" content=\"Notibras\" \/>\n<meta property=\"article:publisher\" content=\"https:\/\/www.facebook.com\/notibras\/\" \/>\n<meta property=\"article:published_time\" content=\"2026-01-15T15:28:17+00:00\" \/>\n<meta property=\"article:modified_time\" content=\"2026-01-15T15:42:33+00:00\" \/>\n<meta property=\"og:image\" content=\"https:\/\/www.notibras.com\/site\/wp-content\/uploads\/2026\/01\/725b017a-b9f5-44d2-8639-4bd86f53f535.jpg\" \/>\n\t<meta property=\"og:image:width\" content=\"590\" \/>\n\t<meta property=\"og:image:height\" content=\"735\" \/>\n\t<meta property=\"og:image:type\" content=\"image\/jpeg\" \/>\n<meta name=\"author\" content=\"Eduardo Mart\u00ednez\" \/>\n<meta name=\"twitter:card\" content=\"summary_large_image\" \/>\n<meta name=\"twitter:creator\" content=\"@Notibras\" \/>\n<meta name=\"twitter:site\" content=\"@Notibras\" \/>\n<meta name=\"twitter:label1\" content=\"Escrito por\" \/>\n\t<meta name=\"twitter:data1\" content=\"Eduardo Mart\u00ednez\" \/>\n\t<meta name=\"twitter:label2\" content=\"Est. tempo de leitura\" \/>\n\t<meta name=\"twitter:data2\" content=\"4 minutos\" \/>\n<script type=\"application\/ld+json\" class=\"yoast-schema-graph\">{\"@context\":\"https:\/\/schema.org\",\"@graph\":[{\"@type\":\"Article\",\"@id\":\"https:\/\/www.notibras.com\/site\/policiais-da-15a-desvendam-desaparecimento-de-menor\/#article\",\"isPartOf\":{\"@id\":\"https:\/\/www.notibras.com\/site\/policiais-da-15a-desvendam-desaparecimento-de-menor\/\"},\"author\":{\"name\":\"Eduardo Mart\u00ednez\",\"@id\":\"https:\/\/www.notibras.com\/site\/#\/schema\/person\/5b7fabf2aedc3ada2105f03b22b4d3dd\"},\"headline\":\"Policiais da 15\u00aa desvendam desaparecimento de menor\",\"datePublished\":\"2026-01-15T15:28:17+00:00\",\"dateModified\":\"2026-01-15T15:42:33+00:00\",\"mainEntityOfPage\":{\"@id\":\"https:\/\/www.notibras.com\/site\/policiais-da-15a-desvendam-desaparecimento-de-menor\/\"},\"wordCount\":674,\"publisher\":{\"@id\":\"https:\/\/www.notibras.com\/site\/#organization\"},\"image\":{\"@id\":\"https:\/\/www.notibras.com\/site\/policiais-da-15a-desvendam-desaparecimento-de-menor\/#primaryimage\"},\"thumbnailUrl\":\"https:\/\/www.notibras.com\/site\/wp-content\/uploads\/2026\/01\/725b017a-b9f5-44d2-8639-4bd86f53f535.jpg\",\"articleSection\":[\"Quadradinho em Foco\"],\"inLanguage\":\"pt-BR\"},{\"@type\":\"WebPage\",\"@id\":\"https:\/\/www.notibras.com\/site\/policiais-da-15a-desvendam-desaparecimento-de-menor\/\",\"url\":\"https:\/\/www.notibras.com\/site\/policiais-da-15a-desvendam-desaparecimento-de-menor\/\",\"name\":\"Policiais da 15\u00aa desvendam desaparecimento de menor - Notibras\",\"isPartOf\":{\"@id\":\"https:\/\/www.notibras.com\/site\/#website\"},\"primaryImageOfPage\":{\"@id\":\"https:\/\/www.notibras.com\/site\/policiais-da-15a-desvendam-desaparecimento-de-menor\/#primaryimage\"},\"image\":{\"@id\":\"https:\/\/www.notibras.com\/site\/policiais-da-15a-desvendam-desaparecimento-de-menor\/#primaryimage\"},\"thumbnailUrl\":\"https:\/\/www.notibras.com\/site\/wp-content\/uploads\/2026\/01\/725b017a-b9f5-44d2-8639-4bd86f53f535.jpg\",\"datePublished\":\"2026-01-15T15:28:17+00:00\",\"dateModified\":\"2026-01-15T15:42:33+00:00\",\"breadcrumb\":{\"@id\":\"https:\/\/www.notibras.com\/site\/policiais-da-15a-desvendam-desaparecimento-de-menor\/#breadcrumb\"},\"inLanguage\":\"pt-BR\",\"potentialAction\":[{\"@type\":\"ReadAction\",\"target\":[\"https:\/\/www.notibras.com\/site\/policiais-da-15a-desvendam-desaparecimento-de-menor\/\"]}]},{\"@type\":\"ImageObject\",\"inLanguage\":\"pt-BR\",\"@id\":\"https:\/\/www.notibras.com\/site\/policiais-da-15a-desvendam-desaparecimento-de-menor\/#primaryimage\",\"url\":\"https:\/\/www.notibras.com\/site\/wp-content\/uploads\/2026\/01\/725b017a-b9f5-44d2-8639-4bd86f53f535.jpg\",\"contentUrl\":\"https:\/\/www.notibras.com\/site\/wp-content\/uploads\/2026\/01\/725b017a-b9f5-44d2-8639-4bd86f53f535.jpg\",\"width\":590,\"height\":735},{\"@type\":\"BreadcrumbList\",\"@id\":\"https:\/\/www.notibras.com\/site\/policiais-da-15a-desvendam-desaparecimento-de-menor\/#breadcrumb\",\"itemListElement\":[{\"@type\":\"ListItem\",\"position\":1,\"name\":\"In\u00edcio\",\"item\":\"https:\/\/www.notibras.com\/site\/\"},{\"@type\":\"ListItem\",\"position\":2,\"name\":\"Policiais da 15\u00aa desvendam desaparecimento de menor\"}]},{\"@type\":\"WebSite\",\"@id\":\"https:\/\/www.notibras.com\/site\/#website\",\"url\":\"https:\/\/www.notibras.com\/site\/\",\"name\":\"Notibras\",\"description\":\"Not\u00edcias de Bras\u00edlia, do Brasil e do Mundo\",\"publisher\":{\"@id\":\"https:\/\/www.notibras.com\/site\/#organization\"},\"potentialAction\":[{\"@type\":\"SearchAction\",\"target\":{\"@type\":\"EntryPoint\",\"urlTemplate\":\"https:\/\/www.notibras.com\/site\/?s={search_term_string}\"},\"query-input\":{\"@type\":\"PropertyValueSpecification\",\"valueRequired\":true,\"valueName\":\"search_term_string\"}}],\"inLanguage\":\"pt-BR\"},{\"@type\":\"Organization\",\"@id\":\"https:\/\/www.notibras.com\/site\/#organization\",\"name\":\"Grupo Notibras de Comunica\u00e7\u00e3o\",\"url\":\"https:\/\/www.notibras.com\/site\/\",\"logo\":{\"@type\":\"ImageObject\",\"inLanguage\":\"pt-BR\",\"@id\":\"https:\/\/www.notibras.com\/site\/#\/schema\/logo\/image\/\",\"url\":\"https:\/\/www.notibras.com\/site\/wp-content\/uploads\/2023\/01\/notibras23.png\",\"contentUrl\":\"https:\/\/www.notibras.com\/site\/wp-content\/uploads\/2023\/01\/notibras23.png\",\"width\":350,\"height\":87,\"caption\":\"Grupo Notibras de Comunica\u00e7\u00e3o\"},\"image\":{\"@id\":\"https:\/\/www.notibras.com\/site\/#\/schema\/logo\/image\/\"},\"sameAs\":[\"https:\/\/www.facebook.com\/notibras\/\",\"https:\/\/x.com\/Notibras\",\"https:\/\/www.instagram.com\/notibras\/\"]},{\"@type\":\"Person\",\"@id\":\"https:\/\/www.notibras.com\/site\/#\/schema\/person\/5b7fabf2aedc3ada2105f03b22b4d3dd\",\"name\":\"Eduardo Mart\u00ednez\",\"image\":{\"@type\":\"ImageObject\",\"inLanguage\":\"pt-BR\",\"@id\":\"https:\/\/secure.gravatar.com\/avatar\/7902f906289926289cbcda644b5197c796b893c6ffd7b9a536a42d290f7704a0?s=96&d=mm&r=g\",\"url\":\"https:\/\/secure.gravatar.com\/avatar\/7902f906289926289cbcda644b5197c796b893c6ffd7b9a536a42d290f7704a0?s=96&d=mm&r=g\",\"contentUrl\":\"https:\/\/secure.gravatar.com\/avatar\/7902f906289926289cbcda644b5197c796b893c6ffd7b9a536a42d290f7704a0?s=96&d=mm&r=g\",\"caption\":\"Eduardo Mart\u00ednez\"}}]}<\/script>\n<!-- \/ Yoast SEO plugin. -->","yoast_head_json":{"title":"Policiais da 15\u00aa desvendam desaparecimento de menor - Notibras","robots":{"index":"index","follow":"follow","max-snippet":"max-snippet:-1","max-image-preview":"max-image-preview:large","max-video-preview":"max-video-preview:-1"},"canonical":"https:\/\/www.notibras.com\/site\/policiais-da-15a-desvendam-desaparecimento-de-menor\/","og_locale":"pt_BR","og_type":"article","og_title":"Policiais da 15\u00aa desvendam desaparecimento de menor - Notibras","og_description":"A Pol\u00edcia Civil do Distrito Federal, por meio da 15\u00aa Delegacia de Pol\u00edcia, esclareceu o desaparecimento da adolescente Luiza Riquessoli Liberato, de 15 anos, que estava desaparecida desde janeiro de 2025. O caso foi solucionado ap\u00f3s a equipe receber informa\u00e7\u00f5es de que a jovem estaria residindo na cidade de Planaltina de Goi\u00e1s. Conforme apurado, o [&hellip;]","og_url":"https:\/\/www.notibras.com\/site\/policiais-da-15a-desvendam-desaparecimento-de-menor\/","og_site_name":"Notibras","article_publisher":"https:\/\/www.facebook.com\/notibras\/","article_published_time":"2026-01-15T15:28:17+00:00","article_modified_time":"2026-01-15T15:42:33+00:00","og_image":[{"width":590,"height":735,"url":"https:\/\/www.notibras.com\/site\/wp-content\/uploads\/2026\/01\/725b017a-b9f5-44d2-8639-4bd86f53f535.jpg","type":"image\/jpeg"}],"author":"Eduardo Mart\u00ednez","twitter_card":"summary_large_image","twitter_creator":"@Notibras","twitter_site":"@Notibras","twitter_misc":{"Escrito por":"Eduardo Mart\u00ednez","Est. tempo de leitura":"4 minutos"},"schema":{"@context":"https:\/\/schema.org","@graph":[{"@type":"Article","@id":"https:\/\/www.notibras.com\/site\/policiais-da-15a-desvendam-desaparecimento-de-menor\/#article","isPartOf":{"@id":"https:\/\/www.notibras.com\/site\/policiais-da-15a-desvendam-desaparecimento-de-menor\/"},"author":{"name":"Eduardo Mart\u00ednez","@id":"https:\/\/www.notibras.com\/site\/#\/schema\/person\/5b7fabf2aedc3ada2105f03b22b4d3dd"},"headline":"Policiais da 15\u00aa desvendam desaparecimento de menor","datePublished":"2026-01-15T15:28:17+00:00","dateModified":"2026-01-15T15:42:33+00:00","mainEntityOfPage":{"@id":"https:\/\/www.notibras.com\/site\/policiais-da-15a-desvendam-desaparecimento-de-menor\/"},"wordCount":674,"publisher":{"@id":"https:\/\/www.notibras.com\/site\/#organization"},"image":{"@id":"https:\/\/www.notibras.com\/site\/policiais-da-15a-desvendam-desaparecimento-de-menor\/#primaryimage"},"thumbnailUrl":"https:\/\/www.notibras.com\/site\/wp-content\/uploads\/2026\/01\/725b017a-b9f5-44d2-8639-4bd86f53f535.jpg","articleSection":["Quadradinho em Foco"],"inLanguage":"pt-BR"},{"@type":"WebPage","@id":"https:\/\/www.notibras.com\/site\/policiais-da-15a-desvendam-desaparecimento-de-menor\/","url":"https:\/\/www.notibras.com\/site\/policiais-da-15a-desvendam-desaparecimento-de-menor\/","name":"Policiais da 15\u00aa desvendam desaparecimento de menor - Notibras","isPartOf":{"@id":"https:\/\/www.notibras.com\/site\/#website"},"primaryImageOfPage":{"@id":"https:\/\/www.notibras.com\/site\/policiais-da-15a-desvendam-desaparecimento-de-menor\/#primaryimage"},"image":{"@id":"https:\/\/www.notibras.com\/site\/policiais-da-15a-desvendam-desaparecimento-de-menor\/#primaryimage"},"thumbnailUrl":"https:\/\/www.notibras.com\/site\/wp-content\/uploads\/2026\/01\/725b017a-b9f5-44d2-8639-4bd86f53f535.jpg","datePublished":"2026-01-15T15:28:17+00:00","dateModified":"2026-01-15T15:42:33+00:00","breadcrumb":{"@id":"https:\/\/www.notibras.com\/site\/policiais-da-15a-desvendam-desaparecimento-de-menor\/#breadcrumb"},"inLanguage":"pt-BR","potentialAction":[{"@type":"ReadAction","target":["https:\/\/www.notibras.com\/site\/policiais-da-15a-desvendam-desaparecimento-de-menor\/"]}]},{"@type":"ImageObject","inLanguage":"pt-BR","@id":"https:\/\/www.notibras.com\/site\/policiais-da-15a-desvendam-desaparecimento-de-menor\/#primaryimage","url":"https:\/\/www.notibras.com\/site\/wp-content\/uploads\/2026\/01\/725b017a-b9f5-44d2-8639-4bd86f53f535.jpg","contentUrl":"https:\/\/www.notibras.com\/site\/wp-content\/uploads\/2026\/01\/725b017a-b9f5-44d2-8639-4bd86f53f535.jpg","width":590,"height":735},{"@type":"BreadcrumbList","@id":"https:\/\/www.notibras.com\/site\/policiais-da-15a-desvendam-desaparecimento-de-menor\/#breadcrumb","itemListElement":[{"@type":"ListItem","position":1,"name":"In\u00edcio","item":"https:\/\/www.notibras.com\/site\/"},{"@type":"ListItem","position":2,"name":"Policiais da 15\u00aa desvendam desaparecimento de menor"}]},{"@type":"WebSite","@id":"https:\/\/www.notibras.com\/site\/#website","url":"https:\/\/www.notibras.com\/site\/","name":"Notibras","description":"Not\u00edcias de Bras\u00edlia, do Brasil e do Mundo","publisher":{"@id":"https:\/\/www.notibras.com\/site\/#organization"},"potentialAction":[{"@type":"SearchAction","target":{"@type":"EntryPoint","urlTemplate":"https:\/\/www.notibras.com\/site\/?s={search_term_string}"},"query-input":{"@type":"PropertyValueSpecification","valueRequired":true,"valueName":"search_term_string"}}],"inLanguage":"pt-BR"},{"@type":"Organization","@id":"https:\/\/www.notibras.com\/site\/#organization","name":"Grupo Notibras de Comunica\u00e7\u00e3o","url":"https:\/\/www.notibras.com\/site\/","logo":{"@type":"ImageObject","inLanguage":"pt-BR","@id":"https:\/\/www.notibras.com\/site\/#\/schema\/logo\/image\/","url":"https:\/\/www.notibras.com\/site\/wp-content\/uploads\/2023\/01\/notibras23.png","contentUrl":"https:\/\/www.notibras.com\/site\/wp-content\/uploads\/2023\/01\/notibras23.png","width":350,"height":87,"caption":"Grupo Notibras de Comunica\u00e7\u00e3o"},"image":{"@id":"https:\/\/www.notibras.com\/site\/#\/schema\/logo\/image\/"},"sameAs":["https:\/\/www.facebook.com\/notibras\/","https:\/\/x.com\/Notibras","https:\/\/www.instagram.com\/notibras\/"]},{"@type":"Person","@id":"https:\/\/www.notibras.com\/site\/#\/schema\/person\/5b7fabf2aedc3ada2105f03b22b4d3dd","name":"Eduardo Mart\u00ednez","image":{"@type":"ImageObject","inLanguage":"pt-BR","@id":"https:\/\/secure.gravatar.com\/avatar\/7902f906289926289cbcda644b5197c796b893c6ffd7b9a536a42d290f7704a0?s=96&d=mm&r=g","url":"https:\/\/secure.gravatar.com\/avatar\/7902f906289926289cbcda644b5197c796b893c6ffd7b9a536a42d290f7704a0?s=96&d=mm&r=g","contentUrl":"https:\/\/secure.gravatar.com\/avatar\/7902f906289926289cbcda644b5197c796b893c6ffd7b9a536a42d290f7704a0?s=96&d=mm&r=g","caption":"Eduardo Mart\u00ednez"}}]}},"amp_enabled":true,"_links":{"self":[{"href":"https:\/\/www.notibras.com\/site\/wp-json\/wp\/v2\/posts\/379114","targetHints":{"allow":["GET"]}}],"collection":[{"href":"https:\/\/www.notibras.com\/site\/wp-json\/wp\/v2\/posts"}],"about":[{"href":"https:\/\/www.notibras.com\/site\/wp-json\/wp\/v2\/types\/post"}],"author":[{"embeddable":true,"href":"https:\/\/www.notibras.com\/site\/wp-json\/wp\/v2\/users\/21"}],"replies":[{"embeddable":true,"href":"https:\/\/www.notibras.com\/site\/wp-json\/wp\/v2\/comments?post=379114"}],"version-history":[{"count":3,"href":"https:\/\/www.notibras.com\/site\/wp-json\/wp\/v2\/posts\/379114\/revisions"}],"predecessor-version":[{"id":379124,"href":"https:\/\/www.notibras.com\/site\/wp-json\/wp\/v2\/posts\/379114\/revisions\/379124"}],"wp:featuredmedia":[{"embeddable":true,"href":"https:\/\/www.notibras.com\/site\/wp-json\/wp\/v2\/media\/379117"}],"wp:attachment":[{"href":"https:\/\/www.notibras.com\/site\/wp-json\/wp\/v2\/media?parent=379114"}],"wp:term":[{"taxonomy":"category","embeddable":true,"href":"https:\/\/www.notibras.com\/site\/wp-json\/wp\/v2\/categories?post=379114"},{"taxonomy":"post_tag","embeddable":true,"href":"https:\/\/www.notibras.com\/site\/wp-json\/wp\/v2\/tags?post=379114"}],"curies":[{"name":"wp","href":"https:\/\/api.w.org\/{rel}","templated":true}]}}