{"id":379120,"date":"2026-01-15T10:28:20","date_gmt":"2026-01-15T13:28:20","guid":{"rendered":"https:\/\/www.notibras.com\/site\/?p=379120"},"modified":"2026-01-15T12:29:49","modified_gmt":"2026-01-15T15:29:49","slug":"lula-sanciona-orcamento-e-veta-400-mi-em-emendas","status":"publish","type":"post","link":"https:\/\/www.notibras.com\/site\/lula-sanciona-orcamento-e-veta-400-mi-em-emendas\/","title":{"rendered":"Lula sanciona Or\u00e7amento e veta 400 mi em emendas"},"content":{"rendered":"<p>O presidente Luiz In\u00e1cio Lula da Silva sancionou a Lei Or\u00e7ament\u00e1ria Anual (LOA) de 2026. A norma, que fixa as despesas p\u00fablicas e estima as receitas ao longo do ano, foi publicada em edi\u00e7\u00e3o extra do Di\u00e1rio Oficial da Uni\u00e3o (DOU). O texto havia sido aprovado pelo Congresso Nacional no fim do ano passado.<\/p>\n<p>Alegando inconformidades legais, o presidente decidiu vetar dois dispositivos que somam quase R$ 400 milh\u00f5es em emendas parlamentares. Eles foram inclu\u00eddos durante a tramita\u00e7\u00e3o do texto, e n\u00e3o constavam na programa\u00e7\u00e3o or\u00e7ament\u00e1ria enviada pelo Poder Executivo, como determina a lei federal que trata das emendas (Lei Complementar 210\/24), segundo o governo.<\/p>\n<p>O veto ter\u00e1 que ser apreciado por deputados e senadores, que poder\u00e3o mant\u00ea-lo ou derrub\u00e1-lo.<\/p>\n<p>Ao todo, o Or\u00e7amento da Uni\u00e3o para 2026 ser\u00e1 de R$ 6,54 trilh\u00f5es, com meta de super\u00e1vit de R$ 34,2 bilh\u00f5es. O sal\u00e1rio m\u00ednimo sai de R$ 1.518 e sobe para R$ 1.621.<\/p>\n<p>As \u00e1reas de Sa\u00fade e Educa\u00e7\u00e3o contar\u00e3o com recursos totais de R$ 271,3 bilh\u00f5es e R$ 233,7 bilh\u00f5es, respectivamente.<\/p>\n<p>Para o Bolsa Fam\u00edlia, foram reservados R$ 158,63 bilh\u00f5es, enquanto o programa de incentivo financeiro para estudantes do Ensino M\u00e9dio, o P\u00e9 de Meia, contar\u00e1 com R$ 11,47 bilh\u00f5es. Outros R$ 4,7 bilh\u00f5es est\u00e3o previstos para o programa que garante acesso a botij\u00e3o de g\u00e1s a fam\u00edlias de baixa renda.<\/p>\n<p><strong>Emendas<\/strong><br \/>\nO texto da Lei Or\u00e7ament\u00e1ria aprovado no Congresso prev\u00ea aproximadamente de R$ 61 bilh\u00f5es em emendas parlamentares. Desse total, cerca de R$ 37,8 bilh\u00f5es ser\u00e3o destinados a emendas impositivas, de pagamento obrigat\u00f3rio.<\/p>\n<p>As emendas individuais, dos deputados e senadores, somam R$ 26,6 bilh\u00f5es; as de bancada, destinadas \u00e0s bancadas estaduais, ficaram com R$ 11,2 bilh\u00f5es. J\u00e1 as emendas de comiss\u00e3o, que n\u00e3o t\u00eam execu\u00e7\u00e3o obrigat\u00f3ria, somam R$ 12,1 bilh\u00f5es.<\/p>\n<p>Al\u00e9m do veto de quase R$ 400 milh\u00f5es em emendas parlamentares, h\u00e1 a expectativa de que o governo federal edite outros atos normativos para remanejar mais R$ 11 bilh\u00f5es em emendas parlamentares para outras a\u00e7\u00f5es.<\/p>\n","protected":false},"excerpt":{"rendered":"<p>O presidente Luiz In\u00e1cio Lula da Silva sancionou a Lei Or\u00e7ament\u00e1ria Anual (LOA) de 2026. A norma, que fixa as despesas p\u00fablicas e estima as receitas ao longo do ano, foi publicada em edi\u00e7\u00e3o extra do Di\u00e1rio Oficial da Uni\u00e3o (DOU). O texto havia sido aprovado pelo Congresso Nacional no fim do ano passado. Alegando [&hellip;]<\/p>\n","protected":false},"author":2,"featured_media":379122,"comment_status":"closed","ping_status":"closed","sticky":false,"template":"","format":"standard","meta":{"_acf_changed":false,"footnotes":""},"categories":[16],"tags":[],"class_list":["post-379120","post","type-post","status-publish","format-standard","has-post-thumbnail","hentry","category-brasil"],"acf":[],"yoast_head":"<!-- This site is optimized with the Yoast SEO plugin v27.2 - https:\/\/yoast.com\/product\/yoast-seo-wordpress\/ -->\n<title>Lula sanciona Or\u00e7amento e veta 400 mi em emendas - Notibras<\/title>\n<meta name=\"robots\" content=\"index, follow, max-snippet:-1, max-image-preview:large, max-video-preview:-1\" \/>\n<link rel=\"canonical\" href=\"https:\/\/www.notibras.com\/site\/lula-sanciona-orcamento-e-veta-400-mi-em-emendas\/\" \/>\n<meta property=\"og:locale\" content=\"pt_BR\" \/>\n<meta property=\"og:type\" content=\"article\" \/>\n<meta property=\"og:title\" content=\"Lula sanciona Or\u00e7amento e veta 400 mi em emendas - Notibras\" \/>\n<meta property=\"og:description\" content=\"O presidente Luiz In\u00e1cio Lula da Silva sancionou a Lei Or\u00e7ament\u00e1ria Anual (LOA) de 2026. A norma, que fixa as despesas p\u00fablicas e estima as receitas ao longo do ano, foi publicada em edi\u00e7\u00e3o extra do Di\u00e1rio Oficial da Uni\u00e3o (DOU). O texto havia sido aprovado pelo Congresso Nacional no fim do ano passado. Alegando [&hellip;]\" \/>\n<meta property=\"og:url\" content=\"https:\/\/www.notibras.com\/site\/lula-sanciona-orcamento-e-veta-400-mi-em-emendas\/\" \/>\n<meta property=\"og:site_name\" content=\"Notibras\" \/>\n<meta property=\"article:publisher\" content=\"https:\/\/www.facebook.com\/notibras\/\" \/>\n<meta property=\"article:published_time\" content=\"2026-01-15T13:28:20+00:00\" \/>\n<meta property=\"article:modified_time\" content=\"2026-01-15T15:29:49+00:00\" \/>\n<meta property=\"og:image\" content=\"https:\/\/www.notibras.com\/site\/wp-content\/uploads\/2026\/01\/0d7a6178_0.webp\" \/>\n\t<meta property=\"og:image:width\" content=\"770\" \/>\n\t<meta property=\"og:image:height\" content=\"513\" \/>\n\t<meta property=\"og:image:type\" content=\"image\/webp\" \/>\n<meta name=\"author\" content=\"Reda\u00e7\u00e3o\" \/>\n<meta name=\"twitter:card\" content=\"summary_large_image\" \/>\n<meta name=\"twitter:creator\" content=\"@Notibras\" \/>\n<meta name=\"twitter:site\" content=\"@Notibras\" \/>\n<meta name=\"twitter:label1\" content=\"Escrito por\" \/>\n\t<meta name=\"twitter:data1\" content=\"Reda\u00e7\u00e3o\" \/>\n\t<meta name=\"twitter:label2\" content=\"Est. tempo de leitura\" \/>\n\t<meta name=\"twitter:data2\" content=\"3 minutos\" \/>\n<script type=\"application\/ld+json\" class=\"yoast-schema-graph\">{\"@context\":\"https:\/\/schema.org\",\"@graph\":[{\"@type\":\"Article\",\"@id\":\"https:\/\/www.notibras.com\/site\/lula-sanciona-orcamento-e-veta-400-mi-em-emendas\/#article\",\"isPartOf\":{\"@id\":\"https:\/\/www.notibras.com\/site\/lula-sanciona-orcamento-e-veta-400-mi-em-emendas\/\"},\"author\":{\"name\":\"Reda\u00e7\u00e3o\",\"@id\":\"https:\/\/www.notibras.com\/site\/#\/schema\/person\/36ab0979449956132d3e5b517ea76ac8\"},\"headline\":\"Lula sanciona Or\u00e7amento e veta 400 mi em emendas\",\"datePublished\":\"2026-01-15T13:28:20+00:00\",\"dateModified\":\"2026-01-15T15:29:49+00:00\",\"mainEntityOfPage\":{\"@id\":\"https:\/\/www.notibras.com\/site\/lula-sanciona-orcamento-e-veta-400-mi-em-emendas\/\"},\"wordCount\":372,\"publisher\":{\"@id\":\"https:\/\/www.notibras.com\/site\/#organization\"},\"image\":{\"@id\":\"https:\/\/www.notibras.com\/site\/lula-sanciona-orcamento-e-veta-400-mi-em-emendas\/#primaryimage\"},\"thumbnailUrl\":\"https:\/\/www.notibras.com\/site\/wp-content\/uploads\/2026\/01\/0d7a6178_0.webp\",\"articleSection\":[\"Brasil\"],\"inLanguage\":\"pt-BR\"},{\"@type\":\"WebPage\",\"@id\":\"https:\/\/www.notibras.com\/site\/lula-sanciona-orcamento-e-veta-400-mi-em-emendas\/\",\"url\":\"https:\/\/www.notibras.com\/site\/lula-sanciona-orcamento-e-veta-400-mi-em-emendas\/\",\"name\":\"Lula sanciona Or\u00e7amento e veta 400 mi em emendas - Notibras\",\"isPartOf\":{\"@id\":\"https:\/\/www.notibras.com\/site\/#website\"},\"primaryImageOfPage\":{\"@id\":\"https:\/\/www.notibras.com\/site\/lula-sanciona-orcamento-e-veta-400-mi-em-emendas\/#primaryimage\"},\"image\":{\"@id\":\"https:\/\/www.notibras.com\/site\/lula-sanciona-orcamento-e-veta-400-mi-em-emendas\/#primaryimage\"},\"thumbnailUrl\":\"https:\/\/www.notibras.com\/site\/wp-content\/uploads\/2026\/01\/0d7a6178_0.webp\",\"datePublished\":\"2026-01-15T13:28:20+00:00\",\"dateModified\":\"2026-01-15T15:29:49+00:00\",\"breadcrumb\":{\"@id\":\"https:\/\/www.notibras.com\/site\/lula-sanciona-orcamento-e-veta-400-mi-em-emendas\/#breadcrumb\"},\"inLanguage\":\"pt-BR\",\"potentialAction\":[{\"@type\":\"ReadAction\",\"target\":[\"https:\/\/www.notibras.com\/site\/lula-sanciona-orcamento-e-veta-400-mi-em-emendas\/\"]}]},{\"@type\":\"ImageObject\",\"inLanguage\":\"pt-BR\",\"@id\":\"https:\/\/www.notibras.com\/site\/lula-sanciona-orcamento-e-veta-400-mi-em-emendas\/#primaryimage\",\"url\":\"https:\/\/www.notibras.com\/site\/wp-content\/uploads\/2026\/01\/0d7a6178_0.webp\",\"contentUrl\":\"https:\/\/www.notibras.com\/site\/wp-content\/uploads\/2026\/01\/0d7a6178_0.webp\",\"width\":770,\"height\":513},{\"@type\":\"BreadcrumbList\",\"@id\":\"https:\/\/www.notibras.com\/site\/lula-sanciona-orcamento-e-veta-400-mi-em-emendas\/#breadcrumb\",\"itemListElement\":[{\"@type\":\"ListItem\",\"position\":1,\"name\":\"In\u00edcio\",\"item\":\"https:\/\/www.notibras.com\/site\/\"},{\"@type\":\"ListItem\",\"position\":2,\"name\":\"Lula sanciona Or\u00e7amento e veta 400 mi em emendas\"}]},{\"@type\":\"WebSite\",\"@id\":\"https:\/\/www.notibras.com\/site\/#website\",\"url\":\"https:\/\/www.notibras.com\/site\/\",\"name\":\"Notibras\",\"description\":\"Not\u00edcias de Bras\u00edlia, do Brasil e do Mundo\",\"publisher\":{\"@id\":\"https:\/\/www.notibras.com\/site\/#organization\"},\"potentialAction\":[{\"@type\":\"SearchAction\",\"target\":{\"@type\":\"EntryPoint\",\"urlTemplate\":\"https:\/\/www.notibras.com\/site\/?s={search_term_string}\"},\"query-input\":{\"@type\":\"PropertyValueSpecification\",\"valueRequired\":true,\"valueName\":\"search_term_string\"}}],\"inLanguage\":\"pt-BR\"},{\"@type\":\"Organization\",\"@id\":\"https:\/\/www.notibras.com\/site\/#organization\",\"name\":\"Grupo Notibras de Comunica\u00e7\u00e3o\",\"url\":\"https:\/\/www.notibras.com\/site\/\",\"logo\":{\"@type\":\"ImageObject\",\"inLanguage\":\"pt-BR\",\"@id\":\"https:\/\/www.notibras.com\/site\/#\/schema\/logo\/image\/\",\"url\":\"https:\/\/www.notibras.com\/site\/wp-content\/uploads\/2023\/01\/notibras23.png\",\"contentUrl\":\"https:\/\/www.notibras.com\/site\/wp-content\/uploads\/2023\/01\/notibras23.png\",\"width\":350,\"height\":87,\"caption\":\"Grupo Notibras de Comunica\u00e7\u00e3o\"},\"image\":{\"@id\":\"https:\/\/www.notibras.com\/site\/#\/schema\/logo\/image\/\"},\"sameAs\":[\"https:\/\/www.facebook.com\/notibras\/\",\"https:\/\/x.com\/Notibras\",\"https:\/\/www.instagram.com\/notibras\/\"]},{\"@type\":\"Person\",\"@id\":\"https:\/\/www.notibras.com\/site\/#\/schema\/person\/36ab0979449956132d3e5b517ea76ac8\",\"name\":\"Reda\u00e7\u00e3o\",\"image\":{\"@type\":\"ImageObject\",\"inLanguage\":\"pt-BR\",\"@id\":\"https:\/\/secure.gravatar.com\/avatar\/e0a867bdedb85fd243eadf09663511f96fc81e0720a4a42581f334ad4303aa6b?s=96&d=mm&r=g\",\"url\":\"https:\/\/secure.gravatar.com\/avatar\/e0a867bdedb85fd243eadf09663511f96fc81e0720a4a42581f334ad4303aa6b?s=96&d=mm&r=g\",\"contentUrl\":\"https:\/\/secure.gravatar.com\/avatar\/e0a867bdedb85fd243eadf09663511f96fc81e0720a4a42581f334ad4303aa6b?s=96&d=mm&r=g\",\"caption\":\"Reda\u00e7\u00e3o\"}}]}<\/script>\n<!-- \/ Yoast SEO plugin. -->","yoast_head_json":{"title":"Lula sanciona Or\u00e7amento e veta 400 mi em emendas - Notibras","robots":{"index":"index","follow":"follow","max-snippet":"max-snippet:-1","max-image-preview":"max-image-preview:large","max-video-preview":"max-video-preview:-1"},"canonical":"https:\/\/www.notibras.com\/site\/lula-sanciona-orcamento-e-veta-400-mi-em-emendas\/","og_locale":"pt_BR","og_type":"article","og_title":"Lula sanciona Or\u00e7amento e veta 400 mi em emendas - Notibras","og_description":"O presidente Luiz In\u00e1cio Lula da Silva sancionou a Lei Or\u00e7ament\u00e1ria Anual (LOA) de 2026. A norma, que fixa as despesas p\u00fablicas e estima as receitas ao longo do ano, foi publicada em edi\u00e7\u00e3o extra do Di\u00e1rio Oficial da Uni\u00e3o (DOU). O texto havia sido aprovado pelo Congresso Nacional no fim do ano passado. Alegando [&hellip;]","og_url":"https:\/\/www.notibras.com\/site\/lula-sanciona-orcamento-e-veta-400-mi-em-emendas\/","og_site_name":"Notibras","article_publisher":"https:\/\/www.facebook.com\/notibras\/","article_published_time":"2026-01-15T13:28:20+00:00","article_modified_time":"2026-01-15T15:29:49+00:00","og_image":[{"width":770,"height":513,"url":"https:\/\/www.notibras.com\/site\/wp-content\/uploads\/2026\/01\/0d7a6178_0.webp","type":"image\/webp"}],"author":"Reda\u00e7\u00e3o","twitter_card":"summary_large_image","twitter_creator":"@Notibras","twitter_site":"@Notibras","twitter_misc":{"Escrito por":"Reda\u00e7\u00e3o","Est. tempo de leitura":"3 minutos"},"schema":{"@context":"https:\/\/schema.org","@graph":[{"@type":"Article","@id":"https:\/\/www.notibras.com\/site\/lula-sanciona-orcamento-e-veta-400-mi-em-emendas\/#article","isPartOf":{"@id":"https:\/\/www.notibras.com\/site\/lula-sanciona-orcamento-e-veta-400-mi-em-emendas\/"},"author":{"name":"Reda\u00e7\u00e3o","@id":"https:\/\/www.notibras.com\/site\/#\/schema\/person\/36ab0979449956132d3e5b517ea76ac8"},"headline":"Lula sanciona Or\u00e7amento e veta 400 mi em emendas","datePublished":"2026-01-15T13:28:20+00:00","dateModified":"2026-01-15T15:29:49+00:00","mainEntityOfPage":{"@id":"https:\/\/www.notibras.com\/site\/lula-sanciona-orcamento-e-veta-400-mi-em-emendas\/"},"wordCount":372,"publisher":{"@id":"https:\/\/www.notibras.com\/site\/#organization"},"image":{"@id":"https:\/\/www.notibras.com\/site\/lula-sanciona-orcamento-e-veta-400-mi-em-emendas\/#primaryimage"},"thumbnailUrl":"https:\/\/www.notibras.com\/site\/wp-content\/uploads\/2026\/01\/0d7a6178_0.webp","articleSection":["Brasil"],"inLanguage":"pt-BR"},{"@type":"WebPage","@id":"https:\/\/www.notibras.com\/site\/lula-sanciona-orcamento-e-veta-400-mi-em-emendas\/","url":"https:\/\/www.notibras.com\/site\/lula-sanciona-orcamento-e-veta-400-mi-em-emendas\/","name":"Lula sanciona Or\u00e7amento e veta 400 mi em emendas - Notibras","isPartOf":{"@id":"https:\/\/www.notibras.com\/site\/#website"},"primaryImageOfPage":{"@id":"https:\/\/www.notibras.com\/site\/lula-sanciona-orcamento-e-veta-400-mi-em-emendas\/#primaryimage"},"image":{"@id":"https:\/\/www.notibras.com\/site\/lula-sanciona-orcamento-e-veta-400-mi-em-emendas\/#primaryimage"},"thumbnailUrl":"https:\/\/www.notibras.com\/site\/wp-content\/uploads\/2026\/01\/0d7a6178_0.webp","datePublished":"2026-01-15T13:28:20+00:00","dateModified":"2026-01-15T15:29:49+00:00","breadcrumb":{"@id":"https:\/\/www.notibras.com\/site\/lula-sanciona-orcamento-e-veta-400-mi-em-emendas\/#breadcrumb"},"inLanguage":"pt-BR","potentialAction":[{"@type":"ReadAction","target":["https:\/\/www.notibras.com\/site\/lula-sanciona-orcamento-e-veta-400-mi-em-emendas\/"]}]},{"@type":"ImageObject","inLanguage":"pt-BR","@id":"https:\/\/www.notibras.com\/site\/lula-sanciona-orcamento-e-veta-400-mi-em-emendas\/#primaryimage","url":"https:\/\/www.notibras.com\/site\/wp-content\/uploads\/2026\/01\/0d7a6178_0.webp","contentUrl":"https:\/\/www.notibras.com\/site\/wp-content\/uploads\/2026\/01\/0d7a6178_0.webp","width":770,"height":513},{"@type":"BreadcrumbList","@id":"https:\/\/www.notibras.com\/site\/lula-sanciona-orcamento-e-veta-400-mi-em-emendas\/#breadcrumb","itemListElement":[{"@type":"ListItem","position":1,"name":"In\u00edcio","item":"https:\/\/www.notibras.com\/site\/"},{"@type":"ListItem","position":2,"name":"Lula sanciona Or\u00e7amento e veta 400 mi em emendas"}]},{"@type":"WebSite","@id":"https:\/\/www.notibras.com\/site\/#website","url":"https:\/\/www.notibras.com\/site\/","name":"Notibras","description":"Not\u00edcias de Bras\u00edlia, do Brasil e do Mundo","publisher":{"@id":"https:\/\/www.notibras.com\/site\/#organization"},"potentialAction":[{"@type":"SearchAction","target":{"@type":"EntryPoint","urlTemplate":"https:\/\/www.notibras.com\/site\/?s={search_term_string}"},"query-input":{"@type":"PropertyValueSpecification","valueRequired":true,"valueName":"search_term_string"}}],"inLanguage":"pt-BR"},{"@type":"Organization","@id":"https:\/\/www.notibras.com\/site\/#organization","name":"Grupo Notibras de Comunica\u00e7\u00e3o","url":"https:\/\/www.notibras.com\/site\/","logo":{"@type":"ImageObject","inLanguage":"pt-BR","@id":"https:\/\/www.notibras.com\/site\/#\/schema\/logo\/image\/","url":"https:\/\/www.notibras.com\/site\/wp-content\/uploads\/2023\/01\/notibras23.png","contentUrl":"https:\/\/www.notibras.com\/site\/wp-content\/uploads\/2023\/01\/notibras23.png","width":350,"height":87,"caption":"Grupo Notibras de Comunica\u00e7\u00e3o"},"image":{"@id":"https:\/\/www.notibras.com\/site\/#\/schema\/logo\/image\/"},"sameAs":["https:\/\/www.facebook.com\/notibras\/","https:\/\/x.com\/Notibras","https:\/\/www.instagram.com\/notibras\/"]},{"@type":"Person","@id":"https:\/\/www.notibras.com\/site\/#\/schema\/person\/36ab0979449956132d3e5b517ea76ac8","name":"Reda\u00e7\u00e3o","image":{"@type":"ImageObject","inLanguage":"pt-BR","@id":"https:\/\/secure.gravatar.com\/avatar\/e0a867bdedb85fd243eadf09663511f96fc81e0720a4a42581f334ad4303aa6b?s=96&d=mm&r=g","url":"https:\/\/secure.gravatar.com\/avatar\/e0a867bdedb85fd243eadf09663511f96fc81e0720a4a42581f334ad4303aa6b?s=96&d=mm&r=g","contentUrl":"https:\/\/secure.gravatar.com\/avatar\/e0a867bdedb85fd243eadf09663511f96fc81e0720a4a42581f334ad4303aa6b?s=96&d=mm&r=g","caption":"Reda\u00e7\u00e3o"}}]}},"amp_enabled":true,"_links":{"self":[{"href":"https:\/\/www.notibras.com\/site\/wp-json\/wp\/v2\/posts\/379120","targetHints":{"allow":["GET"]}}],"collection":[{"href":"https:\/\/www.notibras.com\/site\/wp-json\/wp\/v2\/posts"}],"about":[{"href":"https:\/\/www.notibras.com\/site\/wp-json\/wp\/v2\/types\/post"}],"author":[{"embeddable":true,"href":"https:\/\/www.notibras.com\/site\/wp-json\/wp\/v2\/users\/2"}],"replies":[{"embeddable":true,"href":"https:\/\/www.notibras.com\/site\/wp-json\/wp\/v2\/comments?post=379120"}],"version-history":[{"count":1,"href":"https:\/\/www.notibras.com\/site\/wp-json\/wp\/v2\/posts\/379120\/revisions"}],"predecessor-version":[{"id":379123,"href":"https:\/\/www.notibras.com\/site\/wp-json\/wp\/v2\/posts\/379120\/revisions\/379123"}],"wp:featuredmedia":[{"embeddable":true,"href":"https:\/\/www.notibras.com\/site\/wp-json\/wp\/v2\/media\/379122"}],"wp:attachment":[{"href":"https:\/\/www.notibras.com\/site\/wp-json\/wp\/v2\/media?parent=379120"}],"wp:term":[{"taxonomy":"category","embeddable":true,"href":"https:\/\/www.notibras.com\/site\/wp-json\/wp\/v2\/categories?post=379120"},{"taxonomy":"post_tag","embeddable":true,"href":"https:\/\/www.notibras.com\/site\/wp-json\/wp\/v2\/tags?post=379120"}],"curies":[{"name":"wp","href":"https:\/\/api.w.org\/{rel}","templated":true}]}}