{"id":379132,"date":"2026-01-18T01:00:59","date_gmt":"2026-01-18T04:00:59","guid":{"rendered":"https:\/\/www.notibras.com\/site\/?p=379132"},"modified":"2026-01-15T16:23:45","modified_gmt":"2026-01-15T19:23:45","slug":"deus-e-o-diabo-nas-terras-do-sul-2","status":"publish","type":"post","link":"https:\/\/www.notibras.com\/site\/deus-e-o-diabo-nas-terras-do-sul-2\/","title":{"rendered":"DEUS E O DIABO NAS TERRAS DO SUL"},"content":{"rendered":"<p>Por Deodato, desenvolvi admira\u00e7\u00e3o e fraterna amizade.<\/p>\n<p>Por Maria Rosa, bem, simplesmente me apaixonei&#8230;e fui correspondido! Durante as longas e enluaradas noites do Contestado, ela sa\u00eda furtivamente dos seus sagrados e abastados aposentos para visitar o meu modesto quartinho de dormir.<\/p>\n<p>Na conjuntura da guerra, como n\u00e3o poderia deixar de ser, a crescente representatividade social do movimento sertanejo sulista e o seu incr\u00edvel poder de fogo chegaram aos perplexos ouvidos do governo federal.<\/p>\n<p>Na dial\u00e9tica da hist\u00f3ria real, por mais que a m\u00eddia da \u00e9poca martelasse a narrativa de um movimento messi\u00e2nico de fan\u00e1ticos a amea\u00e7ar a ordem republicana, o fato \u00e9 que a guerra do Contestado havia se tornado um embate de pobres e despossu\u00eddos contra ricos e grandes propriet\u00e1rios de terras.<\/p>\n<p>Um confronto heroicamente levado a cabo por uma massa deserdada que queria formar comunidades aut\u00f4nomas &#8211; onde todos viveriam em comunh\u00e3o de bens &#8211; o que era uma contesta\u00e7\u00e3o da pr\u00f3pria ordem elitista republicana, da concentra\u00e7\u00e3o fundi\u00e1ria, do poder dos coron\u00e9is da Guarda Nacional e da for\u00e7a da pol\u00edcia, do Ex\u00e9rcito e da companhia norte-americana ferrovi\u00e1ria sobre eles.<\/p>\n<p>Com apoio das for\u00e7as policiais dos governadores de Santa Catarina e Paran\u00e1, em 1914 o governo do presidente Hermes da Fonseca decidiu empreender uma grande opera\u00e7\u00e3o militar para aniquilar de vez a revolta.<\/p>\n<p>Sob o comando do general Setembrino de Carvalho, seis mil soldados fortemente armados rumaram para o sul do pa\u00eds. Al\u00e9m deles, dois mil civis (chamados vaqueanos), a maioria integrantes das guardas privadas armadas mantidas pelos coron\u00e9is da regi\u00e3o, foram contratados para auxiliar o Ex\u00e9rcito.<\/p>\n<p>A ordem do governo era clara: \u201cacabar de vez com os fan\u00e1ticos que amea\u00e7am a Rep\u00fablica&#8221;.<\/p>\n<p>Vagarosa, mas inflexivelmente, o cerco contra os &#8220;redutos santos&#8221; come\u00e7ou a apertar.<\/p>\n<p>Faltava comida, rem\u00e9dios e muni\u00e7\u00e3o para os rebeldes.<\/p>\n<p>H\u00e1 relatos de que, no final da resist\u00eancia das cidades rebeldes, comia-se at\u00e9 couro de cintos e arreios para n\u00e3o se morrer de fome.<\/p>\n<p>Ca\u00eddos todos os outros &#8220;redutos-santos&#8221;, aproximava-se a batalha final para a tomada de Santa Maria, reduto onde eu me encontrava juntamente com as principais lideran\u00e7as do movimento.<\/p>\n<p>Ent\u00e3o, fui convocado para uma reuni\u00e3o de emerg\u00eancia do petit-comit\u00ea militar de Santa Maria com Adeodato, Maria Rosa e mais alguns l\u00edderes.<\/p>\n<p>\u2014 Ben, voc\u00ea e Rosa precisam sair daqui!<\/p>\n<p>\u2014 Mas, Adeodato, e voc\u00ea, os outros l\u00edderes&#8230;e o reduto?<\/p>\n<p>\u2014 N\u00f3s cumpriremos o nosso destino! E levem junto a minha companheira, Zilda, ela tamb\u00e9m est\u00e1 gr\u00e1vida.<\/p>\n<p>\u2014 Como? Rosa, voc\u00ea gr\u00e1vida? exclamei, estupefato.<\/p>\n<p>\u2014 Sim, Ben! Descobri isso h\u00e1 um m\u00eas.<\/p>\n<p>\u2014 V\u00e3o para um lugar bem longe daqui. Confio em voc\u00ea para proteger a vida do meu filho, Ben!<\/p>\n<p>\u2014 Se \u00e9 assim que voc\u00ea quer, Adeodato, juro a voc\u00ea que o protegerei com a minha pr\u00f3pria vida!<\/p>\n<p>\u2014 Sim, \u00e9 assim que eu quero! Agora arrumem as suas coisas, peguem armas, roupas, provis\u00f5es para um m\u00eas e saiam pelo t\u00fanel que leva \u00e0 Igreja.<\/p>\n<p>Um breve sil\u00eancio significativo foi rompido por muitos abra\u00e7os e emocionadas falas quase monossil\u00e1bicas: &#8220;adeus&#8221;, &#8220;boa sorte&#8221;, &#8220;Deus te acompanhe&#8221;&#8230;<\/p>\n<p>O reduto de Santa Maria foi tomado e destru\u00eddo em dezembro de 1915.<\/p>\n<p>Em telegrama ao comandante das for\u00e7as legalistas, o capit\u00e3o respons\u00e1vel pelo ataque final, relata:<\/p>\n<p>&#8220;Tomei e arrasei treze redutos com enormes sacrif\u00edcios do meu heroico destacamento. Matamos em combate mais de mil jagun\u00e7os, n\u00e3o contando o grande n\u00famero de feridos. Arrasei perto de cinco mil casas e dez igrejas\u201d<\/p>\n<p>Derrotados, os rebeldes se dispersaram. havendo rendi\u00e7\u00f5es em massa das fam\u00edlias sertanejas.<\/p>\n<p>Os vaqueanos come\u00e7aram ent\u00e3o uma ca\u00e7ada aos \u00faltimos l\u00edderes rebeldes. Muitos deles foram mortos em execu\u00e7\u00f5es sum\u00e1rias, mesmo depois de rendidos.<\/p>\n<p>Adeodato, o &#8220;Diabo do Contestado&#8221;, foi ferido e aprisionado durante o combate.<\/p>\n<p>Queriam mostrar &#8220;o monstro antirrepublicano&#8221; para a imprensa, ainda vivo.<\/p>\n<p>Alguns jornais registraram a sua declara\u00e7\u00e3o ap\u00f3s ele ouvir a senten\u00e7a de trinta anos de pris\u00e3o do juiz, palavras proferidas na forma de versos ir\u00f4nicos e sombrios:<\/p>\n<p>\u201cPara tirar o mal do mundo \/ Tinha feito uma jura \/ Ajudei nosso governo \/ A quem amo por ternura \/ Acabei com dez mil pobres \/ Que livrei da escravatura \/ Liquidei todos os famintos \/ E os doentes sem mais cura \/ Quem \u00e9 pobre neste mundo \/ S\u00f3 merece sepultura.\u201d<\/p>\n<p>Adeodato foi morto alguns anos depois durante uma suposta tentativa de fuga da pris\u00e3o.<\/p>\n<p>Quanto a mim, minhas duas companheiras de fuga e seus rebentos ainda intrauterinos, rumamos para a cidade de Santa Maria, a hom\u00f4nima ga\u00facha da capital sertaneja do Contestado. L\u00e1, recebemos abrigo da fam\u00edlia do meu amigo Hon\u00f3rio, o federalista ga\u00facho que me introduziu no meio dos sertanejos rebeldes.<\/p>\n<p>Maria Rosa e eu nos estabelecemos na acolhedora cidade de Santa Maria da Boca do Monte e casamos na data de 02 de janeiro de 1917, algum tempo depois do nascimento da nossa bel\u00edssima filha Maria Jos\u00e9, nome dado a ela por absoluta insist\u00eancia de Maria Rosa.<\/p>\n<p>Zilda, a vi\u00fava de Adeodato, disc\u00edpulo e sucessor do monge Jos\u00e9 Maria, teve um lindo menino a quem deu o nome de Benjamin Adeodato.<\/p>\n<p>Alguns anos depois, ela casou-se com um irm\u00e3o do meu amigo Hon\u00f3rio, aquele que, juntamente com milhares de rebeldes, pereceu na \u00faltima batalha da Guerra do Contestado.<\/p>\n<p>Bem, esse relato termina aqui.<\/p>\n<p>Se a pe\u00e7a tem algum valor, n\u00e3o posso julgar. Deixo a crit\u00e9rio do futuro e da aprecia\u00e7\u00e3o das nossas descend\u00eancias&#8221;.<\/p>\n<p>Quase ofegante, Jonathan finalizou a leitura e, em um reflexo, lembrou:<\/p>\n<p>\u2014 Meu bisav\u00f4 se chamava Benjamim Adeodato!<\/p>\n<p>Ainda perplexo, raciocinou:<\/p>\n<p>\u2014 Ent\u00e3o, eu sou descendente direto de Adeodato Manoel Ramos, o l\u00edder militar dos rebeldes do Contestado!<\/p>\n<p>\u2014 Mas quem ter\u00e1 me enviado esse texto? questionou-se.<\/p>\n<p>\u2014 Hum&#8230;s\u00f3 pode ser algum descendente de Benjamim Green, o jornalista autor desse texto. Ele ou ela deixou a meu crit\u00e9rio a publica\u00e7\u00e3o ou n\u00e3o da hist\u00f3ria, por sinal, uma bel\u00edssima hist\u00f3ria, ruminou.<\/p>\n<p>Num repente, Jonathan ligou os pontos e formatou a conex\u00e3o de tudo aquilo:<\/p>\n<p>\u2014 Quem me enviou o texto tamb\u00e9m sabe que sou escritor e roteirista. Cabe a mim honrar a luta do meu valoroso e c\u00e9lebre ascendente e seus companheiros.<\/p>\n<p>\u2014 A partir desse belo texto, hoje mesmo vou come\u00e7ar a escrever um roteiro que emule essa hist\u00f3ria para o mundo. Vai come\u00e7ar assim:<\/p>\n<p>&#8220;Curioso, Jonathan come\u00e7ou a abrir cuidadosamente a caixa que chegara pelo correio&#8230;&#8221;<\/p>\n<p style=\"text-align: center;\"><strong>Fim<\/strong><\/p>\n","protected":false},"excerpt":{"rendered":"<p>Por Deodato, desenvolvi admira\u00e7\u00e3o e fraterna amizade. Por Maria Rosa, bem, simplesmente me apaixonei&#8230;e fui correspondido! Durante as longas e enluaradas noites do Contestado, ela sa\u00eda furtivamente dos seus sagrados e abastados aposentos para visitar o meu modesto quartinho de dormir. Na conjuntura da guerra, como n\u00e3o poderia deixar de ser, a crescente representatividade social [&hellip;]<\/p>\n","protected":false},"author":21,"featured_media":379133,"comment_status":"closed","ping_status":"closed","sticky":false,"template":"","format":"standard","meta":{"_acf_changed":false,"footnotes":""},"categories":[234],"tags":[],"class_list":["post-379132","post","type-post","status-publish","format-standard","has-post-thumbnail","hentry","category-cafe-literario"],"acf":[],"yoast_head":"<!-- This site is optimized with the Yoast SEO plugin v27.2 - https:\/\/yoast.com\/product\/yoast-seo-wordpress\/ -->\n<title>DEUS E O DIABO NAS TERRAS DO SUL - Notibras<\/title>\n<meta name=\"robots\" content=\"index, follow, max-snippet:-1, max-image-preview:large, max-video-preview:-1\" \/>\n<link rel=\"canonical\" href=\"https:\/\/www.notibras.com\/site\/deus-e-o-diabo-nas-terras-do-sul-2\/\" \/>\n<meta property=\"og:locale\" content=\"pt_BR\" \/>\n<meta property=\"og:type\" content=\"article\" \/>\n<meta property=\"og:title\" content=\"DEUS E O DIABO NAS TERRAS DO SUL - Notibras\" \/>\n<meta property=\"og:description\" content=\"Por Deodato, desenvolvi admira\u00e7\u00e3o e fraterna amizade. Por Maria Rosa, bem, simplesmente me apaixonei&#8230;e fui correspondido! Durante as longas e enluaradas noites do Contestado, ela sa\u00eda furtivamente dos seus sagrados e abastados aposentos para visitar o meu modesto quartinho de dormir. Na conjuntura da guerra, como n\u00e3o poderia deixar de ser, a crescente representatividade social [&hellip;]\" \/>\n<meta property=\"og:url\" content=\"https:\/\/www.notibras.com\/site\/deus-e-o-diabo-nas-terras-do-sul-2\/\" \/>\n<meta property=\"og:site_name\" content=\"Notibras\" \/>\n<meta property=\"article:publisher\" content=\"https:\/\/www.facebook.com\/notibras\/\" \/>\n<meta property=\"article:published_time\" content=\"2026-01-18T04:00:59+00:00\" \/>\n<meta property=\"og:image\" content=\"https:\/\/www.notibras.com\/site\/wp-content\/uploads\/2026\/01\/IMG_0346.jpg\" \/>\n\t<meta property=\"og:image:width\" content=\"1023\" \/>\n\t<meta property=\"og:image:height\" content=\"929\" \/>\n\t<meta property=\"og:image:type\" content=\"image\/jpeg\" \/>\n<meta name=\"author\" content=\"Eduardo Mart\u00ednez\" \/>\n<meta name=\"twitter:card\" content=\"summary_large_image\" \/>\n<meta name=\"twitter:creator\" content=\"@Notibras\" \/>\n<meta name=\"twitter:site\" content=\"@Notibras\" \/>\n<meta name=\"twitter:label1\" content=\"Escrito por\" \/>\n\t<meta name=\"twitter:data1\" content=\"Eduardo Mart\u00ednez\" \/>\n\t<meta name=\"twitter:label2\" content=\"Est. tempo de leitura\" \/>\n\t<meta name=\"twitter:data2\" content=\"6 minutos\" \/>\n<script type=\"application\/ld+json\" class=\"yoast-schema-graph\">{\"@context\":\"https:\/\/schema.org\",\"@graph\":[{\"@type\":\"Article\",\"@id\":\"https:\/\/www.notibras.com\/site\/deus-e-o-diabo-nas-terras-do-sul-2\/#article\",\"isPartOf\":{\"@id\":\"https:\/\/www.notibras.com\/site\/deus-e-o-diabo-nas-terras-do-sul-2\/\"},\"author\":{\"name\":\"Eduardo Mart\u00ednez\",\"@id\":\"https:\/\/www.notibras.com\/site\/#\/schema\/person\/5b7fabf2aedc3ada2105f03b22b4d3dd\"},\"headline\":\"DEUS E O DIABO NAS TERRAS DO SUL\",\"datePublished\":\"2026-01-18T04:00:59+00:00\",\"mainEntityOfPage\":{\"@id\":\"https:\/\/www.notibras.com\/site\/deus-e-o-diabo-nas-terras-do-sul-2\/\"},\"wordCount\":1133,\"publisher\":{\"@id\":\"https:\/\/www.notibras.com\/site\/#organization\"},\"image\":{\"@id\":\"https:\/\/www.notibras.com\/site\/deus-e-o-diabo-nas-terras-do-sul-2\/#primaryimage\"},\"thumbnailUrl\":\"https:\/\/www.notibras.com\/site\/wp-content\/uploads\/2026\/01\/IMG_0346.jpg\",\"articleSection\":[\"Caf\u00e9 Liter\u00e1rio\"],\"inLanguage\":\"pt-BR\"},{\"@type\":\"WebPage\",\"@id\":\"https:\/\/www.notibras.com\/site\/deus-e-o-diabo-nas-terras-do-sul-2\/\",\"url\":\"https:\/\/www.notibras.com\/site\/deus-e-o-diabo-nas-terras-do-sul-2\/\",\"name\":\"DEUS E O DIABO NAS TERRAS DO SUL - Notibras\",\"isPartOf\":{\"@id\":\"https:\/\/www.notibras.com\/site\/#website\"},\"primaryImageOfPage\":{\"@id\":\"https:\/\/www.notibras.com\/site\/deus-e-o-diabo-nas-terras-do-sul-2\/#primaryimage\"},\"image\":{\"@id\":\"https:\/\/www.notibras.com\/site\/deus-e-o-diabo-nas-terras-do-sul-2\/#primaryimage\"},\"thumbnailUrl\":\"https:\/\/www.notibras.com\/site\/wp-content\/uploads\/2026\/01\/IMG_0346.jpg\",\"datePublished\":\"2026-01-18T04:00:59+00:00\",\"breadcrumb\":{\"@id\":\"https:\/\/www.notibras.com\/site\/deus-e-o-diabo-nas-terras-do-sul-2\/#breadcrumb\"},\"inLanguage\":\"pt-BR\",\"potentialAction\":[{\"@type\":\"ReadAction\",\"target\":[\"https:\/\/www.notibras.com\/site\/deus-e-o-diabo-nas-terras-do-sul-2\/\"]}]},{\"@type\":\"ImageObject\",\"inLanguage\":\"pt-BR\",\"@id\":\"https:\/\/www.notibras.com\/site\/deus-e-o-diabo-nas-terras-do-sul-2\/#primaryimage\",\"url\":\"https:\/\/www.notibras.com\/site\/wp-content\/uploads\/2026\/01\/IMG_0346.jpg\",\"contentUrl\":\"https:\/\/www.notibras.com\/site\/wp-content\/uploads\/2026\/01\/IMG_0346.jpg\",\"width\":1023,\"height\":929},{\"@type\":\"BreadcrumbList\",\"@id\":\"https:\/\/www.notibras.com\/site\/deus-e-o-diabo-nas-terras-do-sul-2\/#breadcrumb\",\"itemListElement\":[{\"@type\":\"ListItem\",\"position\":1,\"name\":\"In\u00edcio\",\"item\":\"https:\/\/www.notibras.com\/site\/\"},{\"@type\":\"ListItem\",\"position\":2,\"name\":\"DEUS E O DIABO NAS TERRAS DO SUL\"}]},{\"@type\":\"WebSite\",\"@id\":\"https:\/\/www.notibras.com\/site\/#website\",\"url\":\"https:\/\/www.notibras.com\/site\/\",\"name\":\"Notibras\",\"description\":\"Not\u00edcias de Bras\u00edlia, do Brasil e do Mundo\",\"publisher\":{\"@id\":\"https:\/\/www.notibras.com\/site\/#organization\"},\"potentialAction\":[{\"@type\":\"SearchAction\",\"target\":{\"@type\":\"EntryPoint\",\"urlTemplate\":\"https:\/\/www.notibras.com\/site\/?s={search_term_string}\"},\"query-input\":{\"@type\":\"PropertyValueSpecification\",\"valueRequired\":true,\"valueName\":\"search_term_string\"}}],\"inLanguage\":\"pt-BR\"},{\"@type\":\"Organization\",\"@id\":\"https:\/\/www.notibras.com\/site\/#organization\",\"name\":\"Grupo Notibras de Comunica\u00e7\u00e3o\",\"url\":\"https:\/\/www.notibras.com\/site\/\",\"logo\":{\"@type\":\"ImageObject\",\"inLanguage\":\"pt-BR\",\"@id\":\"https:\/\/www.notibras.com\/site\/#\/schema\/logo\/image\/\",\"url\":\"https:\/\/www.notibras.com\/site\/wp-content\/uploads\/2023\/01\/notibras23.png\",\"contentUrl\":\"https:\/\/www.notibras.com\/site\/wp-content\/uploads\/2023\/01\/notibras23.png\",\"width\":350,\"height\":87,\"caption\":\"Grupo Notibras de Comunica\u00e7\u00e3o\"},\"image\":{\"@id\":\"https:\/\/www.notibras.com\/site\/#\/schema\/logo\/image\/\"},\"sameAs\":[\"https:\/\/www.facebook.com\/notibras\/\",\"https:\/\/x.com\/Notibras\",\"https:\/\/www.instagram.com\/notibras\/\"]},{\"@type\":\"Person\",\"@id\":\"https:\/\/www.notibras.com\/site\/#\/schema\/person\/5b7fabf2aedc3ada2105f03b22b4d3dd\",\"name\":\"Eduardo Mart\u00ednez\",\"image\":{\"@type\":\"ImageObject\",\"inLanguage\":\"pt-BR\",\"@id\":\"https:\/\/secure.gravatar.com\/avatar\/7902f906289926289cbcda644b5197c796b893c6ffd7b9a536a42d290f7704a0?s=96&d=mm&r=g\",\"url\":\"https:\/\/secure.gravatar.com\/avatar\/7902f906289926289cbcda644b5197c796b893c6ffd7b9a536a42d290f7704a0?s=96&d=mm&r=g\",\"contentUrl\":\"https:\/\/secure.gravatar.com\/avatar\/7902f906289926289cbcda644b5197c796b893c6ffd7b9a536a42d290f7704a0?s=96&d=mm&r=g\",\"caption\":\"Eduardo Mart\u00ednez\"}}]}<\/script>\n<!-- \/ Yoast SEO plugin. -->","yoast_head_json":{"title":"DEUS E O DIABO NAS TERRAS DO SUL - Notibras","robots":{"index":"index","follow":"follow","max-snippet":"max-snippet:-1","max-image-preview":"max-image-preview:large","max-video-preview":"max-video-preview:-1"},"canonical":"https:\/\/www.notibras.com\/site\/deus-e-o-diabo-nas-terras-do-sul-2\/","og_locale":"pt_BR","og_type":"article","og_title":"DEUS E O DIABO NAS TERRAS DO SUL - Notibras","og_description":"Por Deodato, desenvolvi admira\u00e7\u00e3o e fraterna amizade. Por Maria Rosa, bem, simplesmente me apaixonei&#8230;e fui correspondido! Durante as longas e enluaradas noites do Contestado, ela sa\u00eda furtivamente dos seus sagrados e abastados aposentos para visitar o meu modesto quartinho de dormir. Na conjuntura da guerra, como n\u00e3o poderia deixar de ser, a crescente representatividade social [&hellip;]","og_url":"https:\/\/www.notibras.com\/site\/deus-e-o-diabo-nas-terras-do-sul-2\/","og_site_name":"Notibras","article_publisher":"https:\/\/www.facebook.com\/notibras\/","article_published_time":"2026-01-18T04:00:59+00:00","og_image":[{"width":1023,"height":929,"url":"https:\/\/www.notibras.com\/site\/wp-content\/uploads\/2026\/01\/IMG_0346.jpg","type":"image\/jpeg"}],"author":"Eduardo Mart\u00ednez","twitter_card":"summary_large_image","twitter_creator":"@Notibras","twitter_site":"@Notibras","twitter_misc":{"Escrito por":"Eduardo Mart\u00ednez","Est. tempo de leitura":"6 minutos"},"schema":{"@context":"https:\/\/schema.org","@graph":[{"@type":"Article","@id":"https:\/\/www.notibras.com\/site\/deus-e-o-diabo-nas-terras-do-sul-2\/#article","isPartOf":{"@id":"https:\/\/www.notibras.com\/site\/deus-e-o-diabo-nas-terras-do-sul-2\/"},"author":{"name":"Eduardo Mart\u00ednez","@id":"https:\/\/www.notibras.com\/site\/#\/schema\/person\/5b7fabf2aedc3ada2105f03b22b4d3dd"},"headline":"DEUS E O DIABO NAS TERRAS DO SUL","datePublished":"2026-01-18T04:00:59+00:00","mainEntityOfPage":{"@id":"https:\/\/www.notibras.com\/site\/deus-e-o-diabo-nas-terras-do-sul-2\/"},"wordCount":1133,"publisher":{"@id":"https:\/\/www.notibras.com\/site\/#organization"},"image":{"@id":"https:\/\/www.notibras.com\/site\/deus-e-o-diabo-nas-terras-do-sul-2\/#primaryimage"},"thumbnailUrl":"https:\/\/www.notibras.com\/site\/wp-content\/uploads\/2026\/01\/IMG_0346.jpg","articleSection":["Caf\u00e9 Liter\u00e1rio"],"inLanguage":"pt-BR"},{"@type":"WebPage","@id":"https:\/\/www.notibras.com\/site\/deus-e-o-diabo-nas-terras-do-sul-2\/","url":"https:\/\/www.notibras.com\/site\/deus-e-o-diabo-nas-terras-do-sul-2\/","name":"DEUS E O DIABO NAS TERRAS DO SUL - Notibras","isPartOf":{"@id":"https:\/\/www.notibras.com\/site\/#website"},"primaryImageOfPage":{"@id":"https:\/\/www.notibras.com\/site\/deus-e-o-diabo-nas-terras-do-sul-2\/#primaryimage"},"image":{"@id":"https:\/\/www.notibras.com\/site\/deus-e-o-diabo-nas-terras-do-sul-2\/#primaryimage"},"thumbnailUrl":"https:\/\/www.notibras.com\/site\/wp-content\/uploads\/2026\/01\/IMG_0346.jpg","datePublished":"2026-01-18T04:00:59+00:00","breadcrumb":{"@id":"https:\/\/www.notibras.com\/site\/deus-e-o-diabo-nas-terras-do-sul-2\/#breadcrumb"},"inLanguage":"pt-BR","potentialAction":[{"@type":"ReadAction","target":["https:\/\/www.notibras.com\/site\/deus-e-o-diabo-nas-terras-do-sul-2\/"]}]},{"@type":"ImageObject","inLanguage":"pt-BR","@id":"https:\/\/www.notibras.com\/site\/deus-e-o-diabo-nas-terras-do-sul-2\/#primaryimage","url":"https:\/\/www.notibras.com\/site\/wp-content\/uploads\/2026\/01\/IMG_0346.jpg","contentUrl":"https:\/\/www.notibras.com\/site\/wp-content\/uploads\/2026\/01\/IMG_0346.jpg","width":1023,"height":929},{"@type":"BreadcrumbList","@id":"https:\/\/www.notibras.com\/site\/deus-e-o-diabo-nas-terras-do-sul-2\/#breadcrumb","itemListElement":[{"@type":"ListItem","position":1,"name":"In\u00edcio","item":"https:\/\/www.notibras.com\/site\/"},{"@type":"ListItem","position":2,"name":"DEUS E O DIABO NAS TERRAS DO SUL"}]},{"@type":"WebSite","@id":"https:\/\/www.notibras.com\/site\/#website","url":"https:\/\/www.notibras.com\/site\/","name":"Notibras","description":"Not\u00edcias de Bras\u00edlia, do Brasil e do Mundo","publisher":{"@id":"https:\/\/www.notibras.com\/site\/#organization"},"potentialAction":[{"@type":"SearchAction","target":{"@type":"EntryPoint","urlTemplate":"https:\/\/www.notibras.com\/site\/?s={search_term_string}"},"query-input":{"@type":"PropertyValueSpecification","valueRequired":true,"valueName":"search_term_string"}}],"inLanguage":"pt-BR"},{"@type":"Organization","@id":"https:\/\/www.notibras.com\/site\/#organization","name":"Grupo Notibras de Comunica\u00e7\u00e3o","url":"https:\/\/www.notibras.com\/site\/","logo":{"@type":"ImageObject","inLanguage":"pt-BR","@id":"https:\/\/www.notibras.com\/site\/#\/schema\/logo\/image\/","url":"https:\/\/www.notibras.com\/site\/wp-content\/uploads\/2023\/01\/notibras23.png","contentUrl":"https:\/\/www.notibras.com\/site\/wp-content\/uploads\/2023\/01\/notibras23.png","width":350,"height":87,"caption":"Grupo Notibras de Comunica\u00e7\u00e3o"},"image":{"@id":"https:\/\/www.notibras.com\/site\/#\/schema\/logo\/image\/"},"sameAs":["https:\/\/www.facebook.com\/notibras\/","https:\/\/x.com\/Notibras","https:\/\/www.instagram.com\/notibras\/"]},{"@type":"Person","@id":"https:\/\/www.notibras.com\/site\/#\/schema\/person\/5b7fabf2aedc3ada2105f03b22b4d3dd","name":"Eduardo Mart\u00ednez","image":{"@type":"ImageObject","inLanguage":"pt-BR","@id":"https:\/\/secure.gravatar.com\/avatar\/7902f906289926289cbcda644b5197c796b893c6ffd7b9a536a42d290f7704a0?s=96&d=mm&r=g","url":"https:\/\/secure.gravatar.com\/avatar\/7902f906289926289cbcda644b5197c796b893c6ffd7b9a536a42d290f7704a0?s=96&d=mm&r=g","contentUrl":"https:\/\/secure.gravatar.com\/avatar\/7902f906289926289cbcda644b5197c796b893c6ffd7b9a536a42d290f7704a0?s=96&d=mm&r=g","caption":"Eduardo Mart\u00ednez"}}]}},"amp_enabled":true,"_links":{"self":[{"href":"https:\/\/www.notibras.com\/site\/wp-json\/wp\/v2\/posts\/379132","targetHints":{"allow":["GET"]}}],"collection":[{"href":"https:\/\/www.notibras.com\/site\/wp-json\/wp\/v2\/posts"}],"about":[{"href":"https:\/\/www.notibras.com\/site\/wp-json\/wp\/v2\/types\/post"}],"author":[{"embeddable":true,"href":"https:\/\/www.notibras.com\/site\/wp-json\/wp\/v2\/users\/21"}],"replies":[{"embeddable":true,"href":"https:\/\/www.notibras.com\/site\/wp-json\/wp\/v2\/comments?post=379132"}],"version-history":[{"count":2,"href":"https:\/\/www.notibras.com\/site\/wp-json\/wp\/v2\/posts\/379132\/revisions"}],"predecessor-version":[{"id":379135,"href":"https:\/\/www.notibras.com\/site\/wp-json\/wp\/v2\/posts\/379132\/revisions\/379135"}],"wp:featuredmedia":[{"embeddable":true,"href":"https:\/\/www.notibras.com\/site\/wp-json\/wp\/v2\/media\/379133"}],"wp:attachment":[{"href":"https:\/\/www.notibras.com\/site\/wp-json\/wp\/v2\/media?parent=379132"}],"wp:term":[{"taxonomy":"category","embeddable":true,"href":"https:\/\/www.notibras.com\/site\/wp-json\/wp\/v2\/categories?post=379132"},{"taxonomy":"post_tag","embeddable":true,"href":"https:\/\/www.notibras.com\/site\/wp-json\/wp\/v2\/tags?post=379132"}],"curies":[{"name":"wp","href":"https:\/\/api.w.org\/{rel}","templated":true}]}}