{"id":379136,"date":"2026-01-15T14:57:02","date_gmt":"2026-01-15T17:57:02","guid":{"rendered":"https:\/\/www.notibras.com\/site\/?p=379136"},"modified":"2026-01-15T17:00:14","modified_gmt":"2026-01-15T20:00:14","slug":"morre-vera-do-palco-da-tela-da-passarela-e-vitima-da-ditadura-militar","status":"publish","type":"post","link":"https:\/\/www.notibras.com\/site\/morre-vera-do-palco-da-tela-da-passarela-e-vitima-da-ditadura-militar\/","title":{"rendered":"Morre Vera do palco, da tela, da passarela, e v\u00edtima da ditadura militar"},"content":{"rendered":"<p>Morreu nesta quinta-feira (15), aos 89 anos, a atriz e modelo Vera Barreto Leite Valdez, considerada a primeira supermodelo brasileira. A morte foi confirmada em comunicado nas redes sociais do Teatro Oficina: que escreveu \u201cVoa, Vera! Etherna! Muito amor por essa maneca\u201d. A causa da morte e os locais de vel\u00f3rio e sepultamento n\u00e3o foram informados.<\/p>\n<p>Nascida no Rio de Janeiro no dia 26 de maio de 1936, filha de diplomatas, Vera foi muito cedo viver na Europa. Primeiro em Portugal e, depois, na Fran\u00e7a. J\u00e1 no in\u00edcio dos anos 1950, come\u00e7ou uma carreira de modelo, desfilando para Christian Dior e, mais tarde, para Coco Chanel.<\/p>\n<p>No final da d\u00e9cada de 50, Vera retornou ao Brasil e passou a conviver com atores. Teve um casamento curto com o ator Lu\u00eds Linhares, com quem teve uma filha. Cada vez mais envolvida com a classe art\u00edstica brasileira, entrou para a ind\u00fastria do cinema paulista. Estreou nas telas no filme As Cariocas, em 1966. Em 1968 participou de At\u00e9 que o Casamento Nos Separe. Em 1970 atuou em Rep\u00fablica da Trai\u00e7\u00e3o e, no ano seguinte, em O Homem Nu.<\/p>\n<p>Casou-se com Pedro de Moraes, filho de Vin\u00edcius de Moraes, com quem teve uma filha, Mariana de Moraes, tamb\u00e9m atriz.<\/p>\n<p>Vera foi fortemente impactada pela ditadura militar brasileira. Ela e o marido foram presos e Vera foi levada para o Doi-Codi sob a acusa\u00e7\u00e3o de porte de coca\u00edna. Foi torturada e enviada para um sanat\u00f3rio.<\/p>\n<p>Deixou o Brasil e voltou mais tarde, no in\u00edcio dos anos 1980, ap\u00f3s a aprova\u00e7\u00e3o da Lei da Anistia. Nesse momento, passou a trabalhar com o Teatro Oficina, de Jos\u00e9 Celso Martinez Corr\u00eaa.<\/p>\n<p>Os \u00faltimos trabalhos de Vera como atriz foi no filme A Alegria \u00c9 a Prova dos Nove e na s\u00e9rie Cidade Invis\u00edvel, ambos lan\u00e7ados em 2023.<\/p>\n","protected":false},"excerpt":{"rendered":"<p>Morreu nesta quinta-feira (15), aos 89 anos, a atriz e modelo Vera Barreto Leite Valdez, considerada a primeira supermodelo brasileira. A morte foi confirmada em comunicado nas redes sociais do Teatro Oficina: que escreveu \u201cVoa, Vera! Etherna! Muito amor por essa maneca\u201d. A causa da morte e os locais de vel\u00f3rio e sepultamento n\u00e3o foram [&hellip;]<\/p>\n","protected":false},"author":2,"featured_media":379137,"comment_status":"closed","ping_status":"closed","sticky":false,"template":"","format":"standard","meta":{"_acf_changed":false,"footnotes":""},"categories":[155],"tags":[],"class_list":["post-379136","post","type-post","status-publish","format-standard","has-post-thumbnail","hentry","category-leitura-vip"],"acf":[],"yoast_head":"<!-- This site is optimized with the Yoast SEO plugin v27.2 - https:\/\/yoast.com\/product\/yoast-seo-wordpress\/ -->\n<title>Morre Vera do palco, da tela, da passarela, e v\u00edtima da ditadura militar - Notibras<\/title>\n<meta name=\"robots\" content=\"index, follow, max-snippet:-1, max-image-preview:large, max-video-preview:-1\" \/>\n<link rel=\"canonical\" href=\"https:\/\/www.notibras.com\/site\/morre-vera-do-palco-da-tela-da-passarela-e-vitima-da-ditadura-militar\/\" \/>\n<meta property=\"og:locale\" content=\"pt_BR\" \/>\n<meta property=\"og:type\" content=\"article\" \/>\n<meta property=\"og:title\" content=\"Morre Vera do palco, da tela, da passarela, e v\u00edtima da ditadura militar - Notibras\" \/>\n<meta property=\"og:description\" content=\"Morreu nesta quinta-feira (15), aos 89 anos, a atriz e modelo Vera Barreto Leite Valdez, considerada a primeira supermodelo brasileira. A morte foi confirmada em comunicado nas redes sociais do Teatro Oficina: que escreveu \u201cVoa, Vera! Etherna! Muito amor por essa maneca\u201d. A causa da morte e os locais de vel\u00f3rio e sepultamento n\u00e3o foram [&hellip;]\" \/>\n<meta property=\"og:url\" content=\"https:\/\/www.notibras.com\/site\/morre-vera-do-palco-da-tela-da-passarela-e-vitima-da-ditadura-militar\/\" \/>\n<meta property=\"og:site_name\" content=\"Notibras\" \/>\n<meta property=\"article:publisher\" content=\"https:\/\/www.facebook.com\/notibras\/\" \/>\n<meta property=\"article:published_time\" content=\"2026-01-15T17:57:02+00:00\" \/>\n<meta property=\"article:modified_time\" content=\"2026-01-15T20:00:14+00:00\" \/>\n<meta property=\"og:image\" content=\"https:\/\/www.notibras.com\/site\/wp-content\/uploads\/2026\/01\/vera-barreto.webp\" \/>\n\t<meta property=\"og:image:width\" content=\"1170\" \/>\n\t<meta property=\"og:image:height\" content=\"700\" \/>\n\t<meta property=\"og:image:type\" content=\"image\/webp\" \/>\n<meta name=\"author\" content=\"Reda\u00e7\u00e3o\" \/>\n<meta name=\"twitter:card\" content=\"summary_large_image\" \/>\n<meta name=\"twitter:creator\" content=\"@Notibras\" \/>\n<meta name=\"twitter:site\" content=\"@Notibras\" \/>\n<meta name=\"twitter:label1\" content=\"Escrito por\" \/>\n\t<meta name=\"twitter:data1\" content=\"Reda\u00e7\u00e3o\" \/>\n\t<meta name=\"twitter:label2\" content=\"Est. tempo de leitura\" \/>\n\t<meta name=\"twitter:data2\" content=\"2 minutos\" \/>\n<script type=\"application\/ld+json\" class=\"yoast-schema-graph\">{\"@context\":\"https:\/\/schema.org\",\"@graph\":[{\"@type\":\"Article\",\"@id\":\"https:\/\/www.notibras.com\/site\/morre-vera-do-palco-da-tela-da-passarela-e-vitima-da-ditadura-militar\/#article\",\"isPartOf\":{\"@id\":\"https:\/\/www.notibras.com\/site\/morre-vera-do-palco-da-tela-da-passarela-e-vitima-da-ditadura-militar\/\"},\"author\":{\"name\":\"Reda\u00e7\u00e3o\",\"@id\":\"https:\/\/www.notibras.com\/site\/#\/schema\/person\/36ab0979449956132d3e5b517ea76ac8\"},\"headline\":\"Morre Vera do palco, da tela, da passarela, e v\u00edtima da ditadura militar\",\"datePublished\":\"2026-01-15T17:57:02+00:00\",\"dateModified\":\"2026-01-15T20:00:14+00:00\",\"mainEntityOfPage\":{\"@id\":\"https:\/\/www.notibras.com\/site\/morre-vera-do-palco-da-tela-da-passarela-e-vitima-da-ditadura-militar\/\"},\"wordCount\":325,\"publisher\":{\"@id\":\"https:\/\/www.notibras.com\/site\/#organization\"},\"image\":{\"@id\":\"https:\/\/www.notibras.com\/site\/morre-vera-do-palco-da-tela-da-passarela-e-vitima-da-ditadura-militar\/#primaryimage\"},\"thumbnailUrl\":\"https:\/\/www.notibras.com\/site\/wp-content\/uploads\/2026\/01\/vera-barreto.webp\",\"articleSection\":[\"Leitura Vip\"],\"inLanguage\":\"pt-BR\"},{\"@type\":\"WebPage\",\"@id\":\"https:\/\/www.notibras.com\/site\/morre-vera-do-palco-da-tela-da-passarela-e-vitima-da-ditadura-militar\/\",\"url\":\"https:\/\/www.notibras.com\/site\/morre-vera-do-palco-da-tela-da-passarela-e-vitima-da-ditadura-militar\/\",\"name\":\"Morre Vera do palco, da tela, da passarela, e v\u00edtima da ditadura militar - Notibras\",\"isPartOf\":{\"@id\":\"https:\/\/www.notibras.com\/site\/#website\"},\"primaryImageOfPage\":{\"@id\":\"https:\/\/www.notibras.com\/site\/morre-vera-do-palco-da-tela-da-passarela-e-vitima-da-ditadura-militar\/#primaryimage\"},\"image\":{\"@id\":\"https:\/\/www.notibras.com\/site\/morre-vera-do-palco-da-tela-da-passarela-e-vitima-da-ditadura-militar\/#primaryimage\"},\"thumbnailUrl\":\"https:\/\/www.notibras.com\/site\/wp-content\/uploads\/2026\/01\/vera-barreto.webp\",\"datePublished\":\"2026-01-15T17:57:02+00:00\",\"dateModified\":\"2026-01-15T20:00:14+00:00\",\"breadcrumb\":{\"@id\":\"https:\/\/www.notibras.com\/site\/morre-vera-do-palco-da-tela-da-passarela-e-vitima-da-ditadura-militar\/#breadcrumb\"},\"inLanguage\":\"pt-BR\",\"potentialAction\":[{\"@type\":\"ReadAction\",\"target\":[\"https:\/\/www.notibras.com\/site\/morre-vera-do-palco-da-tela-da-passarela-e-vitima-da-ditadura-militar\/\"]}]},{\"@type\":\"ImageObject\",\"inLanguage\":\"pt-BR\",\"@id\":\"https:\/\/www.notibras.com\/site\/morre-vera-do-palco-da-tela-da-passarela-e-vitima-da-ditadura-militar\/#primaryimage\",\"url\":\"https:\/\/www.notibras.com\/site\/wp-content\/uploads\/2026\/01\/vera-barreto.webp\",\"contentUrl\":\"https:\/\/www.notibras.com\/site\/wp-content\/uploads\/2026\/01\/vera-barreto.webp\",\"width\":1170,\"height\":700},{\"@type\":\"BreadcrumbList\",\"@id\":\"https:\/\/www.notibras.com\/site\/morre-vera-do-palco-da-tela-da-passarela-e-vitima-da-ditadura-militar\/#breadcrumb\",\"itemListElement\":[{\"@type\":\"ListItem\",\"position\":1,\"name\":\"In\u00edcio\",\"item\":\"https:\/\/www.notibras.com\/site\/\"},{\"@type\":\"ListItem\",\"position\":2,\"name\":\"Morre Vera do palco, da tela, da passarela, e v\u00edtima da ditadura militar\"}]},{\"@type\":\"WebSite\",\"@id\":\"https:\/\/www.notibras.com\/site\/#website\",\"url\":\"https:\/\/www.notibras.com\/site\/\",\"name\":\"Notibras\",\"description\":\"Not\u00edcias de Bras\u00edlia, do Brasil e do Mundo\",\"publisher\":{\"@id\":\"https:\/\/www.notibras.com\/site\/#organization\"},\"potentialAction\":[{\"@type\":\"SearchAction\",\"target\":{\"@type\":\"EntryPoint\",\"urlTemplate\":\"https:\/\/www.notibras.com\/site\/?s={search_term_string}\"},\"query-input\":{\"@type\":\"PropertyValueSpecification\",\"valueRequired\":true,\"valueName\":\"search_term_string\"}}],\"inLanguage\":\"pt-BR\"},{\"@type\":\"Organization\",\"@id\":\"https:\/\/www.notibras.com\/site\/#organization\",\"name\":\"Grupo Notibras de Comunica\u00e7\u00e3o\",\"url\":\"https:\/\/www.notibras.com\/site\/\",\"logo\":{\"@type\":\"ImageObject\",\"inLanguage\":\"pt-BR\",\"@id\":\"https:\/\/www.notibras.com\/site\/#\/schema\/logo\/image\/\",\"url\":\"https:\/\/www.notibras.com\/site\/wp-content\/uploads\/2023\/01\/notibras23.png\",\"contentUrl\":\"https:\/\/www.notibras.com\/site\/wp-content\/uploads\/2023\/01\/notibras23.png\",\"width\":350,\"height\":87,\"caption\":\"Grupo Notibras de Comunica\u00e7\u00e3o\"},\"image\":{\"@id\":\"https:\/\/www.notibras.com\/site\/#\/schema\/logo\/image\/\"},\"sameAs\":[\"https:\/\/www.facebook.com\/notibras\/\",\"https:\/\/x.com\/Notibras\",\"https:\/\/www.instagram.com\/notibras\/\"]},{\"@type\":\"Person\",\"@id\":\"https:\/\/www.notibras.com\/site\/#\/schema\/person\/36ab0979449956132d3e5b517ea76ac8\",\"name\":\"Reda\u00e7\u00e3o\",\"image\":{\"@type\":\"ImageObject\",\"inLanguage\":\"pt-BR\",\"@id\":\"https:\/\/secure.gravatar.com\/avatar\/e0a867bdedb85fd243eadf09663511f96fc81e0720a4a42581f334ad4303aa6b?s=96&d=mm&r=g\",\"url\":\"https:\/\/secure.gravatar.com\/avatar\/e0a867bdedb85fd243eadf09663511f96fc81e0720a4a42581f334ad4303aa6b?s=96&d=mm&r=g\",\"contentUrl\":\"https:\/\/secure.gravatar.com\/avatar\/e0a867bdedb85fd243eadf09663511f96fc81e0720a4a42581f334ad4303aa6b?s=96&d=mm&r=g\",\"caption\":\"Reda\u00e7\u00e3o\"}}]}<\/script>\n<!-- \/ Yoast SEO plugin. -->","yoast_head_json":{"title":"Morre Vera do palco, da tela, da passarela, e v\u00edtima da ditadura militar - Notibras","robots":{"index":"index","follow":"follow","max-snippet":"max-snippet:-1","max-image-preview":"max-image-preview:large","max-video-preview":"max-video-preview:-1"},"canonical":"https:\/\/www.notibras.com\/site\/morre-vera-do-palco-da-tela-da-passarela-e-vitima-da-ditadura-militar\/","og_locale":"pt_BR","og_type":"article","og_title":"Morre Vera do palco, da tela, da passarela, e v\u00edtima da ditadura militar - Notibras","og_description":"Morreu nesta quinta-feira (15), aos 89 anos, a atriz e modelo Vera Barreto Leite Valdez, considerada a primeira supermodelo brasileira. A morte foi confirmada em comunicado nas redes sociais do Teatro Oficina: que escreveu \u201cVoa, Vera! Etherna! Muito amor por essa maneca\u201d. A causa da morte e os locais de vel\u00f3rio e sepultamento n\u00e3o foram [&hellip;]","og_url":"https:\/\/www.notibras.com\/site\/morre-vera-do-palco-da-tela-da-passarela-e-vitima-da-ditadura-militar\/","og_site_name":"Notibras","article_publisher":"https:\/\/www.facebook.com\/notibras\/","article_published_time":"2026-01-15T17:57:02+00:00","article_modified_time":"2026-01-15T20:00:14+00:00","og_image":[{"width":1170,"height":700,"url":"https:\/\/www.notibras.com\/site\/wp-content\/uploads\/2026\/01\/vera-barreto.webp","type":"image\/webp"}],"author":"Reda\u00e7\u00e3o","twitter_card":"summary_large_image","twitter_creator":"@Notibras","twitter_site":"@Notibras","twitter_misc":{"Escrito por":"Reda\u00e7\u00e3o","Est. tempo de leitura":"2 minutos"},"schema":{"@context":"https:\/\/schema.org","@graph":[{"@type":"Article","@id":"https:\/\/www.notibras.com\/site\/morre-vera-do-palco-da-tela-da-passarela-e-vitima-da-ditadura-militar\/#article","isPartOf":{"@id":"https:\/\/www.notibras.com\/site\/morre-vera-do-palco-da-tela-da-passarela-e-vitima-da-ditadura-militar\/"},"author":{"name":"Reda\u00e7\u00e3o","@id":"https:\/\/www.notibras.com\/site\/#\/schema\/person\/36ab0979449956132d3e5b517ea76ac8"},"headline":"Morre Vera do palco, da tela, da passarela, e v\u00edtima da ditadura militar","datePublished":"2026-01-15T17:57:02+00:00","dateModified":"2026-01-15T20:00:14+00:00","mainEntityOfPage":{"@id":"https:\/\/www.notibras.com\/site\/morre-vera-do-palco-da-tela-da-passarela-e-vitima-da-ditadura-militar\/"},"wordCount":325,"publisher":{"@id":"https:\/\/www.notibras.com\/site\/#organization"},"image":{"@id":"https:\/\/www.notibras.com\/site\/morre-vera-do-palco-da-tela-da-passarela-e-vitima-da-ditadura-militar\/#primaryimage"},"thumbnailUrl":"https:\/\/www.notibras.com\/site\/wp-content\/uploads\/2026\/01\/vera-barreto.webp","articleSection":["Leitura Vip"],"inLanguage":"pt-BR"},{"@type":"WebPage","@id":"https:\/\/www.notibras.com\/site\/morre-vera-do-palco-da-tela-da-passarela-e-vitima-da-ditadura-militar\/","url":"https:\/\/www.notibras.com\/site\/morre-vera-do-palco-da-tela-da-passarela-e-vitima-da-ditadura-militar\/","name":"Morre Vera do palco, da tela, da passarela, e v\u00edtima da ditadura militar - Notibras","isPartOf":{"@id":"https:\/\/www.notibras.com\/site\/#website"},"primaryImageOfPage":{"@id":"https:\/\/www.notibras.com\/site\/morre-vera-do-palco-da-tela-da-passarela-e-vitima-da-ditadura-militar\/#primaryimage"},"image":{"@id":"https:\/\/www.notibras.com\/site\/morre-vera-do-palco-da-tela-da-passarela-e-vitima-da-ditadura-militar\/#primaryimage"},"thumbnailUrl":"https:\/\/www.notibras.com\/site\/wp-content\/uploads\/2026\/01\/vera-barreto.webp","datePublished":"2026-01-15T17:57:02+00:00","dateModified":"2026-01-15T20:00:14+00:00","breadcrumb":{"@id":"https:\/\/www.notibras.com\/site\/morre-vera-do-palco-da-tela-da-passarela-e-vitima-da-ditadura-militar\/#breadcrumb"},"inLanguage":"pt-BR","potentialAction":[{"@type":"ReadAction","target":["https:\/\/www.notibras.com\/site\/morre-vera-do-palco-da-tela-da-passarela-e-vitima-da-ditadura-militar\/"]}]},{"@type":"ImageObject","inLanguage":"pt-BR","@id":"https:\/\/www.notibras.com\/site\/morre-vera-do-palco-da-tela-da-passarela-e-vitima-da-ditadura-militar\/#primaryimage","url":"https:\/\/www.notibras.com\/site\/wp-content\/uploads\/2026\/01\/vera-barreto.webp","contentUrl":"https:\/\/www.notibras.com\/site\/wp-content\/uploads\/2026\/01\/vera-barreto.webp","width":1170,"height":700},{"@type":"BreadcrumbList","@id":"https:\/\/www.notibras.com\/site\/morre-vera-do-palco-da-tela-da-passarela-e-vitima-da-ditadura-militar\/#breadcrumb","itemListElement":[{"@type":"ListItem","position":1,"name":"In\u00edcio","item":"https:\/\/www.notibras.com\/site\/"},{"@type":"ListItem","position":2,"name":"Morre Vera do palco, da tela, da passarela, e v\u00edtima da ditadura militar"}]},{"@type":"WebSite","@id":"https:\/\/www.notibras.com\/site\/#website","url":"https:\/\/www.notibras.com\/site\/","name":"Notibras","description":"Not\u00edcias de Bras\u00edlia, do Brasil e do Mundo","publisher":{"@id":"https:\/\/www.notibras.com\/site\/#organization"},"potentialAction":[{"@type":"SearchAction","target":{"@type":"EntryPoint","urlTemplate":"https:\/\/www.notibras.com\/site\/?s={search_term_string}"},"query-input":{"@type":"PropertyValueSpecification","valueRequired":true,"valueName":"search_term_string"}}],"inLanguage":"pt-BR"},{"@type":"Organization","@id":"https:\/\/www.notibras.com\/site\/#organization","name":"Grupo Notibras de Comunica\u00e7\u00e3o","url":"https:\/\/www.notibras.com\/site\/","logo":{"@type":"ImageObject","inLanguage":"pt-BR","@id":"https:\/\/www.notibras.com\/site\/#\/schema\/logo\/image\/","url":"https:\/\/www.notibras.com\/site\/wp-content\/uploads\/2023\/01\/notibras23.png","contentUrl":"https:\/\/www.notibras.com\/site\/wp-content\/uploads\/2023\/01\/notibras23.png","width":350,"height":87,"caption":"Grupo Notibras de Comunica\u00e7\u00e3o"},"image":{"@id":"https:\/\/www.notibras.com\/site\/#\/schema\/logo\/image\/"},"sameAs":["https:\/\/www.facebook.com\/notibras\/","https:\/\/x.com\/Notibras","https:\/\/www.instagram.com\/notibras\/"]},{"@type":"Person","@id":"https:\/\/www.notibras.com\/site\/#\/schema\/person\/36ab0979449956132d3e5b517ea76ac8","name":"Reda\u00e7\u00e3o","image":{"@type":"ImageObject","inLanguage":"pt-BR","@id":"https:\/\/secure.gravatar.com\/avatar\/e0a867bdedb85fd243eadf09663511f96fc81e0720a4a42581f334ad4303aa6b?s=96&d=mm&r=g","url":"https:\/\/secure.gravatar.com\/avatar\/e0a867bdedb85fd243eadf09663511f96fc81e0720a4a42581f334ad4303aa6b?s=96&d=mm&r=g","contentUrl":"https:\/\/secure.gravatar.com\/avatar\/e0a867bdedb85fd243eadf09663511f96fc81e0720a4a42581f334ad4303aa6b?s=96&d=mm&r=g","caption":"Reda\u00e7\u00e3o"}}]}},"amp_enabled":true,"_links":{"self":[{"href":"https:\/\/www.notibras.com\/site\/wp-json\/wp\/v2\/posts\/379136","targetHints":{"allow":["GET"]}}],"collection":[{"href":"https:\/\/www.notibras.com\/site\/wp-json\/wp\/v2\/posts"}],"about":[{"href":"https:\/\/www.notibras.com\/site\/wp-json\/wp\/v2\/types\/post"}],"author":[{"embeddable":true,"href":"https:\/\/www.notibras.com\/site\/wp-json\/wp\/v2\/users\/2"}],"replies":[{"embeddable":true,"href":"https:\/\/www.notibras.com\/site\/wp-json\/wp\/v2\/comments?post=379136"}],"version-history":[{"count":3,"href":"https:\/\/www.notibras.com\/site\/wp-json\/wp\/v2\/posts\/379136\/revisions"}],"predecessor-version":[{"id":379140,"href":"https:\/\/www.notibras.com\/site\/wp-json\/wp\/v2\/posts\/379136\/revisions\/379140"}],"wp:featuredmedia":[{"embeddable":true,"href":"https:\/\/www.notibras.com\/site\/wp-json\/wp\/v2\/media\/379137"}],"wp:attachment":[{"href":"https:\/\/www.notibras.com\/site\/wp-json\/wp\/v2\/media?parent=379136"}],"wp:term":[{"taxonomy":"category","embeddable":true,"href":"https:\/\/www.notibras.com\/site\/wp-json\/wp\/v2\/categories?post=379136"},{"taxonomy":"post_tag","embeddable":true,"href":"https:\/\/www.notibras.com\/site\/wp-json\/wp\/v2\/tags?post=379136"}],"curies":[{"name":"wp","href":"https:\/\/api.w.org\/{rel}","templated":true}]}}