{"id":379141,"date":"2026-01-15T17:17:29","date_gmt":"2026-01-15T20:17:29","guid":{"rendered":"https:\/\/www.notibras.com\/site\/?p=379141"},"modified":"2026-01-15T18:22:04","modified_gmt":"2026-01-15T21:22:04","slug":"xandao-manda-pf-transferir-bolsonaro-para-a-papudinha","status":"publish","type":"post","link":"https:\/\/www.notibras.com\/site\/xandao-manda-pf-transferir-bolsonaro-para-a-papudinha\/","title":{"rendered":"Xand\u00e3o manda PF transferir Bolsonaro para a Papudinha"},"content":{"rendered":"<p data-start=\"149\" data-end=\"515\">O ex-presidente Jair Bolsonaro (PL) est\u00e1 sendo transferido para o Complexo Penitenci\u00e1rio de Bras\u00edlia, onde passar\u00e1 a cumprir pena no 19\u00ba Batalh\u00e3o da Pol\u00edcia Militar do Distrito Federal, unidade conhecida como \u201cPapudinha\u201d. At\u00e9 ent\u00e3o, Bolsonaro estava detido em uma cela especial da Pol\u00edcia Federal, onde permanecia desde o in\u00edcio do cumprimento da pena de 27 anos de pris\u00e3o.<\/p>\n<p data-start=\"517\" data-end=\"844\">A transfer\u00eancia foi determinada pelo ministro Alexandre de Moraes, do Supremo Tribunal Federal (STF). Segundo o magistrado, a mudan\u00e7a de local proporcionar\u00e1 ao ex-presidente \u201ccondi\u00e7\u00f5es ainda mais favor\u00e1veis\u201d de cust\u00f3dia, em uma ala igualmente exclusiva e com isolamento em rela\u00e7\u00e3o aos demais detentos do complexo penitenci\u00e1rio.<\/p>\n<p data-start=\"846\" data-end=\"1241\">De acordo com o despacho, o novo ambiente permitir\u00e1 maior flexibilidade na rotina carcer\u00e1ria, incluindo amplia\u00e7\u00e3o do tempo de visitas de familiares, acesso ao banho de sol e \u00e0 pr\u00e1tica de exerc\u00edcios f\u00edsicos em qualquer hor\u00e1rio do dia. O documento tamb\u00e9m autoriza a instala\u00e7\u00e3o de equipamentos destinados \u00e0 fisioterapia, como esteira e bicicleta ergom\u00e9trica, em atendimento a recomenda\u00e7\u00f5es m\u00e9dicas.<\/p>\n<p data-start=\"1243\" data-end=\"1442\">A decis\u00e3o ocorre ap\u00f3s manifesta\u00e7\u00f5es da defesa sobre as condi\u00e7\u00f5es da cela na Pol\u00edcia Federal, onde Bolsonaro relatava inc\u00f4modo com o funcionamento do sistema de ar-condicionado central da institui\u00e7\u00e3o.<\/p>\n<p data-start=\"1243\" data-end=\"1442\">&#8230;&#8230;&#8230;&#8230;&#8230;&#8230;&#8230;<\/p>\n<p data-start=\"1243\" data-end=\"1442\"><strong>Marta Nobre \u00e9 Editora Executiva de Notibras<\/strong><\/p>\n","protected":false},"excerpt":{"rendered":"<p>O ex-presidente Jair Bolsonaro (PL) est\u00e1 sendo transferido para o Complexo Penitenci\u00e1rio de Bras\u00edlia, onde passar\u00e1 a cumprir pena no 19\u00ba Batalh\u00e3o da Pol\u00edcia Militar do Distrito Federal, unidade conhecida como \u201cPapudinha\u201d. At\u00e9 ent\u00e3o, Bolsonaro estava detido em uma cela especial da Pol\u00edcia Federal, onde permanecia desde o in\u00edcio do cumprimento da pena de 27 [&hellip;]<\/p>\n","protected":false},"author":2,"featured_media":379142,"comment_status":"closed","ping_status":"closed","sticky":false,"template":"","format":"standard","meta":{"_acf_changed":false,"footnotes":""},"categories":[16],"tags":[95],"class_list":["post-379141","post","type-post","status-publish","format-standard","has-post-thumbnail","hentry","category-brasil","tag-capa"],"acf":[],"yoast_head":"<!-- This site is optimized with the Yoast SEO plugin v27.2 - https:\/\/yoast.com\/product\/yoast-seo-wordpress\/ -->\n<title>Xand\u00e3o manda PF transferir Bolsonaro para a Papudinha - Notibras<\/title>\n<meta name=\"robots\" content=\"index, follow, max-snippet:-1, max-image-preview:large, max-video-preview:-1\" \/>\n<link rel=\"canonical\" href=\"https:\/\/www.notibras.com\/site\/xandao-manda-pf-transferir-bolsonaro-para-a-papudinha\/\" \/>\n<meta property=\"og:locale\" content=\"pt_BR\" \/>\n<meta property=\"og:type\" content=\"article\" \/>\n<meta property=\"og:title\" content=\"Xand\u00e3o manda PF transferir Bolsonaro para a Papudinha - Notibras\" \/>\n<meta property=\"og:description\" content=\"O ex-presidente Jair Bolsonaro (PL) est\u00e1 sendo transferido para o Complexo Penitenci\u00e1rio de Bras\u00edlia, onde passar\u00e1 a cumprir pena no 19\u00ba Batalh\u00e3o da Pol\u00edcia Militar do Distrito Federal, unidade conhecida como \u201cPapudinha\u201d. At\u00e9 ent\u00e3o, Bolsonaro estava detido em uma cela especial da Pol\u00edcia Federal, onde permanecia desde o in\u00edcio do cumprimento da pena de 27 [&hellip;]\" \/>\n<meta property=\"og:url\" content=\"https:\/\/www.notibras.com\/site\/xandao-manda-pf-transferir-bolsonaro-para-a-papudinha\/\" \/>\n<meta property=\"og:site_name\" content=\"Notibras\" \/>\n<meta property=\"article:publisher\" content=\"https:\/\/www.facebook.com\/notibras\/\" \/>\n<meta property=\"article:published_time\" content=\"2026-01-15T20:17:29+00:00\" \/>\n<meta property=\"article:modified_time\" content=\"2026-01-15T21:22:04+00:00\" \/>\n<meta property=\"og:image\" content=\"https:\/\/www.notibras.com\/site\/wp-content\/uploads\/2026\/01\/jbpapuda.webp\" \/>\n\t<meta property=\"og:image:width\" content=\"900\" \/>\n\t<meta property=\"og:image:height\" content=\"506\" \/>\n\t<meta property=\"og:image:type\" content=\"image\/webp\" \/>\n<meta name=\"author\" content=\"Reda\u00e7\u00e3o\" \/>\n<meta name=\"twitter:card\" content=\"summary_large_image\" \/>\n<meta name=\"twitter:creator\" content=\"@Notibras\" \/>\n<meta name=\"twitter:site\" content=\"@Notibras\" \/>\n<meta name=\"twitter:label1\" content=\"Escrito por\" \/>\n\t<meta name=\"twitter:data1\" content=\"Reda\u00e7\u00e3o\" \/>\n\t<meta name=\"twitter:label2\" content=\"Est. tempo de leitura\" \/>\n\t<meta name=\"twitter:data2\" content=\"2 minutos\" \/>\n<script type=\"application\/ld+json\" class=\"yoast-schema-graph\">{\"@context\":\"https:\/\/schema.org\",\"@graph\":[{\"@type\":\"Article\",\"@id\":\"https:\/\/www.notibras.com\/site\/xandao-manda-pf-transferir-bolsonaro-para-a-papudinha\/#article\",\"isPartOf\":{\"@id\":\"https:\/\/www.notibras.com\/site\/xandao-manda-pf-transferir-bolsonaro-para-a-papudinha\/\"},\"author\":{\"name\":\"Reda\u00e7\u00e3o\",\"@id\":\"https:\/\/www.notibras.com\/site\/#\/schema\/person\/36ab0979449956132d3e5b517ea76ac8\"},\"headline\":\"Xand\u00e3o manda PF transferir Bolsonaro para a Papudinha\",\"datePublished\":\"2026-01-15T20:17:29+00:00\",\"dateModified\":\"2026-01-15T21:22:04+00:00\",\"mainEntityOfPage\":{\"@id\":\"https:\/\/www.notibras.com\/site\/xandao-manda-pf-transferir-bolsonaro-para-a-papudinha\/\"},\"wordCount\":236,\"publisher\":{\"@id\":\"https:\/\/www.notibras.com\/site\/#organization\"},\"image\":{\"@id\":\"https:\/\/www.notibras.com\/site\/xandao-manda-pf-transferir-bolsonaro-para-a-papudinha\/#primaryimage\"},\"thumbnailUrl\":\"https:\/\/www.notibras.com\/site\/wp-content\/uploads\/2026\/01\/jbpapuda.webp\",\"keywords\":[\"capa\"],\"articleSection\":[\"Brasil\"],\"inLanguage\":\"pt-BR\"},{\"@type\":\"WebPage\",\"@id\":\"https:\/\/www.notibras.com\/site\/xandao-manda-pf-transferir-bolsonaro-para-a-papudinha\/\",\"url\":\"https:\/\/www.notibras.com\/site\/xandao-manda-pf-transferir-bolsonaro-para-a-papudinha\/\",\"name\":\"Xand\u00e3o manda PF transferir Bolsonaro para a Papudinha - Notibras\",\"isPartOf\":{\"@id\":\"https:\/\/www.notibras.com\/site\/#website\"},\"primaryImageOfPage\":{\"@id\":\"https:\/\/www.notibras.com\/site\/xandao-manda-pf-transferir-bolsonaro-para-a-papudinha\/#primaryimage\"},\"image\":{\"@id\":\"https:\/\/www.notibras.com\/site\/xandao-manda-pf-transferir-bolsonaro-para-a-papudinha\/#primaryimage\"},\"thumbnailUrl\":\"https:\/\/www.notibras.com\/site\/wp-content\/uploads\/2026\/01\/jbpapuda.webp\",\"datePublished\":\"2026-01-15T20:17:29+00:00\",\"dateModified\":\"2026-01-15T21:22:04+00:00\",\"breadcrumb\":{\"@id\":\"https:\/\/www.notibras.com\/site\/xandao-manda-pf-transferir-bolsonaro-para-a-papudinha\/#breadcrumb\"},\"inLanguage\":\"pt-BR\",\"potentialAction\":[{\"@type\":\"ReadAction\",\"target\":[\"https:\/\/www.notibras.com\/site\/xandao-manda-pf-transferir-bolsonaro-para-a-papudinha\/\"]}]},{\"@type\":\"ImageObject\",\"inLanguage\":\"pt-BR\",\"@id\":\"https:\/\/www.notibras.com\/site\/xandao-manda-pf-transferir-bolsonaro-para-a-papudinha\/#primaryimage\",\"url\":\"https:\/\/www.notibras.com\/site\/wp-content\/uploads\/2026\/01\/jbpapuda.webp\",\"contentUrl\":\"https:\/\/www.notibras.com\/site\/wp-content\/uploads\/2026\/01\/jbpapuda.webp\",\"width\":900,\"height\":506},{\"@type\":\"BreadcrumbList\",\"@id\":\"https:\/\/www.notibras.com\/site\/xandao-manda-pf-transferir-bolsonaro-para-a-papudinha\/#breadcrumb\",\"itemListElement\":[{\"@type\":\"ListItem\",\"position\":1,\"name\":\"In\u00edcio\",\"item\":\"https:\/\/www.notibras.com\/site\/\"},{\"@type\":\"ListItem\",\"position\":2,\"name\":\"Xand\u00e3o manda PF transferir Bolsonaro para a Papudinha\"}]},{\"@type\":\"WebSite\",\"@id\":\"https:\/\/www.notibras.com\/site\/#website\",\"url\":\"https:\/\/www.notibras.com\/site\/\",\"name\":\"Notibras\",\"description\":\"Not\u00edcias de Bras\u00edlia, do Brasil e do Mundo\",\"publisher\":{\"@id\":\"https:\/\/www.notibras.com\/site\/#organization\"},\"potentialAction\":[{\"@type\":\"SearchAction\",\"target\":{\"@type\":\"EntryPoint\",\"urlTemplate\":\"https:\/\/www.notibras.com\/site\/?s={search_term_string}\"},\"query-input\":{\"@type\":\"PropertyValueSpecification\",\"valueRequired\":true,\"valueName\":\"search_term_string\"}}],\"inLanguage\":\"pt-BR\"},{\"@type\":\"Organization\",\"@id\":\"https:\/\/www.notibras.com\/site\/#organization\",\"name\":\"Grupo Notibras de Comunica\u00e7\u00e3o\",\"url\":\"https:\/\/www.notibras.com\/site\/\",\"logo\":{\"@type\":\"ImageObject\",\"inLanguage\":\"pt-BR\",\"@id\":\"https:\/\/www.notibras.com\/site\/#\/schema\/logo\/image\/\",\"url\":\"https:\/\/www.notibras.com\/site\/wp-content\/uploads\/2023\/01\/notibras23.png\",\"contentUrl\":\"https:\/\/www.notibras.com\/site\/wp-content\/uploads\/2023\/01\/notibras23.png\",\"width\":350,\"height\":87,\"caption\":\"Grupo Notibras de Comunica\u00e7\u00e3o\"},\"image\":{\"@id\":\"https:\/\/www.notibras.com\/site\/#\/schema\/logo\/image\/\"},\"sameAs\":[\"https:\/\/www.facebook.com\/notibras\/\",\"https:\/\/x.com\/Notibras\",\"https:\/\/www.instagram.com\/notibras\/\"]},{\"@type\":\"Person\",\"@id\":\"https:\/\/www.notibras.com\/site\/#\/schema\/person\/36ab0979449956132d3e5b517ea76ac8\",\"name\":\"Reda\u00e7\u00e3o\",\"image\":{\"@type\":\"ImageObject\",\"inLanguage\":\"pt-BR\",\"@id\":\"https:\/\/secure.gravatar.com\/avatar\/e0a867bdedb85fd243eadf09663511f96fc81e0720a4a42581f334ad4303aa6b?s=96&d=mm&r=g\",\"url\":\"https:\/\/secure.gravatar.com\/avatar\/e0a867bdedb85fd243eadf09663511f96fc81e0720a4a42581f334ad4303aa6b?s=96&d=mm&r=g\",\"contentUrl\":\"https:\/\/secure.gravatar.com\/avatar\/e0a867bdedb85fd243eadf09663511f96fc81e0720a4a42581f334ad4303aa6b?s=96&d=mm&r=g\",\"caption\":\"Reda\u00e7\u00e3o\"}}]}<\/script>\n<!-- \/ Yoast SEO plugin. -->","yoast_head_json":{"title":"Xand\u00e3o manda PF transferir Bolsonaro para a Papudinha - Notibras","robots":{"index":"index","follow":"follow","max-snippet":"max-snippet:-1","max-image-preview":"max-image-preview:large","max-video-preview":"max-video-preview:-1"},"canonical":"https:\/\/www.notibras.com\/site\/xandao-manda-pf-transferir-bolsonaro-para-a-papudinha\/","og_locale":"pt_BR","og_type":"article","og_title":"Xand\u00e3o manda PF transferir Bolsonaro para a Papudinha - Notibras","og_description":"O ex-presidente Jair Bolsonaro (PL) est\u00e1 sendo transferido para o Complexo Penitenci\u00e1rio de Bras\u00edlia, onde passar\u00e1 a cumprir pena no 19\u00ba Batalh\u00e3o da Pol\u00edcia Militar do Distrito Federal, unidade conhecida como \u201cPapudinha\u201d. At\u00e9 ent\u00e3o, Bolsonaro estava detido em uma cela especial da Pol\u00edcia Federal, onde permanecia desde o in\u00edcio do cumprimento da pena de 27 [&hellip;]","og_url":"https:\/\/www.notibras.com\/site\/xandao-manda-pf-transferir-bolsonaro-para-a-papudinha\/","og_site_name":"Notibras","article_publisher":"https:\/\/www.facebook.com\/notibras\/","article_published_time":"2026-01-15T20:17:29+00:00","article_modified_time":"2026-01-15T21:22:04+00:00","og_image":[{"width":900,"height":506,"url":"https:\/\/www.notibras.com\/site\/wp-content\/uploads\/2026\/01\/jbpapuda.webp","type":"image\/webp"}],"author":"Reda\u00e7\u00e3o","twitter_card":"summary_large_image","twitter_creator":"@Notibras","twitter_site":"@Notibras","twitter_misc":{"Escrito por":"Reda\u00e7\u00e3o","Est. tempo de leitura":"2 minutos"},"schema":{"@context":"https:\/\/schema.org","@graph":[{"@type":"Article","@id":"https:\/\/www.notibras.com\/site\/xandao-manda-pf-transferir-bolsonaro-para-a-papudinha\/#article","isPartOf":{"@id":"https:\/\/www.notibras.com\/site\/xandao-manda-pf-transferir-bolsonaro-para-a-papudinha\/"},"author":{"name":"Reda\u00e7\u00e3o","@id":"https:\/\/www.notibras.com\/site\/#\/schema\/person\/36ab0979449956132d3e5b517ea76ac8"},"headline":"Xand\u00e3o manda PF transferir Bolsonaro para a Papudinha","datePublished":"2026-01-15T20:17:29+00:00","dateModified":"2026-01-15T21:22:04+00:00","mainEntityOfPage":{"@id":"https:\/\/www.notibras.com\/site\/xandao-manda-pf-transferir-bolsonaro-para-a-papudinha\/"},"wordCount":236,"publisher":{"@id":"https:\/\/www.notibras.com\/site\/#organization"},"image":{"@id":"https:\/\/www.notibras.com\/site\/xandao-manda-pf-transferir-bolsonaro-para-a-papudinha\/#primaryimage"},"thumbnailUrl":"https:\/\/www.notibras.com\/site\/wp-content\/uploads\/2026\/01\/jbpapuda.webp","keywords":["capa"],"articleSection":["Brasil"],"inLanguage":"pt-BR"},{"@type":"WebPage","@id":"https:\/\/www.notibras.com\/site\/xandao-manda-pf-transferir-bolsonaro-para-a-papudinha\/","url":"https:\/\/www.notibras.com\/site\/xandao-manda-pf-transferir-bolsonaro-para-a-papudinha\/","name":"Xand\u00e3o manda PF transferir Bolsonaro para a Papudinha - Notibras","isPartOf":{"@id":"https:\/\/www.notibras.com\/site\/#website"},"primaryImageOfPage":{"@id":"https:\/\/www.notibras.com\/site\/xandao-manda-pf-transferir-bolsonaro-para-a-papudinha\/#primaryimage"},"image":{"@id":"https:\/\/www.notibras.com\/site\/xandao-manda-pf-transferir-bolsonaro-para-a-papudinha\/#primaryimage"},"thumbnailUrl":"https:\/\/www.notibras.com\/site\/wp-content\/uploads\/2026\/01\/jbpapuda.webp","datePublished":"2026-01-15T20:17:29+00:00","dateModified":"2026-01-15T21:22:04+00:00","breadcrumb":{"@id":"https:\/\/www.notibras.com\/site\/xandao-manda-pf-transferir-bolsonaro-para-a-papudinha\/#breadcrumb"},"inLanguage":"pt-BR","potentialAction":[{"@type":"ReadAction","target":["https:\/\/www.notibras.com\/site\/xandao-manda-pf-transferir-bolsonaro-para-a-papudinha\/"]}]},{"@type":"ImageObject","inLanguage":"pt-BR","@id":"https:\/\/www.notibras.com\/site\/xandao-manda-pf-transferir-bolsonaro-para-a-papudinha\/#primaryimage","url":"https:\/\/www.notibras.com\/site\/wp-content\/uploads\/2026\/01\/jbpapuda.webp","contentUrl":"https:\/\/www.notibras.com\/site\/wp-content\/uploads\/2026\/01\/jbpapuda.webp","width":900,"height":506},{"@type":"BreadcrumbList","@id":"https:\/\/www.notibras.com\/site\/xandao-manda-pf-transferir-bolsonaro-para-a-papudinha\/#breadcrumb","itemListElement":[{"@type":"ListItem","position":1,"name":"In\u00edcio","item":"https:\/\/www.notibras.com\/site\/"},{"@type":"ListItem","position":2,"name":"Xand\u00e3o manda PF transferir Bolsonaro para a Papudinha"}]},{"@type":"WebSite","@id":"https:\/\/www.notibras.com\/site\/#website","url":"https:\/\/www.notibras.com\/site\/","name":"Notibras","description":"Not\u00edcias de Bras\u00edlia, do Brasil e do Mundo","publisher":{"@id":"https:\/\/www.notibras.com\/site\/#organization"},"potentialAction":[{"@type":"SearchAction","target":{"@type":"EntryPoint","urlTemplate":"https:\/\/www.notibras.com\/site\/?s={search_term_string}"},"query-input":{"@type":"PropertyValueSpecification","valueRequired":true,"valueName":"search_term_string"}}],"inLanguage":"pt-BR"},{"@type":"Organization","@id":"https:\/\/www.notibras.com\/site\/#organization","name":"Grupo Notibras de Comunica\u00e7\u00e3o","url":"https:\/\/www.notibras.com\/site\/","logo":{"@type":"ImageObject","inLanguage":"pt-BR","@id":"https:\/\/www.notibras.com\/site\/#\/schema\/logo\/image\/","url":"https:\/\/www.notibras.com\/site\/wp-content\/uploads\/2023\/01\/notibras23.png","contentUrl":"https:\/\/www.notibras.com\/site\/wp-content\/uploads\/2023\/01\/notibras23.png","width":350,"height":87,"caption":"Grupo Notibras de Comunica\u00e7\u00e3o"},"image":{"@id":"https:\/\/www.notibras.com\/site\/#\/schema\/logo\/image\/"},"sameAs":["https:\/\/www.facebook.com\/notibras\/","https:\/\/x.com\/Notibras","https:\/\/www.instagram.com\/notibras\/"]},{"@type":"Person","@id":"https:\/\/www.notibras.com\/site\/#\/schema\/person\/36ab0979449956132d3e5b517ea76ac8","name":"Reda\u00e7\u00e3o","image":{"@type":"ImageObject","inLanguage":"pt-BR","@id":"https:\/\/secure.gravatar.com\/avatar\/e0a867bdedb85fd243eadf09663511f96fc81e0720a4a42581f334ad4303aa6b?s=96&d=mm&r=g","url":"https:\/\/secure.gravatar.com\/avatar\/e0a867bdedb85fd243eadf09663511f96fc81e0720a4a42581f334ad4303aa6b?s=96&d=mm&r=g","contentUrl":"https:\/\/secure.gravatar.com\/avatar\/e0a867bdedb85fd243eadf09663511f96fc81e0720a4a42581f334ad4303aa6b?s=96&d=mm&r=g","caption":"Reda\u00e7\u00e3o"}}]}},"amp_enabled":true,"_links":{"self":[{"href":"https:\/\/www.notibras.com\/site\/wp-json\/wp\/v2\/posts\/379141","targetHints":{"allow":["GET"]}}],"collection":[{"href":"https:\/\/www.notibras.com\/site\/wp-json\/wp\/v2\/posts"}],"about":[{"href":"https:\/\/www.notibras.com\/site\/wp-json\/wp\/v2\/types\/post"}],"author":[{"embeddable":true,"href":"https:\/\/www.notibras.com\/site\/wp-json\/wp\/v2\/users\/2"}],"replies":[{"embeddable":true,"href":"https:\/\/www.notibras.com\/site\/wp-json\/wp\/v2\/comments?post=379141"}],"version-history":[{"count":1,"href":"https:\/\/www.notibras.com\/site\/wp-json\/wp\/v2\/posts\/379141\/revisions"}],"predecessor-version":[{"id":379143,"href":"https:\/\/www.notibras.com\/site\/wp-json\/wp\/v2\/posts\/379141\/revisions\/379143"}],"wp:featuredmedia":[{"embeddable":true,"href":"https:\/\/www.notibras.com\/site\/wp-json\/wp\/v2\/media\/379142"}],"wp:attachment":[{"href":"https:\/\/www.notibras.com\/site\/wp-json\/wp\/v2\/media?parent=379141"}],"wp:term":[{"taxonomy":"category","embeddable":true,"href":"https:\/\/www.notibras.com\/site\/wp-json\/wp\/v2\/categories?post=379141"},{"taxonomy":"post_tag","embeddable":true,"href":"https:\/\/www.notibras.com\/site\/wp-json\/wp\/v2\/tags?post=379141"}],"curies":[{"name":"wp","href":"https:\/\/api.w.org\/{rel}","templated":true}]}}