{"id":379156,"date":"2026-01-16T00:45:22","date_gmt":"2026-01-16T03:45:22","guid":{"rendered":"https:\/\/www.notibras.com\/site\/?p=379156"},"modified":"2026-01-15T22:36:33","modified_gmt":"2026-01-16T01:36:33","slug":"uma-refeicao-a-cada-dois-segundos","status":"publish","type":"post","link":"https:\/\/www.notibras.com\/site\/uma-refeicao-a-cada-dois-segundos\/","title":{"rendered":"Uma refei\u00e7\u00e3o a cada dois segundos"},"content":{"rendered":"<p>Os 18 Restaurantes Comunit\u00e1rios do Distrito Federal serviram 16,8 milh\u00f5es de refei\u00e7\u00f5es ao longo de 2025. Isso significa que, a cada dois segundos, uma pessoa se alimentou em uma dessas unidades. A quantidade representa um aumento de 18% em rela\u00e7\u00e3o ao ano anterior.<\/p>\n<p>\u201cEsse acr\u00e9scimo se deve a alguns aspectos, como a manuten\u00e7\u00e3o do valor em R$ 1, a inaugura\u00e7\u00e3o de quatro novos restaurantes, a implanta\u00e7\u00e3o e amplia\u00e7\u00e3o da oferta de caf\u00e9 da manh\u00e3 e jantar, e funcionamentos aos fins de semana e feriados\u201d, enumera a secret\u00e1ria de Desenvolvimento Social, Ana Paula Marra.<\/p>\n<p>De acordo com a gestora, a rede se expandiu para Arniqueira, Sol Nascente\/P\u00f4r do Sol, Samambaia (Expans\u00e3o) e Varj\u00e3o, todos com cozinhas novas, modernas e prontas para servir. Ana Paula Marra ainda ressalta que, al\u00e9m dos novos refeit\u00f3rios, ocorreram melhorias nos restaurantes de Sobradinho, Gama, Riacho Fundo II, Santa Maria, Planaltina e Samambaia.<\/p>\n<p><strong>Gratuidade<\/strong><\/p>\n<p>Cerca de 1,8 milh\u00e3o de refei\u00e7\u00f5es foram servidas de forma gratuita \u00e0 popula\u00e7\u00e3o em situa\u00e7\u00e3o de rua. Segundo a Secretaria de Desenvolvimento Social do DF (Sedes-DF), respons\u00e1vel pela gest\u00e3o dos equipamentos, foram 600 mil refei\u00e7\u00f5es a mais para esse p\u00fablico em rela\u00e7\u00e3o a 2024, quando foram servidas 1,2 milh\u00e3o.<\/p>\n<p>Dados da Sedes-DF mostram que, de janeiro a dezembro de 2025, a popula\u00e7\u00e3o em situa\u00e7\u00e3o de rua do DF recebeu, gratuitamente, em m\u00e9dia, 157.418 refei\u00e7\u00f5es por m\u00eas, o equivalente a 5.247 refei\u00e7\u00f5es servidas diariamente: caf\u00e9 da manh\u00e3 (R$ 0,50), almo\u00e7o (R$ 1) e jantar (R$ 0,50).<\/p>\n<p>Desde 2020, a alimenta\u00e7\u00e3o sem custo nas unidades \u00e9 um direito desse p\u00fablico. Acompanhadas pelas equipes do Servi\u00e7o Especializado em Abordagem Social (Seas), as pessoas em situa\u00e7\u00e3o de rua j\u00e1 tinham acesso ao almo\u00e7o. Em 2024, o Decreto n\u00ba 45.715 ampliou a oferta para tr\u00eas refei\u00e7\u00f5es di\u00e1rias: caf\u00e9 da manh\u00e3, almo\u00e7o e jantar.<\/p>\n","protected":false},"excerpt":{"rendered":"<p>Os 18 Restaurantes Comunit\u00e1rios do Distrito Federal serviram 16,8 milh\u00f5es de refei\u00e7\u00f5es ao longo de 2025. Isso significa que, a cada dois segundos, uma pessoa se alimentou em uma dessas unidades. A quantidade representa um aumento de 18% em rela\u00e7\u00e3o ao ano anterior. \u201cEsse acr\u00e9scimo se deve a alguns aspectos, como a manuten\u00e7\u00e3o do valor [&hellip;]<\/p>\n","protected":false},"author":21,"featured_media":379157,"comment_status":"closed","ping_status":"closed","sticky":false,"template":"","format":"standard","meta":{"_acf_changed":false,"footnotes":""},"categories":[161],"tags":[],"class_list":["post-379156","post","type-post","status-publish","format-standard","has-post-thumbnail","hentry","category-quadradinho-em-foco"],"acf":[],"yoast_head":"<!-- This site is optimized with the Yoast SEO plugin v27.2 - https:\/\/yoast.com\/product\/yoast-seo-wordpress\/ -->\n<title>Uma refei\u00e7\u00e3o a cada dois segundos - Notibras<\/title>\n<meta name=\"robots\" content=\"index, follow, max-snippet:-1, max-image-preview:large, max-video-preview:-1\" \/>\n<link rel=\"canonical\" href=\"https:\/\/www.notibras.com\/site\/uma-refeicao-a-cada-dois-segundos\/\" \/>\n<meta property=\"og:locale\" content=\"pt_BR\" \/>\n<meta property=\"og:type\" content=\"article\" \/>\n<meta property=\"og:title\" content=\"Uma refei\u00e7\u00e3o a cada dois segundos - Notibras\" \/>\n<meta property=\"og:description\" content=\"Os 18 Restaurantes Comunit\u00e1rios do Distrito Federal serviram 16,8 milh\u00f5es de refei\u00e7\u00f5es ao longo de 2025. Isso significa que, a cada dois segundos, uma pessoa se alimentou em uma dessas unidades. A quantidade representa um aumento de 18% em rela\u00e7\u00e3o ao ano anterior. \u201cEsse acr\u00e9scimo se deve a alguns aspectos, como a manuten\u00e7\u00e3o do valor [&hellip;]\" \/>\n<meta property=\"og:url\" content=\"https:\/\/www.notibras.com\/site\/uma-refeicao-a-cada-dois-segundos\/\" \/>\n<meta property=\"og:site_name\" content=\"Notibras\" \/>\n<meta property=\"article:publisher\" content=\"https:\/\/www.facebook.com\/notibras\/\" \/>\n<meta property=\"article:published_time\" content=\"2026-01-16T03:45:22+00:00\" \/>\n<meta property=\"og:image\" content=\"https:\/\/www.notibras.com\/site\/wp-content\/uploads\/2026\/01\/54133175228_9a3a19eaf5_k.jpg\" \/>\n\t<meta property=\"og:image:width\" content=\"2048\" \/>\n\t<meta property=\"og:image:height\" content=\"1365\" \/>\n\t<meta property=\"og:image:type\" content=\"image\/jpeg\" \/>\n<meta name=\"author\" content=\"Eduardo Mart\u00ednez\" \/>\n<meta name=\"twitter:card\" content=\"summary_large_image\" \/>\n<meta name=\"twitter:creator\" content=\"@Notibras\" \/>\n<meta name=\"twitter:site\" content=\"@Notibras\" \/>\n<meta name=\"twitter:label1\" content=\"Escrito por\" \/>\n\t<meta name=\"twitter:data1\" content=\"Eduardo Mart\u00ednez\" \/>\n\t<meta name=\"twitter:label2\" content=\"Est. tempo de leitura\" \/>\n\t<meta name=\"twitter:data2\" content=\"2 minutos\" \/>\n<script type=\"application\/ld+json\" class=\"yoast-schema-graph\">{\"@context\":\"https:\/\/schema.org\",\"@graph\":[{\"@type\":\"Article\",\"@id\":\"https:\/\/www.notibras.com\/site\/uma-refeicao-a-cada-dois-segundos\/#article\",\"isPartOf\":{\"@id\":\"https:\/\/www.notibras.com\/site\/uma-refeicao-a-cada-dois-segundos\/\"},\"author\":{\"name\":\"Eduardo Mart\u00ednez\",\"@id\":\"https:\/\/www.notibras.com\/site\/#\/schema\/person\/5b7fabf2aedc3ada2105f03b22b4d3dd\"},\"headline\":\"Uma refei\u00e7\u00e3o a cada dois segundos\",\"datePublished\":\"2026-01-16T03:45:22+00:00\",\"mainEntityOfPage\":{\"@id\":\"https:\/\/www.notibras.com\/site\/uma-refeicao-a-cada-dois-segundos\/\"},\"wordCount\":324,\"publisher\":{\"@id\":\"https:\/\/www.notibras.com\/site\/#organization\"},\"image\":{\"@id\":\"https:\/\/www.notibras.com\/site\/uma-refeicao-a-cada-dois-segundos\/#primaryimage\"},\"thumbnailUrl\":\"https:\/\/www.notibras.com\/site\/wp-content\/uploads\/2026\/01\/54133175228_9a3a19eaf5_k.jpg\",\"articleSection\":[\"Quadradinho em Foco\"],\"inLanguage\":\"pt-BR\"},{\"@type\":\"WebPage\",\"@id\":\"https:\/\/www.notibras.com\/site\/uma-refeicao-a-cada-dois-segundos\/\",\"url\":\"https:\/\/www.notibras.com\/site\/uma-refeicao-a-cada-dois-segundos\/\",\"name\":\"Uma refei\u00e7\u00e3o a cada dois segundos - Notibras\",\"isPartOf\":{\"@id\":\"https:\/\/www.notibras.com\/site\/#website\"},\"primaryImageOfPage\":{\"@id\":\"https:\/\/www.notibras.com\/site\/uma-refeicao-a-cada-dois-segundos\/#primaryimage\"},\"image\":{\"@id\":\"https:\/\/www.notibras.com\/site\/uma-refeicao-a-cada-dois-segundos\/#primaryimage\"},\"thumbnailUrl\":\"https:\/\/www.notibras.com\/site\/wp-content\/uploads\/2026\/01\/54133175228_9a3a19eaf5_k.jpg\",\"datePublished\":\"2026-01-16T03:45:22+00:00\",\"breadcrumb\":{\"@id\":\"https:\/\/www.notibras.com\/site\/uma-refeicao-a-cada-dois-segundos\/#breadcrumb\"},\"inLanguage\":\"pt-BR\",\"potentialAction\":[{\"@type\":\"ReadAction\",\"target\":[\"https:\/\/www.notibras.com\/site\/uma-refeicao-a-cada-dois-segundos\/\"]}]},{\"@type\":\"ImageObject\",\"inLanguage\":\"pt-BR\",\"@id\":\"https:\/\/www.notibras.com\/site\/uma-refeicao-a-cada-dois-segundos\/#primaryimage\",\"url\":\"https:\/\/www.notibras.com\/site\/wp-content\/uploads\/2026\/01\/54133175228_9a3a19eaf5_k.jpg\",\"contentUrl\":\"https:\/\/www.notibras.com\/site\/wp-content\/uploads\/2026\/01\/54133175228_9a3a19eaf5_k.jpg\",\"width\":2048,\"height\":1365},{\"@type\":\"BreadcrumbList\",\"@id\":\"https:\/\/www.notibras.com\/site\/uma-refeicao-a-cada-dois-segundos\/#breadcrumb\",\"itemListElement\":[{\"@type\":\"ListItem\",\"position\":1,\"name\":\"In\u00edcio\",\"item\":\"https:\/\/www.notibras.com\/site\/\"},{\"@type\":\"ListItem\",\"position\":2,\"name\":\"Uma refei\u00e7\u00e3o a cada dois segundos\"}]},{\"@type\":\"WebSite\",\"@id\":\"https:\/\/www.notibras.com\/site\/#website\",\"url\":\"https:\/\/www.notibras.com\/site\/\",\"name\":\"Notibras\",\"description\":\"Not\u00edcias de Bras\u00edlia, do Brasil e do Mundo\",\"publisher\":{\"@id\":\"https:\/\/www.notibras.com\/site\/#organization\"},\"potentialAction\":[{\"@type\":\"SearchAction\",\"target\":{\"@type\":\"EntryPoint\",\"urlTemplate\":\"https:\/\/www.notibras.com\/site\/?s={search_term_string}\"},\"query-input\":{\"@type\":\"PropertyValueSpecification\",\"valueRequired\":true,\"valueName\":\"search_term_string\"}}],\"inLanguage\":\"pt-BR\"},{\"@type\":\"Organization\",\"@id\":\"https:\/\/www.notibras.com\/site\/#organization\",\"name\":\"Grupo Notibras de Comunica\u00e7\u00e3o\",\"url\":\"https:\/\/www.notibras.com\/site\/\",\"logo\":{\"@type\":\"ImageObject\",\"inLanguage\":\"pt-BR\",\"@id\":\"https:\/\/www.notibras.com\/site\/#\/schema\/logo\/image\/\",\"url\":\"https:\/\/www.notibras.com\/site\/wp-content\/uploads\/2023\/01\/notibras23.png\",\"contentUrl\":\"https:\/\/www.notibras.com\/site\/wp-content\/uploads\/2023\/01\/notibras23.png\",\"width\":350,\"height\":87,\"caption\":\"Grupo Notibras de Comunica\u00e7\u00e3o\"},\"image\":{\"@id\":\"https:\/\/www.notibras.com\/site\/#\/schema\/logo\/image\/\"},\"sameAs\":[\"https:\/\/www.facebook.com\/notibras\/\",\"https:\/\/x.com\/Notibras\",\"https:\/\/www.instagram.com\/notibras\/\"]},{\"@type\":\"Person\",\"@id\":\"https:\/\/www.notibras.com\/site\/#\/schema\/person\/5b7fabf2aedc3ada2105f03b22b4d3dd\",\"name\":\"Eduardo Mart\u00ednez\",\"image\":{\"@type\":\"ImageObject\",\"inLanguage\":\"pt-BR\",\"@id\":\"https:\/\/secure.gravatar.com\/avatar\/7902f906289926289cbcda644b5197c796b893c6ffd7b9a536a42d290f7704a0?s=96&d=mm&r=g\",\"url\":\"https:\/\/secure.gravatar.com\/avatar\/7902f906289926289cbcda644b5197c796b893c6ffd7b9a536a42d290f7704a0?s=96&d=mm&r=g\",\"contentUrl\":\"https:\/\/secure.gravatar.com\/avatar\/7902f906289926289cbcda644b5197c796b893c6ffd7b9a536a42d290f7704a0?s=96&d=mm&r=g\",\"caption\":\"Eduardo Mart\u00ednez\"}}]}<\/script>\n<!-- \/ Yoast SEO plugin. -->","yoast_head_json":{"title":"Uma refei\u00e7\u00e3o a cada dois segundos - Notibras","robots":{"index":"index","follow":"follow","max-snippet":"max-snippet:-1","max-image-preview":"max-image-preview:large","max-video-preview":"max-video-preview:-1"},"canonical":"https:\/\/www.notibras.com\/site\/uma-refeicao-a-cada-dois-segundos\/","og_locale":"pt_BR","og_type":"article","og_title":"Uma refei\u00e7\u00e3o a cada dois segundos - Notibras","og_description":"Os 18 Restaurantes Comunit\u00e1rios do Distrito Federal serviram 16,8 milh\u00f5es de refei\u00e7\u00f5es ao longo de 2025. Isso significa que, a cada dois segundos, uma pessoa se alimentou em uma dessas unidades. A quantidade representa um aumento de 18% em rela\u00e7\u00e3o ao ano anterior. \u201cEsse acr\u00e9scimo se deve a alguns aspectos, como a manuten\u00e7\u00e3o do valor [&hellip;]","og_url":"https:\/\/www.notibras.com\/site\/uma-refeicao-a-cada-dois-segundos\/","og_site_name":"Notibras","article_publisher":"https:\/\/www.facebook.com\/notibras\/","article_published_time":"2026-01-16T03:45:22+00:00","og_image":[{"width":2048,"height":1365,"url":"https:\/\/www.notibras.com\/site\/wp-content\/uploads\/2026\/01\/54133175228_9a3a19eaf5_k.jpg","type":"image\/jpeg"}],"author":"Eduardo Mart\u00ednez","twitter_card":"summary_large_image","twitter_creator":"@Notibras","twitter_site":"@Notibras","twitter_misc":{"Escrito por":"Eduardo Mart\u00ednez","Est. tempo de leitura":"2 minutos"},"schema":{"@context":"https:\/\/schema.org","@graph":[{"@type":"Article","@id":"https:\/\/www.notibras.com\/site\/uma-refeicao-a-cada-dois-segundos\/#article","isPartOf":{"@id":"https:\/\/www.notibras.com\/site\/uma-refeicao-a-cada-dois-segundos\/"},"author":{"name":"Eduardo Mart\u00ednez","@id":"https:\/\/www.notibras.com\/site\/#\/schema\/person\/5b7fabf2aedc3ada2105f03b22b4d3dd"},"headline":"Uma refei\u00e7\u00e3o a cada dois segundos","datePublished":"2026-01-16T03:45:22+00:00","mainEntityOfPage":{"@id":"https:\/\/www.notibras.com\/site\/uma-refeicao-a-cada-dois-segundos\/"},"wordCount":324,"publisher":{"@id":"https:\/\/www.notibras.com\/site\/#organization"},"image":{"@id":"https:\/\/www.notibras.com\/site\/uma-refeicao-a-cada-dois-segundos\/#primaryimage"},"thumbnailUrl":"https:\/\/www.notibras.com\/site\/wp-content\/uploads\/2026\/01\/54133175228_9a3a19eaf5_k.jpg","articleSection":["Quadradinho em Foco"],"inLanguage":"pt-BR"},{"@type":"WebPage","@id":"https:\/\/www.notibras.com\/site\/uma-refeicao-a-cada-dois-segundos\/","url":"https:\/\/www.notibras.com\/site\/uma-refeicao-a-cada-dois-segundos\/","name":"Uma refei\u00e7\u00e3o a cada dois segundos - Notibras","isPartOf":{"@id":"https:\/\/www.notibras.com\/site\/#website"},"primaryImageOfPage":{"@id":"https:\/\/www.notibras.com\/site\/uma-refeicao-a-cada-dois-segundos\/#primaryimage"},"image":{"@id":"https:\/\/www.notibras.com\/site\/uma-refeicao-a-cada-dois-segundos\/#primaryimage"},"thumbnailUrl":"https:\/\/www.notibras.com\/site\/wp-content\/uploads\/2026\/01\/54133175228_9a3a19eaf5_k.jpg","datePublished":"2026-01-16T03:45:22+00:00","breadcrumb":{"@id":"https:\/\/www.notibras.com\/site\/uma-refeicao-a-cada-dois-segundos\/#breadcrumb"},"inLanguage":"pt-BR","potentialAction":[{"@type":"ReadAction","target":["https:\/\/www.notibras.com\/site\/uma-refeicao-a-cada-dois-segundos\/"]}]},{"@type":"ImageObject","inLanguage":"pt-BR","@id":"https:\/\/www.notibras.com\/site\/uma-refeicao-a-cada-dois-segundos\/#primaryimage","url":"https:\/\/www.notibras.com\/site\/wp-content\/uploads\/2026\/01\/54133175228_9a3a19eaf5_k.jpg","contentUrl":"https:\/\/www.notibras.com\/site\/wp-content\/uploads\/2026\/01\/54133175228_9a3a19eaf5_k.jpg","width":2048,"height":1365},{"@type":"BreadcrumbList","@id":"https:\/\/www.notibras.com\/site\/uma-refeicao-a-cada-dois-segundos\/#breadcrumb","itemListElement":[{"@type":"ListItem","position":1,"name":"In\u00edcio","item":"https:\/\/www.notibras.com\/site\/"},{"@type":"ListItem","position":2,"name":"Uma refei\u00e7\u00e3o a cada dois segundos"}]},{"@type":"WebSite","@id":"https:\/\/www.notibras.com\/site\/#website","url":"https:\/\/www.notibras.com\/site\/","name":"Notibras","description":"Not\u00edcias de Bras\u00edlia, do Brasil e do Mundo","publisher":{"@id":"https:\/\/www.notibras.com\/site\/#organization"},"potentialAction":[{"@type":"SearchAction","target":{"@type":"EntryPoint","urlTemplate":"https:\/\/www.notibras.com\/site\/?s={search_term_string}"},"query-input":{"@type":"PropertyValueSpecification","valueRequired":true,"valueName":"search_term_string"}}],"inLanguage":"pt-BR"},{"@type":"Organization","@id":"https:\/\/www.notibras.com\/site\/#organization","name":"Grupo Notibras de Comunica\u00e7\u00e3o","url":"https:\/\/www.notibras.com\/site\/","logo":{"@type":"ImageObject","inLanguage":"pt-BR","@id":"https:\/\/www.notibras.com\/site\/#\/schema\/logo\/image\/","url":"https:\/\/www.notibras.com\/site\/wp-content\/uploads\/2023\/01\/notibras23.png","contentUrl":"https:\/\/www.notibras.com\/site\/wp-content\/uploads\/2023\/01\/notibras23.png","width":350,"height":87,"caption":"Grupo Notibras de Comunica\u00e7\u00e3o"},"image":{"@id":"https:\/\/www.notibras.com\/site\/#\/schema\/logo\/image\/"},"sameAs":["https:\/\/www.facebook.com\/notibras\/","https:\/\/x.com\/Notibras","https:\/\/www.instagram.com\/notibras\/"]},{"@type":"Person","@id":"https:\/\/www.notibras.com\/site\/#\/schema\/person\/5b7fabf2aedc3ada2105f03b22b4d3dd","name":"Eduardo Mart\u00ednez","image":{"@type":"ImageObject","inLanguage":"pt-BR","@id":"https:\/\/secure.gravatar.com\/avatar\/7902f906289926289cbcda644b5197c796b893c6ffd7b9a536a42d290f7704a0?s=96&d=mm&r=g","url":"https:\/\/secure.gravatar.com\/avatar\/7902f906289926289cbcda644b5197c796b893c6ffd7b9a536a42d290f7704a0?s=96&d=mm&r=g","contentUrl":"https:\/\/secure.gravatar.com\/avatar\/7902f906289926289cbcda644b5197c796b893c6ffd7b9a536a42d290f7704a0?s=96&d=mm&r=g","caption":"Eduardo Mart\u00ednez"}}]}},"amp_enabled":true,"_links":{"self":[{"href":"https:\/\/www.notibras.com\/site\/wp-json\/wp\/v2\/posts\/379156","targetHints":{"allow":["GET"]}}],"collection":[{"href":"https:\/\/www.notibras.com\/site\/wp-json\/wp\/v2\/posts"}],"about":[{"href":"https:\/\/www.notibras.com\/site\/wp-json\/wp\/v2\/types\/post"}],"author":[{"embeddable":true,"href":"https:\/\/www.notibras.com\/site\/wp-json\/wp\/v2\/users\/21"}],"replies":[{"embeddable":true,"href":"https:\/\/www.notibras.com\/site\/wp-json\/wp\/v2\/comments?post=379156"}],"version-history":[{"count":3,"href":"https:\/\/www.notibras.com\/site\/wp-json\/wp\/v2\/posts\/379156\/revisions"}],"predecessor-version":[{"id":379160,"href":"https:\/\/www.notibras.com\/site\/wp-json\/wp\/v2\/posts\/379156\/revisions\/379160"}],"wp:featuredmedia":[{"embeddable":true,"href":"https:\/\/www.notibras.com\/site\/wp-json\/wp\/v2\/media\/379157"}],"wp:attachment":[{"href":"https:\/\/www.notibras.com\/site\/wp-json\/wp\/v2\/media?parent=379156"}],"wp:term":[{"taxonomy":"category","embeddable":true,"href":"https:\/\/www.notibras.com\/site\/wp-json\/wp\/v2\/categories?post=379156"},{"taxonomy":"post_tag","embeddable":true,"href":"https:\/\/www.notibras.com\/site\/wp-json\/wp\/v2\/tags?post=379156"}],"curies":[{"name":"wp","href":"https:\/\/api.w.org\/{rel}","templated":true}]}}