{"id":37916,"date":"2015-02-22T10:04:09","date_gmt":"2015-02-22T13:04:09","guid":{"rendered":"http:\/\/www.notibras.com\/site\/?p=37916"},"modified":"2015-02-22T21:14:25","modified_gmt":"2015-02-23T00:14:25","slug":"brasil-um-pais-de-advogados-caminha-errado-no-direito","status":"publish","type":"post","link":"https:\/\/www.notibras.com\/site\/brasil-um-pais-de-advogados-caminha-errado-no-direito\/","title":{"rendered":"Brasil, um pa\u00eds de advogados, caminha errado no Direito"},"content":{"rendered":"<p>O Brasil \u00e9 uma Rep\u00fablica paradoxal. Tem o maior n\u00famero de faculdades de Direito de todo o planeta. N\u00e3o s\u00f3 isso: tem mais faculdades de Direito do que a soma de todas as demais existentes no restante do globo. Ser\u00e1 por isso a na\u00e7\u00e3o mais justa sobre a face da Terra?<\/p>\n<p>N\u00e3o existe consenso a respeito. O que se constata \u00e9 a prolifera\u00e7\u00e3o de carreiras jur\u00eddicas e a consequente &#8220;judicializa\u00e7\u00e3o da vida brasileira&#8221;. O que significa? Todo e qualquer problema, toda e qualquer quest\u00e3o, chega a um juiz ou a um tribunal. Com certeza a ambos.<\/p>\n<p>O &#8220;sistema Justi\u00e7a&#8221; \u00e9 complexo e sofisticado. Existem cinco &#8220;Justi\u00e7as&#8221;, duas comuns: uma estadual, outra federal; e tr\u00eas especiais: trabalhista, militar e eleitoral. Integram esse sistema o Minist\u00e9rio P\u00fablico, a Defensoria P\u00fablica, a advocacia, as pol\u00edcias civil e militar, o sistema prisional e as estruturas funcionais de todos esses estamentos.<\/p>\n<p>Para que um processo chegue ao fim, ele pode, e geralmente isso acontece, percorrer quatro inst\u00e2ncias ou graus de jurisdi\u00e7\u00e3o. Come\u00e7a com o juiz singular, depois passa por um tribunal e pode chegar a uma terceira inst\u00e2ncia.<\/p>\n<p>No caso da Justi\u00e7a comum, chega ao Superior Tribunal de Justi\u00e7a e, finalmente, ao Supremo Tribunal Federal. Sabe-se, portanto, quando come\u00e7a um processo, mas n\u00e3o podemos nunca assegurar quando ele terminar\u00e1.<\/p>\n<blockquote><p>Para complicar esse quadro, o processo \u2013 ci\u00eancia que estuda o instrumento de realiza\u00e7\u00e3o do justo concreto \u2013 converteu-se em finalidade em si, e muito mais importante do que o direito substancial. Por isso \u00e9 que, ci\u00eancia sofisticada, o processo gera in\u00fameras respostas a uma pretens\u00e3o posta em ju\u00edzo, todas elas perif\u00e9ricas, epid\u00e9rmicas, sem exame do m\u00e9rito.<\/p><\/blockquote>\n<p>Ou seja: o processo termina e o conflito continua, com certeza mais agravado ante a decep\u00e7\u00e3o de quem acreditou numa solu\u00e7\u00e3o ditada pelo Judici\u00e1rio. Essa \u00e9 a situa\u00e7\u00e3o presente. A sociedade demandista se submete \u00e0 cultura do lit\u00edgio.<\/p>\n<p>S\u00e3o 100 milh\u00f5es de processos para 202 milh\u00f5es de pessoas. Transmite-se \u00e0 sociedade global a n\u00edtida impress\u00e3o de que o Brasil \u00e9 o pa\u00eds mais beligerante desse sofrido planeta.<\/p>\n<p>Imp\u00f5e-se a quem tiver discernimento h\u00e1bil a vislumbrar a gravidade da situa\u00e7\u00e3o, e repensar com urg\u00eancia o &#8220;sistema Justi\u00e7a&#8221;. \u00c9 urgente disseminar uma cultura de pacifica\u00e7\u00e3o, de concilia\u00e7\u00e3o, de media\u00e7\u00e3o, de arbitragem ou de qualquer uma das dezenas de estrat\u00e9gias j\u00e1 adotadas pelo direito anglo-sax\u00e3o, para que o equipamento atinja a funcionalidade esperada.<\/p>\n<p>Al\u00e9m disso, \u00e9 imperativo adotar pr\u00e1ticas de gest\u00e3o mais racionais, que confiram ao &#8220;sistema Justi\u00e7a&#8221; o atributo da efici\u00eancia. Toda administra\u00e7\u00e3o p\u00fablica se submete aos princ\u00edpios da legalidade, da publicidade, da impessoalidade, da moralidade e da efici\u00eancia. O povo n\u00e3o pode gastar dinheiro sem os servi\u00e7os de qualidade aos quais tem direito.<\/p>\n<p>Outra medida inadi\u00e1vel \u00e9 a substanciosa mudan\u00e7a do ensino jur\u00eddico, ainda anacr\u00f4nico e superado, de tend\u00eancia evidentemente adversarial, para um novo padr\u00e3o de profissional do direito. Algu\u00e9m que, antes de entrar em ju\u00edzo como alternativa \u00fanica diante de um interesse lesado, promova a dial\u00f3gica entabula\u00e7\u00e3o de um poss\u00edvel e prov\u00e1vel acerto de contas entre partes potencialmente advers\u00e1rias.<\/p>\n<p>Sem preju\u00edzo da reflex\u00e3o mais importante dessas observa\u00e7\u00f5es, o que est\u00e1 em jogo n\u00e3o \u00e9 o atravancamento do Judici\u00e1rio, nem a inten\u00e7\u00e3o de alivi\u00e1-lo de uma carga insuport\u00e1vel de trabalho. O que se p\u00f5e como inafast\u00e1vel \u00e9 acordar a cidadania para o princ\u00edpio da subsidiariedade, para o protagonismo h\u00e1bil a tornar as pessoas maduras, sensatas e capazes de implementar a prometida democracia participativa, da Constitui\u00e7\u00e3o de 1988.<\/p>\n<p>Sem isso, continuaremos a nutrir o paradigma de uma popula\u00e7\u00e3o infantilizada, puerilizada, dependente do Estado-bab\u00e1 que, a par de propiciar todo o tipo de bolsas assistenciais, a ela assegura a &#8220;Bolsa-Justi\u00e7a&#8221; e, com isso, a impede de crescer e de exercer em plenitude os seus direitos.<\/p>\n<p><strong>Jos\u00e9 Renato Nalini<\/strong><\/p>\n","protected":false},"excerpt":{"rendered":"<p>O Brasil \u00e9 uma Rep\u00fablica paradoxal. Tem o maior n\u00famero de faculdades de Direito de todo o planeta. N\u00e3o s\u00f3 isso: tem mais faculdades de Direito do que a soma de todas as demais existentes no restante do globo. Ser\u00e1 por isso a na\u00e7\u00e3o mais justa sobre a face da Terra? N\u00e3o existe consenso a [&hellip;]<\/p>\n","protected":false},"author":2,"featured_media":37919,"comment_status":"open","ping_status":"closed","sticky":false,"template":"","format":"standard","meta":{"_acf_changed":false,"footnotes":""},"categories":[25],"tags":[],"class_list":["post-37916","post","type-post","status-publish","format-standard","has-post-thumbnail","hentry","category-opina-ai"],"acf":[],"yoast_head":"<!-- This site is optimized with the Yoast SEO plugin v27.2 - https:\/\/yoast.com\/product\/yoast-seo-wordpress\/ -->\n<title>Brasil, um pa\u00eds de advogados, caminha errado no Direito - Notibras<\/title>\n<meta name=\"robots\" content=\"index, follow, max-snippet:-1, max-image-preview:large, max-video-preview:-1\" \/>\n<link rel=\"canonical\" href=\"https:\/\/www.notibras.com\/site\/brasil-um-pais-de-advogados-caminha-errado-no-direito\/\" \/>\n<meta property=\"og:locale\" content=\"pt_BR\" \/>\n<meta property=\"og:type\" content=\"article\" \/>\n<meta property=\"og:title\" content=\"Brasil, um pa\u00eds de advogados, caminha errado no Direito - Notibras\" \/>\n<meta property=\"og:description\" content=\"O Brasil \u00e9 uma Rep\u00fablica paradoxal. Tem o maior n\u00famero de faculdades de Direito de todo o planeta. N\u00e3o s\u00f3 isso: tem mais faculdades de Direito do que a soma de todas as demais existentes no restante do globo. Ser\u00e1 por isso a na\u00e7\u00e3o mais justa sobre a face da Terra? N\u00e3o existe consenso a [&hellip;]\" \/>\n<meta property=\"og:url\" content=\"https:\/\/www.notibras.com\/site\/brasil-um-pais-de-advogados-caminha-errado-no-direito\/\" \/>\n<meta property=\"og:site_name\" content=\"Notibras\" \/>\n<meta property=\"article:publisher\" content=\"https:\/\/www.facebook.com\/notibras\/\" \/>\n<meta property=\"article:published_time\" content=\"2015-02-22T13:04:09+00:00\" \/>\n<meta property=\"article:modified_time\" content=\"2015-02-23T00:14:25+00:00\" \/>\n<meta property=\"og:image\" content=\"https:\/\/www.notibras.com\/site\/wp-content\/uploads\/2015\/02\/j.jpg\" \/>\n\t<meta property=\"og:image:width\" content=\"625\" \/>\n\t<meta property=\"og:image:height\" content=\"470\" \/>\n\t<meta property=\"og:image:type\" content=\"image\/jpeg\" \/>\n<meta name=\"author\" content=\"Reda\u00e7\u00e3o\" \/>\n<meta name=\"twitter:card\" content=\"summary_large_image\" \/>\n<meta name=\"twitter:creator\" content=\"@Notibras\" \/>\n<meta name=\"twitter:site\" content=\"@Notibras\" \/>\n<meta name=\"twitter:label1\" content=\"Escrito por\" \/>\n\t<meta name=\"twitter:data1\" content=\"Reda\u00e7\u00e3o\" \/>\n\t<meta name=\"twitter:label2\" content=\"Est. tempo de leitura\" \/>\n\t<meta name=\"twitter:data2\" content=\"3 minutos\" \/>\n<script type=\"application\/ld+json\" class=\"yoast-schema-graph\">{\"@context\":\"https:\/\/schema.org\",\"@graph\":[{\"@type\":\"Article\",\"@id\":\"https:\/\/www.notibras.com\/site\/brasil-um-pais-de-advogados-caminha-errado-no-direito\/#article\",\"isPartOf\":{\"@id\":\"https:\/\/www.notibras.com\/site\/brasil-um-pais-de-advogados-caminha-errado-no-direito\/\"},\"author\":{\"name\":\"Reda\u00e7\u00e3o\",\"@id\":\"https:\/\/www.notibras.com\/site\/#\/schema\/person\/36ab0979449956132d3e5b517ea76ac8\"},\"headline\":\"Brasil, um pa\u00eds de advogados, caminha errado no Direito\",\"datePublished\":\"2015-02-22T13:04:09+00:00\",\"dateModified\":\"2015-02-23T00:14:25+00:00\",\"mainEntityOfPage\":{\"@id\":\"https:\/\/www.notibras.com\/site\/brasil-um-pais-de-advogados-caminha-errado-no-direito\/\"},\"wordCount\":701,\"commentCount\":0,\"publisher\":{\"@id\":\"https:\/\/www.notibras.com\/site\/#organization\"},\"image\":{\"@id\":\"https:\/\/www.notibras.com\/site\/brasil-um-pais-de-advogados-caminha-errado-no-direito\/#primaryimage\"},\"thumbnailUrl\":\"https:\/\/www.notibras.com\/site\/wp-content\/uploads\/2015\/02\/j.jpg\",\"articleSection\":[\"Opina a\u00ed\"],\"inLanguage\":\"pt-BR\",\"potentialAction\":[{\"@type\":\"CommentAction\",\"name\":\"Comment\",\"target\":[\"https:\/\/www.notibras.com\/site\/brasil-um-pais-de-advogados-caminha-errado-no-direito\/#respond\"]}]},{\"@type\":\"WebPage\",\"@id\":\"https:\/\/www.notibras.com\/site\/brasil-um-pais-de-advogados-caminha-errado-no-direito\/\",\"url\":\"https:\/\/www.notibras.com\/site\/brasil-um-pais-de-advogados-caminha-errado-no-direito\/\",\"name\":\"Brasil, um pa\u00eds de advogados, caminha errado no Direito - Notibras\",\"isPartOf\":{\"@id\":\"https:\/\/www.notibras.com\/site\/#website\"},\"primaryImageOfPage\":{\"@id\":\"https:\/\/www.notibras.com\/site\/brasil-um-pais-de-advogados-caminha-errado-no-direito\/#primaryimage\"},\"image\":{\"@id\":\"https:\/\/www.notibras.com\/site\/brasil-um-pais-de-advogados-caminha-errado-no-direito\/#primaryimage\"},\"thumbnailUrl\":\"https:\/\/www.notibras.com\/site\/wp-content\/uploads\/2015\/02\/j.jpg\",\"datePublished\":\"2015-02-22T13:04:09+00:00\",\"dateModified\":\"2015-02-23T00:14:25+00:00\",\"breadcrumb\":{\"@id\":\"https:\/\/www.notibras.com\/site\/brasil-um-pais-de-advogados-caminha-errado-no-direito\/#breadcrumb\"},\"inLanguage\":\"pt-BR\",\"potentialAction\":[{\"@type\":\"ReadAction\",\"target\":[\"https:\/\/www.notibras.com\/site\/brasil-um-pais-de-advogados-caminha-errado-no-direito\/\"]}]},{\"@type\":\"ImageObject\",\"inLanguage\":\"pt-BR\",\"@id\":\"https:\/\/www.notibras.com\/site\/brasil-um-pais-de-advogados-caminha-errado-no-direito\/#primaryimage\",\"url\":\"https:\/\/www.notibras.com\/site\/wp-content\/uploads\/2015\/02\/j.jpg\",\"contentUrl\":\"https:\/\/www.notibras.com\/site\/wp-content\/uploads\/2015\/02\/j.jpg\",\"width\":625,\"height\":470},{\"@type\":\"BreadcrumbList\",\"@id\":\"https:\/\/www.notibras.com\/site\/brasil-um-pais-de-advogados-caminha-errado-no-direito\/#breadcrumb\",\"itemListElement\":[{\"@type\":\"ListItem\",\"position\":1,\"name\":\"In\u00edcio\",\"item\":\"https:\/\/www.notibras.com\/site\/\"},{\"@type\":\"ListItem\",\"position\":2,\"name\":\"Brasil, um pa\u00eds de advogados, caminha errado no Direito\"}]},{\"@type\":\"WebSite\",\"@id\":\"https:\/\/www.notibras.com\/site\/#website\",\"url\":\"https:\/\/www.notibras.com\/site\/\",\"name\":\"Notibras\",\"description\":\"Not\u00edcias de Bras\u00edlia, do Brasil e do Mundo\",\"publisher\":{\"@id\":\"https:\/\/www.notibras.com\/site\/#organization\"},\"potentialAction\":[{\"@type\":\"SearchAction\",\"target\":{\"@type\":\"EntryPoint\",\"urlTemplate\":\"https:\/\/www.notibras.com\/site\/?s={search_term_string}\"},\"query-input\":{\"@type\":\"PropertyValueSpecification\",\"valueRequired\":true,\"valueName\":\"search_term_string\"}}],\"inLanguage\":\"pt-BR\"},{\"@type\":\"Organization\",\"@id\":\"https:\/\/www.notibras.com\/site\/#organization\",\"name\":\"Grupo Notibras de Comunica\u00e7\u00e3o\",\"url\":\"https:\/\/www.notibras.com\/site\/\",\"logo\":{\"@type\":\"ImageObject\",\"inLanguage\":\"pt-BR\",\"@id\":\"https:\/\/www.notibras.com\/site\/#\/schema\/logo\/image\/\",\"url\":\"https:\/\/www.notibras.com\/site\/wp-content\/uploads\/2023\/01\/notibras23.png\",\"contentUrl\":\"https:\/\/www.notibras.com\/site\/wp-content\/uploads\/2023\/01\/notibras23.png\",\"width\":350,\"height\":87,\"caption\":\"Grupo Notibras de Comunica\u00e7\u00e3o\"},\"image\":{\"@id\":\"https:\/\/www.notibras.com\/site\/#\/schema\/logo\/image\/\"},\"sameAs\":[\"https:\/\/www.facebook.com\/notibras\/\",\"https:\/\/x.com\/Notibras\",\"https:\/\/www.instagram.com\/notibras\/\"]},{\"@type\":\"Person\",\"@id\":\"https:\/\/www.notibras.com\/site\/#\/schema\/person\/36ab0979449956132d3e5b517ea76ac8\",\"name\":\"Reda\u00e7\u00e3o\",\"image\":{\"@type\":\"ImageObject\",\"inLanguage\":\"pt-BR\",\"@id\":\"https:\/\/secure.gravatar.com\/avatar\/e0a867bdedb85fd243eadf09663511f96fc81e0720a4a42581f334ad4303aa6b?s=96&d=mm&r=g\",\"url\":\"https:\/\/secure.gravatar.com\/avatar\/e0a867bdedb85fd243eadf09663511f96fc81e0720a4a42581f334ad4303aa6b?s=96&d=mm&r=g\",\"contentUrl\":\"https:\/\/secure.gravatar.com\/avatar\/e0a867bdedb85fd243eadf09663511f96fc81e0720a4a42581f334ad4303aa6b?s=96&d=mm&r=g\",\"caption\":\"Reda\u00e7\u00e3o\"}}]}<\/script>\n<!-- \/ Yoast SEO plugin. -->","yoast_head_json":{"title":"Brasil, um pa\u00eds de advogados, caminha errado no Direito - Notibras","robots":{"index":"index","follow":"follow","max-snippet":"max-snippet:-1","max-image-preview":"max-image-preview:large","max-video-preview":"max-video-preview:-1"},"canonical":"https:\/\/www.notibras.com\/site\/brasil-um-pais-de-advogados-caminha-errado-no-direito\/","og_locale":"pt_BR","og_type":"article","og_title":"Brasil, um pa\u00eds de advogados, caminha errado no Direito - Notibras","og_description":"O Brasil \u00e9 uma Rep\u00fablica paradoxal. Tem o maior n\u00famero de faculdades de Direito de todo o planeta. N\u00e3o s\u00f3 isso: tem mais faculdades de Direito do que a soma de todas as demais existentes no restante do globo. Ser\u00e1 por isso a na\u00e7\u00e3o mais justa sobre a face da Terra? N\u00e3o existe consenso a [&hellip;]","og_url":"https:\/\/www.notibras.com\/site\/brasil-um-pais-de-advogados-caminha-errado-no-direito\/","og_site_name":"Notibras","article_publisher":"https:\/\/www.facebook.com\/notibras\/","article_published_time":"2015-02-22T13:04:09+00:00","article_modified_time":"2015-02-23T00:14:25+00:00","og_image":[{"width":625,"height":470,"url":"https:\/\/www.notibras.com\/site\/wp-content\/uploads\/2015\/02\/j.jpg","type":"image\/jpeg"}],"author":"Reda\u00e7\u00e3o","twitter_card":"summary_large_image","twitter_creator":"@Notibras","twitter_site":"@Notibras","twitter_misc":{"Escrito por":"Reda\u00e7\u00e3o","Est. tempo de leitura":"3 minutos"},"schema":{"@context":"https:\/\/schema.org","@graph":[{"@type":"Article","@id":"https:\/\/www.notibras.com\/site\/brasil-um-pais-de-advogados-caminha-errado-no-direito\/#article","isPartOf":{"@id":"https:\/\/www.notibras.com\/site\/brasil-um-pais-de-advogados-caminha-errado-no-direito\/"},"author":{"name":"Reda\u00e7\u00e3o","@id":"https:\/\/www.notibras.com\/site\/#\/schema\/person\/36ab0979449956132d3e5b517ea76ac8"},"headline":"Brasil, um pa\u00eds de advogados, caminha errado no Direito","datePublished":"2015-02-22T13:04:09+00:00","dateModified":"2015-02-23T00:14:25+00:00","mainEntityOfPage":{"@id":"https:\/\/www.notibras.com\/site\/brasil-um-pais-de-advogados-caminha-errado-no-direito\/"},"wordCount":701,"commentCount":0,"publisher":{"@id":"https:\/\/www.notibras.com\/site\/#organization"},"image":{"@id":"https:\/\/www.notibras.com\/site\/brasil-um-pais-de-advogados-caminha-errado-no-direito\/#primaryimage"},"thumbnailUrl":"https:\/\/www.notibras.com\/site\/wp-content\/uploads\/2015\/02\/j.jpg","articleSection":["Opina a\u00ed"],"inLanguage":"pt-BR","potentialAction":[{"@type":"CommentAction","name":"Comment","target":["https:\/\/www.notibras.com\/site\/brasil-um-pais-de-advogados-caminha-errado-no-direito\/#respond"]}]},{"@type":"WebPage","@id":"https:\/\/www.notibras.com\/site\/brasil-um-pais-de-advogados-caminha-errado-no-direito\/","url":"https:\/\/www.notibras.com\/site\/brasil-um-pais-de-advogados-caminha-errado-no-direito\/","name":"Brasil, um pa\u00eds de advogados, caminha errado no Direito - Notibras","isPartOf":{"@id":"https:\/\/www.notibras.com\/site\/#website"},"primaryImageOfPage":{"@id":"https:\/\/www.notibras.com\/site\/brasil-um-pais-de-advogados-caminha-errado-no-direito\/#primaryimage"},"image":{"@id":"https:\/\/www.notibras.com\/site\/brasil-um-pais-de-advogados-caminha-errado-no-direito\/#primaryimage"},"thumbnailUrl":"https:\/\/www.notibras.com\/site\/wp-content\/uploads\/2015\/02\/j.jpg","datePublished":"2015-02-22T13:04:09+00:00","dateModified":"2015-02-23T00:14:25+00:00","breadcrumb":{"@id":"https:\/\/www.notibras.com\/site\/brasil-um-pais-de-advogados-caminha-errado-no-direito\/#breadcrumb"},"inLanguage":"pt-BR","potentialAction":[{"@type":"ReadAction","target":["https:\/\/www.notibras.com\/site\/brasil-um-pais-de-advogados-caminha-errado-no-direito\/"]}]},{"@type":"ImageObject","inLanguage":"pt-BR","@id":"https:\/\/www.notibras.com\/site\/brasil-um-pais-de-advogados-caminha-errado-no-direito\/#primaryimage","url":"https:\/\/www.notibras.com\/site\/wp-content\/uploads\/2015\/02\/j.jpg","contentUrl":"https:\/\/www.notibras.com\/site\/wp-content\/uploads\/2015\/02\/j.jpg","width":625,"height":470},{"@type":"BreadcrumbList","@id":"https:\/\/www.notibras.com\/site\/brasil-um-pais-de-advogados-caminha-errado-no-direito\/#breadcrumb","itemListElement":[{"@type":"ListItem","position":1,"name":"In\u00edcio","item":"https:\/\/www.notibras.com\/site\/"},{"@type":"ListItem","position":2,"name":"Brasil, um pa\u00eds de advogados, caminha errado no Direito"}]},{"@type":"WebSite","@id":"https:\/\/www.notibras.com\/site\/#website","url":"https:\/\/www.notibras.com\/site\/","name":"Notibras","description":"Not\u00edcias de Bras\u00edlia, do Brasil e do Mundo","publisher":{"@id":"https:\/\/www.notibras.com\/site\/#organization"},"potentialAction":[{"@type":"SearchAction","target":{"@type":"EntryPoint","urlTemplate":"https:\/\/www.notibras.com\/site\/?s={search_term_string}"},"query-input":{"@type":"PropertyValueSpecification","valueRequired":true,"valueName":"search_term_string"}}],"inLanguage":"pt-BR"},{"@type":"Organization","@id":"https:\/\/www.notibras.com\/site\/#organization","name":"Grupo Notibras de Comunica\u00e7\u00e3o","url":"https:\/\/www.notibras.com\/site\/","logo":{"@type":"ImageObject","inLanguage":"pt-BR","@id":"https:\/\/www.notibras.com\/site\/#\/schema\/logo\/image\/","url":"https:\/\/www.notibras.com\/site\/wp-content\/uploads\/2023\/01\/notibras23.png","contentUrl":"https:\/\/www.notibras.com\/site\/wp-content\/uploads\/2023\/01\/notibras23.png","width":350,"height":87,"caption":"Grupo Notibras de Comunica\u00e7\u00e3o"},"image":{"@id":"https:\/\/www.notibras.com\/site\/#\/schema\/logo\/image\/"},"sameAs":["https:\/\/www.facebook.com\/notibras\/","https:\/\/x.com\/Notibras","https:\/\/www.instagram.com\/notibras\/"]},{"@type":"Person","@id":"https:\/\/www.notibras.com\/site\/#\/schema\/person\/36ab0979449956132d3e5b517ea76ac8","name":"Reda\u00e7\u00e3o","image":{"@type":"ImageObject","inLanguage":"pt-BR","@id":"https:\/\/secure.gravatar.com\/avatar\/e0a867bdedb85fd243eadf09663511f96fc81e0720a4a42581f334ad4303aa6b?s=96&d=mm&r=g","url":"https:\/\/secure.gravatar.com\/avatar\/e0a867bdedb85fd243eadf09663511f96fc81e0720a4a42581f334ad4303aa6b?s=96&d=mm&r=g","contentUrl":"https:\/\/secure.gravatar.com\/avatar\/e0a867bdedb85fd243eadf09663511f96fc81e0720a4a42581f334ad4303aa6b?s=96&d=mm&r=g","caption":"Reda\u00e7\u00e3o"}}]}},"amp_enabled":true,"_links":{"self":[{"href":"https:\/\/www.notibras.com\/site\/wp-json\/wp\/v2\/posts\/37916","targetHints":{"allow":["GET"]}}],"collection":[{"href":"https:\/\/www.notibras.com\/site\/wp-json\/wp\/v2\/posts"}],"about":[{"href":"https:\/\/www.notibras.com\/site\/wp-json\/wp\/v2\/types\/post"}],"author":[{"embeddable":true,"href":"https:\/\/www.notibras.com\/site\/wp-json\/wp\/v2\/users\/2"}],"replies":[{"embeddable":true,"href":"https:\/\/www.notibras.com\/site\/wp-json\/wp\/v2\/comments?post=37916"}],"version-history":[{"count":0,"href":"https:\/\/www.notibras.com\/site\/wp-json\/wp\/v2\/posts\/37916\/revisions"}],"wp:featuredmedia":[{"embeddable":true,"href":"https:\/\/www.notibras.com\/site\/wp-json\/wp\/v2\/media\/37919"}],"wp:attachment":[{"href":"https:\/\/www.notibras.com\/site\/wp-json\/wp\/v2\/media?parent=37916"}],"wp:term":[{"taxonomy":"category","embeddable":true,"href":"https:\/\/www.notibras.com\/site\/wp-json\/wp\/v2\/categories?post=37916"},{"taxonomy":"post_tag","embeddable":true,"href":"https:\/\/www.notibras.com\/site\/wp-json\/wp\/v2\/tags?post=37916"}],"curies":[{"name":"wp","href":"https:\/\/api.w.org\/{rel}","templated":true}]}}