{"id":379161,"date":"2026-01-16T01:00:38","date_gmt":"2026-01-16T04:00:38","guid":{"rendered":"https:\/\/www.notibras.com\/site\/?p=379161"},"modified":"2026-01-15T22:42:20","modified_gmt":"2026-01-16T01:42:20","slug":"projeto-de-reforma-do-pavilhao-de-exposicoes-e-tema-de-audiencia-publica","status":"publish","type":"post","link":"https:\/\/www.notibras.com\/site\/projeto-de-reforma-do-pavilhao-de-exposicoes-e-tema-de-audiencia-publica\/","title":{"rendered":"Projeto de reforma do Pavilh\u00e3o de Exposi\u00e7\u00f5es \u00e9 tema de audi\u00eancia p\u00fablica"},"content":{"rendered":"<p>A realiza\u00e7\u00e3o da audi\u00eancia p\u00fablica sobre o projeto de concess\u00e3o do Pavilh\u00e3o de Exposi\u00e7\u00f5es do Parque da Cidade Dona Sarah Kubitschek marcou mais uma etapa do processo de estrutura\u00e7\u00e3o conduzido pelo Governo do Distrito Federal, por meio da Secretaria de Projetos Especiais (Sepe-DF).<\/p>\n<p>Realizada em formato telepresencial, a audi\u00eancia teve como objetivo apresentar os estudos de viabilidade e discutir a minuta do edital que ir\u00e1 subsidiar a licita\u00e7\u00e3o, na modalidade Concorr\u00eancia, para a sele\u00e7\u00e3o de concession\u00e1ria respons\u00e1vel pela gest\u00e3o, explora\u00e7\u00e3o, promo\u00e7\u00e3o e reforma do equipamento.<\/p>\n<p><strong>Transpar\u00eancia e participa\u00e7\u00e3o institucional<\/strong><\/p>\n<p>Al\u00e9m do corpo t\u00e9cnico da Sepe, a audi\u00eancia contou com a participa\u00e7\u00e3o de representantes da Companhia Imobili\u00e1ria de Bras\u00edlia (Terracap) e da Secretaria de Esporte e Lazer do Distrito Federal (SEL-DF), refor\u00e7ando a atua\u00e7\u00e3o integrada entre os \u00f3rg\u00e3os envolvidos na estrutura\u00e7\u00e3o do projeto.<\/p>\n<p>Durante o encontro, foram apresentados os principais pontos da modelagem proposta, com esclarecimentos sobre aspectos t\u00e9cnicos, operacionais e institucionais da concess\u00e3o. O espa\u00e7o tamb\u00e9m permitiu a manifesta\u00e7\u00e3o dos interessados, com o envio de questionamentos e contribui\u00e7\u00f5es.<\/p>\n<p><strong>Pr\u00f3ximas etapas<\/strong><\/p>\n<p>A audi\u00eancia p\u00fablica complementa as a\u00e7\u00f5es de escuta e di\u00e1logo realizadas ao longo do processo, como as sess\u00f5es de roadshow promovidas pela Sepe com potenciais interessados e a consulta p\u00fablica.<\/p>\n<p>As contribui\u00e7\u00f5es recebidas ser\u00e3o analisadas pela equipe t\u00e9cnica e poder\u00e3o subsidiar eventuais ajustes na modelagem do projeto, reafirmando o compromisso do Governo do Distrito Federal com a transpar\u00eancia, a participa\u00e7\u00e3o social e a qualifica\u00e7\u00e3o dos espa\u00e7os p\u00fablicos.<\/p>\n","protected":false},"excerpt":{"rendered":"<p>A realiza\u00e7\u00e3o da audi\u00eancia p\u00fablica sobre o projeto de concess\u00e3o do Pavilh\u00e3o de Exposi\u00e7\u00f5es do Parque da Cidade Dona Sarah Kubitschek marcou mais uma etapa do processo de estrutura\u00e7\u00e3o conduzido pelo Governo do Distrito Federal, por meio da Secretaria de Projetos Especiais (Sepe-DF). Realizada em formato telepresencial, a audi\u00eancia teve como objetivo apresentar os estudos [&hellip;]<\/p>\n","protected":false},"author":21,"featured_media":379162,"comment_status":"closed","ping_status":"closed","sticky":false,"template":"","format":"standard","meta":{"_acf_changed":false,"footnotes":""},"categories":[161],"tags":[],"class_list":["post-379161","post","type-post","status-publish","format-standard","has-post-thumbnail","hentry","category-quadradinho-em-foco"],"acf":[],"yoast_head":"<!-- This site is optimized with the Yoast SEO plugin v27.2 - https:\/\/yoast.com\/product\/yoast-seo-wordpress\/ -->\n<title>Projeto de reforma do Pavilh\u00e3o de Exposi\u00e7\u00f5es \u00e9 tema de audi\u00eancia p\u00fablica - Notibras<\/title>\n<meta name=\"robots\" content=\"index, follow, max-snippet:-1, max-image-preview:large, max-video-preview:-1\" \/>\n<link rel=\"canonical\" href=\"https:\/\/www.notibras.com\/site\/projeto-de-reforma-do-pavilhao-de-exposicoes-e-tema-de-audiencia-publica\/\" \/>\n<meta property=\"og:locale\" content=\"pt_BR\" \/>\n<meta property=\"og:type\" content=\"article\" \/>\n<meta property=\"og:title\" content=\"Projeto de reforma do Pavilh\u00e3o de Exposi\u00e7\u00f5es \u00e9 tema de audi\u00eancia p\u00fablica - Notibras\" \/>\n<meta property=\"og:description\" content=\"A realiza\u00e7\u00e3o da audi\u00eancia p\u00fablica sobre o projeto de concess\u00e3o do Pavilh\u00e3o de Exposi\u00e7\u00f5es do Parque da Cidade Dona Sarah Kubitschek marcou mais uma etapa do processo de estrutura\u00e7\u00e3o conduzido pelo Governo do Distrito Federal, por meio da Secretaria de Projetos Especiais (Sepe-DF). Realizada em formato telepresencial, a audi\u00eancia teve como objetivo apresentar os estudos [&hellip;]\" \/>\n<meta property=\"og:url\" content=\"https:\/\/www.notibras.com\/site\/projeto-de-reforma-do-pavilhao-de-exposicoes-e-tema-de-audiencia-publica\/\" \/>\n<meta property=\"og:site_name\" content=\"Notibras\" \/>\n<meta property=\"article:publisher\" content=\"https:\/\/www.facebook.com\/notibras\/\" \/>\n<meta property=\"article:published_time\" content=\"2026-01-16T04:00:38+00:00\" \/>\n<meta property=\"og:image\" content=\"https:\/\/www.notibras.com\/site\/wp-content\/uploads\/2026\/01\/WhatsApp-Image-2026-01-15-at-17.17.12-1.jpeg\" \/>\n\t<meta property=\"og:image:width\" content=\"1600\" \/>\n\t<meta property=\"og:image:height\" content=\"1000\" \/>\n\t<meta property=\"og:image:type\" content=\"image\/jpeg\" \/>\n<meta name=\"author\" content=\"Eduardo Mart\u00ednez\" \/>\n<meta name=\"twitter:card\" content=\"summary_large_image\" \/>\n<meta name=\"twitter:creator\" content=\"@Notibras\" \/>\n<meta name=\"twitter:site\" content=\"@Notibras\" \/>\n<meta name=\"twitter:label1\" content=\"Escrito por\" \/>\n\t<meta name=\"twitter:data1\" content=\"Eduardo Mart\u00ednez\" \/>\n\t<meta name=\"twitter:label2\" content=\"Est. tempo de leitura\" \/>\n\t<meta name=\"twitter:data2\" content=\"2 minutos\" \/>\n<script type=\"application\/ld+json\" class=\"yoast-schema-graph\">{\"@context\":\"https:\/\/schema.org\",\"@graph\":[{\"@type\":\"Article\",\"@id\":\"https:\/\/www.notibras.com\/site\/projeto-de-reforma-do-pavilhao-de-exposicoes-e-tema-de-audiencia-publica\/#article\",\"isPartOf\":{\"@id\":\"https:\/\/www.notibras.com\/site\/projeto-de-reforma-do-pavilhao-de-exposicoes-e-tema-de-audiencia-publica\/\"},\"author\":{\"name\":\"Eduardo Mart\u00ednez\",\"@id\":\"https:\/\/www.notibras.com\/site\/#\/schema\/person\/5b7fabf2aedc3ada2105f03b22b4d3dd\"},\"headline\":\"Projeto de reforma do Pavilh\u00e3o de Exposi\u00e7\u00f5es \u00e9 tema de audi\u00eancia p\u00fablica\",\"datePublished\":\"2026-01-16T04:00:38+00:00\",\"mainEntityOfPage\":{\"@id\":\"https:\/\/www.notibras.com\/site\/projeto-de-reforma-do-pavilhao-de-exposicoes-e-tema-de-audiencia-publica\/\"},\"wordCount\":302,\"publisher\":{\"@id\":\"https:\/\/www.notibras.com\/site\/#organization\"},\"image\":{\"@id\":\"https:\/\/www.notibras.com\/site\/projeto-de-reforma-do-pavilhao-de-exposicoes-e-tema-de-audiencia-publica\/#primaryimage\"},\"thumbnailUrl\":\"https:\/\/www.notibras.com\/site\/wp-content\/uploads\/2026\/01\/WhatsApp-Image-2026-01-15-at-17.17.12-1.jpeg\",\"articleSection\":[\"Quadradinho em Foco\"],\"inLanguage\":\"pt-BR\"},{\"@type\":\"WebPage\",\"@id\":\"https:\/\/www.notibras.com\/site\/projeto-de-reforma-do-pavilhao-de-exposicoes-e-tema-de-audiencia-publica\/\",\"url\":\"https:\/\/www.notibras.com\/site\/projeto-de-reforma-do-pavilhao-de-exposicoes-e-tema-de-audiencia-publica\/\",\"name\":\"Projeto de reforma do Pavilh\u00e3o de Exposi\u00e7\u00f5es \u00e9 tema de audi\u00eancia p\u00fablica - Notibras\",\"isPartOf\":{\"@id\":\"https:\/\/www.notibras.com\/site\/#website\"},\"primaryImageOfPage\":{\"@id\":\"https:\/\/www.notibras.com\/site\/projeto-de-reforma-do-pavilhao-de-exposicoes-e-tema-de-audiencia-publica\/#primaryimage\"},\"image\":{\"@id\":\"https:\/\/www.notibras.com\/site\/projeto-de-reforma-do-pavilhao-de-exposicoes-e-tema-de-audiencia-publica\/#primaryimage\"},\"thumbnailUrl\":\"https:\/\/www.notibras.com\/site\/wp-content\/uploads\/2026\/01\/WhatsApp-Image-2026-01-15-at-17.17.12-1.jpeg\",\"datePublished\":\"2026-01-16T04:00:38+00:00\",\"breadcrumb\":{\"@id\":\"https:\/\/www.notibras.com\/site\/projeto-de-reforma-do-pavilhao-de-exposicoes-e-tema-de-audiencia-publica\/#breadcrumb\"},\"inLanguage\":\"pt-BR\",\"potentialAction\":[{\"@type\":\"ReadAction\",\"target\":[\"https:\/\/www.notibras.com\/site\/projeto-de-reforma-do-pavilhao-de-exposicoes-e-tema-de-audiencia-publica\/\"]}]},{\"@type\":\"ImageObject\",\"inLanguage\":\"pt-BR\",\"@id\":\"https:\/\/www.notibras.com\/site\/projeto-de-reforma-do-pavilhao-de-exposicoes-e-tema-de-audiencia-publica\/#primaryimage\",\"url\":\"https:\/\/www.notibras.com\/site\/wp-content\/uploads\/2026\/01\/WhatsApp-Image-2026-01-15-at-17.17.12-1.jpeg\",\"contentUrl\":\"https:\/\/www.notibras.com\/site\/wp-content\/uploads\/2026\/01\/WhatsApp-Image-2026-01-15-at-17.17.12-1.jpeg\",\"width\":1600,\"height\":1000},{\"@type\":\"BreadcrumbList\",\"@id\":\"https:\/\/www.notibras.com\/site\/projeto-de-reforma-do-pavilhao-de-exposicoes-e-tema-de-audiencia-publica\/#breadcrumb\",\"itemListElement\":[{\"@type\":\"ListItem\",\"position\":1,\"name\":\"In\u00edcio\",\"item\":\"https:\/\/www.notibras.com\/site\/\"},{\"@type\":\"ListItem\",\"position\":2,\"name\":\"Projeto de reforma do Pavilh\u00e3o de Exposi\u00e7\u00f5es \u00e9 tema de audi\u00eancia p\u00fablica\"}]},{\"@type\":\"WebSite\",\"@id\":\"https:\/\/www.notibras.com\/site\/#website\",\"url\":\"https:\/\/www.notibras.com\/site\/\",\"name\":\"Notibras\",\"description\":\"Not\u00edcias de Bras\u00edlia, do Brasil e do Mundo\",\"publisher\":{\"@id\":\"https:\/\/www.notibras.com\/site\/#organization\"},\"potentialAction\":[{\"@type\":\"SearchAction\",\"target\":{\"@type\":\"EntryPoint\",\"urlTemplate\":\"https:\/\/www.notibras.com\/site\/?s={search_term_string}\"},\"query-input\":{\"@type\":\"PropertyValueSpecification\",\"valueRequired\":true,\"valueName\":\"search_term_string\"}}],\"inLanguage\":\"pt-BR\"},{\"@type\":\"Organization\",\"@id\":\"https:\/\/www.notibras.com\/site\/#organization\",\"name\":\"Grupo Notibras de Comunica\u00e7\u00e3o\",\"url\":\"https:\/\/www.notibras.com\/site\/\",\"logo\":{\"@type\":\"ImageObject\",\"inLanguage\":\"pt-BR\",\"@id\":\"https:\/\/www.notibras.com\/site\/#\/schema\/logo\/image\/\",\"url\":\"https:\/\/www.notibras.com\/site\/wp-content\/uploads\/2023\/01\/notibras23.png\",\"contentUrl\":\"https:\/\/www.notibras.com\/site\/wp-content\/uploads\/2023\/01\/notibras23.png\",\"width\":350,\"height\":87,\"caption\":\"Grupo Notibras de Comunica\u00e7\u00e3o\"},\"image\":{\"@id\":\"https:\/\/www.notibras.com\/site\/#\/schema\/logo\/image\/\"},\"sameAs\":[\"https:\/\/www.facebook.com\/notibras\/\",\"https:\/\/x.com\/Notibras\",\"https:\/\/www.instagram.com\/notibras\/\"]},{\"@type\":\"Person\",\"@id\":\"https:\/\/www.notibras.com\/site\/#\/schema\/person\/5b7fabf2aedc3ada2105f03b22b4d3dd\",\"name\":\"Eduardo Mart\u00ednez\",\"image\":{\"@type\":\"ImageObject\",\"inLanguage\":\"pt-BR\",\"@id\":\"https:\/\/secure.gravatar.com\/avatar\/7902f906289926289cbcda644b5197c796b893c6ffd7b9a536a42d290f7704a0?s=96&d=mm&r=g\",\"url\":\"https:\/\/secure.gravatar.com\/avatar\/7902f906289926289cbcda644b5197c796b893c6ffd7b9a536a42d290f7704a0?s=96&d=mm&r=g\",\"contentUrl\":\"https:\/\/secure.gravatar.com\/avatar\/7902f906289926289cbcda644b5197c796b893c6ffd7b9a536a42d290f7704a0?s=96&d=mm&r=g\",\"caption\":\"Eduardo Mart\u00ednez\"}}]}<\/script>\n<!-- \/ Yoast SEO plugin. -->","yoast_head_json":{"title":"Projeto de reforma do Pavilh\u00e3o de Exposi\u00e7\u00f5es \u00e9 tema de audi\u00eancia p\u00fablica - Notibras","robots":{"index":"index","follow":"follow","max-snippet":"max-snippet:-1","max-image-preview":"max-image-preview:large","max-video-preview":"max-video-preview:-1"},"canonical":"https:\/\/www.notibras.com\/site\/projeto-de-reforma-do-pavilhao-de-exposicoes-e-tema-de-audiencia-publica\/","og_locale":"pt_BR","og_type":"article","og_title":"Projeto de reforma do Pavilh\u00e3o de Exposi\u00e7\u00f5es \u00e9 tema de audi\u00eancia p\u00fablica - Notibras","og_description":"A realiza\u00e7\u00e3o da audi\u00eancia p\u00fablica sobre o projeto de concess\u00e3o do Pavilh\u00e3o de Exposi\u00e7\u00f5es do Parque da Cidade Dona Sarah Kubitschek marcou mais uma etapa do processo de estrutura\u00e7\u00e3o conduzido pelo Governo do Distrito Federal, por meio da Secretaria de Projetos Especiais (Sepe-DF). Realizada em formato telepresencial, a audi\u00eancia teve como objetivo apresentar os estudos [&hellip;]","og_url":"https:\/\/www.notibras.com\/site\/projeto-de-reforma-do-pavilhao-de-exposicoes-e-tema-de-audiencia-publica\/","og_site_name":"Notibras","article_publisher":"https:\/\/www.facebook.com\/notibras\/","article_published_time":"2026-01-16T04:00:38+00:00","og_image":[{"width":1600,"height":1000,"url":"https:\/\/www.notibras.com\/site\/wp-content\/uploads\/2026\/01\/WhatsApp-Image-2026-01-15-at-17.17.12-1.jpeg","type":"image\/jpeg"}],"author":"Eduardo Mart\u00ednez","twitter_card":"summary_large_image","twitter_creator":"@Notibras","twitter_site":"@Notibras","twitter_misc":{"Escrito por":"Eduardo Mart\u00ednez","Est. tempo de leitura":"2 minutos"},"schema":{"@context":"https:\/\/schema.org","@graph":[{"@type":"Article","@id":"https:\/\/www.notibras.com\/site\/projeto-de-reforma-do-pavilhao-de-exposicoes-e-tema-de-audiencia-publica\/#article","isPartOf":{"@id":"https:\/\/www.notibras.com\/site\/projeto-de-reforma-do-pavilhao-de-exposicoes-e-tema-de-audiencia-publica\/"},"author":{"name":"Eduardo Mart\u00ednez","@id":"https:\/\/www.notibras.com\/site\/#\/schema\/person\/5b7fabf2aedc3ada2105f03b22b4d3dd"},"headline":"Projeto de reforma do Pavilh\u00e3o de Exposi\u00e7\u00f5es \u00e9 tema de audi\u00eancia p\u00fablica","datePublished":"2026-01-16T04:00:38+00:00","mainEntityOfPage":{"@id":"https:\/\/www.notibras.com\/site\/projeto-de-reforma-do-pavilhao-de-exposicoes-e-tema-de-audiencia-publica\/"},"wordCount":302,"publisher":{"@id":"https:\/\/www.notibras.com\/site\/#organization"},"image":{"@id":"https:\/\/www.notibras.com\/site\/projeto-de-reforma-do-pavilhao-de-exposicoes-e-tema-de-audiencia-publica\/#primaryimage"},"thumbnailUrl":"https:\/\/www.notibras.com\/site\/wp-content\/uploads\/2026\/01\/WhatsApp-Image-2026-01-15-at-17.17.12-1.jpeg","articleSection":["Quadradinho em Foco"],"inLanguage":"pt-BR"},{"@type":"WebPage","@id":"https:\/\/www.notibras.com\/site\/projeto-de-reforma-do-pavilhao-de-exposicoes-e-tema-de-audiencia-publica\/","url":"https:\/\/www.notibras.com\/site\/projeto-de-reforma-do-pavilhao-de-exposicoes-e-tema-de-audiencia-publica\/","name":"Projeto de reforma do Pavilh\u00e3o de Exposi\u00e7\u00f5es \u00e9 tema de audi\u00eancia p\u00fablica - Notibras","isPartOf":{"@id":"https:\/\/www.notibras.com\/site\/#website"},"primaryImageOfPage":{"@id":"https:\/\/www.notibras.com\/site\/projeto-de-reforma-do-pavilhao-de-exposicoes-e-tema-de-audiencia-publica\/#primaryimage"},"image":{"@id":"https:\/\/www.notibras.com\/site\/projeto-de-reforma-do-pavilhao-de-exposicoes-e-tema-de-audiencia-publica\/#primaryimage"},"thumbnailUrl":"https:\/\/www.notibras.com\/site\/wp-content\/uploads\/2026\/01\/WhatsApp-Image-2026-01-15-at-17.17.12-1.jpeg","datePublished":"2026-01-16T04:00:38+00:00","breadcrumb":{"@id":"https:\/\/www.notibras.com\/site\/projeto-de-reforma-do-pavilhao-de-exposicoes-e-tema-de-audiencia-publica\/#breadcrumb"},"inLanguage":"pt-BR","potentialAction":[{"@type":"ReadAction","target":["https:\/\/www.notibras.com\/site\/projeto-de-reforma-do-pavilhao-de-exposicoes-e-tema-de-audiencia-publica\/"]}]},{"@type":"ImageObject","inLanguage":"pt-BR","@id":"https:\/\/www.notibras.com\/site\/projeto-de-reforma-do-pavilhao-de-exposicoes-e-tema-de-audiencia-publica\/#primaryimage","url":"https:\/\/www.notibras.com\/site\/wp-content\/uploads\/2026\/01\/WhatsApp-Image-2026-01-15-at-17.17.12-1.jpeg","contentUrl":"https:\/\/www.notibras.com\/site\/wp-content\/uploads\/2026\/01\/WhatsApp-Image-2026-01-15-at-17.17.12-1.jpeg","width":1600,"height":1000},{"@type":"BreadcrumbList","@id":"https:\/\/www.notibras.com\/site\/projeto-de-reforma-do-pavilhao-de-exposicoes-e-tema-de-audiencia-publica\/#breadcrumb","itemListElement":[{"@type":"ListItem","position":1,"name":"In\u00edcio","item":"https:\/\/www.notibras.com\/site\/"},{"@type":"ListItem","position":2,"name":"Projeto de reforma do Pavilh\u00e3o de Exposi\u00e7\u00f5es \u00e9 tema de audi\u00eancia p\u00fablica"}]},{"@type":"WebSite","@id":"https:\/\/www.notibras.com\/site\/#website","url":"https:\/\/www.notibras.com\/site\/","name":"Notibras","description":"Not\u00edcias de Bras\u00edlia, do Brasil e do Mundo","publisher":{"@id":"https:\/\/www.notibras.com\/site\/#organization"},"potentialAction":[{"@type":"SearchAction","target":{"@type":"EntryPoint","urlTemplate":"https:\/\/www.notibras.com\/site\/?s={search_term_string}"},"query-input":{"@type":"PropertyValueSpecification","valueRequired":true,"valueName":"search_term_string"}}],"inLanguage":"pt-BR"},{"@type":"Organization","@id":"https:\/\/www.notibras.com\/site\/#organization","name":"Grupo Notibras de Comunica\u00e7\u00e3o","url":"https:\/\/www.notibras.com\/site\/","logo":{"@type":"ImageObject","inLanguage":"pt-BR","@id":"https:\/\/www.notibras.com\/site\/#\/schema\/logo\/image\/","url":"https:\/\/www.notibras.com\/site\/wp-content\/uploads\/2023\/01\/notibras23.png","contentUrl":"https:\/\/www.notibras.com\/site\/wp-content\/uploads\/2023\/01\/notibras23.png","width":350,"height":87,"caption":"Grupo Notibras de Comunica\u00e7\u00e3o"},"image":{"@id":"https:\/\/www.notibras.com\/site\/#\/schema\/logo\/image\/"},"sameAs":["https:\/\/www.facebook.com\/notibras\/","https:\/\/x.com\/Notibras","https:\/\/www.instagram.com\/notibras\/"]},{"@type":"Person","@id":"https:\/\/www.notibras.com\/site\/#\/schema\/person\/5b7fabf2aedc3ada2105f03b22b4d3dd","name":"Eduardo Mart\u00ednez","image":{"@type":"ImageObject","inLanguage":"pt-BR","@id":"https:\/\/secure.gravatar.com\/avatar\/7902f906289926289cbcda644b5197c796b893c6ffd7b9a536a42d290f7704a0?s=96&d=mm&r=g","url":"https:\/\/secure.gravatar.com\/avatar\/7902f906289926289cbcda644b5197c796b893c6ffd7b9a536a42d290f7704a0?s=96&d=mm&r=g","contentUrl":"https:\/\/secure.gravatar.com\/avatar\/7902f906289926289cbcda644b5197c796b893c6ffd7b9a536a42d290f7704a0?s=96&d=mm&r=g","caption":"Eduardo Mart\u00ednez"}}]}},"amp_enabled":true,"_links":{"self":[{"href":"https:\/\/www.notibras.com\/site\/wp-json\/wp\/v2\/posts\/379161","targetHints":{"allow":["GET"]}}],"collection":[{"href":"https:\/\/www.notibras.com\/site\/wp-json\/wp\/v2\/posts"}],"about":[{"href":"https:\/\/www.notibras.com\/site\/wp-json\/wp\/v2\/types\/post"}],"author":[{"embeddable":true,"href":"https:\/\/www.notibras.com\/site\/wp-json\/wp\/v2\/users\/21"}],"replies":[{"embeddable":true,"href":"https:\/\/www.notibras.com\/site\/wp-json\/wp\/v2\/comments?post=379161"}],"version-history":[{"count":4,"href":"https:\/\/www.notibras.com\/site\/wp-json\/wp\/v2\/posts\/379161\/revisions"}],"predecessor-version":[{"id":379166,"href":"https:\/\/www.notibras.com\/site\/wp-json\/wp\/v2\/posts\/379161\/revisions\/379166"}],"wp:featuredmedia":[{"embeddable":true,"href":"https:\/\/www.notibras.com\/site\/wp-json\/wp\/v2\/media\/379162"}],"wp:attachment":[{"href":"https:\/\/www.notibras.com\/site\/wp-json\/wp\/v2\/media?parent=379161"}],"wp:term":[{"taxonomy":"category","embeddable":true,"href":"https:\/\/www.notibras.com\/site\/wp-json\/wp\/v2\/categories?post=379161"},{"taxonomy":"post_tag","embeddable":true,"href":"https:\/\/www.notibras.com\/site\/wp-json\/wp\/v2\/tags?post=379161"}],"curies":[{"name":"wp","href":"https:\/\/api.w.org\/{rel}","templated":true}]}}