{"id":379181,"date":"2026-01-16T02:00:11","date_gmt":"2026-01-16T05:00:11","guid":{"rendered":"https:\/\/www.notibras.com\/site\/?p=379181"},"modified":"2026-01-15T23:44:43","modified_gmt":"2026-01-16T02:44:43","slug":"damares-alves-diz-que-ha-pastores-de-igrejas-envolvidos-nas-fraudes","status":"publish","type":"post","link":"https:\/\/www.notibras.com\/site\/damares-alves-diz-que-ha-pastores-de-igrejas-envolvidos-nas-fraudes\/","title":{"rendered":"Damares Alves diz que h\u00e1 pastores de igrejas envolvidos nas fraudes"},"content":{"rendered":"<p>Nesta semana a senadora Damares Alves (Republicanos-DF) deu uma declara\u00e7\u00e3o que deixou o meio evang\u00e9lico atordoado. Segundo ela, haveria pastores de igrejas evang\u00e9licas envolvidos em fraudes, conforme apurou a CPMI do INSS. N\u00e3o se trata de uma insinua\u00e7\u00e3o vaga: a senadora divulgou nomes de diversas igrejas, trazendo o tema para o centro do debate p\u00fablico.<\/p>\n<p>E n\u00e3o adiantou o pastor Silas Malafaia, da Assembleia de Deus Vit\u00f3ria em Cristo, esbravejar, gritar ou tentar desqualificar a den\u00fancia no grito. Quando uma acusa\u00e7\u00e3o dessa magnitude vem de dentro do pr\u00f3prio campo pol\u00edtico e religioso, o barulho ret\u00f3rico n\u00e3o basta.<\/p>\n<p>A pergunta que ecoa nas ruas \u00e9 direta e inc\u00f4moda: usaram a f\u00e9 para aplicar golpes? Usaram a confian\u00e7a de pessoas simples, muitas vezes vulner\u00e1veis, para desviar recursos p\u00fablicos destinados justamente a quem mais precisa? Se isso for verdade, estamos diante de algo que ultrapassa a esfera criminal comum. \u00c9 uma viola\u00e7\u00e3o moral profunda, um abuso da f\u00e9 alheia, um ataque direto \u00e0 dignidade humana.<\/p>\n<p>A popula\u00e7\u00e3o precisa de respostas. Precisa saber quem fez, como fez e quem se beneficiou. E, se as den\u00fancias se confirmarem, \u00e9 imprescind\u00edvel que haja puni\u00e7\u00e3o severa, exemplar, sem relativiza\u00e7\u00f5es religiosas ou pol\u00edticas. F\u00e9 n\u00e3o pode ser escudo para crime. Igreja n\u00e3o pode ser esconderijo para corrup\u00e7\u00e3o.<\/p>\n<p><strong>Veja a lista divulgada por Damares com os requerimentos da CPMI:<\/strong><\/p>\n<p>* REQ 2746\/2025 \u2013 Transfer\u00eancia de sigilo da Adora\u00e7\u00e3o Church;<\/p>\n<p>* REQ 2745\/2025 \u2013 Transfer\u00eancia de sigilo da Igreja Assembleia de Deus Minist\u00e9rio do Renovo;<\/p>\n<p>* REQ 2635\/2025 \u2013 Transfer\u00eancia de sigilo do Minist\u00e9rio Deus \u00e9 Fiel Church (SeteChurch);<\/p>\n<p>* REQ 2636\/2025 \u2013 Convite ao Sr. Cesar Belucci do Nascimento, l\u00edder religioso, para comparecimento \u00e0 CPMI;<\/p>\n<p>* REQ 2638\/2025 e REQ 2734\/2025 \u2013 Convoca\u00e7\u00e3o do Sr. Andr\u00e9 Machado Valad\u00e3o, l\u00edder religioso, para prestar depoimento;<\/p>\n<p>* REQ 2728\/2025 \u2013 Transfer\u00eancia de sigilo do Sr. Andr\u00e9 Machado Valad\u00e3o;<\/p>\n<p>* REQ 2639\/2025 \u2013 Convite ao Sr. P\u00e9ricles Albino Gon\u00e7alves, l\u00edder religioso, para comparecer \u00e0 CPMI;<\/p>\n<p>* REQ 2642\/2025 \u2013 Convite ao Sr. Fabiano Campos Zettel, empres\u00e1rio e l\u00edder religioso, para comparecer \u00e0 CPMI;<\/p>\n<p>* REQ 2826\/2025 \u2013 Convite ao Sr. Andr\u00e9 Fernandes, l\u00edder religioso, para comparecer \u00e0 CPMI;<\/p>\n<p>* REQ 2640\/2025 \u2013 Transfer\u00eancia de sigilo da Igreja Evang\u00e9lica Campo de Anatote.<\/p>\n","protected":false},"excerpt":{"rendered":"<p>Nesta semana a senadora Damares Alves (Republicanos-DF) deu uma declara\u00e7\u00e3o que deixou o meio evang\u00e9lico atordoado. Segundo ela, haveria pastores de igrejas evang\u00e9licas envolvidos em fraudes, conforme apurou a CPMI do INSS. N\u00e3o se trata de uma insinua\u00e7\u00e3o vaga: a senadora divulgou nomes de diversas igrejas, trazendo o tema para o centro do debate p\u00fablico. [&hellip;]<\/p>\n","protected":false},"author":21,"featured_media":379186,"comment_status":"closed","ping_status":"closed","sticky":false,"template":"","format":"standard","meta":{"_acf_changed":false,"footnotes":""},"categories":[235],"tags":[],"class_list":["post-379181","post","type-post","status-publish","format-standard","has-post-thumbnail","hentry","category-dona-irene"],"acf":[],"yoast_head":"<!-- This site is optimized with the Yoast SEO plugin v27.2 - https:\/\/yoast.com\/product\/yoast-seo-wordpress\/ -->\n<title>Damares Alves diz que h\u00e1 pastores de igrejas envolvidos nas fraudes - Notibras<\/title>\n<meta name=\"robots\" content=\"index, follow, max-snippet:-1, max-image-preview:large, max-video-preview:-1\" \/>\n<link rel=\"canonical\" href=\"https:\/\/www.notibras.com\/site\/damares-alves-diz-que-ha-pastores-de-igrejas-envolvidos-nas-fraudes\/\" \/>\n<meta property=\"og:locale\" content=\"pt_BR\" \/>\n<meta property=\"og:type\" content=\"article\" \/>\n<meta property=\"og:title\" content=\"Damares Alves diz que h\u00e1 pastores de igrejas envolvidos nas fraudes - Notibras\" \/>\n<meta property=\"og:description\" content=\"Nesta semana a senadora Damares Alves (Republicanos-DF) deu uma declara\u00e7\u00e3o que deixou o meio evang\u00e9lico atordoado. Segundo ela, haveria pastores de igrejas evang\u00e9licas envolvidos em fraudes, conforme apurou a CPMI do INSS. N\u00e3o se trata de uma insinua\u00e7\u00e3o vaga: a senadora divulgou nomes de diversas igrejas, trazendo o tema para o centro do debate p\u00fablico. [&hellip;]\" \/>\n<meta property=\"og:url\" content=\"https:\/\/www.notibras.com\/site\/damares-alves-diz-que-ha-pastores-de-igrejas-envolvidos-nas-fraudes\/\" \/>\n<meta property=\"og:site_name\" content=\"Notibras\" \/>\n<meta property=\"article:publisher\" content=\"https:\/\/www.facebook.com\/notibras\/\" \/>\n<meta property=\"article:published_time\" content=\"2026-01-16T05:00:11+00:00\" \/>\n<meta property=\"og:image\" content=\"https:\/\/www.notibras.com\/site\/wp-content\/uploads\/2026\/01\/silas-malafaia-chama-damares-linguaruda-escandalo-inss-960x540-1.webp\" \/>\n\t<meta property=\"og:image:width\" content=\"960\" \/>\n\t<meta property=\"og:image:height\" content=\"540\" \/>\n\t<meta property=\"og:image:type\" content=\"image\/webp\" \/>\n<meta name=\"author\" content=\"Eduardo Mart\u00ednez\" \/>\n<meta name=\"twitter:card\" content=\"summary_large_image\" \/>\n<meta name=\"twitter:creator\" content=\"@Notibras\" \/>\n<meta name=\"twitter:site\" content=\"@Notibras\" \/>\n<meta name=\"twitter:label1\" content=\"Escrito por\" \/>\n\t<meta name=\"twitter:data1\" content=\"Eduardo Mart\u00ednez\" \/>\n\t<meta name=\"twitter:label2\" content=\"Est. tempo de leitura\" \/>\n\t<meta name=\"twitter:data2\" content=\"3 minutos\" \/>\n<script type=\"application\/ld+json\" class=\"yoast-schema-graph\">{\"@context\":\"https:\/\/schema.org\",\"@graph\":[{\"@type\":\"Article\",\"@id\":\"https:\/\/www.notibras.com\/site\/damares-alves-diz-que-ha-pastores-de-igrejas-envolvidos-nas-fraudes\/#article\",\"isPartOf\":{\"@id\":\"https:\/\/www.notibras.com\/site\/damares-alves-diz-que-ha-pastores-de-igrejas-envolvidos-nas-fraudes\/\"},\"author\":{\"name\":\"Eduardo Mart\u00ednez\",\"@id\":\"https:\/\/www.notibras.com\/site\/#\/schema\/person\/5b7fabf2aedc3ada2105f03b22b4d3dd\"},\"headline\":\"Damares Alves diz que h\u00e1 pastores de igrejas envolvidos nas fraudes\",\"datePublished\":\"2026-01-16T05:00:11+00:00\",\"mainEntityOfPage\":{\"@id\":\"https:\/\/www.notibras.com\/site\/damares-alves-diz-que-ha-pastores-de-igrejas-envolvidos-nas-fraudes\/\"},\"wordCount\":387,\"publisher\":{\"@id\":\"https:\/\/www.notibras.com\/site\/#organization\"},\"image\":{\"@id\":\"https:\/\/www.notibras.com\/site\/damares-alves-diz-que-ha-pastores-de-igrejas-envolvidos-nas-fraudes\/#primaryimage\"},\"thumbnailUrl\":\"https:\/\/www.notibras.com\/site\/wp-content\/uploads\/2026\/01\/silas-malafaia-chama-damares-linguaruda-escandalo-inss-960x540-1.webp\",\"articleSection\":[\"Dona Irene\"],\"inLanguage\":\"pt-BR\"},{\"@type\":\"WebPage\",\"@id\":\"https:\/\/www.notibras.com\/site\/damares-alves-diz-que-ha-pastores-de-igrejas-envolvidos-nas-fraudes\/\",\"url\":\"https:\/\/www.notibras.com\/site\/damares-alves-diz-que-ha-pastores-de-igrejas-envolvidos-nas-fraudes\/\",\"name\":\"Damares Alves diz que h\u00e1 pastores de igrejas envolvidos nas fraudes - Notibras\",\"isPartOf\":{\"@id\":\"https:\/\/www.notibras.com\/site\/#website\"},\"primaryImageOfPage\":{\"@id\":\"https:\/\/www.notibras.com\/site\/damares-alves-diz-que-ha-pastores-de-igrejas-envolvidos-nas-fraudes\/#primaryimage\"},\"image\":{\"@id\":\"https:\/\/www.notibras.com\/site\/damares-alves-diz-que-ha-pastores-de-igrejas-envolvidos-nas-fraudes\/#primaryimage\"},\"thumbnailUrl\":\"https:\/\/www.notibras.com\/site\/wp-content\/uploads\/2026\/01\/silas-malafaia-chama-damares-linguaruda-escandalo-inss-960x540-1.webp\",\"datePublished\":\"2026-01-16T05:00:11+00:00\",\"breadcrumb\":{\"@id\":\"https:\/\/www.notibras.com\/site\/damares-alves-diz-que-ha-pastores-de-igrejas-envolvidos-nas-fraudes\/#breadcrumb\"},\"inLanguage\":\"pt-BR\",\"potentialAction\":[{\"@type\":\"ReadAction\",\"target\":[\"https:\/\/www.notibras.com\/site\/damares-alves-diz-que-ha-pastores-de-igrejas-envolvidos-nas-fraudes\/\"]}]},{\"@type\":\"ImageObject\",\"inLanguage\":\"pt-BR\",\"@id\":\"https:\/\/www.notibras.com\/site\/damares-alves-diz-que-ha-pastores-de-igrejas-envolvidos-nas-fraudes\/#primaryimage\",\"url\":\"https:\/\/www.notibras.com\/site\/wp-content\/uploads\/2026\/01\/silas-malafaia-chama-damares-linguaruda-escandalo-inss-960x540-1.webp\",\"contentUrl\":\"https:\/\/www.notibras.com\/site\/wp-content\/uploads\/2026\/01\/silas-malafaia-chama-damares-linguaruda-escandalo-inss-960x540-1.webp\",\"width\":960,\"height\":540},{\"@type\":\"BreadcrumbList\",\"@id\":\"https:\/\/www.notibras.com\/site\/damares-alves-diz-que-ha-pastores-de-igrejas-envolvidos-nas-fraudes\/#breadcrumb\",\"itemListElement\":[{\"@type\":\"ListItem\",\"position\":1,\"name\":\"In\u00edcio\",\"item\":\"https:\/\/www.notibras.com\/site\/\"},{\"@type\":\"ListItem\",\"position\":2,\"name\":\"Damares Alves diz que h\u00e1 pastores de igrejas envolvidos nas fraudes\"}]},{\"@type\":\"WebSite\",\"@id\":\"https:\/\/www.notibras.com\/site\/#website\",\"url\":\"https:\/\/www.notibras.com\/site\/\",\"name\":\"Notibras\",\"description\":\"Not\u00edcias de Bras\u00edlia, do Brasil e do Mundo\",\"publisher\":{\"@id\":\"https:\/\/www.notibras.com\/site\/#organization\"},\"potentialAction\":[{\"@type\":\"SearchAction\",\"target\":{\"@type\":\"EntryPoint\",\"urlTemplate\":\"https:\/\/www.notibras.com\/site\/?s={search_term_string}\"},\"query-input\":{\"@type\":\"PropertyValueSpecification\",\"valueRequired\":true,\"valueName\":\"search_term_string\"}}],\"inLanguage\":\"pt-BR\"},{\"@type\":\"Organization\",\"@id\":\"https:\/\/www.notibras.com\/site\/#organization\",\"name\":\"Grupo Notibras de Comunica\u00e7\u00e3o\",\"url\":\"https:\/\/www.notibras.com\/site\/\",\"logo\":{\"@type\":\"ImageObject\",\"inLanguage\":\"pt-BR\",\"@id\":\"https:\/\/www.notibras.com\/site\/#\/schema\/logo\/image\/\",\"url\":\"https:\/\/www.notibras.com\/site\/wp-content\/uploads\/2023\/01\/notibras23.png\",\"contentUrl\":\"https:\/\/www.notibras.com\/site\/wp-content\/uploads\/2023\/01\/notibras23.png\",\"width\":350,\"height\":87,\"caption\":\"Grupo Notibras de Comunica\u00e7\u00e3o\"},\"image\":{\"@id\":\"https:\/\/www.notibras.com\/site\/#\/schema\/logo\/image\/\"},\"sameAs\":[\"https:\/\/www.facebook.com\/notibras\/\",\"https:\/\/x.com\/Notibras\",\"https:\/\/www.instagram.com\/notibras\/\"]},{\"@type\":\"Person\",\"@id\":\"https:\/\/www.notibras.com\/site\/#\/schema\/person\/5b7fabf2aedc3ada2105f03b22b4d3dd\",\"name\":\"Eduardo Mart\u00ednez\",\"image\":{\"@type\":\"ImageObject\",\"inLanguage\":\"pt-BR\",\"@id\":\"https:\/\/secure.gravatar.com\/avatar\/7902f906289926289cbcda644b5197c796b893c6ffd7b9a536a42d290f7704a0?s=96&d=mm&r=g\",\"url\":\"https:\/\/secure.gravatar.com\/avatar\/7902f906289926289cbcda644b5197c796b893c6ffd7b9a536a42d290f7704a0?s=96&d=mm&r=g\",\"contentUrl\":\"https:\/\/secure.gravatar.com\/avatar\/7902f906289926289cbcda644b5197c796b893c6ffd7b9a536a42d290f7704a0?s=96&d=mm&r=g\",\"caption\":\"Eduardo Mart\u00ednez\"}}]}<\/script>\n<!-- \/ Yoast SEO plugin. -->","yoast_head_json":{"title":"Damares Alves diz que h\u00e1 pastores de igrejas envolvidos nas fraudes - Notibras","robots":{"index":"index","follow":"follow","max-snippet":"max-snippet:-1","max-image-preview":"max-image-preview:large","max-video-preview":"max-video-preview:-1"},"canonical":"https:\/\/www.notibras.com\/site\/damares-alves-diz-que-ha-pastores-de-igrejas-envolvidos-nas-fraudes\/","og_locale":"pt_BR","og_type":"article","og_title":"Damares Alves diz que h\u00e1 pastores de igrejas envolvidos nas fraudes - Notibras","og_description":"Nesta semana a senadora Damares Alves (Republicanos-DF) deu uma declara\u00e7\u00e3o que deixou o meio evang\u00e9lico atordoado. Segundo ela, haveria pastores de igrejas evang\u00e9licas envolvidos em fraudes, conforme apurou a CPMI do INSS. N\u00e3o se trata de uma insinua\u00e7\u00e3o vaga: a senadora divulgou nomes de diversas igrejas, trazendo o tema para o centro do debate p\u00fablico. [&hellip;]","og_url":"https:\/\/www.notibras.com\/site\/damares-alves-diz-que-ha-pastores-de-igrejas-envolvidos-nas-fraudes\/","og_site_name":"Notibras","article_publisher":"https:\/\/www.facebook.com\/notibras\/","article_published_time":"2026-01-16T05:00:11+00:00","og_image":[{"width":960,"height":540,"url":"https:\/\/www.notibras.com\/site\/wp-content\/uploads\/2026\/01\/silas-malafaia-chama-damares-linguaruda-escandalo-inss-960x540-1.webp","type":"image\/webp"}],"author":"Eduardo Mart\u00ednez","twitter_card":"summary_large_image","twitter_creator":"@Notibras","twitter_site":"@Notibras","twitter_misc":{"Escrito por":"Eduardo Mart\u00ednez","Est. tempo de leitura":"3 minutos"},"schema":{"@context":"https:\/\/schema.org","@graph":[{"@type":"Article","@id":"https:\/\/www.notibras.com\/site\/damares-alves-diz-que-ha-pastores-de-igrejas-envolvidos-nas-fraudes\/#article","isPartOf":{"@id":"https:\/\/www.notibras.com\/site\/damares-alves-diz-que-ha-pastores-de-igrejas-envolvidos-nas-fraudes\/"},"author":{"name":"Eduardo Mart\u00ednez","@id":"https:\/\/www.notibras.com\/site\/#\/schema\/person\/5b7fabf2aedc3ada2105f03b22b4d3dd"},"headline":"Damares Alves diz que h\u00e1 pastores de igrejas envolvidos nas fraudes","datePublished":"2026-01-16T05:00:11+00:00","mainEntityOfPage":{"@id":"https:\/\/www.notibras.com\/site\/damares-alves-diz-que-ha-pastores-de-igrejas-envolvidos-nas-fraudes\/"},"wordCount":387,"publisher":{"@id":"https:\/\/www.notibras.com\/site\/#organization"},"image":{"@id":"https:\/\/www.notibras.com\/site\/damares-alves-diz-que-ha-pastores-de-igrejas-envolvidos-nas-fraudes\/#primaryimage"},"thumbnailUrl":"https:\/\/www.notibras.com\/site\/wp-content\/uploads\/2026\/01\/silas-malafaia-chama-damares-linguaruda-escandalo-inss-960x540-1.webp","articleSection":["Dona Irene"],"inLanguage":"pt-BR"},{"@type":"WebPage","@id":"https:\/\/www.notibras.com\/site\/damares-alves-diz-que-ha-pastores-de-igrejas-envolvidos-nas-fraudes\/","url":"https:\/\/www.notibras.com\/site\/damares-alves-diz-que-ha-pastores-de-igrejas-envolvidos-nas-fraudes\/","name":"Damares Alves diz que h\u00e1 pastores de igrejas envolvidos nas fraudes - Notibras","isPartOf":{"@id":"https:\/\/www.notibras.com\/site\/#website"},"primaryImageOfPage":{"@id":"https:\/\/www.notibras.com\/site\/damares-alves-diz-que-ha-pastores-de-igrejas-envolvidos-nas-fraudes\/#primaryimage"},"image":{"@id":"https:\/\/www.notibras.com\/site\/damares-alves-diz-que-ha-pastores-de-igrejas-envolvidos-nas-fraudes\/#primaryimage"},"thumbnailUrl":"https:\/\/www.notibras.com\/site\/wp-content\/uploads\/2026\/01\/silas-malafaia-chama-damares-linguaruda-escandalo-inss-960x540-1.webp","datePublished":"2026-01-16T05:00:11+00:00","breadcrumb":{"@id":"https:\/\/www.notibras.com\/site\/damares-alves-diz-que-ha-pastores-de-igrejas-envolvidos-nas-fraudes\/#breadcrumb"},"inLanguage":"pt-BR","potentialAction":[{"@type":"ReadAction","target":["https:\/\/www.notibras.com\/site\/damares-alves-diz-que-ha-pastores-de-igrejas-envolvidos-nas-fraudes\/"]}]},{"@type":"ImageObject","inLanguage":"pt-BR","@id":"https:\/\/www.notibras.com\/site\/damares-alves-diz-que-ha-pastores-de-igrejas-envolvidos-nas-fraudes\/#primaryimage","url":"https:\/\/www.notibras.com\/site\/wp-content\/uploads\/2026\/01\/silas-malafaia-chama-damares-linguaruda-escandalo-inss-960x540-1.webp","contentUrl":"https:\/\/www.notibras.com\/site\/wp-content\/uploads\/2026\/01\/silas-malafaia-chama-damares-linguaruda-escandalo-inss-960x540-1.webp","width":960,"height":540},{"@type":"BreadcrumbList","@id":"https:\/\/www.notibras.com\/site\/damares-alves-diz-que-ha-pastores-de-igrejas-envolvidos-nas-fraudes\/#breadcrumb","itemListElement":[{"@type":"ListItem","position":1,"name":"In\u00edcio","item":"https:\/\/www.notibras.com\/site\/"},{"@type":"ListItem","position":2,"name":"Damares Alves diz que h\u00e1 pastores de igrejas envolvidos nas fraudes"}]},{"@type":"WebSite","@id":"https:\/\/www.notibras.com\/site\/#website","url":"https:\/\/www.notibras.com\/site\/","name":"Notibras","description":"Not\u00edcias de Bras\u00edlia, do Brasil e do Mundo","publisher":{"@id":"https:\/\/www.notibras.com\/site\/#organization"},"potentialAction":[{"@type":"SearchAction","target":{"@type":"EntryPoint","urlTemplate":"https:\/\/www.notibras.com\/site\/?s={search_term_string}"},"query-input":{"@type":"PropertyValueSpecification","valueRequired":true,"valueName":"search_term_string"}}],"inLanguage":"pt-BR"},{"@type":"Organization","@id":"https:\/\/www.notibras.com\/site\/#organization","name":"Grupo Notibras de Comunica\u00e7\u00e3o","url":"https:\/\/www.notibras.com\/site\/","logo":{"@type":"ImageObject","inLanguage":"pt-BR","@id":"https:\/\/www.notibras.com\/site\/#\/schema\/logo\/image\/","url":"https:\/\/www.notibras.com\/site\/wp-content\/uploads\/2023\/01\/notibras23.png","contentUrl":"https:\/\/www.notibras.com\/site\/wp-content\/uploads\/2023\/01\/notibras23.png","width":350,"height":87,"caption":"Grupo Notibras de Comunica\u00e7\u00e3o"},"image":{"@id":"https:\/\/www.notibras.com\/site\/#\/schema\/logo\/image\/"},"sameAs":["https:\/\/www.facebook.com\/notibras\/","https:\/\/x.com\/Notibras","https:\/\/www.instagram.com\/notibras\/"]},{"@type":"Person","@id":"https:\/\/www.notibras.com\/site\/#\/schema\/person\/5b7fabf2aedc3ada2105f03b22b4d3dd","name":"Eduardo Mart\u00ednez","image":{"@type":"ImageObject","inLanguage":"pt-BR","@id":"https:\/\/secure.gravatar.com\/avatar\/7902f906289926289cbcda644b5197c796b893c6ffd7b9a536a42d290f7704a0?s=96&d=mm&r=g","url":"https:\/\/secure.gravatar.com\/avatar\/7902f906289926289cbcda644b5197c796b893c6ffd7b9a536a42d290f7704a0?s=96&d=mm&r=g","contentUrl":"https:\/\/secure.gravatar.com\/avatar\/7902f906289926289cbcda644b5197c796b893c6ffd7b9a536a42d290f7704a0?s=96&d=mm&r=g","caption":"Eduardo Mart\u00ednez"}}]}},"amp_enabled":true,"_links":{"self":[{"href":"https:\/\/www.notibras.com\/site\/wp-json\/wp\/v2\/posts\/379181","targetHints":{"allow":["GET"]}}],"collection":[{"href":"https:\/\/www.notibras.com\/site\/wp-json\/wp\/v2\/posts"}],"about":[{"href":"https:\/\/www.notibras.com\/site\/wp-json\/wp\/v2\/types\/post"}],"author":[{"embeddable":true,"href":"https:\/\/www.notibras.com\/site\/wp-json\/wp\/v2\/users\/21"}],"replies":[{"embeddable":true,"href":"https:\/\/www.notibras.com\/site\/wp-json\/wp\/v2\/comments?post=379181"}],"version-history":[{"count":6,"href":"https:\/\/www.notibras.com\/site\/wp-json\/wp\/v2\/posts\/379181\/revisions"}],"predecessor-version":[{"id":379188,"href":"https:\/\/www.notibras.com\/site\/wp-json\/wp\/v2\/posts\/379181\/revisions\/379188"}],"wp:featuredmedia":[{"embeddable":true,"href":"https:\/\/www.notibras.com\/site\/wp-json\/wp\/v2\/media\/379186"}],"wp:attachment":[{"href":"https:\/\/www.notibras.com\/site\/wp-json\/wp\/v2\/media?parent=379181"}],"wp:term":[{"taxonomy":"category","embeddable":true,"href":"https:\/\/www.notibras.com\/site\/wp-json\/wp\/v2\/categories?post=379181"},{"taxonomy":"post_tag","embeddable":true,"href":"https:\/\/www.notibras.com\/site\/wp-json\/wp\/v2\/tags?post=379181"}],"curies":[{"name":"wp","href":"https:\/\/api.w.org\/{rel}","templated":true}]}}