{"id":379189,"date":"2026-01-16T02:00:35","date_gmt":"2026-01-16T05:00:35","guid":{"rendered":"https:\/\/www.notibras.com\/site\/?p=379189"},"modified":"2026-01-16T00:04:40","modified_gmt":"2026-01-16T03:04:40","slug":"agiota-pescador-e-coronel","status":"publish","type":"post","link":"https:\/\/www.notibras.com\/site\/agiota-pescador-e-coronel\/","title":{"rendered":"Agiota, pescador e coronel"},"content":{"rendered":"<p>H\u00e1 quem se lembre do saudoso Jos\u00e9 Feliciano Raposo, o Rapos\u00e3o, cujas hist\u00f3rias ainda reverberam por Bras\u00edlia, cidade que adotou ap\u00f3s sair de Carolina, no Maranh\u00e3o, para progredir na vida. Se progrediu ou n\u00e3o, \u00e9 uma quest\u00e3o controversa, mesmo porque o sujeito, apesar de gente boa, n\u00e3o era l\u00e1 flor que se cheire.<\/p>\n<p>Nos idos de 1968, montou um escrit\u00f3rio de contabilidade no Setor Comercial Sul. Apesar do lucro razo\u00e1vel, nem de longe era a sua maior fonte de renda. \u00c9 que Rapos\u00e3o era agiota, e o local era perfeito para encobrir tal atividade, digamos, il\u00edcita.<\/p>\n<p>J\u00e1 perto de completar 70 anos, Rapos\u00e3o parecia n\u00e3o querer que a adolesc\u00eancia se desgarrasse do seu dia a dia. Tanto \u00e9 que, apesar de quase sempre estar de terno, talvez para aparentar certa seriedade, nunca abandonou por completo o bon\u00e9. Em vez de sapatos, chamativo par de t\u00eanis. E era assim que recebia clientela, amigos e autoridades, praticamente todos cientes dos seus neg\u00f3cios.<\/p>\n<p>Outra faceta do Rapos\u00e3o era o seu tr\u00e2nsito livre no Quilombo dos Calungas, \u00e0s margens do rio Paran\u00e3. Ele era apaixonado por pescarias e, n\u00e3o raro arrastava os mais chegados para passarem alguns dias no local, longe do estresse da cidade. Invariavelmente, Rapos\u00e3o gostava de tomar tr\u00eas ou quatro doses de aguardente e, somente depois de devidamente calibrado, criava coragem para ir pescar.<\/p>\n<p>Certa feita, nos idos de 1982 ou 1983, l\u00e1 foi o Rapos\u00e3o acompanhado do Antonho e do Ricard\u00e3o, que passariam facilmente por seus filhos, haja vista a disparidade de idades. No entanto, apesar de serem de gera\u00e7\u00f5es distantes, havia aquela conex\u00e3o t\u00edpica de amizade verdadeira. Os rapazes at\u00e9 sabiam que a pescaria s\u00f3 come\u00e7ava ap\u00f3s as v\u00e1rias rodadas de cacha\u00e7a, como se S\u00e3o Pedro, padroeiro dos pescadores, guiasse os embriagados para o local onde os peixes se aglomeravam.<\/p>\n<p>Ap\u00f3s quase uma semana de pescaria e bebedeira, eis que o trio pegou a estrada de volta para Bras\u00edlia. Iam num Jeep cheio de irregularidades, al\u00e9m da carga absurda de peixes, muito acima da permitida por lei. E n\u00e3o deu outra, foram parados em uma blitz. Antonho ao volante, Ricard\u00e3o ao lado, enquanto Rapos\u00e3o transpirava puro \u00e1lcool no banco de tr\u00e1s. Mas antes embriagado do que iludido, costumava dizer.<\/p>\n<p>Assim que o policial pediu a documenta\u00e7\u00e3o para Antonho, que tremia mais do que vara verde, eis que a voz rascante do Rapos\u00e3o cortou o ar.<\/p>\n<p>\u2014 Sou o coronel Raposo. Algum problema, policial?<\/p>\n<p>O homem da lei, pego de surpresa, nem se lembrou de pedir a documenta\u00e7\u00e3o do ve\u00edculo e do graduado. Tratou de bater contin\u00eancia e abriu caminho para o Jeep passar.<\/p>\n<p>J\u00e1 na estrada novamente, eis que o Ricard\u00e3o e o Antonho, surpresos por descobrirem que estavam na companhia de um oficial do ex\u00e9rcito, perguntaram por que Rapos\u00e3o nunca havia lhes informado sobre tal patente.<\/p>\n<p>\u2014 Voc\u00eas s\u00e3o dois boc\u00f3s mesmo! N\u00e3o tenho nem certificado de reservista. Nunca pisei num quartel.<\/p>\n<p><strong>\u2026\u2026\u2026\u2026\u2026\u2026\u2026\u2026<\/strong><\/p>\n<p><strong>Eduardo Mart\u00ednez \u00e9 autor do livro \u201957 Contos e Cr\u00f4nicas por um Autor Muito Velho\u2019 (Vencedor do Pr\u00eamio Liter\u00e1rio Clarice Lispector \u2013 2025 na categoria livro de contos).<\/strong><\/p>\n<p><strong>Compre aqui<\/strong><\/p>\n<p><a href=\"https:\/\/www.joanineditora.com.br\/57-contos-e-cronicas-por-um-autor-muito-velho\"><strong>https:\/\/www.joanineditora.com.br\/57-contos-e-cronicas-por-um-autor-muito-velho<\/strong><\/a><\/p>\n","protected":false},"excerpt":{"rendered":"<p>H\u00e1 quem se lembre do saudoso Jos\u00e9 Feliciano Raposo, o Rapos\u00e3o, cujas hist\u00f3rias ainda reverberam por Bras\u00edlia, cidade que adotou ap\u00f3s sair de Carolina, no Maranh\u00e3o, para progredir na vida. Se progrediu ou n\u00e3o, \u00e9 uma quest\u00e3o controversa, mesmo porque o sujeito, apesar de gente boa, n\u00e3o era l\u00e1 flor que se cheire. Nos idos [&hellip;]<\/p>\n","protected":false},"author":21,"featured_media":379190,"comment_status":"closed","ping_status":"closed","sticky":false,"template":"","format":"standard","meta":{"_acf_changed":false,"footnotes":""},"categories":[161],"tags":[],"class_list":["post-379189","post","type-post","status-publish","format-standard","has-post-thumbnail","hentry","category-quadradinho-em-foco"],"acf":[],"yoast_head":"<!-- This site is optimized with the Yoast SEO plugin v27.2 - https:\/\/yoast.com\/product\/yoast-seo-wordpress\/ -->\n<title>Agiota, pescador e coronel - Notibras<\/title>\n<meta name=\"robots\" content=\"index, follow, max-snippet:-1, max-image-preview:large, max-video-preview:-1\" \/>\n<link rel=\"canonical\" href=\"https:\/\/www.notibras.com\/site\/agiota-pescador-e-coronel\/\" \/>\n<meta property=\"og:locale\" content=\"pt_BR\" \/>\n<meta property=\"og:type\" content=\"article\" \/>\n<meta property=\"og:title\" content=\"Agiota, pescador e coronel - Notibras\" \/>\n<meta property=\"og:description\" content=\"H\u00e1 quem se lembre do saudoso Jos\u00e9 Feliciano Raposo, o Rapos\u00e3o, cujas hist\u00f3rias ainda reverberam por Bras\u00edlia, cidade que adotou ap\u00f3s sair de Carolina, no Maranh\u00e3o, para progredir na vida. Se progrediu ou n\u00e3o, \u00e9 uma quest\u00e3o controversa, mesmo porque o sujeito, apesar de gente boa, n\u00e3o era l\u00e1 flor que se cheire. Nos idos [&hellip;]\" \/>\n<meta property=\"og:url\" content=\"https:\/\/www.notibras.com\/site\/agiota-pescador-e-coronel\/\" \/>\n<meta property=\"og:site_name\" content=\"Notibras\" \/>\n<meta property=\"article:publisher\" content=\"https:\/\/www.facebook.com\/notibras\/\" \/>\n<meta property=\"article:published_time\" content=\"2026-01-16T05:00:35+00:00\" \/>\n<meta property=\"og:image\" content=\"https:\/\/www.notibras.com\/site\/wp-content\/uploads\/2026\/01\/IMG_0352.jpg\" \/>\n\t<meta property=\"og:image:width\" content=\"938\" \/>\n\t<meta property=\"og:image:height\" content=\"867\" \/>\n\t<meta property=\"og:image:type\" content=\"image\/jpeg\" \/>\n<meta name=\"author\" content=\"Eduardo Mart\u00ednez\" \/>\n<meta name=\"twitter:card\" content=\"summary_large_image\" \/>\n<meta name=\"twitter:creator\" content=\"@Notibras\" \/>\n<meta name=\"twitter:site\" content=\"@Notibras\" \/>\n<meta name=\"twitter:label1\" content=\"Escrito por\" \/>\n\t<meta name=\"twitter:data1\" content=\"Eduardo Mart\u00ednez\" \/>\n\t<meta name=\"twitter:label2\" content=\"Est. tempo de leitura\" \/>\n\t<meta name=\"twitter:data2\" content=\"4 minutos\" \/>\n<script type=\"application\/ld+json\" class=\"yoast-schema-graph\">{\"@context\":\"https:\/\/schema.org\",\"@graph\":[{\"@type\":\"Article\",\"@id\":\"https:\/\/www.notibras.com\/site\/agiota-pescador-e-coronel\/#article\",\"isPartOf\":{\"@id\":\"https:\/\/www.notibras.com\/site\/agiota-pescador-e-coronel\/\"},\"author\":{\"name\":\"Eduardo Mart\u00ednez\",\"@id\":\"https:\/\/www.notibras.com\/site\/#\/schema\/person\/5b7fabf2aedc3ada2105f03b22b4d3dd\"},\"headline\":\"Agiota, pescador e coronel\",\"datePublished\":\"2026-01-16T05:00:35+00:00\",\"mainEntityOfPage\":{\"@id\":\"https:\/\/www.notibras.com\/site\/agiota-pescador-e-coronel\/\"},\"wordCount\":566,\"publisher\":{\"@id\":\"https:\/\/www.notibras.com\/site\/#organization\"},\"image\":{\"@id\":\"https:\/\/www.notibras.com\/site\/agiota-pescador-e-coronel\/#primaryimage\"},\"thumbnailUrl\":\"https:\/\/www.notibras.com\/site\/wp-content\/uploads\/2026\/01\/IMG_0352.jpg\",\"articleSection\":[\"Quadradinho em Foco\"],\"inLanguage\":\"pt-BR\"},{\"@type\":\"WebPage\",\"@id\":\"https:\/\/www.notibras.com\/site\/agiota-pescador-e-coronel\/\",\"url\":\"https:\/\/www.notibras.com\/site\/agiota-pescador-e-coronel\/\",\"name\":\"Agiota, pescador e coronel - Notibras\",\"isPartOf\":{\"@id\":\"https:\/\/www.notibras.com\/site\/#website\"},\"primaryImageOfPage\":{\"@id\":\"https:\/\/www.notibras.com\/site\/agiota-pescador-e-coronel\/#primaryimage\"},\"image\":{\"@id\":\"https:\/\/www.notibras.com\/site\/agiota-pescador-e-coronel\/#primaryimage\"},\"thumbnailUrl\":\"https:\/\/www.notibras.com\/site\/wp-content\/uploads\/2026\/01\/IMG_0352.jpg\",\"datePublished\":\"2026-01-16T05:00:35+00:00\",\"breadcrumb\":{\"@id\":\"https:\/\/www.notibras.com\/site\/agiota-pescador-e-coronel\/#breadcrumb\"},\"inLanguage\":\"pt-BR\",\"potentialAction\":[{\"@type\":\"ReadAction\",\"target\":[\"https:\/\/www.notibras.com\/site\/agiota-pescador-e-coronel\/\"]}]},{\"@type\":\"ImageObject\",\"inLanguage\":\"pt-BR\",\"@id\":\"https:\/\/www.notibras.com\/site\/agiota-pescador-e-coronel\/#primaryimage\",\"url\":\"https:\/\/www.notibras.com\/site\/wp-content\/uploads\/2026\/01\/IMG_0352.jpg\",\"contentUrl\":\"https:\/\/www.notibras.com\/site\/wp-content\/uploads\/2026\/01\/IMG_0352.jpg\",\"width\":938,\"height\":867},{\"@type\":\"BreadcrumbList\",\"@id\":\"https:\/\/www.notibras.com\/site\/agiota-pescador-e-coronel\/#breadcrumb\",\"itemListElement\":[{\"@type\":\"ListItem\",\"position\":1,\"name\":\"In\u00edcio\",\"item\":\"https:\/\/www.notibras.com\/site\/\"},{\"@type\":\"ListItem\",\"position\":2,\"name\":\"Agiota, pescador e coronel\"}]},{\"@type\":\"WebSite\",\"@id\":\"https:\/\/www.notibras.com\/site\/#website\",\"url\":\"https:\/\/www.notibras.com\/site\/\",\"name\":\"Notibras\",\"description\":\"Not\u00edcias de Bras\u00edlia, do Brasil e do Mundo\",\"publisher\":{\"@id\":\"https:\/\/www.notibras.com\/site\/#organization\"},\"potentialAction\":[{\"@type\":\"SearchAction\",\"target\":{\"@type\":\"EntryPoint\",\"urlTemplate\":\"https:\/\/www.notibras.com\/site\/?s={search_term_string}\"},\"query-input\":{\"@type\":\"PropertyValueSpecification\",\"valueRequired\":true,\"valueName\":\"search_term_string\"}}],\"inLanguage\":\"pt-BR\"},{\"@type\":\"Organization\",\"@id\":\"https:\/\/www.notibras.com\/site\/#organization\",\"name\":\"Grupo Notibras de Comunica\u00e7\u00e3o\",\"url\":\"https:\/\/www.notibras.com\/site\/\",\"logo\":{\"@type\":\"ImageObject\",\"inLanguage\":\"pt-BR\",\"@id\":\"https:\/\/www.notibras.com\/site\/#\/schema\/logo\/image\/\",\"url\":\"https:\/\/www.notibras.com\/site\/wp-content\/uploads\/2023\/01\/notibras23.png\",\"contentUrl\":\"https:\/\/www.notibras.com\/site\/wp-content\/uploads\/2023\/01\/notibras23.png\",\"width\":350,\"height\":87,\"caption\":\"Grupo Notibras de Comunica\u00e7\u00e3o\"},\"image\":{\"@id\":\"https:\/\/www.notibras.com\/site\/#\/schema\/logo\/image\/\"},\"sameAs\":[\"https:\/\/www.facebook.com\/notibras\/\",\"https:\/\/x.com\/Notibras\",\"https:\/\/www.instagram.com\/notibras\/\"]},{\"@type\":\"Person\",\"@id\":\"https:\/\/www.notibras.com\/site\/#\/schema\/person\/5b7fabf2aedc3ada2105f03b22b4d3dd\",\"name\":\"Eduardo Mart\u00ednez\",\"image\":{\"@type\":\"ImageObject\",\"inLanguage\":\"pt-BR\",\"@id\":\"https:\/\/secure.gravatar.com\/avatar\/7902f906289926289cbcda644b5197c796b893c6ffd7b9a536a42d290f7704a0?s=96&d=mm&r=g\",\"url\":\"https:\/\/secure.gravatar.com\/avatar\/7902f906289926289cbcda644b5197c796b893c6ffd7b9a536a42d290f7704a0?s=96&d=mm&r=g\",\"contentUrl\":\"https:\/\/secure.gravatar.com\/avatar\/7902f906289926289cbcda644b5197c796b893c6ffd7b9a536a42d290f7704a0?s=96&d=mm&r=g\",\"caption\":\"Eduardo Mart\u00ednez\"}}]}<\/script>\n<!-- \/ Yoast SEO plugin. -->","yoast_head_json":{"title":"Agiota, pescador e coronel - Notibras","robots":{"index":"index","follow":"follow","max-snippet":"max-snippet:-1","max-image-preview":"max-image-preview:large","max-video-preview":"max-video-preview:-1"},"canonical":"https:\/\/www.notibras.com\/site\/agiota-pescador-e-coronel\/","og_locale":"pt_BR","og_type":"article","og_title":"Agiota, pescador e coronel - Notibras","og_description":"H\u00e1 quem se lembre do saudoso Jos\u00e9 Feliciano Raposo, o Rapos\u00e3o, cujas hist\u00f3rias ainda reverberam por Bras\u00edlia, cidade que adotou ap\u00f3s sair de Carolina, no Maranh\u00e3o, para progredir na vida. Se progrediu ou n\u00e3o, \u00e9 uma quest\u00e3o controversa, mesmo porque o sujeito, apesar de gente boa, n\u00e3o era l\u00e1 flor que se cheire. Nos idos [&hellip;]","og_url":"https:\/\/www.notibras.com\/site\/agiota-pescador-e-coronel\/","og_site_name":"Notibras","article_publisher":"https:\/\/www.facebook.com\/notibras\/","article_published_time":"2026-01-16T05:00:35+00:00","og_image":[{"width":938,"height":867,"url":"https:\/\/www.notibras.com\/site\/wp-content\/uploads\/2026\/01\/IMG_0352.jpg","type":"image\/jpeg"}],"author":"Eduardo Mart\u00ednez","twitter_card":"summary_large_image","twitter_creator":"@Notibras","twitter_site":"@Notibras","twitter_misc":{"Escrito por":"Eduardo Mart\u00ednez","Est. tempo de leitura":"4 minutos"},"schema":{"@context":"https:\/\/schema.org","@graph":[{"@type":"Article","@id":"https:\/\/www.notibras.com\/site\/agiota-pescador-e-coronel\/#article","isPartOf":{"@id":"https:\/\/www.notibras.com\/site\/agiota-pescador-e-coronel\/"},"author":{"name":"Eduardo Mart\u00ednez","@id":"https:\/\/www.notibras.com\/site\/#\/schema\/person\/5b7fabf2aedc3ada2105f03b22b4d3dd"},"headline":"Agiota, pescador e coronel","datePublished":"2026-01-16T05:00:35+00:00","mainEntityOfPage":{"@id":"https:\/\/www.notibras.com\/site\/agiota-pescador-e-coronel\/"},"wordCount":566,"publisher":{"@id":"https:\/\/www.notibras.com\/site\/#organization"},"image":{"@id":"https:\/\/www.notibras.com\/site\/agiota-pescador-e-coronel\/#primaryimage"},"thumbnailUrl":"https:\/\/www.notibras.com\/site\/wp-content\/uploads\/2026\/01\/IMG_0352.jpg","articleSection":["Quadradinho em Foco"],"inLanguage":"pt-BR"},{"@type":"WebPage","@id":"https:\/\/www.notibras.com\/site\/agiota-pescador-e-coronel\/","url":"https:\/\/www.notibras.com\/site\/agiota-pescador-e-coronel\/","name":"Agiota, pescador e coronel - Notibras","isPartOf":{"@id":"https:\/\/www.notibras.com\/site\/#website"},"primaryImageOfPage":{"@id":"https:\/\/www.notibras.com\/site\/agiota-pescador-e-coronel\/#primaryimage"},"image":{"@id":"https:\/\/www.notibras.com\/site\/agiota-pescador-e-coronel\/#primaryimage"},"thumbnailUrl":"https:\/\/www.notibras.com\/site\/wp-content\/uploads\/2026\/01\/IMG_0352.jpg","datePublished":"2026-01-16T05:00:35+00:00","breadcrumb":{"@id":"https:\/\/www.notibras.com\/site\/agiota-pescador-e-coronel\/#breadcrumb"},"inLanguage":"pt-BR","potentialAction":[{"@type":"ReadAction","target":["https:\/\/www.notibras.com\/site\/agiota-pescador-e-coronel\/"]}]},{"@type":"ImageObject","inLanguage":"pt-BR","@id":"https:\/\/www.notibras.com\/site\/agiota-pescador-e-coronel\/#primaryimage","url":"https:\/\/www.notibras.com\/site\/wp-content\/uploads\/2026\/01\/IMG_0352.jpg","contentUrl":"https:\/\/www.notibras.com\/site\/wp-content\/uploads\/2026\/01\/IMG_0352.jpg","width":938,"height":867},{"@type":"BreadcrumbList","@id":"https:\/\/www.notibras.com\/site\/agiota-pescador-e-coronel\/#breadcrumb","itemListElement":[{"@type":"ListItem","position":1,"name":"In\u00edcio","item":"https:\/\/www.notibras.com\/site\/"},{"@type":"ListItem","position":2,"name":"Agiota, pescador e coronel"}]},{"@type":"WebSite","@id":"https:\/\/www.notibras.com\/site\/#website","url":"https:\/\/www.notibras.com\/site\/","name":"Notibras","description":"Not\u00edcias de Bras\u00edlia, do Brasil e do Mundo","publisher":{"@id":"https:\/\/www.notibras.com\/site\/#organization"},"potentialAction":[{"@type":"SearchAction","target":{"@type":"EntryPoint","urlTemplate":"https:\/\/www.notibras.com\/site\/?s={search_term_string}"},"query-input":{"@type":"PropertyValueSpecification","valueRequired":true,"valueName":"search_term_string"}}],"inLanguage":"pt-BR"},{"@type":"Organization","@id":"https:\/\/www.notibras.com\/site\/#organization","name":"Grupo Notibras de Comunica\u00e7\u00e3o","url":"https:\/\/www.notibras.com\/site\/","logo":{"@type":"ImageObject","inLanguage":"pt-BR","@id":"https:\/\/www.notibras.com\/site\/#\/schema\/logo\/image\/","url":"https:\/\/www.notibras.com\/site\/wp-content\/uploads\/2023\/01\/notibras23.png","contentUrl":"https:\/\/www.notibras.com\/site\/wp-content\/uploads\/2023\/01\/notibras23.png","width":350,"height":87,"caption":"Grupo Notibras de Comunica\u00e7\u00e3o"},"image":{"@id":"https:\/\/www.notibras.com\/site\/#\/schema\/logo\/image\/"},"sameAs":["https:\/\/www.facebook.com\/notibras\/","https:\/\/x.com\/Notibras","https:\/\/www.instagram.com\/notibras\/"]},{"@type":"Person","@id":"https:\/\/www.notibras.com\/site\/#\/schema\/person\/5b7fabf2aedc3ada2105f03b22b4d3dd","name":"Eduardo Mart\u00ednez","image":{"@type":"ImageObject","inLanguage":"pt-BR","@id":"https:\/\/secure.gravatar.com\/avatar\/7902f906289926289cbcda644b5197c796b893c6ffd7b9a536a42d290f7704a0?s=96&d=mm&r=g","url":"https:\/\/secure.gravatar.com\/avatar\/7902f906289926289cbcda644b5197c796b893c6ffd7b9a536a42d290f7704a0?s=96&d=mm&r=g","contentUrl":"https:\/\/secure.gravatar.com\/avatar\/7902f906289926289cbcda644b5197c796b893c6ffd7b9a536a42d290f7704a0?s=96&d=mm&r=g","caption":"Eduardo Mart\u00ednez"}}]}},"amp_enabled":true,"_links":{"self":[{"href":"https:\/\/www.notibras.com\/site\/wp-json\/wp\/v2\/posts\/379189","targetHints":{"allow":["GET"]}}],"collection":[{"href":"https:\/\/www.notibras.com\/site\/wp-json\/wp\/v2\/posts"}],"about":[{"href":"https:\/\/www.notibras.com\/site\/wp-json\/wp\/v2\/types\/post"}],"author":[{"embeddable":true,"href":"https:\/\/www.notibras.com\/site\/wp-json\/wp\/v2\/users\/21"}],"replies":[{"embeddable":true,"href":"https:\/\/www.notibras.com\/site\/wp-json\/wp\/v2\/comments?post=379189"}],"version-history":[{"count":2,"href":"https:\/\/www.notibras.com\/site\/wp-json\/wp\/v2\/posts\/379189\/revisions"}],"predecessor-version":[{"id":379192,"href":"https:\/\/www.notibras.com\/site\/wp-json\/wp\/v2\/posts\/379189\/revisions\/379192"}],"wp:featuredmedia":[{"embeddable":true,"href":"https:\/\/www.notibras.com\/site\/wp-json\/wp\/v2\/media\/379190"}],"wp:attachment":[{"href":"https:\/\/www.notibras.com\/site\/wp-json\/wp\/v2\/media?parent=379189"}],"wp:term":[{"taxonomy":"category","embeddable":true,"href":"https:\/\/www.notibras.com\/site\/wp-json\/wp\/v2\/categories?post=379189"},{"taxonomy":"post_tag","embeddable":true,"href":"https:\/\/www.notibras.com\/site\/wp-json\/wp\/v2\/tags?post=379189"}],"curies":[{"name":"wp","href":"https:\/\/api.w.org\/{rel}","templated":true}]}}