{"id":379203,"date":"2026-01-18T01:15:31","date_gmt":"2026-01-18T04:15:31","guid":{"rendered":"https:\/\/www.notibras.com\/site\/?p=379203"},"modified":"2026-01-18T05:01:29","modified_gmt":"2026-01-18T08:01:29","slug":"rose-marie-muraro-a-visao-que-avancou-alem-dos-proprios-olhos","status":"publish","type":"post","link":"https:\/\/www.notibras.com\/site\/rose-marie-muraro-a-visao-que-avancou-alem-dos-proprios-olhos\/","title":{"rendered":"Rose Marie Muraro, a vis\u00e3o que avan\u00e7ou al\u00e9m dos pr\u00f3prios olhos"},"content":{"rendered":"<p>Se a hist\u00f3ria do Brasil moderno fosse um livro, Rose Marie Muraro (1930\u20132014), a retratada de hoje em O Lado B da Literatura, seria a autora que reescreveu os cap\u00edtulos sobre liberdade. Conhecida como a Patrona do Feminismo Brasileiro, Rose foi muito mais do que uma intelectual; foi uma for\u00e7a da natureza que equilibrou, com suavidade e firmeza, a rebeldia pol\u00edtica e uma profunda espiritualidade.<\/p>\n<p>Rose nasceu com apenas 5% da vis\u00e3o em um dos olhos devido a sequelas de problemas nos primeiros dias de vida. Ironicamente, a mulher que mal conseguia ver as letras no papel tornou-se uma das maiores editoras e escritoras do pa\u00eds, assinando mais de 40 livros e editando outros 1.600. Ela frequentemente se descrevia como uma superadora de barreiras f\u00edsicas e sociais, o que lhe rendeu o apelido de &#8220;mulher imposs\u00edvel&#8221;.<\/p>\n<p>Sua luta come\u00e7ou cedo. Aos 5 anos, foi retirada da escola por sofrer preconceito devido \u00e0 sua defici\u00eancia visual. Longe das salas de aula tradicionais, ela &#8220;devorou&#8221; a obra de Monteiro Lobato, formando sozinha uma base intelectual que a levaria, d\u00e9cadas depois, a lecionar em universidades como Harvard e Cornell.<\/p>\n<p>Diferente de muitas vertentes do feminismo que se afastavam da religi\u00e3o, Rose manteve um v\u00ednculo profundo com a espiritualidade. Ela foi pe\u00e7a-chave na Teologia da Liberta\u00e7\u00e3o, trabalhando por 17 anos na Editora Vozes ao lado de Leonardo Boff. Juntos, eles provocaram reflex\u00f5es que sacudiram as estruturas da Igreja Cat\u00f3lica no Brasil, unindo justi\u00e7a social e direitos das mulheres.<\/p>\n<p>Em uma de suas experi\u00eancias mais curiosas para entender a desigualdade de g\u00eanero, Rose escreveu sobre &#8220;os seis meses em que foi homem&#8221;. Ela analisava a fundo a constru\u00e7\u00e3o da masculinidade para explicar por que a liberta\u00e7\u00e3o das mulheres tamb\u00e9m dependia da transforma\u00e7\u00e3o dos homens.<\/p>\n<p>Sua import\u00e2ncia foi tamanha que, em 2005, sua contribui\u00e7\u00e3o foi eternizada pela lei: ela foi declarada oficialmente a Patrona do Feminismo no Brasil. Mesmo ap\u00f3s sua morte, em 2014, Rose continua sendo lembrada como uma pioneira que usou sua &#8220;vis\u00e3o antecipadora&#8221; para desenhar um futuro onde o afeto e a igualdade caminhassem juntos.<\/p>\n<p>Para quem deseja conhecer sua voz, sua autobiografia &#8220;Mem\u00f3rias de uma Mulher Imposs\u00edvel&#8221; \u00e9 um ponto de partida sens\u00edvel para entender essa trajet\u00f3ria de luz em meio a tantas sombras.<\/p>\n<p>&#8220;A vida \u00e9 um deserto, mas o amor \u00e9 a fonte que o torna habit\u00e1vel.&#8221; \u2014 Rose Marie Muraro.<\/p>\n<p><strong>\u2026\u2026\u2026\u2026\u2026\u2026\u2026\u2026\u2026<\/strong><\/p>\n<p><strong>Cassiano Cond\u00e9, 82, ga\u00facho, deixou de teclar reportagens nas reda\u00e7\u00f5es por onde passou. Agora finca os p\u00e9s nas areias da Praia do Cassino, em Rio Grande, onde extrai p\u00e9rolas que se transformam em cr\u00f4nicas.<\/strong><\/p>\n","protected":false},"excerpt":{"rendered":"<p>Se a hist\u00f3ria do Brasil moderno fosse um livro, Rose Marie Muraro (1930\u20132014), a retratada de hoje em O Lado B da Literatura, seria a autora que reescreveu os cap\u00edtulos sobre liberdade. Conhecida como a Patrona do Feminismo Brasileiro, Rose foi muito mais do que uma intelectual; foi uma for\u00e7a da natureza que equilibrou, com [&hellip;]<\/p>\n","protected":false},"author":21,"featured_media":379204,"comment_status":"closed","ping_status":"closed","sticky":false,"template":"","format":"standard","meta":{"_acf_changed":false,"footnotes":""},"categories":[234],"tags":[],"class_list":["post-379203","post","type-post","status-publish","format-standard","has-post-thumbnail","hentry","category-cafe-literario"],"acf":[],"yoast_head":"<!-- This site is optimized with the Yoast SEO plugin v27.2 - https:\/\/yoast.com\/product\/yoast-seo-wordpress\/ -->\n<title>Rose Marie Muraro, a vis\u00e3o que avan\u00e7ou al\u00e9m dos pr\u00f3prios olhos - Notibras<\/title>\n<meta name=\"robots\" content=\"index, follow, max-snippet:-1, max-image-preview:large, max-video-preview:-1\" \/>\n<link rel=\"canonical\" href=\"https:\/\/www.notibras.com\/site\/rose-marie-muraro-a-visao-que-avancou-alem-dos-proprios-olhos\/\" \/>\n<meta property=\"og:locale\" content=\"pt_BR\" \/>\n<meta property=\"og:type\" content=\"article\" \/>\n<meta property=\"og:title\" content=\"Rose Marie Muraro, a vis\u00e3o que avan\u00e7ou al\u00e9m dos pr\u00f3prios olhos - Notibras\" \/>\n<meta property=\"og:description\" content=\"Se a hist\u00f3ria do Brasil moderno fosse um livro, Rose Marie Muraro (1930\u20132014), a retratada de hoje em O Lado B da Literatura, seria a autora que reescreveu os cap\u00edtulos sobre liberdade. Conhecida como a Patrona do Feminismo Brasileiro, Rose foi muito mais do que uma intelectual; foi uma for\u00e7a da natureza que equilibrou, com [&hellip;]\" \/>\n<meta property=\"og:url\" content=\"https:\/\/www.notibras.com\/site\/rose-marie-muraro-a-visao-que-avancou-alem-dos-proprios-olhos\/\" \/>\n<meta property=\"og:site_name\" content=\"Notibras\" \/>\n<meta property=\"article:publisher\" content=\"https:\/\/www.facebook.com\/notibras\/\" \/>\n<meta property=\"article:published_time\" content=\"2026-01-18T04:15:31+00:00\" \/>\n<meta property=\"article:modified_time\" content=\"2026-01-18T08:01:29+00:00\" \/>\n<meta property=\"og:image\" content=\"https:\/\/www.notibras.com\/site\/wp-content\/uploads\/2026\/01\/16622401.jpg\" \/>\n\t<meta property=\"og:image:width\" content=\"640\" \/>\n\t<meta property=\"og:image:height\" content=\"426\" \/>\n\t<meta property=\"og:image:type\" content=\"image\/jpeg\" \/>\n<meta name=\"author\" content=\"Eduardo Mart\u00ednez\" \/>\n<meta name=\"twitter:card\" content=\"summary_large_image\" \/>\n<meta name=\"twitter:creator\" content=\"@Notibras\" \/>\n<meta name=\"twitter:site\" content=\"@Notibras\" \/>\n<meta name=\"twitter:label1\" content=\"Escrito por\" \/>\n\t<meta name=\"twitter:data1\" content=\"Eduardo Mart\u00ednez\" \/>\n\t<meta name=\"twitter:label2\" content=\"Est. tempo de leitura\" \/>\n\t<meta name=\"twitter:data2\" content=\"3 minutos\" \/>\n<script type=\"application\/ld+json\" class=\"yoast-schema-graph\">{\"@context\":\"https:\/\/schema.org\",\"@graph\":[{\"@type\":\"Article\",\"@id\":\"https:\/\/www.notibras.com\/site\/rose-marie-muraro-a-visao-que-avancou-alem-dos-proprios-olhos\/#article\",\"isPartOf\":{\"@id\":\"https:\/\/www.notibras.com\/site\/rose-marie-muraro-a-visao-que-avancou-alem-dos-proprios-olhos\/\"},\"author\":{\"name\":\"Eduardo Mart\u00ednez\",\"@id\":\"https:\/\/www.notibras.com\/site\/#\/schema\/person\/5b7fabf2aedc3ada2105f03b22b4d3dd\"},\"headline\":\"Rose Marie Muraro, a vis\u00e3o que avan\u00e7ou al\u00e9m dos pr\u00f3prios olhos\",\"datePublished\":\"2026-01-18T04:15:31+00:00\",\"dateModified\":\"2026-01-18T08:01:29+00:00\",\"mainEntityOfPage\":{\"@id\":\"https:\/\/www.notibras.com\/site\/rose-marie-muraro-a-visao-que-avancou-alem-dos-proprios-olhos\/\"},\"wordCount\":464,\"publisher\":{\"@id\":\"https:\/\/www.notibras.com\/site\/#organization\"},\"image\":{\"@id\":\"https:\/\/www.notibras.com\/site\/rose-marie-muraro-a-visao-que-avancou-alem-dos-proprios-olhos\/#primaryimage\"},\"thumbnailUrl\":\"https:\/\/www.notibras.com\/site\/wp-content\/uploads\/2026\/01\/16622401.jpg\",\"articleSection\":[\"Caf\u00e9 Liter\u00e1rio\"],\"inLanguage\":\"pt-BR\"},{\"@type\":\"WebPage\",\"@id\":\"https:\/\/www.notibras.com\/site\/rose-marie-muraro-a-visao-que-avancou-alem-dos-proprios-olhos\/\",\"url\":\"https:\/\/www.notibras.com\/site\/rose-marie-muraro-a-visao-que-avancou-alem-dos-proprios-olhos\/\",\"name\":\"Rose Marie Muraro, a vis\u00e3o que avan\u00e7ou al\u00e9m dos pr\u00f3prios olhos - Notibras\",\"isPartOf\":{\"@id\":\"https:\/\/www.notibras.com\/site\/#website\"},\"primaryImageOfPage\":{\"@id\":\"https:\/\/www.notibras.com\/site\/rose-marie-muraro-a-visao-que-avancou-alem-dos-proprios-olhos\/#primaryimage\"},\"image\":{\"@id\":\"https:\/\/www.notibras.com\/site\/rose-marie-muraro-a-visao-que-avancou-alem-dos-proprios-olhos\/#primaryimage\"},\"thumbnailUrl\":\"https:\/\/www.notibras.com\/site\/wp-content\/uploads\/2026\/01\/16622401.jpg\",\"datePublished\":\"2026-01-18T04:15:31+00:00\",\"dateModified\":\"2026-01-18T08:01:29+00:00\",\"breadcrumb\":{\"@id\":\"https:\/\/www.notibras.com\/site\/rose-marie-muraro-a-visao-que-avancou-alem-dos-proprios-olhos\/#breadcrumb\"},\"inLanguage\":\"pt-BR\",\"potentialAction\":[{\"@type\":\"ReadAction\",\"target\":[\"https:\/\/www.notibras.com\/site\/rose-marie-muraro-a-visao-que-avancou-alem-dos-proprios-olhos\/\"]}]},{\"@type\":\"ImageObject\",\"inLanguage\":\"pt-BR\",\"@id\":\"https:\/\/www.notibras.com\/site\/rose-marie-muraro-a-visao-que-avancou-alem-dos-proprios-olhos\/#primaryimage\",\"url\":\"https:\/\/www.notibras.com\/site\/wp-content\/uploads\/2026\/01\/16622401.jpg\",\"contentUrl\":\"https:\/\/www.notibras.com\/site\/wp-content\/uploads\/2026\/01\/16622401.jpg\",\"width\":640,\"height\":426},{\"@type\":\"BreadcrumbList\",\"@id\":\"https:\/\/www.notibras.com\/site\/rose-marie-muraro-a-visao-que-avancou-alem-dos-proprios-olhos\/#breadcrumb\",\"itemListElement\":[{\"@type\":\"ListItem\",\"position\":1,\"name\":\"In\u00edcio\",\"item\":\"https:\/\/www.notibras.com\/site\/\"},{\"@type\":\"ListItem\",\"position\":2,\"name\":\"Rose Marie Muraro, a vis\u00e3o que avan\u00e7ou al\u00e9m dos pr\u00f3prios olhos\"}]},{\"@type\":\"WebSite\",\"@id\":\"https:\/\/www.notibras.com\/site\/#website\",\"url\":\"https:\/\/www.notibras.com\/site\/\",\"name\":\"Notibras\",\"description\":\"Not\u00edcias de Bras\u00edlia, do Brasil e do Mundo\",\"publisher\":{\"@id\":\"https:\/\/www.notibras.com\/site\/#organization\"},\"potentialAction\":[{\"@type\":\"SearchAction\",\"target\":{\"@type\":\"EntryPoint\",\"urlTemplate\":\"https:\/\/www.notibras.com\/site\/?s={search_term_string}\"},\"query-input\":{\"@type\":\"PropertyValueSpecification\",\"valueRequired\":true,\"valueName\":\"search_term_string\"}}],\"inLanguage\":\"pt-BR\"},{\"@type\":\"Organization\",\"@id\":\"https:\/\/www.notibras.com\/site\/#organization\",\"name\":\"Grupo Notibras de Comunica\u00e7\u00e3o\",\"url\":\"https:\/\/www.notibras.com\/site\/\",\"logo\":{\"@type\":\"ImageObject\",\"inLanguage\":\"pt-BR\",\"@id\":\"https:\/\/www.notibras.com\/site\/#\/schema\/logo\/image\/\",\"url\":\"https:\/\/www.notibras.com\/site\/wp-content\/uploads\/2023\/01\/notibras23.png\",\"contentUrl\":\"https:\/\/www.notibras.com\/site\/wp-content\/uploads\/2023\/01\/notibras23.png\",\"width\":350,\"height\":87,\"caption\":\"Grupo Notibras de Comunica\u00e7\u00e3o\"},\"image\":{\"@id\":\"https:\/\/www.notibras.com\/site\/#\/schema\/logo\/image\/\"},\"sameAs\":[\"https:\/\/www.facebook.com\/notibras\/\",\"https:\/\/x.com\/Notibras\",\"https:\/\/www.instagram.com\/notibras\/\"]},{\"@type\":\"Person\",\"@id\":\"https:\/\/www.notibras.com\/site\/#\/schema\/person\/5b7fabf2aedc3ada2105f03b22b4d3dd\",\"name\":\"Eduardo Mart\u00ednez\",\"image\":{\"@type\":\"ImageObject\",\"inLanguage\":\"pt-BR\",\"@id\":\"https:\/\/secure.gravatar.com\/avatar\/7902f906289926289cbcda644b5197c796b893c6ffd7b9a536a42d290f7704a0?s=96&d=mm&r=g\",\"url\":\"https:\/\/secure.gravatar.com\/avatar\/7902f906289926289cbcda644b5197c796b893c6ffd7b9a536a42d290f7704a0?s=96&d=mm&r=g\",\"contentUrl\":\"https:\/\/secure.gravatar.com\/avatar\/7902f906289926289cbcda644b5197c796b893c6ffd7b9a536a42d290f7704a0?s=96&d=mm&r=g\",\"caption\":\"Eduardo Mart\u00ednez\"}}]}<\/script>\n<!-- \/ Yoast SEO plugin. -->","yoast_head_json":{"title":"Rose Marie Muraro, a vis\u00e3o que avan\u00e7ou al\u00e9m dos pr\u00f3prios olhos - Notibras","robots":{"index":"index","follow":"follow","max-snippet":"max-snippet:-1","max-image-preview":"max-image-preview:large","max-video-preview":"max-video-preview:-1"},"canonical":"https:\/\/www.notibras.com\/site\/rose-marie-muraro-a-visao-que-avancou-alem-dos-proprios-olhos\/","og_locale":"pt_BR","og_type":"article","og_title":"Rose Marie Muraro, a vis\u00e3o que avan\u00e7ou al\u00e9m dos pr\u00f3prios olhos - Notibras","og_description":"Se a hist\u00f3ria do Brasil moderno fosse um livro, Rose Marie Muraro (1930\u20132014), a retratada de hoje em O Lado B da Literatura, seria a autora que reescreveu os cap\u00edtulos sobre liberdade. Conhecida como a Patrona do Feminismo Brasileiro, Rose foi muito mais do que uma intelectual; foi uma for\u00e7a da natureza que equilibrou, com [&hellip;]","og_url":"https:\/\/www.notibras.com\/site\/rose-marie-muraro-a-visao-que-avancou-alem-dos-proprios-olhos\/","og_site_name":"Notibras","article_publisher":"https:\/\/www.facebook.com\/notibras\/","article_published_time":"2026-01-18T04:15:31+00:00","article_modified_time":"2026-01-18T08:01:29+00:00","og_image":[{"width":640,"height":426,"url":"https:\/\/www.notibras.com\/site\/wp-content\/uploads\/2026\/01\/16622401.jpg","type":"image\/jpeg"}],"author":"Eduardo Mart\u00ednez","twitter_card":"summary_large_image","twitter_creator":"@Notibras","twitter_site":"@Notibras","twitter_misc":{"Escrito por":"Eduardo Mart\u00ednez","Est. tempo de leitura":"3 minutos"},"schema":{"@context":"https:\/\/schema.org","@graph":[{"@type":"Article","@id":"https:\/\/www.notibras.com\/site\/rose-marie-muraro-a-visao-que-avancou-alem-dos-proprios-olhos\/#article","isPartOf":{"@id":"https:\/\/www.notibras.com\/site\/rose-marie-muraro-a-visao-que-avancou-alem-dos-proprios-olhos\/"},"author":{"name":"Eduardo Mart\u00ednez","@id":"https:\/\/www.notibras.com\/site\/#\/schema\/person\/5b7fabf2aedc3ada2105f03b22b4d3dd"},"headline":"Rose Marie Muraro, a vis\u00e3o que avan\u00e7ou al\u00e9m dos pr\u00f3prios olhos","datePublished":"2026-01-18T04:15:31+00:00","dateModified":"2026-01-18T08:01:29+00:00","mainEntityOfPage":{"@id":"https:\/\/www.notibras.com\/site\/rose-marie-muraro-a-visao-que-avancou-alem-dos-proprios-olhos\/"},"wordCount":464,"publisher":{"@id":"https:\/\/www.notibras.com\/site\/#organization"},"image":{"@id":"https:\/\/www.notibras.com\/site\/rose-marie-muraro-a-visao-que-avancou-alem-dos-proprios-olhos\/#primaryimage"},"thumbnailUrl":"https:\/\/www.notibras.com\/site\/wp-content\/uploads\/2026\/01\/16622401.jpg","articleSection":["Caf\u00e9 Liter\u00e1rio"],"inLanguage":"pt-BR"},{"@type":"WebPage","@id":"https:\/\/www.notibras.com\/site\/rose-marie-muraro-a-visao-que-avancou-alem-dos-proprios-olhos\/","url":"https:\/\/www.notibras.com\/site\/rose-marie-muraro-a-visao-que-avancou-alem-dos-proprios-olhos\/","name":"Rose Marie Muraro, a vis\u00e3o que avan\u00e7ou al\u00e9m dos pr\u00f3prios olhos - Notibras","isPartOf":{"@id":"https:\/\/www.notibras.com\/site\/#website"},"primaryImageOfPage":{"@id":"https:\/\/www.notibras.com\/site\/rose-marie-muraro-a-visao-que-avancou-alem-dos-proprios-olhos\/#primaryimage"},"image":{"@id":"https:\/\/www.notibras.com\/site\/rose-marie-muraro-a-visao-que-avancou-alem-dos-proprios-olhos\/#primaryimage"},"thumbnailUrl":"https:\/\/www.notibras.com\/site\/wp-content\/uploads\/2026\/01\/16622401.jpg","datePublished":"2026-01-18T04:15:31+00:00","dateModified":"2026-01-18T08:01:29+00:00","breadcrumb":{"@id":"https:\/\/www.notibras.com\/site\/rose-marie-muraro-a-visao-que-avancou-alem-dos-proprios-olhos\/#breadcrumb"},"inLanguage":"pt-BR","potentialAction":[{"@type":"ReadAction","target":["https:\/\/www.notibras.com\/site\/rose-marie-muraro-a-visao-que-avancou-alem-dos-proprios-olhos\/"]}]},{"@type":"ImageObject","inLanguage":"pt-BR","@id":"https:\/\/www.notibras.com\/site\/rose-marie-muraro-a-visao-que-avancou-alem-dos-proprios-olhos\/#primaryimage","url":"https:\/\/www.notibras.com\/site\/wp-content\/uploads\/2026\/01\/16622401.jpg","contentUrl":"https:\/\/www.notibras.com\/site\/wp-content\/uploads\/2026\/01\/16622401.jpg","width":640,"height":426},{"@type":"BreadcrumbList","@id":"https:\/\/www.notibras.com\/site\/rose-marie-muraro-a-visao-que-avancou-alem-dos-proprios-olhos\/#breadcrumb","itemListElement":[{"@type":"ListItem","position":1,"name":"In\u00edcio","item":"https:\/\/www.notibras.com\/site\/"},{"@type":"ListItem","position":2,"name":"Rose Marie Muraro, a vis\u00e3o que avan\u00e7ou al\u00e9m dos pr\u00f3prios olhos"}]},{"@type":"WebSite","@id":"https:\/\/www.notibras.com\/site\/#website","url":"https:\/\/www.notibras.com\/site\/","name":"Notibras","description":"Not\u00edcias de Bras\u00edlia, do Brasil e do Mundo","publisher":{"@id":"https:\/\/www.notibras.com\/site\/#organization"},"potentialAction":[{"@type":"SearchAction","target":{"@type":"EntryPoint","urlTemplate":"https:\/\/www.notibras.com\/site\/?s={search_term_string}"},"query-input":{"@type":"PropertyValueSpecification","valueRequired":true,"valueName":"search_term_string"}}],"inLanguage":"pt-BR"},{"@type":"Organization","@id":"https:\/\/www.notibras.com\/site\/#organization","name":"Grupo Notibras de Comunica\u00e7\u00e3o","url":"https:\/\/www.notibras.com\/site\/","logo":{"@type":"ImageObject","inLanguage":"pt-BR","@id":"https:\/\/www.notibras.com\/site\/#\/schema\/logo\/image\/","url":"https:\/\/www.notibras.com\/site\/wp-content\/uploads\/2023\/01\/notibras23.png","contentUrl":"https:\/\/www.notibras.com\/site\/wp-content\/uploads\/2023\/01\/notibras23.png","width":350,"height":87,"caption":"Grupo Notibras de Comunica\u00e7\u00e3o"},"image":{"@id":"https:\/\/www.notibras.com\/site\/#\/schema\/logo\/image\/"},"sameAs":["https:\/\/www.facebook.com\/notibras\/","https:\/\/x.com\/Notibras","https:\/\/www.instagram.com\/notibras\/"]},{"@type":"Person","@id":"https:\/\/www.notibras.com\/site\/#\/schema\/person\/5b7fabf2aedc3ada2105f03b22b4d3dd","name":"Eduardo Mart\u00ednez","image":{"@type":"ImageObject","inLanguage":"pt-BR","@id":"https:\/\/secure.gravatar.com\/avatar\/7902f906289926289cbcda644b5197c796b893c6ffd7b9a536a42d290f7704a0?s=96&d=mm&r=g","url":"https:\/\/secure.gravatar.com\/avatar\/7902f906289926289cbcda644b5197c796b893c6ffd7b9a536a42d290f7704a0?s=96&d=mm&r=g","contentUrl":"https:\/\/secure.gravatar.com\/avatar\/7902f906289926289cbcda644b5197c796b893c6ffd7b9a536a42d290f7704a0?s=96&d=mm&r=g","caption":"Eduardo Mart\u00ednez"}}]}},"amp_enabled":true,"_links":{"self":[{"href":"https:\/\/www.notibras.com\/site\/wp-json\/wp\/v2\/posts\/379203","targetHints":{"allow":["GET"]}}],"collection":[{"href":"https:\/\/www.notibras.com\/site\/wp-json\/wp\/v2\/posts"}],"about":[{"href":"https:\/\/www.notibras.com\/site\/wp-json\/wp\/v2\/types\/post"}],"author":[{"embeddable":true,"href":"https:\/\/www.notibras.com\/site\/wp-json\/wp\/v2\/users\/21"}],"replies":[{"embeddable":true,"href":"https:\/\/www.notibras.com\/site\/wp-json\/wp\/v2\/comments?post=379203"}],"version-history":[{"count":5,"href":"https:\/\/www.notibras.com\/site\/wp-json\/wp\/v2\/posts\/379203\/revisions"}],"predecessor-version":[{"id":379487,"href":"https:\/\/www.notibras.com\/site\/wp-json\/wp\/v2\/posts\/379203\/revisions\/379487"}],"wp:featuredmedia":[{"embeddable":true,"href":"https:\/\/www.notibras.com\/site\/wp-json\/wp\/v2\/media\/379204"}],"wp:attachment":[{"href":"https:\/\/www.notibras.com\/site\/wp-json\/wp\/v2\/media?parent=379203"}],"wp:term":[{"taxonomy":"category","embeddable":true,"href":"https:\/\/www.notibras.com\/site\/wp-json\/wp\/v2\/categories?post=379203"},{"taxonomy":"post_tag","embeddable":true,"href":"https:\/\/www.notibras.com\/site\/wp-json\/wp\/v2\/tags?post=379203"}],"curies":[{"name":"wp","href":"https:\/\/api.w.org\/{rel}","templated":true}]}}