{"id":379211,"date":"2026-01-17T00:15:53","date_gmt":"2026-01-17T03:15:53","guid":{"rendered":"https:\/\/www.notibras.com\/site\/?p=379211"},"modified":"2026-01-16T01:18:13","modified_gmt":"2026-01-16T04:18:13","slug":"nao-estou-envelhecendo-virei-um-classico","status":"publish","type":"post","link":"https:\/\/www.notibras.com\/site\/nao-estou-envelhecendo-virei-um-classico\/","title":{"rendered":"N\u00e3o estou envelhecendo, virei um cl\u00e1ssico"},"content":{"rendered":"<p>H\u00e1 uma frase que me fazia rir e, agora, nem tanto:<\/p>\n<p>\u201c75 anos (ou qualquer que seja a idade do atleta) n\u00e3o \u00e9 muito, se voc\u00ea for uma \u00e1rvore\u201d.<\/p>\n<p>Parei de rir dessas palavras quando fiz 71 anos. Agora estou com 75, em junho completo 76 outoninhos \u2013 t\u00f4 virando um baob\u00e1. Falta muito pra uma sequoia, mas vamos em frente, n\u00e3o estou com a menor pressa.<\/p>\n<p>Ent\u00e3o, procurei defini\u00e7\u00f5es de idade mais amenas, menos adversas \u00e0 autoestima. Uma delas foi dada por uma amiga, no seu anivers\u00e1rio:<\/p>\n<p>\u201cN\u00e3o estou envelhecendo, estou virando um cl\u00e1ssico.\u201d<\/p>\n<p>\u00c9 bom, melhor que ser uma \u00e1rvore. O problema \u00e9 que cl\u00e1ssico, pra quem escreve, remete \u00e0queles livros luxuosamente encadernados, vendidos a metro, para preencher estantes de apartamentos luxuosos, pertencentes a milion\u00e1rios arrogantes e incultos. Livros que jamais ser\u00e3o abertos, manuseados. Ent\u00e3o, n\u00e3o.<\/p>\n<p>Outra amiga observou:<\/p>\n<p>\u201cEu n\u00e3o envelheci, virei edi\u00e7\u00e3o de colecionadores\u201d.<\/p>\n<p>Edi\u00e7\u00e3o de colecionador \u00e9 melhor que cl\u00e1ssico. Colecionadores apreciam, em certos casos amam de paix\u00e3o as coisas que t\u00eam e as conservam com todo zelo. O problema \u00e9 que em geral s\u00e3o velhos, cheios de manias \u2013 em processo amplo, geral e irrestrito de baobagem ou sequoiagem. E de velho basta eu.<\/p>\n<p>Ent\u00e3o cheguei a outra defini\u00e7\u00e3o, minha (a menos que tenha roubado as palavras de algu\u00e9m e n\u00e3o lembre, mem\u00f3ria de veio \u00e9 uma lama):<\/p>\n<p>\u201cN\u00e3o estou velho, virei vintage\u201d.<\/p>\n<p>Vintage \u00e9 melhor que edi\u00e7\u00e3o de colecionador, cl\u00e1ssico e incomparavelmente melhor que \u00e1rvore. Vintage alarga o leque, abrange mo\u00e7oilas descoladas que curtem usar vestidos antigos e por a\u00ed vai. (Abrange mo\u00e7os tamb\u00e9m, mas melhor n\u00e3o, n\u00e3o \u00e9 minha praia). Vintage remete a algo usado e abusado, ostentado, esfregado na cara das invejosas. E pra todos esses usos e abusos me ofere\u00e7o, s\u00f4frega e humildemente.<\/p>\n<p>Ent\u00e3o, mo\u00e7oilas descoladas \u2013 nem precisam ser mo\u00e7oilas, mulheres de qualquer idade me divertem \u2013 que queiram me fazer mal, aproveitar da inoc\u00eancia de um ve\u00ednho vintage, n\u00e3o hesitem, n\u00e3o pensem duas vezes, estamos a\u00ed.<\/p>\n","protected":false},"excerpt":{"rendered":"<p>H\u00e1 uma frase que me fazia rir e, agora, nem tanto: \u201c75 anos (ou qualquer que seja a idade do atleta) n\u00e3o \u00e9 muito, se voc\u00ea for uma \u00e1rvore\u201d. Parei de rir dessas palavras quando fiz 71 anos. Agora estou com 75, em junho completo 76 outoninhos \u2013 t\u00f4 virando um baob\u00e1. Falta muito pra [&hellip;]<\/p>\n","protected":false},"author":21,"featured_media":379212,"comment_status":"closed","ping_status":"closed","sticky":false,"template":"","format":"standard","meta":{"_acf_changed":false,"footnotes":""},"categories":[234],"tags":[],"class_list":["post-379211","post","type-post","status-publish","format-standard","has-post-thumbnail","hentry","category-cafe-literario"],"acf":[],"yoast_head":"<!-- This site is optimized with the Yoast SEO plugin v27.2 - https:\/\/yoast.com\/product\/yoast-seo-wordpress\/ -->\n<title>N\u00e3o estou envelhecendo, virei um cl\u00e1ssico - Notibras<\/title>\n<meta name=\"robots\" content=\"index, follow, max-snippet:-1, max-image-preview:large, max-video-preview:-1\" \/>\n<link rel=\"canonical\" href=\"https:\/\/www.notibras.com\/site\/nao-estou-envelhecendo-virei-um-classico\/\" \/>\n<meta property=\"og:locale\" content=\"pt_BR\" \/>\n<meta property=\"og:type\" content=\"article\" \/>\n<meta property=\"og:title\" content=\"N\u00e3o estou envelhecendo, virei um cl\u00e1ssico - Notibras\" \/>\n<meta property=\"og:description\" content=\"H\u00e1 uma frase que me fazia rir e, agora, nem tanto: \u201c75 anos (ou qualquer que seja a idade do atleta) n\u00e3o \u00e9 muito, se voc\u00ea for uma \u00e1rvore\u201d. Parei de rir dessas palavras quando fiz 71 anos. Agora estou com 75, em junho completo 76 outoninhos \u2013 t\u00f4 virando um baob\u00e1. Falta muito pra [&hellip;]\" \/>\n<meta property=\"og:url\" content=\"https:\/\/www.notibras.com\/site\/nao-estou-envelhecendo-virei-um-classico\/\" \/>\n<meta property=\"og:site_name\" content=\"Notibras\" \/>\n<meta property=\"article:publisher\" content=\"https:\/\/www.facebook.com\/notibras\/\" \/>\n<meta property=\"article:published_time\" content=\"2026-01-17T03:15:53+00:00\" \/>\n<meta property=\"og:image\" content=\"https:\/\/www.notibras.com\/site\/wp-content\/uploads\/2026\/01\/IMG_0357.jpg\" \/>\n\t<meta property=\"og:image:width\" content=\"1023\" \/>\n\t<meta property=\"og:image:height\" content=\"928\" \/>\n\t<meta property=\"og:image:type\" content=\"image\/jpeg\" \/>\n<meta name=\"author\" content=\"Eduardo Mart\u00ednez\" \/>\n<meta name=\"twitter:card\" content=\"summary_large_image\" \/>\n<meta name=\"twitter:creator\" content=\"@Notibras\" \/>\n<meta name=\"twitter:site\" content=\"@Notibras\" \/>\n<meta name=\"twitter:label1\" content=\"Escrito por\" \/>\n\t<meta name=\"twitter:data1\" content=\"Eduardo Mart\u00ednez\" \/>\n\t<meta name=\"twitter:label2\" content=\"Est. tempo de leitura\" \/>\n\t<meta name=\"twitter:data2\" content=\"3 minutos\" \/>\n<script type=\"application\/ld+json\" class=\"yoast-schema-graph\">{\"@context\":\"https:\/\/schema.org\",\"@graph\":[{\"@type\":\"Article\",\"@id\":\"https:\/\/www.notibras.com\/site\/nao-estou-envelhecendo-virei-um-classico\/#article\",\"isPartOf\":{\"@id\":\"https:\/\/www.notibras.com\/site\/nao-estou-envelhecendo-virei-um-classico\/\"},\"author\":{\"name\":\"Eduardo Mart\u00ednez\",\"@id\":\"https:\/\/www.notibras.com\/site\/#\/schema\/person\/5b7fabf2aedc3ada2105f03b22b4d3dd\"},\"headline\":\"N\u00e3o estou envelhecendo, virei um cl\u00e1ssico\",\"datePublished\":\"2026-01-17T03:15:53+00:00\",\"mainEntityOfPage\":{\"@id\":\"https:\/\/www.notibras.com\/site\/nao-estou-envelhecendo-virei-um-classico\/\"},\"wordCount\":360,\"publisher\":{\"@id\":\"https:\/\/www.notibras.com\/site\/#organization\"},\"image\":{\"@id\":\"https:\/\/www.notibras.com\/site\/nao-estou-envelhecendo-virei-um-classico\/#primaryimage\"},\"thumbnailUrl\":\"https:\/\/www.notibras.com\/site\/wp-content\/uploads\/2026\/01\/IMG_0357.jpg\",\"articleSection\":[\"Caf\u00e9 Liter\u00e1rio\"],\"inLanguage\":\"pt-BR\"},{\"@type\":\"WebPage\",\"@id\":\"https:\/\/www.notibras.com\/site\/nao-estou-envelhecendo-virei-um-classico\/\",\"url\":\"https:\/\/www.notibras.com\/site\/nao-estou-envelhecendo-virei-um-classico\/\",\"name\":\"N\u00e3o estou envelhecendo, virei um cl\u00e1ssico - Notibras\",\"isPartOf\":{\"@id\":\"https:\/\/www.notibras.com\/site\/#website\"},\"primaryImageOfPage\":{\"@id\":\"https:\/\/www.notibras.com\/site\/nao-estou-envelhecendo-virei-um-classico\/#primaryimage\"},\"image\":{\"@id\":\"https:\/\/www.notibras.com\/site\/nao-estou-envelhecendo-virei-um-classico\/#primaryimage\"},\"thumbnailUrl\":\"https:\/\/www.notibras.com\/site\/wp-content\/uploads\/2026\/01\/IMG_0357.jpg\",\"datePublished\":\"2026-01-17T03:15:53+00:00\",\"breadcrumb\":{\"@id\":\"https:\/\/www.notibras.com\/site\/nao-estou-envelhecendo-virei-um-classico\/#breadcrumb\"},\"inLanguage\":\"pt-BR\",\"potentialAction\":[{\"@type\":\"ReadAction\",\"target\":[\"https:\/\/www.notibras.com\/site\/nao-estou-envelhecendo-virei-um-classico\/\"]}]},{\"@type\":\"ImageObject\",\"inLanguage\":\"pt-BR\",\"@id\":\"https:\/\/www.notibras.com\/site\/nao-estou-envelhecendo-virei-um-classico\/#primaryimage\",\"url\":\"https:\/\/www.notibras.com\/site\/wp-content\/uploads\/2026\/01\/IMG_0357.jpg\",\"contentUrl\":\"https:\/\/www.notibras.com\/site\/wp-content\/uploads\/2026\/01\/IMG_0357.jpg\",\"width\":1023,\"height\":928},{\"@type\":\"BreadcrumbList\",\"@id\":\"https:\/\/www.notibras.com\/site\/nao-estou-envelhecendo-virei-um-classico\/#breadcrumb\",\"itemListElement\":[{\"@type\":\"ListItem\",\"position\":1,\"name\":\"In\u00edcio\",\"item\":\"https:\/\/www.notibras.com\/site\/\"},{\"@type\":\"ListItem\",\"position\":2,\"name\":\"N\u00e3o estou envelhecendo, virei um cl\u00e1ssico\"}]},{\"@type\":\"WebSite\",\"@id\":\"https:\/\/www.notibras.com\/site\/#website\",\"url\":\"https:\/\/www.notibras.com\/site\/\",\"name\":\"Notibras\",\"description\":\"Not\u00edcias de Bras\u00edlia, do Brasil e do Mundo\",\"publisher\":{\"@id\":\"https:\/\/www.notibras.com\/site\/#organization\"},\"potentialAction\":[{\"@type\":\"SearchAction\",\"target\":{\"@type\":\"EntryPoint\",\"urlTemplate\":\"https:\/\/www.notibras.com\/site\/?s={search_term_string}\"},\"query-input\":{\"@type\":\"PropertyValueSpecification\",\"valueRequired\":true,\"valueName\":\"search_term_string\"}}],\"inLanguage\":\"pt-BR\"},{\"@type\":\"Organization\",\"@id\":\"https:\/\/www.notibras.com\/site\/#organization\",\"name\":\"Grupo Notibras de Comunica\u00e7\u00e3o\",\"url\":\"https:\/\/www.notibras.com\/site\/\",\"logo\":{\"@type\":\"ImageObject\",\"inLanguage\":\"pt-BR\",\"@id\":\"https:\/\/www.notibras.com\/site\/#\/schema\/logo\/image\/\",\"url\":\"https:\/\/www.notibras.com\/site\/wp-content\/uploads\/2023\/01\/notibras23.png\",\"contentUrl\":\"https:\/\/www.notibras.com\/site\/wp-content\/uploads\/2023\/01\/notibras23.png\",\"width\":350,\"height\":87,\"caption\":\"Grupo Notibras de Comunica\u00e7\u00e3o\"},\"image\":{\"@id\":\"https:\/\/www.notibras.com\/site\/#\/schema\/logo\/image\/\"},\"sameAs\":[\"https:\/\/www.facebook.com\/notibras\/\",\"https:\/\/x.com\/Notibras\",\"https:\/\/www.instagram.com\/notibras\/\"]},{\"@type\":\"Person\",\"@id\":\"https:\/\/www.notibras.com\/site\/#\/schema\/person\/5b7fabf2aedc3ada2105f03b22b4d3dd\",\"name\":\"Eduardo Mart\u00ednez\",\"image\":{\"@type\":\"ImageObject\",\"inLanguage\":\"pt-BR\",\"@id\":\"https:\/\/secure.gravatar.com\/avatar\/7902f906289926289cbcda644b5197c796b893c6ffd7b9a536a42d290f7704a0?s=96&d=mm&r=g\",\"url\":\"https:\/\/secure.gravatar.com\/avatar\/7902f906289926289cbcda644b5197c796b893c6ffd7b9a536a42d290f7704a0?s=96&d=mm&r=g\",\"contentUrl\":\"https:\/\/secure.gravatar.com\/avatar\/7902f906289926289cbcda644b5197c796b893c6ffd7b9a536a42d290f7704a0?s=96&d=mm&r=g\",\"caption\":\"Eduardo Mart\u00ednez\"}}]}<\/script>\n<!-- \/ Yoast SEO plugin. -->","yoast_head_json":{"title":"N\u00e3o estou envelhecendo, virei um cl\u00e1ssico - Notibras","robots":{"index":"index","follow":"follow","max-snippet":"max-snippet:-1","max-image-preview":"max-image-preview:large","max-video-preview":"max-video-preview:-1"},"canonical":"https:\/\/www.notibras.com\/site\/nao-estou-envelhecendo-virei-um-classico\/","og_locale":"pt_BR","og_type":"article","og_title":"N\u00e3o estou envelhecendo, virei um cl\u00e1ssico - Notibras","og_description":"H\u00e1 uma frase que me fazia rir e, agora, nem tanto: \u201c75 anos (ou qualquer que seja a idade do atleta) n\u00e3o \u00e9 muito, se voc\u00ea for uma \u00e1rvore\u201d. Parei de rir dessas palavras quando fiz 71 anos. Agora estou com 75, em junho completo 76 outoninhos \u2013 t\u00f4 virando um baob\u00e1. Falta muito pra [&hellip;]","og_url":"https:\/\/www.notibras.com\/site\/nao-estou-envelhecendo-virei-um-classico\/","og_site_name":"Notibras","article_publisher":"https:\/\/www.facebook.com\/notibras\/","article_published_time":"2026-01-17T03:15:53+00:00","og_image":[{"width":1023,"height":928,"url":"https:\/\/www.notibras.com\/site\/wp-content\/uploads\/2026\/01\/IMG_0357.jpg","type":"image\/jpeg"}],"author":"Eduardo Mart\u00ednez","twitter_card":"summary_large_image","twitter_creator":"@Notibras","twitter_site":"@Notibras","twitter_misc":{"Escrito por":"Eduardo Mart\u00ednez","Est. tempo de leitura":"3 minutos"},"schema":{"@context":"https:\/\/schema.org","@graph":[{"@type":"Article","@id":"https:\/\/www.notibras.com\/site\/nao-estou-envelhecendo-virei-um-classico\/#article","isPartOf":{"@id":"https:\/\/www.notibras.com\/site\/nao-estou-envelhecendo-virei-um-classico\/"},"author":{"name":"Eduardo Mart\u00ednez","@id":"https:\/\/www.notibras.com\/site\/#\/schema\/person\/5b7fabf2aedc3ada2105f03b22b4d3dd"},"headline":"N\u00e3o estou envelhecendo, virei um cl\u00e1ssico","datePublished":"2026-01-17T03:15:53+00:00","mainEntityOfPage":{"@id":"https:\/\/www.notibras.com\/site\/nao-estou-envelhecendo-virei-um-classico\/"},"wordCount":360,"publisher":{"@id":"https:\/\/www.notibras.com\/site\/#organization"},"image":{"@id":"https:\/\/www.notibras.com\/site\/nao-estou-envelhecendo-virei-um-classico\/#primaryimage"},"thumbnailUrl":"https:\/\/www.notibras.com\/site\/wp-content\/uploads\/2026\/01\/IMG_0357.jpg","articleSection":["Caf\u00e9 Liter\u00e1rio"],"inLanguage":"pt-BR"},{"@type":"WebPage","@id":"https:\/\/www.notibras.com\/site\/nao-estou-envelhecendo-virei-um-classico\/","url":"https:\/\/www.notibras.com\/site\/nao-estou-envelhecendo-virei-um-classico\/","name":"N\u00e3o estou envelhecendo, virei um cl\u00e1ssico - Notibras","isPartOf":{"@id":"https:\/\/www.notibras.com\/site\/#website"},"primaryImageOfPage":{"@id":"https:\/\/www.notibras.com\/site\/nao-estou-envelhecendo-virei-um-classico\/#primaryimage"},"image":{"@id":"https:\/\/www.notibras.com\/site\/nao-estou-envelhecendo-virei-um-classico\/#primaryimage"},"thumbnailUrl":"https:\/\/www.notibras.com\/site\/wp-content\/uploads\/2026\/01\/IMG_0357.jpg","datePublished":"2026-01-17T03:15:53+00:00","breadcrumb":{"@id":"https:\/\/www.notibras.com\/site\/nao-estou-envelhecendo-virei-um-classico\/#breadcrumb"},"inLanguage":"pt-BR","potentialAction":[{"@type":"ReadAction","target":["https:\/\/www.notibras.com\/site\/nao-estou-envelhecendo-virei-um-classico\/"]}]},{"@type":"ImageObject","inLanguage":"pt-BR","@id":"https:\/\/www.notibras.com\/site\/nao-estou-envelhecendo-virei-um-classico\/#primaryimage","url":"https:\/\/www.notibras.com\/site\/wp-content\/uploads\/2026\/01\/IMG_0357.jpg","contentUrl":"https:\/\/www.notibras.com\/site\/wp-content\/uploads\/2026\/01\/IMG_0357.jpg","width":1023,"height":928},{"@type":"BreadcrumbList","@id":"https:\/\/www.notibras.com\/site\/nao-estou-envelhecendo-virei-um-classico\/#breadcrumb","itemListElement":[{"@type":"ListItem","position":1,"name":"In\u00edcio","item":"https:\/\/www.notibras.com\/site\/"},{"@type":"ListItem","position":2,"name":"N\u00e3o estou envelhecendo, virei um cl\u00e1ssico"}]},{"@type":"WebSite","@id":"https:\/\/www.notibras.com\/site\/#website","url":"https:\/\/www.notibras.com\/site\/","name":"Notibras","description":"Not\u00edcias de Bras\u00edlia, do Brasil e do Mundo","publisher":{"@id":"https:\/\/www.notibras.com\/site\/#organization"},"potentialAction":[{"@type":"SearchAction","target":{"@type":"EntryPoint","urlTemplate":"https:\/\/www.notibras.com\/site\/?s={search_term_string}"},"query-input":{"@type":"PropertyValueSpecification","valueRequired":true,"valueName":"search_term_string"}}],"inLanguage":"pt-BR"},{"@type":"Organization","@id":"https:\/\/www.notibras.com\/site\/#organization","name":"Grupo Notibras de Comunica\u00e7\u00e3o","url":"https:\/\/www.notibras.com\/site\/","logo":{"@type":"ImageObject","inLanguage":"pt-BR","@id":"https:\/\/www.notibras.com\/site\/#\/schema\/logo\/image\/","url":"https:\/\/www.notibras.com\/site\/wp-content\/uploads\/2023\/01\/notibras23.png","contentUrl":"https:\/\/www.notibras.com\/site\/wp-content\/uploads\/2023\/01\/notibras23.png","width":350,"height":87,"caption":"Grupo Notibras de Comunica\u00e7\u00e3o"},"image":{"@id":"https:\/\/www.notibras.com\/site\/#\/schema\/logo\/image\/"},"sameAs":["https:\/\/www.facebook.com\/notibras\/","https:\/\/x.com\/Notibras","https:\/\/www.instagram.com\/notibras\/"]},{"@type":"Person","@id":"https:\/\/www.notibras.com\/site\/#\/schema\/person\/5b7fabf2aedc3ada2105f03b22b4d3dd","name":"Eduardo Mart\u00ednez","image":{"@type":"ImageObject","inLanguage":"pt-BR","@id":"https:\/\/secure.gravatar.com\/avatar\/7902f906289926289cbcda644b5197c796b893c6ffd7b9a536a42d290f7704a0?s=96&d=mm&r=g","url":"https:\/\/secure.gravatar.com\/avatar\/7902f906289926289cbcda644b5197c796b893c6ffd7b9a536a42d290f7704a0?s=96&d=mm&r=g","contentUrl":"https:\/\/secure.gravatar.com\/avatar\/7902f906289926289cbcda644b5197c796b893c6ffd7b9a536a42d290f7704a0?s=96&d=mm&r=g","caption":"Eduardo Mart\u00ednez"}}]}},"amp_enabled":true,"_links":{"self":[{"href":"https:\/\/www.notibras.com\/site\/wp-json\/wp\/v2\/posts\/379211","targetHints":{"allow":["GET"]}}],"collection":[{"href":"https:\/\/www.notibras.com\/site\/wp-json\/wp\/v2\/posts"}],"about":[{"href":"https:\/\/www.notibras.com\/site\/wp-json\/wp\/v2\/types\/post"}],"author":[{"embeddable":true,"href":"https:\/\/www.notibras.com\/site\/wp-json\/wp\/v2\/users\/21"}],"replies":[{"embeddable":true,"href":"https:\/\/www.notibras.com\/site\/wp-json\/wp\/v2\/comments?post=379211"}],"version-history":[{"count":3,"href":"https:\/\/www.notibras.com\/site\/wp-json\/wp\/v2\/posts\/379211\/revisions"}],"predecessor-version":[{"id":379215,"href":"https:\/\/www.notibras.com\/site\/wp-json\/wp\/v2\/posts\/379211\/revisions\/379215"}],"wp:featuredmedia":[{"embeddable":true,"href":"https:\/\/www.notibras.com\/site\/wp-json\/wp\/v2\/media\/379212"}],"wp:attachment":[{"href":"https:\/\/www.notibras.com\/site\/wp-json\/wp\/v2\/media?parent=379211"}],"wp:term":[{"taxonomy":"category","embeddable":true,"href":"https:\/\/www.notibras.com\/site\/wp-json\/wp\/v2\/categories?post=379211"},{"taxonomy":"post_tag","embeddable":true,"href":"https:\/\/www.notibras.com\/site\/wp-json\/wp\/v2\/tags?post=379211"}],"curies":[{"name":"wp","href":"https:\/\/api.w.org\/{rel}","templated":true}]}}