{"id":379216,"date":"2026-01-19T00:00:16","date_gmt":"2026-01-19T03:00:16","guid":{"rendered":"https:\/\/www.notibras.com\/site\/?p=379216"},"modified":"2026-01-16T01:25:44","modified_gmt":"2026-01-16T04:25:44","slug":"milhares-de-criancas-nasceram-nove-meses-depois","status":"publish","type":"post","link":"https:\/\/www.notibras.com\/site\/milhares-de-criancas-nasceram-nove-meses-depois\/","title":{"rendered":"Milhares de crian\u00e7as nasceram nove meses depois"},"content":{"rendered":"<p>O apag\u00e3o come\u00e7ou \u00e0s 19h15 e se estendeu aos estados de S\u00e3o Paulo, Minas Gerais e Paran\u00e1.<\/p>\n<p>Jonas estava em casa, vendo TV, quando tudo desligou. Levou um susto, depois olhou pela janela do apartamento, no 8\u00ba andar, e viu boa parte da capital paulista \u00e0s escuras. \u201c\u00c9, pelo jeito vai demorar pra luz voltar\u201d, pensou. Seria uma longa noite, precariamente iluminada por velas ou lampi\u00f5es. Tudo podia acontecer.<\/p>\n<p>Fumou um cigarro junto \u00e0 janela e recordou o apag\u00e3o de Nova York, em 2003. J\u00e1 tinha lido a respeito, sabia que a metr\u00f3pole ficara sem energia por mais de 90 horas. \u201cNada a fazer sen\u00e3o trepar. E eles treparam adoidado\u201d, pensou com sorriso. \u201cMilhares de crian\u00e7as nasceram 9 meses depois\u201d. Pelo jeito, ia ser igual em S\u00e3o Paulo. S\u00f3 que ele estava sozinho&#8230;<\/p>\n<p>Apagou o cigarro e saiu para o corredor. Viu ent\u00e3o a porta do apartamento ao lado se abrir e uma mulher sair, empunhando uma vela. Tinha uns 40 anos e morava sozinha. Ele a cumprimentava quando se cruzavam no edif\u00edcio e sabia que se chamava Mariana, mas s\u00f3 isso. Nem a julgava atraente. Contudo, a luz difusa da vela suavizava suas fei\u00e7\u00f5es, tornando-as perturbadoramente belas.<\/p>\n<p>&#8211; Boa noite \u2013 disse ele (\u201cFrase idiota\u201d, pensou). \u2013 E decidiu improvisar:<\/p>\n<p>&#8211; Vou l\u00e1 embaixo ver se h\u00e1 algum problema com os fus\u00edveis. Quer vir comigo? Sua vela pode ser \u00fatil&#8230;<\/p>\n<p>Ela sabia que o apag\u00e3o seria demorado e n\u00e3o tinha nada a ver com fus\u00edveis. Mas n\u00e3o hesitou, eram dois animais buscando amparo um no outro.<\/p>\n<p>&#8211; Vamos sim.<\/p>\n<p>Ele e pegou pela m\u00e3o. Ela aceitou. E conduziu-o pela escada, em sil\u00eancio, com a vela iluminando um pouco \u00e0 frente.<\/p>\n<p>Na sala de m\u00e1quinas, nem examinaram a caixa de fus\u00edveis. Sempre em sil\u00eancio, olharam em torno, para constatar que estavam sozinhos, aproximaram-se e beijaram-se enlouquecidos. Praticamente n\u00e3o houve preliminares, ele p\u00f4s a rola para fora, tirou a calcinha dela e come\u00e7aram a trepar. Ele sabia que estavam reencenando um rito primordial, de unir sua energia sexual \u00e0 dela e envi\u00e1-la ao universo, para refor\u00e7ar a luz do Sol e suplicar pelo seu retorno. Era um ritual que j\u00e1 acontecia em torno das fogueiras dos neandertais e dos primeiros grupos de Homo Sap\u00edens; uma celebra\u00e7\u00e3o que se realizara nas civiliza\u00e7\u00f5es da antiguidade, em festivais como o do Sol Invictus, na Roma imperial. Ocorria em 25 de dezembro, numa antecipa\u00e7\u00e3o do retorno da luz ap\u00f3s a noite mais longa do ano. \u201cOs crist\u00e3os se apropriaram da data para o nascimento de Jesus. S\u00e3o uns ladr\u00f5es\u201d, pensou ocultando um sorriso.<\/p>\n<p>Depois arrumaram suas roupas e come\u00e7aram a subir os oito andares, guiados pela luz da vela. Continuavam sem falar. Sabiam que haveria novas trepadas na longa noite, no apartamento dele ou dela. Transas mais elaboradas, os dois nus na cama, preliminares gostosas, chupadas na xaninha e no cacete, talvez um anal, ia depender dela. E quem sabe fosse a primeira de muitas transas, em outras noites, depois que o blecaute terminasse.<\/p>\n<p>Mas o fundamental j\u00e1 fora realizado, a uni\u00e3o da energia sexual dos dois e seu encaminhamento ao Sol, em uma oferenda para fortalec\u00ea-lo e convid\u00e1-lo a retornar. \u201cOs pag\u00e3os sabiam das coisas, fuder \u00e9 uma celebra\u00e7\u00e3o da vida\u201d, pensou Jonas, enquanto acariciava \u2013 pela primeira vez \u2013 a bundinha que se movia \u00e0 sua frente. \u201cE fazer gostoso, dar prazer \u00e0 parceira ou ao parceiro \u00e9 o m\u00ednimo que devemos aos deuses\u201d.<\/p>\n","protected":false},"excerpt":{"rendered":"<p>O apag\u00e3o come\u00e7ou \u00e0s 19h15 e se estendeu aos estados de S\u00e3o Paulo, Minas Gerais e Paran\u00e1. Jonas estava em casa, vendo TV, quando tudo desligou. Levou um susto, depois olhou pela janela do apartamento, no 8\u00ba andar, e viu boa parte da capital paulista \u00e0s escuras. \u201c\u00c9, pelo jeito vai demorar pra luz voltar\u201d, [&hellip;]<\/p>\n","protected":false},"author":21,"featured_media":379218,"comment_status":"closed","ping_status":"closed","sticky":false,"template":"","format":"standard","meta":{"_acf_changed":false,"footnotes":""},"categories":[234],"tags":[],"class_list":["post-379216","post","type-post","status-publish","format-standard","has-post-thumbnail","hentry","category-cafe-literario"],"acf":[],"yoast_head":"<!-- This site is optimized with the Yoast SEO plugin v27.2 - https:\/\/yoast.com\/product\/yoast-seo-wordpress\/ -->\n<title>Milhares de crian\u00e7as nasceram nove meses depois - Notibras<\/title>\n<meta name=\"robots\" content=\"index, follow, max-snippet:-1, max-image-preview:large, max-video-preview:-1\" \/>\n<link rel=\"canonical\" href=\"https:\/\/www.notibras.com\/site\/milhares-de-criancas-nasceram-nove-meses-depois\/\" \/>\n<meta property=\"og:locale\" content=\"pt_BR\" \/>\n<meta property=\"og:type\" content=\"article\" \/>\n<meta property=\"og:title\" content=\"Milhares de crian\u00e7as nasceram nove meses depois - Notibras\" \/>\n<meta property=\"og:description\" content=\"O apag\u00e3o come\u00e7ou \u00e0s 19h15 e se estendeu aos estados de S\u00e3o Paulo, Minas Gerais e Paran\u00e1. Jonas estava em casa, vendo TV, quando tudo desligou. Levou um susto, depois olhou pela janela do apartamento, no 8\u00ba andar, e viu boa parte da capital paulista \u00e0s escuras. \u201c\u00c9, pelo jeito vai demorar pra luz voltar\u201d, [&hellip;]\" \/>\n<meta property=\"og:url\" content=\"https:\/\/www.notibras.com\/site\/milhares-de-criancas-nasceram-nove-meses-depois\/\" \/>\n<meta property=\"og:site_name\" content=\"Notibras\" \/>\n<meta property=\"article:publisher\" content=\"https:\/\/www.facebook.com\/notibras\/\" \/>\n<meta property=\"article:published_time\" content=\"2026-01-19T03:00:16+00:00\" \/>\n<meta property=\"og:image\" content=\"https:\/\/www.notibras.com\/site\/wp-content\/uploads\/2026\/01\/IMG_0358.jpg\" \/>\n\t<meta property=\"og:image:width\" content=\"1023\" \/>\n\t<meta property=\"og:image:height\" content=\"941\" \/>\n\t<meta property=\"og:image:type\" content=\"image\/jpeg\" \/>\n<meta name=\"author\" content=\"Eduardo Mart\u00ednez\" \/>\n<meta name=\"twitter:card\" content=\"summary_large_image\" \/>\n<meta name=\"twitter:creator\" content=\"@Notibras\" \/>\n<meta name=\"twitter:site\" content=\"@Notibras\" \/>\n<meta name=\"twitter:label1\" content=\"Escrito por\" \/>\n\t<meta name=\"twitter:data1\" content=\"Eduardo Mart\u00ednez\" \/>\n\t<meta name=\"twitter:label2\" content=\"Est. tempo de leitura\" \/>\n\t<meta name=\"twitter:data2\" content=\"4 minutos\" \/>\n<script type=\"application\/ld+json\" class=\"yoast-schema-graph\">{\"@context\":\"https:\/\/schema.org\",\"@graph\":[{\"@type\":\"Article\",\"@id\":\"https:\/\/www.notibras.com\/site\/milhares-de-criancas-nasceram-nove-meses-depois\/#article\",\"isPartOf\":{\"@id\":\"https:\/\/www.notibras.com\/site\/milhares-de-criancas-nasceram-nove-meses-depois\/\"},\"author\":{\"name\":\"Eduardo Mart\u00ednez\",\"@id\":\"https:\/\/www.notibras.com\/site\/#\/schema\/person\/5b7fabf2aedc3ada2105f03b22b4d3dd\"},\"headline\":\"Milhares de crian\u00e7as nasceram nove meses depois\",\"datePublished\":\"2026-01-19T03:00:16+00:00\",\"mainEntityOfPage\":{\"@id\":\"https:\/\/www.notibras.com\/site\/milhares-de-criancas-nasceram-nove-meses-depois\/\"},\"wordCount\":603,\"publisher\":{\"@id\":\"https:\/\/www.notibras.com\/site\/#organization\"},\"image\":{\"@id\":\"https:\/\/www.notibras.com\/site\/milhares-de-criancas-nasceram-nove-meses-depois\/#primaryimage\"},\"thumbnailUrl\":\"https:\/\/www.notibras.com\/site\/wp-content\/uploads\/2026\/01\/IMG_0358.jpg\",\"articleSection\":[\"Caf\u00e9 Liter\u00e1rio\"],\"inLanguage\":\"pt-BR\"},{\"@type\":\"WebPage\",\"@id\":\"https:\/\/www.notibras.com\/site\/milhares-de-criancas-nasceram-nove-meses-depois\/\",\"url\":\"https:\/\/www.notibras.com\/site\/milhares-de-criancas-nasceram-nove-meses-depois\/\",\"name\":\"Milhares de crian\u00e7as nasceram nove meses depois - Notibras\",\"isPartOf\":{\"@id\":\"https:\/\/www.notibras.com\/site\/#website\"},\"primaryImageOfPage\":{\"@id\":\"https:\/\/www.notibras.com\/site\/milhares-de-criancas-nasceram-nove-meses-depois\/#primaryimage\"},\"image\":{\"@id\":\"https:\/\/www.notibras.com\/site\/milhares-de-criancas-nasceram-nove-meses-depois\/#primaryimage\"},\"thumbnailUrl\":\"https:\/\/www.notibras.com\/site\/wp-content\/uploads\/2026\/01\/IMG_0358.jpg\",\"datePublished\":\"2026-01-19T03:00:16+00:00\",\"breadcrumb\":{\"@id\":\"https:\/\/www.notibras.com\/site\/milhares-de-criancas-nasceram-nove-meses-depois\/#breadcrumb\"},\"inLanguage\":\"pt-BR\",\"potentialAction\":[{\"@type\":\"ReadAction\",\"target\":[\"https:\/\/www.notibras.com\/site\/milhares-de-criancas-nasceram-nove-meses-depois\/\"]}]},{\"@type\":\"ImageObject\",\"inLanguage\":\"pt-BR\",\"@id\":\"https:\/\/www.notibras.com\/site\/milhares-de-criancas-nasceram-nove-meses-depois\/#primaryimage\",\"url\":\"https:\/\/www.notibras.com\/site\/wp-content\/uploads\/2026\/01\/IMG_0358.jpg\",\"contentUrl\":\"https:\/\/www.notibras.com\/site\/wp-content\/uploads\/2026\/01\/IMG_0358.jpg\",\"width\":1023,\"height\":941},{\"@type\":\"BreadcrumbList\",\"@id\":\"https:\/\/www.notibras.com\/site\/milhares-de-criancas-nasceram-nove-meses-depois\/#breadcrumb\",\"itemListElement\":[{\"@type\":\"ListItem\",\"position\":1,\"name\":\"In\u00edcio\",\"item\":\"https:\/\/www.notibras.com\/site\/\"},{\"@type\":\"ListItem\",\"position\":2,\"name\":\"Milhares de crian\u00e7as nasceram nove meses depois\"}]},{\"@type\":\"WebSite\",\"@id\":\"https:\/\/www.notibras.com\/site\/#website\",\"url\":\"https:\/\/www.notibras.com\/site\/\",\"name\":\"Notibras\",\"description\":\"Not\u00edcias de Bras\u00edlia, do Brasil e do Mundo\",\"publisher\":{\"@id\":\"https:\/\/www.notibras.com\/site\/#organization\"},\"potentialAction\":[{\"@type\":\"SearchAction\",\"target\":{\"@type\":\"EntryPoint\",\"urlTemplate\":\"https:\/\/www.notibras.com\/site\/?s={search_term_string}\"},\"query-input\":{\"@type\":\"PropertyValueSpecification\",\"valueRequired\":true,\"valueName\":\"search_term_string\"}}],\"inLanguage\":\"pt-BR\"},{\"@type\":\"Organization\",\"@id\":\"https:\/\/www.notibras.com\/site\/#organization\",\"name\":\"Grupo Notibras de Comunica\u00e7\u00e3o\",\"url\":\"https:\/\/www.notibras.com\/site\/\",\"logo\":{\"@type\":\"ImageObject\",\"inLanguage\":\"pt-BR\",\"@id\":\"https:\/\/www.notibras.com\/site\/#\/schema\/logo\/image\/\",\"url\":\"https:\/\/www.notibras.com\/site\/wp-content\/uploads\/2023\/01\/notibras23.png\",\"contentUrl\":\"https:\/\/www.notibras.com\/site\/wp-content\/uploads\/2023\/01\/notibras23.png\",\"width\":350,\"height\":87,\"caption\":\"Grupo Notibras de Comunica\u00e7\u00e3o\"},\"image\":{\"@id\":\"https:\/\/www.notibras.com\/site\/#\/schema\/logo\/image\/\"},\"sameAs\":[\"https:\/\/www.facebook.com\/notibras\/\",\"https:\/\/x.com\/Notibras\",\"https:\/\/www.instagram.com\/notibras\/\"]},{\"@type\":\"Person\",\"@id\":\"https:\/\/www.notibras.com\/site\/#\/schema\/person\/5b7fabf2aedc3ada2105f03b22b4d3dd\",\"name\":\"Eduardo Mart\u00ednez\",\"image\":{\"@type\":\"ImageObject\",\"inLanguage\":\"pt-BR\",\"@id\":\"https:\/\/secure.gravatar.com\/avatar\/7902f906289926289cbcda644b5197c796b893c6ffd7b9a536a42d290f7704a0?s=96&d=mm&r=g\",\"url\":\"https:\/\/secure.gravatar.com\/avatar\/7902f906289926289cbcda644b5197c796b893c6ffd7b9a536a42d290f7704a0?s=96&d=mm&r=g\",\"contentUrl\":\"https:\/\/secure.gravatar.com\/avatar\/7902f906289926289cbcda644b5197c796b893c6ffd7b9a536a42d290f7704a0?s=96&d=mm&r=g\",\"caption\":\"Eduardo Mart\u00ednez\"}}]}<\/script>\n<!-- \/ Yoast SEO plugin. -->","yoast_head_json":{"title":"Milhares de crian\u00e7as nasceram nove meses depois - Notibras","robots":{"index":"index","follow":"follow","max-snippet":"max-snippet:-1","max-image-preview":"max-image-preview:large","max-video-preview":"max-video-preview:-1"},"canonical":"https:\/\/www.notibras.com\/site\/milhares-de-criancas-nasceram-nove-meses-depois\/","og_locale":"pt_BR","og_type":"article","og_title":"Milhares de crian\u00e7as nasceram nove meses depois - Notibras","og_description":"O apag\u00e3o come\u00e7ou \u00e0s 19h15 e se estendeu aos estados de S\u00e3o Paulo, Minas Gerais e Paran\u00e1. Jonas estava em casa, vendo TV, quando tudo desligou. Levou um susto, depois olhou pela janela do apartamento, no 8\u00ba andar, e viu boa parte da capital paulista \u00e0s escuras. \u201c\u00c9, pelo jeito vai demorar pra luz voltar\u201d, [&hellip;]","og_url":"https:\/\/www.notibras.com\/site\/milhares-de-criancas-nasceram-nove-meses-depois\/","og_site_name":"Notibras","article_publisher":"https:\/\/www.facebook.com\/notibras\/","article_published_time":"2026-01-19T03:00:16+00:00","og_image":[{"width":1023,"height":941,"url":"https:\/\/www.notibras.com\/site\/wp-content\/uploads\/2026\/01\/IMG_0358.jpg","type":"image\/jpeg"}],"author":"Eduardo Mart\u00ednez","twitter_card":"summary_large_image","twitter_creator":"@Notibras","twitter_site":"@Notibras","twitter_misc":{"Escrito por":"Eduardo Mart\u00ednez","Est. tempo de leitura":"4 minutos"},"schema":{"@context":"https:\/\/schema.org","@graph":[{"@type":"Article","@id":"https:\/\/www.notibras.com\/site\/milhares-de-criancas-nasceram-nove-meses-depois\/#article","isPartOf":{"@id":"https:\/\/www.notibras.com\/site\/milhares-de-criancas-nasceram-nove-meses-depois\/"},"author":{"name":"Eduardo Mart\u00ednez","@id":"https:\/\/www.notibras.com\/site\/#\/schema\/person\/5b7fabf2aedc3ada2105f03b22b4d3dd"},"headline":"Milhares de crian\u00e7as nasceram nove meses depois","datePublished":"2026-01-19T03:00:16+00:00","mainEntityOfPage":{"@id":"https:\/\/www.notibras.com\/site\/milhares-de-criancas-nasceram-nove-meses-depois\/"},"wordCount":603,"publisher":{"@id":"https:\/\/www.notibras.com\/site\/#organization"},"image":{"@id":"https:\/\/www.notibras.com\/site\/milhares-de-criancas-nasceram-nove-meses-depois\/#primaryimage"},"thumbnailUrl":"https:\/\/www.notibras.com\/site\/wp-content\/uploads\/2026\/01\/IMG_0358.jpg","articleSection":["Caf\u00e9 Liter\u00e1rio"],"inLanguage":"pt-BR"},{"@type":"WebPage","@id":"https:\/\/www.notibras.com\/site\/milhares-de-criancas-nasceram-nove-meses-depois\/","url":"https:\/\/www.notibras.com\/site\/milhares-de-criancas-nasceram-nove-meses-depois\/","name":"Milhares de crian\u00e7as nasceram nove meses depois - Notibras","isPartOf":{"@id":"https:\/\/www.notibras.com\/site\/#website"},"primaryImageOfPage":{"@id":"https:\/\/www.notibras.com\/site\/milhares-de-criancas-nasceram-nove-meses-depois\/#primaryimage"},"image":{"@id":"https:\/\/www.notibras.com\/site\/milhares-de-criancas-nasceram-nove-meses-depois\/#primaryimage"},"thumbnailUrl":"https:\/\/www.notibras.com\/site\/wp-content\/uploads\/2026\/01\/IMG_0358.jpg","datePublished":"2026-01-19T03:00:16+00:00","breadcrumb":{"@id":"https:\/\/www.notibras.com\/site\/milhares-de-criancas-nasceram-nove-meses-depois\/#breadcrumb"},"inLanguage":"pt-BR","potentialAction":[{"@type":"ReadAction","target":["https:\/\/www.notibras.com\/site\/milhares-de-criancas-nasceram-nove-meses-depois\/"]}]},{"@type":"ImageObject","inLanguage":"pt-BR","@id":"https:\/\/www.notibras.com\/site\/milhares-de-criancas-nasceram-nove-meses-depois\/#primaryimage","url":"https:\/\/www.notibras.com\/site\/wp-content\/uploads\/2026\/01\/IMG_0358.jpg","contentUrl":"https:\/\/www.notibras.com\/site\/wp-content\/uploads\/2026\/01\/IMG_0358.jpg","width":1023,"height":941},{"@type":"BreadcrumbList","@id":"https:\/\/www.notibras.com\/site\/milhares-de-criancas-nasceram-nove-meses-depois\/#breadcrumb","itemListElement":[{"@type":"ListItem","position":1,"name":"In\u00edcio","item":"https:\/\/www.notibras.com\/site\/"},{"@type":"ListItem","position":2,"name":"Milhares de crian\u00e7as nasceram nove meses depois"}]},{"@type":"WebSite","@id":"https:\/\/www.notibras.com\/site\/#website","url":"https:\/\/www.notibras.com\/site\/","name":"Notibras","description":"Not\u00edcias de Bras\u00edlia, do Brasil e do Mundo","publisher":{"@id":"https:\/\/www.notibras.com\/site\/#organization"},"potentialAction":[{"@type":"SearchAction","target":{"@type":"EntryPoint","urlTemplate":"https:\/\/www.notibras.com\/site\/?s={search_term_string}"},"query-input":{"@type":"PropertyValueSpecification","valueRequired":true,"valueName":"search_term_string"}}],"inLanguage":"pt-BR"},{"@type":"Organization","@id":"https:\/\/www.notibras.com\/site\/#organization","name":"Grupo Notibras de Comunica\u00e7\u00e3o","url":"https:\/\/www.notibras.com\/site\/","logo":{"@type":"ImageObject","inLanguage":"pt-BR","@id":"https:\/\/www.notibras.com\/site\/#\/schema\/logo\/image\/","url":"https:\/\/www.notibras.com\/site\/wp-content\/uploads\/2023\/01\/notibras23.png","contentUrl":"https:\/\/www.notibras.com\/site\/wp-content\/uploads\/2023\/01\/notibras23.png","width":350,"height":87,"caption":"Grupo Notibras de Comunica\u00e7\u00e3o"},"image":{"@id":"https:\/\/www.notibras.com\/site\/#\/schema\/logo\/image\/"},"sameAs":["https:\/\/www.facebook.com\/notibras\/","https:\/\/x.com\/Notibras","https:\/\/www.instagram.com\/notibras\/"]},{"@type":"Person","@id":"https:\/\/www.notibras.com\/site\/#\/schema\/person\/5b7fabf2aedc3ada2105f03b22b4d3dd","name":"Eduardo Mart\u00ednez","image":{"@type":"ImageObject","inLanguage":"pt-BR","@id":"https:\/\/secure.gravatar.com\/avatar\/7902f906289926289cbcda644b5197c796b893c6ffd7b9a536a42d290f7704a0?s=96&d=mm&r=g","url":"https:\/\/secure.gravatar.com\/avatar\/7902f906289926289cbcda644b5197c796b893c6ffd7b9a536a42d290f7704a0?s=96&d=mm&r=g","contentUrl":"https:\/\/secure.gravatar.com\/avatar\/7902f906289926289cbcda644b5197c796b893c6ffd7b9a536a42d290f7704a0?s=96&d=mm&r=g","caption":"Eduardo Mart\u00ednez"}}]}},"amp_enabled":true,"_links":{"self":[{"href":"https:\/\/www.notibras.com\/site\/wp-json\/wp\/v2\/posts\/379216","targetHints":{"allow":["GET"]}}],"collection":[{"href":"https:\/\/www.notibras.com\/site\/wp-json\/wp\/v2\/posts"}],"about":[{"href":"https:\/\/www.notibras.com\/site\/wp-json\/wp\/v2\/types\/post"}],"author":[{"embeddable":true,"href":"https:\/\/www.notibras.com\/site\/wp-json\/wp\/v2\/users\/21"}],"replies":[{"embeddable":true,"href":"https:\/\/www.notibras.com\/site\/wp-json\/wp\/v2\/comments?post=379216"}],"version-history":[{"count":3,"href":"https:\/\/www.notibras.com\/site\/wp-json\/wp\/v2\/posts\/379216\/revisions"}],"predecessor-version":[{"id":379220,"href":"https:\/\/www.notibras.com\/site\/wp-json\/wp\/v2\/posts\/379216\/revisions\/379220"}],"wp:featuredmedia":[{"embeddable":true,"href":"https:\/\/www.notibras.com\/site\/wp-json\/wp\/v2\/media\/379218"}],"wp:attachment":[{"href":"https:\/\/www.notibras.com\/site\/wp-json\/wp\/v2\/media?parent=379216"}],"wp:term":[{"taxonomy":"category","embeddable":true,"href":"https:\/\/www.notibras.com\/site\/wp-json\/wp\/v2\/categories?post=379216"},{"taxonomy":"post_tag","embeddable":true,"href":"https:\/\/www.notibras.com\/site\/wp-json\/wp\/v2\/tags?post=379216"}],"curies":[{"name":"wp","href":"https:\/\/api.w.org\/{rel}","templated":true}]}}