{"id":379221,"date":"2026-01-18T00:30:19","date_gmt":"2026-01-18T03:30:19","guid":{"rendered":"https:\/\/www.notibras.com\/site\/?p=379221"},"modified":"2026-01-16T01:35:01","modified_gmt":"2026-01-16T04:35:01","slug":"isabel-era-poeta-e-contista-joao-dizia-se-poeta","status":"publish","type":"post","link":"https:\/\/www.notibras.com\/site\/isabel-era-poeta-e-contista-joao-dizia-se-poeta\/","title":{"rendered":"Isabel era poeta e contista, Jo\u00e3o dizia-se poeta"},"content":{"rendered":"<p>Isabel era poeta e contista. Das boas. Seus versos lancinantes harmonizavam-se bem com os contos, de um realismo amargo. Nos dois g\u00eaneros, sua mat\u00e9ria era o cac\u00f3fato rodriguiano, a vida como ela \u00e9. Por isso, n\u00e3o teve desculpa para o que lhe sucedeu, exceto esta, expressa por uma par\u00e1frase selvagem do fil\u00f3sofo franc\u00eas Blaise Pascal: a perereca tem raz\u00f5es que a raz\u00e3o desconhece, mas a periquita saca de longe.<\/p>\n<p>Jo\u00e3o dizia-se poeta, um homem sens\u00edvel e progressista, mas n\u00e3o passava de um aprendiz de gigol\u00f4, talvez n\u00e3o de quinta, no m\u00e1ximo de terceira categoria. Profissionalizou na gigolagem quando fui instalar um aparelho de ar-condicionado da casa de Isabel. Sorriu muito para a coroa, no m\u00ednimo 30 anos mais velha do que ele. Percebeu que uma onda de tes\u00e3o a envolvia e convidou-a para sair.<\/p>\n<p>&#8211; Sair? Melhor n\u00e3o, aqui \u00e9 mais divertido \u2013 pegou-o pela m\u00e3o e levou-o para o quarto.<\/p>\n<p>Em pouco tempo Jo\u00e3o passou a ser apresentado como \u201cmeu esposo\u201d. Os amigos de Isabel franziam o nariz, desdenhosos, mas ela n\u00e3o dava a m\u00ednima: suas partes baixas estavam batendo palminha, fazia tempo que n\u00e3o eram t\u00e3o homenageadas. E assim o casal desigual foi vivendo, Isabel em meio a seus contos e poemas, que mandava para os amigos; Jo\u00e3o&#8230;bem, ele consertava as coisas de casa (ou tentava, n\u00e3o era muito h\u00e1bil), cometia poemas do g\u00eanero amor-flor-dor e era um acompanhante sol\u00edcito. Gigolagem obriga.<\/p>\n<p>Mas Jo\u00e3o queria mais, queria ser reconhecido como um igual pelos integrantes do clube dos poetas \u2013 designa\u00e7\u00e3o que se davam os amigos de Isabel. Isso n\u00e3o acontecia, ao contr\u00e1rio, o desprezo em rela\u00e7\u00e3o a ele s\u00f3 aumentava. Ressentido, o poeta-gigol\u00f4 voltou-se contra Isabel. As retiradas de dinheiro, que ela fingia n\u00e3o perceber, tornaram-se ostensivas; as sa\u00eddas dele em busca de mulheres mais novas viraram parte da rotina. Os porres e o uso de drogas passaram a ser acontecimentos quase di\u00e1rios. A poeta lastimava-se pelo zap com os amigos. Era aconselhada a mandar embora aquele gigol\u00f4 fiodeuma\u00e9gua, mas n\u00e3o dava ouvidos. Como parafraseei, a perereca tem raz\u00f5es etc. e tal.<\/p>\n<p>Chegou o momento em que dominar a mulher idosa n\u00e3o bastava para Jo\u00e3o; ele quis controlar a figura p\u00fablica da poeta e contista. Primeiro, mexeu no celular dela, reduzindo drasticamente o alcance de suas postagens. Depois, passou a escrever para os membros do clube dos poetas como se fosse ela pr\u00f3pria, multiplicando os elogios \u00e0 \u201csensibilidade e solicitude do meu querido Jo\u00e3o\u201d. Eles logo perceberam a substitui\u00e7\u00e3o, pois as mensagens, al\u00e9m de bobinhas e repetitivas, eram escritas em p\u00e9ssimo portugu\u00eas. Por isso, convocaram uma reuni\u00e3o dos integrantes do clube dos poetas, por zoom. O tema era: \u201cSabemos que Isabel est\u00e1 prisioneira. Como libert\u00e1-la?\u201d<\/p>\n<p>Vates n\u00e3o s\u00e3o muito bons conspiradores, basta lembrar dos poetas-inconfidentes de Vila Rica, que meteram os p\u00e9s pelas m\u00e3os; mas, afinal, concordaram em um plano de a\u00e7\u00e3o. Certo dia em que Isabel apareceu sozinha, na porta da casa, uma menininha correu at\u00e9 ela e entregou-lhe um celular. Estava aberto no whatsapp e continha algumas mensagens.<\/p>\n<p>Isabel, sabemos que est\u00e1 com problemas. Mande \u00e1udios contando TUDO!<\/p>\n<p>Mande v\u00e1rios \u00e1udios. Se voc\u00ea tiver de parar, os anteriores nos d\u00e3o uma ideia da situa\u00e7\u00e3o.<\/p>\n<p>Distribuiremos os \u00e1udios entre todos os seus amigos.<\/p>\n<p>Podemos libert\u00e1-la. Voc\u00ea nos autoriza a agir?<\/p>\n<p>Jogue no mar esse aparelho depois de mandar o \u00faltimo \u00e1udio e responder \u00e0 pergunta acima.<\/p>\n<p>Ela obedeceu. Uma semana depois, o senhor Jo\u00e3o e a senhora Isabel foram convidados para um recital de poesia. O gigol\u00f4 ficou todo pimp\u00e3o, era a primeira vez que o nome dele aparecia antes do daquela velha ingrata, metida a escritora, que n\u00e3o tratava com o devido respeito o macho da casa.<\/p>\n<p>No dia marcado, \u00e0s 19 horas, Isabel e Jo\u00e3o sa\u00edram do edif\u00edcio. Ela ia na frente, ele dois passos atr\u00e1s, pois o gigol\u00f4 evitava o mais poss\u00edvel andar a seu lado. Houve um disparo de fuzil; o proj\u00e9til feriu Isabel no bra\u00e7o, de rasp\u00e3o \u2013 tiro preciso, para afastar suspeitas de cumplicidade dela \u2013 e se cravou no peito de Jo\u00e3o, que morreu na hora.<\/p>\n","protected":false},"excerpt":{"rendered":"<p>Isabel era poeta e contista. Das boas. Seus versos lancinantes harmonizavam-se bem com os contos, de um realismo amargo. Nos dois g\u00eaneros, sua mat\u00e9ria era o cac\u00f3fato rodriguiano, a vida como ela \u00e9. Por isso, n\u00e3o teve desculpa para o que lhe sucedeu, exceto esta, expressa por uma par\u00e1frase selvagem do fil\u00f3sofo franc\u00eas Blaise Pascal: [&hellip;]<\/p>\n","protected":false},"author":21,"featured_media":379222,"comment_status":"closed","ping_status":"closed","sticky":false,"template":"","format":"standard","meta":{"_acf_changed":false,"footnotes":""},"categories":[234],"tags":[],"class_list":["post-379221","post","type-post","status-publish","format-standard","has-post-thumbnail","hentry","category-cafe-literario"],"acf":[],"yoast_head":"<!-- This site is optimized with the Yoast SEO plugin v27.2 - https:\/\/yoast.com\/product\/yoast-seo-wordpress\/ -->\n<title>Isabel era poeta e contista, Jo\u00e3o dizia-se poeta - Notibras<\/title>\n<meta name=\"robots\" content=\"index, follow, max-snippet:-1, max-image-preview:large, max-video-preview:-1\" \/>\n<link rel=\"canonical\" href=\"https:\/\/www.notibras.com\/site\/isabel-era-poeta-e-contista-joao-dizia-se-poeta\/\" \/>\n<meta property=\"og:locale\" content=\"pt_BR\" \/>\n<meta property=\"og:type\" content=\"article\" \/>\n<meta property=\"og:title\" content=\"Isabel era poeta e contista, Jo\u00e3o dizia-se poeta - Notibras\" \/>\n<meta property=\"og:description\" content=\"Isabel era poeta e contista. Das boas. Seus versos lancinantes harmonizavam-se bem com os contos, de um realismo amargo. Nos dois g\u00eaneros, sua mat\u00e9ria era o cac\u00f3fato rodriguiano, a vida como ela \u00e9. Por isso, n\u00e3o teve desculpa para o que lhe sucedeu, exceto esta, expressa por uma par\u00e1frase selvagem do fil\u00f3sofo franc\u00eas Blaise Pascal: [&hellip;]\" \/>\n<meta property=\"og:url\" content=\"https:\/\/www.notibras.com\/site\/isabel-era-poeta-e-contista-joao-dizia-se-poeta\/\" \/>\n<meta property=\"og:site_name\" content=\"Notibras\" \/>\n<meta property=\"article:publisher\" content=\"https:\/\/www.facebook.com\/notibras\/\" \/>\n<meta property=\"article:published_time\" content=\"2026-01-18T03:30:19+00:00\" \/>\n<meta property=\"og:image\" content=\"https:\/\/www.notibras.com\/site\/wp-content\/uploads\/2026\/01\/IMG_0359.jpg\" \/>\n\t<meta property=\"og:image:width\" content=\"1023\" \/>\n\t<meta property=\"og:image:height\" content=\"906\" \/>\n\t<meta property=\"og:image:type\" content=\"image\/jpeg\" \/>\n<meta name=\"author\" content=\"Eduardo Mart\u00ednez\" \/>\n<meta name=\"twitter:card\" content=\"summary_large_image\" \/>\n<meta name=\"twitter:creator\" content=\"@Notibras\" \/>\n<meta name=\"twitter:site\" content=\"@Notibras\" \/>\n<meta name=\"twitter:label1\" content=\"Escrito por\" \/>\n\t<meta name=\"twitter:data1\" content=\"Eduardo Mart\u00ednez\" \/>\n\t<meta name=\"twitter:label2\" content=\"Est. tempo de leitura\" \/>\n\t<meta name=\"twitter:data2\" content=\"4 minutos\" \/>\n<script type=\"application\/ld+json\" class=\"yoast-schema-graph\">{\"@context\":\"https:\/\/schema.org\",\"@graph\":[{\"@type\":\"Article\",\"@id\":\"https:\/\/www.notibras.com\/site\/isabel-era-poeta-e-contista-joao-dizia-se-poeta\/#article\",\"isPartOf\":{\"@id\":\"https:\/\/www.notibras.com\/site\/isabel-era-poeta-e-contista-joao-dizia-se-poeta\/\"},\"author\":{\"name\":\"Eduardo Mart\u00ednez\",\"@id\":\"https:\/\/www.notibras.com\/site\/#\/schema\/person\/5b7fabf2aedc3ada2105f03b22b4d3dd\"},\"headline\":\"Isabel era poeta e contista, Jo\u00e3o dizia-se poeta\",\"datePublished\":\"2026-01-18T03:30:19+00:00\",\"mainEntityOfPage\":{\"@id\":\"https:\/\/www.notibras.com\/site\/isabel-era-poeta-e-contista-joao-dizia-se-poeta\/\"},\"wordCount\":747,\"publisher\":{\"@id\":\"https:\/\/www.notibras.com\/site\/#organization\"},\"image\":{\"@id\":\"https:\/\/www.notibras.com\/site\/isabel-era-poeta-e-contista-joao-dizia-se-poeta\/#primaryimage\"},\"thumbnailUrl\":\"https:\/\/www.notibras.com\/site\/wp-content\/uploads\/2026\/01\/IMG_0359.jpg\",\"articleSection\":[\"Caf\u00e9 Liter\u00e1rio\"],\"inLanguage\":\"pt-BR\"},{\"@type\":\"WebPage\",\"@id\":\"https:\/\/www.notibras.com\/site\/isabel-era-poeta-e-contista-joao-dizia-se-poeta\/\",\"url\":\"https:\/\/www.notibras.com\/site\/isabel-era-poeta-e-contista-joao-dizia-se-poeta\/\",\"name\":\"Isabel era poeta e contista, Jo\u00e3o dizia-se poeta - Notibras\",\"isPartOf\":{\"@id\":\"https:\/\/www.notibras.com\/site\/#website\"},\"primaryImageOfPage\":{\"@id\":\"https:\/\/www.notibras.com\/site\/isabel-era-poeta-e-contista-joao-dizia-se-poeta\/#primaryimage\"},\"image\":{\"@id\":\"https:\/\/www.notibras.com\/site\/isabel-era-poeta-e-contista-joao-dizia-se-poeta\/#primaryimage\"},\"thumbnailUrl\":\"https:\/\/www.notibras.com\/site\/wp-content\/uploads\/2026\/01\/IMG_0359.jpg\",\"datePublished\":\"2026-01-18T03:30:19+00:00\",\"breadcrumb\":{\"@id\":\"https:\/\/www.notibras.com\/site\/isabel-era-poeta-e-contista-joao-dizia-se-poeta\/#breadcrumb\"},\"inLanguage\":\"pt-BR\",\"potentialAction\":[{\"@type\":\"ReadAction\",\"target\":[\"https:\/\/www.notibras.com\/site\/isabel-era-poeta-e-contista-joao-dizia-se-poeta\/\"]}]},{\"@type\":\"ImageObject\",\"inLanguage\":\"pt-BR\",\"@id\":\"https:\/\/www.notibras.com\/site\/isabel-era-poeta-e-contista-joao-dizia-se-poeta\/#primaryimage\",\"url\":\"https:\/\/www.notibras.com\/site\/wp-content\/uploads\/2026\/01\/IMG_0359.jpg\",\"contentUrl\":\"https:\/\/www.notibras.com\/site\/wp-content\/uploads\/2026\/01\/IMG_0359.jpg\",\"width\":1023,\"height\":906},{\"@type\":\"BreadcrumbList\",\"@id\":\"https:\/\/www.notibras.com\/site\/isabel-era-poeta-e-contista-joao-dizia-se-poeta\/#breadcrumb\",\"itemListElement\":[{\"@type\":\"ListItem\",\"position\":1,\"name\":\"In\u00edcio\",\"item\":\"https:\/\/www.notibras.com\/site\/\"},{\"@type\":\"ListItem\",\"position\":2,\"name\":\"Isabel era poeta e contista, Jo\u00e3o dizia-se poeta\"}]},{\"@type\":\"WebSite\",\"@id\":\"https:\/\/www.notibras.com\/site\/#website\",\"url\":\"https:\/\/www.notibras.com\/site\/\",\"name\":\"Notibras\",\"description\":\"Not\u00edcias de Bras\u00edlia, do Brasil e do Mundo\",\"publisher\":{\"@id\":\"https:\/\/www.notibras.com\/site\/#organization\"},\"potentialAction\":[{\"@type\":\"SearchAction\",\"target\":{\"@type\":\"EntryPoint\",\"urlTemplate\":\"https:\/\/www.notibras.com\/site\/?s={search_term_string}\"},\"query-input\":{\"@type\":\"PropertyValueSpecification\",\"valueRequired\":true,\"valueName\":\"search_term_string\"}}],\"inLanguage\":\"pt-BR\"},{\"@type\":\"Organization\",\"@id\":\"https:\/\/www.notibras.com\/site\/#organization\",\"name\":\"Grupo Notibras de Comunica\u00e7\u00e3o\",\"url\":\"https:\/\/www.notibras.com\/site\/\",\"logo\":{\"@type\":\"ImageObject\",\"inLanguage\":\"pt-BR\",\"@id\":\"https:\/\/www.notibras.com\/site\/#\/schema\/logo\/image\/\",\"url\":\"https:\/\/www.notibras.com\/site\/wp-content\/uploads\/2023\/01\/notibras23.png\",\"contentUrl\":\"https:\/\/www.notibras.com\/site\/wp-content\/uploads\/2023\/01\/notibras23.png\",\"width\":350,\"height\":87,\"caption\":\"Grupo Notibras de Comunica\u00e7\u00e3o\"},\"image\":{\"@id\":\"https:\/\/www.notibras.com\/site\/#\/schema\/logo\/image\/\"},\"sameAs\":[\"https:\/\/www.facebook.com\/notibras\/\",\"https:\/\/x.com\/Notibras\",\"https:\/\/www.instagram.com\/notibras\/\"]},{\"@type\":\"Person\",\"@id\":\"https:\/\/www.notibras.com\/site\/#\/schema\/person\/5b7fabf2aedc3ada2105f03b22b4d3dd\",\"name\":\"Eduardo Mart\u00ednez\",\"image\":{\"@type\":\"ImageObject\",\"inLanguage\":\"pt-BR\",\"@id\":\"https:\/\/secure.gravatar.com\/avatar\/7902f906289926289cbcda644b5197c796b893c6ffd7b9a536a42d290f7704a0?s=96&d=mm&r=g\",\"url\":\"https:\/\/secure.gravatar.com\/avatar\/7902f906289926289cbcda644b5197c796b893c6ffd7b9a536a42d290f7704a0?s=96&d=mm&r=g\",\"contentUrl\":\"https:\/\/secure.gravatar.com\/avatar\/7902f906289926289cbcda644b5197c796b893c6ffd7b9a536a42d290f7704a0?s=96&d=mm&r=g\",\"caption\":\"Eduardo Mart\u00ednez\"}}]}<\/script>\n<!-- \/ Yoast SEO plugin. -->","yoast_head_json":{"title":"Isabel era poeta e contista, Jo\u00e3o dizia-se poeta - Notibras","robots":{"index":"index","follow":"follow","max-snippet":"max-snippet:-1","max-image-preview":"max-image-preview:large","max-video-preview":"max-video-preview:-1"},"canonical":"https:\/\/www.notibras.com\/site\/isabel-era-poeta-e-contista-joao-dizia-se-poeta\/","og_locale":"pt_BR","og_type":"article","og_title":"Isabel era poeta e contista, Jo\u00e3o dizia-se poeta - Notibras","og_description":"Isabel era poeta e contista. Das boas. Seus versos lancinantes harmonizavam-se bem com os contos, de um realismo amargo. Nos dois g\u00eaneros, sua mat\u00e9ria era o cac\u00f3fato rodriguiano, a vida como ela \u00e9. Por isso, n\u00e3o teve desculpa para o que lhe sucedeu, exceto esta, expressa por uma par\u00e1frase selvagem do fil\u00f3sofo franc\u00eas Blaise Pascal: [&hellip;]","og_url":"https:\/\/www.notibras.com\/site\/isabel-era-poeta-e-contista-joao-dizia-se-poeta\/","og_site_name":"Notibras","article_publisher":"https:\/\/www.facebook.com\/notibras\/","article_published_time":"2026-01-18T03:30:19+00:00","og_image":[{"width":1023,"height":906,"url":"https:\/\/www.notibras.com\/site\/wp-content\/uploads\/2026\/01\/IMG_0359.jpg","type":"image\/jpeg"}],"author":"Eduardo Mart\u00ednez","twitter_card":"summary_large_image","twitter_creator":"@Notibras","twitter_site":"@Notibras","twitter_misc":{"Escrito por":"Eduardo Mart\u00ednez","Est. tempo de leitura":"4 minutos"},"schema":{"@context":"https:\/\/schema.org","@graph":[{"@type":"Article","@id":"https:\/\/www.notibras.com\/site\/isabel-era-poeta-e-contista-joao-dizia-se-poeta\/#article","isPartOf":{"@id":"https:\/\/www.notibras.com\/site\/isabel-era-poeta-e-contista-joao-dizia-se-poeta\/"},"author":{"name":"Eduardo Mart\u00ednez","@id":"https:\/\/www.notibras.com\/site\/#\/schema\/person\/5b7fabf2aedc3ada2105f03b22b4d3dd"},"headline":"Isabel era poeta e contista, Jo\u00e3o dizia-se poeta","datePublished":"2026-01-18T03:30:19+00:00","mainEntityOfPage":{"@id":"https:\/\/www.notibras.com\/site\/isabel-era-poeta-e-contista-joao-dizia-se-poeta\/"},"wordCount":747,"publisher":{"@id":"https:\/\/www.notibras.com\/site\/#organization"},"image":{"@id":"https:\/\/www.notibras.com\/site\/isabel-era-poeta-e-contista-joao-dizia-se-poeta\/#primaryimage"},"thumbnailUrl":"https:\/\/www.notibras.com\/site\/wp-content\/uploads\/2026\/01\/IMG_0359.jpg","articleSection":["Caf\u00e9 Liter\u00e1rio"],"inLanguage":"pt-BR"},{"@type":"WebPage","@id":"https:\/\/www.notibras.com\/site\/isabel-era-poeta-e-contista-joao-dizia-se-poeta\/","url":"https:\/\/www.notibras.com\/site\/isabel-era-poeta-e-contista-joao-dizia-se-poeta\/","name":"Isabel era poeta e contista, Jo\u00e3o dizia-se poeta - Notibras","isPartOf":{"@id":"https:\/\/www.notibras.com\/site\/#website"},"primaryImageOfPage":{"@id":"https:\/\/www.notibras.com\/site\/isabel-era-poeta-e-contista-joao-dizia-se-poeta\/#primaryimage"},"image":{"@id":"https:\/\/www.notibras.com\/site\/isabel-era-poeta-e-contista-joao-dizia-se-poeta\/#primaryimage"},"thumbnailUrl":"https:\/\/www.notibras.com\/site\/wp-content\/uploads\/2026\/01\/IMG_0359.jpg","datePublished":"2026-01-18T03:30:19+00:00","breadcrumb":{"@id":"https:\/\/www.notibras.com\/site\/isabel-era-poeta-e-contista-joao-dizia-se-poeta\/#breadcrumb"},"inLanguage":"pt-BR","potentialAction":[{"@type":"ReadAction","target":["https:\/\/www.notibras.com\/site\/isabel-era-poeta-e-contista-joao-dizia-se-poeta\/"]}]},{"@type":"ImageObject","inLanguage":"pt-BR","@id":"https:\/\/www.notibras.com\/site\/isabel-era-poeta-e-contista-joao-dizia-se-poeta\/#primaryimage","url":"https:\/\/www.notibras.com\/site\/wp-content\/uploads\/2026\/01\/IMG_0359.jpg","contentUrl":"https:\/\/www.notibras.com\/site\/wp-content\/uploads\/2026\/01\/IMG_0359.jpg","width":1023,"height":906},{"@type":"BreadcrumbList","@id":"https:\/\/www.notibras.com\/site\/isabel-era-poeta-e-contista-joao-dizia-se-poeta\/#breadcrumb","itemListElement":[{"@type":"ListItem","position":1,"name":"In\u00edcio","item":"https:\/\/www.notibras.com\/site\/"},{"@type":"ListItem","position":2,"name":"Isabel era poeta e contista, Jo\u00e3o dizia-se poeta"}]},{"@type":"WebSite","@id":"https:\/\/www.notibras.com\/site\/#website","url":"https:\/\/www.notibras.com\/site\/","name":"Notibras","description":"Not\u00edcias de Bras\u00edlia, do Brasil e do Mundo","publisher":{"@id":"https:\/\/www.notibras.com\/site\/#organization"},"potentialAction":[{"@type":"SearchAction","target":{"@type":"EntryPoint","urlTemplate":"https:\/\/www.notibras.com\/site\/?s={search_term_string}"},"query-input":{"@type":"PropertyValueSpecification","valueRequired":true,"valueName":"search_term_string"}}],"inLanguage":"pt-BR"},{"@type":"Organization","@id":"https:\/\/www.notibras.com\/site\/#organization","name":"Grupo Notibras de Comunica\u00e7\u00e3o","url":"https:\/\/www.notibras.com\/site\/","logo":{"@type":"ImageObject","inLanguage":"pt-BR","@id":"https:\/\/www.notibras.com\/site\/#\/schema\/logo\/image\/","url":"https:\/\/www.notibras.com\/site\/wp-content\/uploads\/2023\/01\/notibras23.png","contentUrl":"https:\/\/www.notibras.com\/site\/wp-content\/uploads\/2023\/01\/notibras23.png","width":350,"height":87,"caption":"Grupo Notibras de Comunica\u00e7\u00e3o"},"image":{"@id":"https:\/\/www.notibras.com\/site\/#\/schema\/logo\/image\/"},"sameAs":["https:\/\/www.facebook.com\/notibras\/","https:\/\/x.com\/Notibras","https:\/\/www.instagram.com\/notibras\/"]},{"@type":"Person","@id":"https:\/\/www.notibras.com\/site\/#\/schema\/person\/5b7fabf2aedc3ada2105f03b22b4d3dd","name":"Eduardo Mart\u00ednez","image":{"@type":"ImageObject","inLanguage":"pt-BR","@id":"https:\/\/secure.gravatar.com\/avatar\/7902f906289926289cbcda644b5197c796b893c6ffd7b9a536a42d290f7704a0?s=96&d=mm&r=g","url":"https:\/\/secure.gravatar.com\/avatar\/7902f906289926289cbcda644b5197c796b893c6ffd7b9a536a42d290f7704a0?s=96&d=mm&r=g","contentUrl":"https:\/\/secure.gravatar.com\/avatar\/7902f906289926289cbcda644b5197c796b893c6ffd7b9a536a42d290f7704a0?s=96&d=mm&r=g","caption":"Eduardo Mart\u00ednez"}}]}},"amp_enabled":true,"_links":{"self":[{"href":"https:\/\/www.notibras.com\/site\/wp-json\/wp\/v2\/posts\/379221","targetHints":{"allow":["GET"]}}],"collection":[{"href":"https:\/\/www.notibras.com\/site\/wp-json\/wp\/v2\/posts"}],"about":[{"href":"https:\/\/www.notibras.com\/site\/wp-json\/wp\/v2\/types\/post"}],"author":[{"embeddable":true,"href":"https:\/\/www.notibras.com\/site\/wp-json\/wp\/v2\/users\/21"}],"replies":[{"embeddable":true,"href":"https:\/\/www.notibras.com\/site\/wp-json\/wp\/v2\/comments?post=379221"}],"version-history":[{"count":1,"href":"https:\/\/www.notibras.com\/site\/wp-json\/wp\/v2\/posts\/379221\/revisions"}],"predecessor-version":[{"id":379223,"href":"https:\/\/www.notibras.com\/site\/wp-json\/wp\/v2\/posts\/379221\/revisions\/379223"}],"wp:featuredmedia":[{"embeddable":true,"href":"https:\/\/www.notibras.com\/site\/wp-json\/wp\/v2\/media\/379222"}],"wp:attachment":[{"href":"https:\/\/www.notibras.com\/site\/wp-json\/wp\/v2\/media?parent=379221"}],"wp:term":[{"taxonomy":"category","embeddable":true,"href":"https:\/\/www.notibras.com\/site\/wp-json\/wp\/v2\/categories?post=379221"},{"taxonomy":"post_tag","embeddable":true,"href":"https:\/\/www.notibras.com\/site\/wp-json\/wp\/v2\/tags?post=379221"}],"curies":[{"name":"wp","href":"https:\/\/api.w.org\/{rel}","templated":true}]}}