{"id":379224,"date":"2026-01-20T00:30:24","date_gmt":"2026-01-20T03:30:24","guid":{"rendered":"https:\/\/www.notibras.com\/site\/?p=379224"},"modified":"2026-01-16T01:43:37","modified_gmt":"2026-01-16T04:43:37","slug":"tiago-morava-num-quarto-e-sala-que-dividia-com-um-amigo","status":"publish","type":"post","link":"https:\/\/www.notibras.com\/site\/tiago-morava-num-quarto-e-sala-que-dividia-com-um-amigo\/","title":{"rendered":"Tiago morava num quarto e sala que dividia com um amigo"},"content":{"rendered":"<p>Foi nos idos de 1975, na festa m\u00f3vel de Lisboa, a cidade das bandeiras vermelhas, fados e guitarradas.<\/p>\n<p>Tiago (codinome, o nome de batismo n\u00e3o era importante) morava em Amadora, munic\u00edpio da Grande Lisboa, num quarto e sala que dividia com um amigo, codinome Telmo, e uma amiga, codinome Rosa (de Rosa Luxemburgo, evidente). Todos descasados, ou quase (o quase era ele, Tiago, casado ma non tropo, em processo de separa\u00e7\u00e3o).<\/p>\n<p>Nas f\u00e9rias escolares, pessoas de toda a Europa, entre elas a quase totalidade dos brasileiros no Velho Mundo, correram para a capital portuguesa. Praticamente todos de esquerda, ansiosos para ver uma revolu\u00e7\u00e3o em andamento. E trepar muuito, que ningu\u00e9m \u00e9 de ferro. Pens\u00f5es e hot\u00e9is baratos ficaram lotados, e muitos se hospedaram na casa de companheiros. Foi o que aconteceu com Tiago e os dois amigos, abrigaram duas francesinhas, Marie e Anne, importa\u00e7\u00e3o de Rosa.<\/p>\n<p>Como Tiago morara 2 anos em Paris, antes de mudar com armas e bagagens para Lisboa, fui nomeado int\u00e9rprete oficial das gringas. Elas n\u00e3o se conheciam na Fran\u00e7a e provavelmente jamais seriam amigas. Marie era da Normandia, uma mulher grande, de carnes fartas e seios enormes, uma valqu\u00edria da mitologia n\u00f3rdica; internacionalista, identificava-se com os revolucion\u00e1rios chilenos, e sonhava em ir pro Chile enfrentar, com os compa\u00f1eros, as hordas de Pinochet \u2013 isso, num momento em que chilenos com um m\u00ednimo de bom senso fugiam por todos os meios da brutal repress\u00e3o no pa\u00eds. Anne, mignon, de seios pequeninos, tinha deliciosos bra\u00e7os roli\u00e7os e olhinhos apertados. Era mao\u00edsta (o que talvez explicasse os olhos puxados), pensava numa revolu\u00e7\u00e3o na Fran\u00e7a n\u00e3o nos moldes de maio de 68, mas no cerco das cidades pelos campos, segundo a receita de bolo do livrinho vermelho de Mao. Del\u00edrio absoluto.<\/p>\n<p>Desde o primeiro dia, pintou um clima entre Marie e Tiago. Na tarde seguinte, os dois avisaram \u00e0 comuna de Amadora que iriam a Lisboa comprar Le Monde. N\u00e3o era longe, uns 20 minutos de metr\u00f4. At\u00e9 compraram o jornal, mas, antes de l\u00ea-lo, foram a um hotel e transaram feito coelhinhos. Horas depois, encantada com o charme e o veneno do exilado brasileiro, Anne confessaria que, ao ver Tiago, pensou, \u201cJe vais me taper ce mec\u201d, ou seja, \u201cvou passar esse carinha na cara\u201d. O que \u00e9 meio pleonasmo, mas muito gostoso.<\/p>\n<p>S\u00f3 que havia alguns c\u00f3digos de etiqueta revolucion\u00e1ria a serem seguidos. Em termos pol\u00edticos, podia-se e devia-se discutir a situa\u00e7\u00e3o portuguesa \u2013 o que era feito por horas a fio, Tiago servindo de int\u00e9rprete \u2013 mas jamais os projetos suicidas de Marie de ida ao Chile ou a estrat\u00e9gia mao\u00edsta de Anne para a nova revolu\u00e7\u00e3o francesa. Em termos comportamentais, era malvisto ficar de casal, a menos que j\u00e1 se fosse um e se estivesse disposto a correr riscos (a revolu\u00e7\u00e3o dos gajos podia n\u00e3o ser permanente, mas o descasalamento era). Afinal, as mo\u00e7as tinham ido a Portugal para viver uma revolu\u00e7\u00e3o pol\u00edtica e nos costumes, e isso pressupunha dar mais que chuchu na cerca e conhecer revolucion\u00e1rios e revolucion\u00e1rias sem roupa, numa cama. Quanto mais, melhor, mais divertido.<\/p>\n<p>Ap\u00f3s uns 3 dias de muita trepa\u00e7\u00e3o, a franco-chilena tornou claro que estava a fim de novas aventuras, a fila andava. Ao chegarem em casa, Rosa, Telmo e Tiago a encontraram deitada no sof\u00e1, abra\u00e7ada com um amigo brasileiro. Totalmente vestida, mas o aviso pr\u00e9vio fora dado. As sobrancelhas de Tiago foram at\u00e9 a nuca, ele e os dois c\u00famplices de apartamento se entreolharam, sem falar coisa alguma. Noblesse n\u00e3o sei, mas etiqueta revolucion\u00e1ria oblige.<\/p>\n<p>A etiqueta tamb\u00e9m aconselhava que Marie e Tiago n\u00e3o sa\u00edssem mais juntos. Assim, ela ficou pra tr\u00e1s (talvez pra taper o mec do sof\u00e1 \u00e0 vontade), enquanto Telmo, Rosa, Tiago e Anne foram a um bar um pouco mais sofisticado que as espeluncas que costumavam frequentar. O local tinha uma pequena pista de dan\u00e7as e oferecia uma excelente sele\u00e7\u00e3o de bebidas. Tiago foi apresentado ao absinto, a \u201cfada verde\u201d dos poetas e artistas pl\u00e1sticos da Belle \u00c9poque. Adorou.<\/p>\n<p>L\u00e1 pelas tantas, muito loucos de absinto, Tiago e Anne dan\u00e7avam quando ela come\u00e7ou a beij\u00e1-lo. Tiago desatou a rir, antevendo a cagada que ia acontecer no coletivo de Amadora. Al\u00e9m do mais, ele era trotskista, ela mao\u00edsta&#8230; Mas depois parou de rir, os beijos foram retribu\u00eddos, ficaram mais intensos, mais gostosos&#8230; A fada sugeria uma alitera\u00e7\u00e3ozinha, os horm\u00f4nios franco-brasileiros concordaram e apressaram-se a ir em frente.<\/p>\n<p>Mas havia um probleminha: grana. Os dois simplesmente n\u00e3o tinham dinheiro para um hotel. E transar encostado no muro n\u00e3o dava, \u00e0 noite faz frio em Lisboa. Voltaram pra Amadora, com o tes\u00e3o a mil, e decidiram improvisar.<\/p>\n<p>Na sala, transformada \u00e0 noite em dormit\u00f3rio comum, n\u00e3o dava, Marie estava dormindo ali com um sorriso nos l\u00e1bios, provavelmente pensando no Chile, no mec do sof\u00e1 ou, vai saber, em Tiago. Ele e Anne deram um tempo pra que todos dormissem e ent\u00e3o avan\u00e7aram silenciosa e cautelosamente para os dom\u00ednios de Rosa, que tinha o privil\u00e9gio de dormir no quarto, numa cama. Deitaram-se no ch\u00e3o, junto ao m\u00f3vel, e come\u00e7aram a transa mais desconfort\u00e1vel de suas vidas.<\/p>\n<p>Pra come\u00e7ar, nada de tirar a roupa, Anne s\u00f3 levantou o vestido e afastou a calcinha. E nem pensar em gemer ou falar barbaridades deliciosas, em portugu\u00eas ou franc\u00eas. Mesmo assim ficou gostoso. Anne e Tiago se animaram e partiram para um 69, ela por cima.<\/p>\n<p>Nesse momento, Rosa acordou para ir ao banheiro. Pisou com for\u00e7a no ch\u00e3o \u2013 quer dizer, na bunda de Anne \u2013 desequilibrou-se e se estatelou no solo. Por sorte, n\u00e3o se machucou seriamente, mas deu um berro de surpresa e dor. Todos acordaram, correram pro quarto \u2013 e viram Rosa ca\u00edda no assoalho, enquanto Anne e Tiago tentavam rapidamente arrumar-se, tendo nos olhos a express\u00e3o culpada de um cachorro que comeu lingui\u00e7a.<\/p>\n<p>Ao amanhecer, a atmosfera estava g\u00e9lida no apartamento de Amadora. Ningu\u00e9m falava nada, a etiqueta assim o exigia, mas os olhares de censura e desprezo dirigidos ao casal transgressor (a palavra \u201cpecaminoso\u201d jamais era usada) eram eloquentes. Tiago puxou o carro, Anne fez o mesmo \u2013 transaram mais umas tr\u00eas vezes, depois tchau e b\u00ean\u00e7\u00e3o \u2013 enquanto Marie, ostentando no rosto uma express\u00e3o de esposa ultrajada, ficou com sua amiga Rosa e Telmo. E o mec do sof\u00e1, satisfeit\u00edssimo em ganhar uma vaga no apartamento e uma normanda de carnes fartas e seios enormes. Pelo menos por alguns dias, que a festa m\u00f3vel lisboeta jamais parava.<\/p>\n","protected":false},"excerpt":{"rendered":"<p>Foi nos idos de 1975, na festa m\u00f3vel de Lisboa, a cidade das bandeiras vermelhas, fados e guitarradas. Tiago (codinome, o nome de batismo n\u00e3o era importante) morava em Amadora, munic\u00edpio da Grande Lisboa, num quarto e sala que dividia com um amigo, codinome Telmo, e uma amiga, codinome Rosa (de Rosa Luxemburgo, evidente). Todos [&hellip;]<\/p>\n","protected":false},"author":21,"featured_media":379225,"comment_status":"closed","ping_status":"closed","sticky":false,"template":"","format":"standard","meta":{"_acf_changed":false,"footnotes":""},"categories":[234],"tags":[],"class_list":["post-379224","post","type-post","status-publish","format-standard","has-post-thumbnail","hentry","category-cafe-literario"],"acf":[],"yoast_head":"<!-- This site is optimized with the Yoast SEO plugin v27.2 - https:\/\/yoast.com\/product\/yoast-seo-wordpress\/ -->\n<title>Tiago morava num quarto e sala que dividia com um amigo - Notibras<\/title>\n<meta name=\"robots\" content=\"index, follow, max-snippet:-1, max-image-preview:large, max-video-preview:-1\" \/>\n<link rel=\"canonical\" href=\"https:\/\/www.notibras.com\/site\/tiago-morava-num-quarto-e-sala-que-dividia-com-um-amigo\/\" \/>\n<meta property=\"og:locale\" content=\"pt_BR\" \/>\n<meta property=\"og:type\" content=\"article\" \/>\n<meta property=\"og:title\" content=\"Tiago morava num quarto e sala que dividia com um amigo - Notibras\" \/>\n<meta property=\"og:description\" content=\"Foi nos idos de 1975, na festa m\u00f3vel de Lisboa, a cidade das bandeiras vermelhas, fados e guitarradas. Tiago (codinome, o nome de batismo n\u00e3o era importante) morava em Amadora, munic\u00edpio da Grande Lisboa, num quarto e sala que dividia com um amigo, codinome Telmo, e uma amiga, codinome Rosa (de Rosa Luxemburgo, evidente). Todos [&hellip;]\" \/>\n<meta property=\"og:url\" content=\"https:\/\/www.notibras.com\/site\/tiago-morava-num-quarto-e-sala-que-dividia-com-um-amigo\/\" \/>\n<meta property=\"og:site_name\" content=\"Notibras\" \/>\n<meta property=\"article:publisher\" content=\"https:\/\/www.facebook.com\/notibras\/\" \/>\n<meta property=\"article:published_time\" content=\"2026-01-20T03:30:24+00:00\" \/>\n<meta property=\"og:image\" content=\"https:\/\/www.notibras.com\/site\/wp-content\/uploads\/2026\/01\/ec5f9452-cd45-48d3-8a56-6f2a11ad5cfe.jpg\" \/>\n\t<meta property=\"og:image:width\" content=\"809\" \/>\n\t<meta property=\"og:image:height\" content=\"1182\" \/>\n\t<meta property=\"og:image:type\" content=\"image\/jpeg\" \/>\n<meta name=\"author\" content=\"Eduardo Mart\u00ednez\" \/>\n<meta name=\"twitter:card\" content=\"summary_large_image\" \/>\n<meta name=\"twitter:creator\" content=\"@Notibras\" \/>\n<meta name=\"twitter:site\" content=\"@Notibras\" \/>\n<meta name=\"twitter:label1\" content=\"Escrito por\" \/>\n\t<meta name=\"twitter:data1\" content=\"Eduardo Mart\u00ednez\" \/>\n\t<meta name=\"twitter:label2\" content=\"Est. tempo de leitura\" \/>\n\t<meta name=\"twitter:data2\" content=\"7 minutos\" \/>\n<script type=\"application\/ld+json\" class=\"yoast-schema-graph\">{\"@context\":\"https:\/\/schema.org\",\"@graph\":[{\"@type\":\"Article\",\"@id\":\"https:\/\/www.notibras.com\/site\/tiago-morava-num-quarto-e-sala-que-dividia-com-um-amigo\/#article\",\"isPartOf\":{\"@id\":\"https:\/\/www.notibras.com\/site\/tiago-morava-num-quarto-e-sala-que-dividia-com-um-amigo\/\"},\"author\":{\"name\":\"Eduardo Mart\u00ednez\",\"@id\":\"https:\/\/www.notibras.com\/site\/#\/schema\/person\/5b7fabf2aedc3ada2105f03b22b4d3dd\"},\"headline\":\"Tiago morava num quarto e sala que dividia com um amigo\",\"datePublished\":\"2026-01-20T03:30:24+00:00\",\"mainEntityOfPage\":{\"@id\":\"https:\/\/www.notibras.com\/site\/tiago-morava-num-quarto-e-sala-que-dividia-com-um-amigo\/\"},\"wordCount\":1162,\"publisher\":{\"@id\":\"https:\/\/www.notibras.com\/site\/#organization\"},\"image\":{\"@id\":\"https:\/\/www.notibras.com\/site\/tiago-morava-num-quarto-e-sala-que-dividia-com-um-amigo\/#primaryimage\"},\"thumbnailUrl\":\"https:\/\/www.notibras.com\/site\/wp-content\/uploads\/2026\/01\/ec5f9452-cd45-48d3-8a56-6f2a11ad5cfe.jpg\",\"articleSection\":[\"Caf\u00e9 Liter\u00e1rio\"],\"inLanguage\":\"pt-BR\"},{\"@type\":\"WebPage\",\"@id\":\"https:\/\/www.notibras.com\/site\/tiago-morava-num-quarto-e-sala-que-dividia-com-um-amigo\/\",\"url\":\"https:\/\/www.notibras.com\/site\/tiago-morava-num-quarto-e-sala-que-dividia-com-um-amigo\/\",\"name\":\"Tiago morava num quarto e sala que dividia com um amigo - Notibras\",\"isPartOf\":{\"@id\":\"https:\/\/www.notibras.com\/site\/#website\"},\"primaryImageOfPage\":{\"@id\":\"https:\/\/www.notibras.com\/site\/tiago-morava-num-quarto-e-sala-que-dividia-com-um-amigo\/#primaryimage\"},\"image\":{\"@id\":\"https:\/\/www.notibras.com\/site\/tiago-morava-num-quarto-e-sala-que-dividia-com-um-amigo\/#primaryimage\"},\"thumbnailUrl\":\"https:\/\/www.notibras.com\/site\/wp-content\/uploads\/2026\/01\/ec5f9452-cd45-48d3-8a56-6f2a11ad5cfe.jpg\",\"datePublished\":\"2026-01-20T03:30:24+00:00\",\"breadcrumb\":{\"@id\":\"https:\/\/www.notibras.com\/site\/tiago-morava-num-quarto-e-sala-que-dividia-com-um-amigo\/#breadcrumb\"},\"inLanguage\":\"pt-BR\",\"potentialAction\":[{\"@type\":\"ReadAction\",\"target\":[\"https:\/\/www.notibras.com\/site\/tiago-morava-num-quarto-e-sala-que-dividia-com-um-amigo\/\"]}]},{\"@type\":\"ImageObject\",\"inLanguage\":\"pt-BR\",\"@id\":\"https:\/\/www.notibras.com\/site\/tiago-morava-num-quarto-e-sala-que-dividia-com-um-amigo\/#primaryimage\",\"url\":\"https:\/\/www.notibras.com\/site\/wp-content\/uploads\/2026\/01\/ec5f9452-cd45-48d3-8a56-6f2a11ad5cfe.jpg\",\"contentUrl\":\"https:\/\/www.notibras.com\/site\/wp-content\/uploads\/2026\/01\/ec5f9452-cd45-48d3-8a56-6f2a11ad5cfe.jpg\",\"width\":809,\"height\":1182},{\"@type\":\"BreadcrumbList\",\"@id\":\"https:\/\/www.notibras.com\/site\/tiago-morava-num-quarto-e-sala-que-dividia-com-um-amigo\/#breadcrumb\",\"itemListElement\":[{\"@type\":\"ListItem\",\"position\":1,\"name\":\"In\u00edcio\",\"item\":\"https:\/\/www.notibras.com\/site\/\"},{\"@type\":\"ListItem\",\"position\":2,\"name\":\"Tiago morava num quarto e sala que dividia com um amigo\"}]},{\"@type\":\"WebSite\",\"@id\":\"https:\/\/www.notibras.com\/site\/#website\",\"url\":\"https:\/\/www.notibras.com\/site\/\",\"name\":\"Notibras\",\"description\":\"Not\u00edcias de Bras\u00edlia, do Brasil e do Mundo\",\"publisher\":{\"@id\":\"https:\/\/www.notibras.com\/site\/#organization\"},\"potentialAction\":[{\"@type\":\"SearchAction\",\"target\":{\"@type\":\"EntryPoint\",\"urlTemplate\":\"https:\/\/www.notibras.com\/site\/?s={search_term_string}\"},\"query-input\":{\"@type\":\"PropertyValueSpecification\",\"valueRequired\":true,\"valueName\":\"search_term_string\"}}],\"inLanguage\":\"pt-BR\"},{\"@type\":\"Organization\",\"@id\":\"https:\/\/www.notibras.com\/site\/#organization\",\"name\":\"Grupo Notibras de Comunica\u00e7\u00e3o\",\"url\":\"https:\/\/www.notibras.com\/site\/\",\"logo\":{\"@type\":\"ImageObject\",\"inLanguage\":\"pt-BR\",\"@id\":\"https:\/\/www.notibras.com\/site\/#\/schema\/logo\/image\/\",\"url\":\"https:\/\/www.notibras.com\/site\/wp-content\/uploads\/2023\/01\/notibras23.png\",\"contentUrl\":\"https:\/\/www.notibras.com\/site\/wp-content\/uploads\/2023\/01\/notibras23.png\",\"width\":350,\"height\":87,\"caption\":\"Grupo Notibras de Comunica\u00e7\u00e3o\"},\"image\":{\"@id\":\"https:\/\/www.notibras.com\/site\/#\/schema\/logo\/image\/\"},\"sameAs\":[\"https:\/\/www.facebook.com\/notibras\/\",\"https:\/\/x.com\/Notibras\",\"https:\/\/www.instagram.com\/notibras\/\"]},{\"@type\":\"Person\",\"@id\":\"https:\/\/www.notibras.com\/site\/#\/schema\/person\/5b7fabf2aedc3ada2105f03b22b4d3dd\",\"name\":\"Eduardo Mart\u00ednez\",\"image\":{\"@type\":\"ImageObject\",\"inLanguage\":\"pt-BR\",\"@id\":\"https:\/\/secure.gravatar.com\/avatar\/7902f906289926289cbcda644b5197c796b893c6ffd7b9a536a42d290f7704a0?s=96&d=mm&r=g\",\"url\":\"https:\/\/secure.gravatar.com\/avatar\/7902f906289926289cbcda644b5197c796b893c6ffd7b9a536a42d290f7704a0?s=96&d=mm&r=g\",\"contentUrl\":\"https:\/\/secure.gravatar.com\/avatar\/7902f906289926289cbcda644b5197c796b893c6ffd7b9a536a42d290f7704a0?s=96&d=mm&r=g\",\"caption\":\"Eduardo Mart\u00ednez\"}}]}<\/script>\n<!-- \/ Yoast SEO plugin. -->","yoast_head_json":{"title":"Tiago morava num quarto e sala que dividia com um amigo - Notibras","robots":{"index":"index","follow":"follow","max-snippet":"max-snippet:-1","max-image-preview":"max-image-preview:large","max-video-preview":"max-video-preview:-1"},"canonical":"https:\/\/www.notibras.com\/site\/tiago-morava-num-quarto-e-sala-que-dividia-com-um-amigo\/","og_locale":"pt_BR","og_type":"article","og_title":"Tiago morava num quarto e sala que dividia com um amigo - Notibras","og_description":"Foi nos idos de 1975, na festa m\u00f3vel de Lisboa, a cidade das bandeiras vermelhas, fados e guitarradas. Tiago (codinome, o nome de batismo n\u00e3o era importante) morava em Amadora, munic\u00edpio da Grande Lisboa, num quarto e sala que dividia com um amigo, codinome Telmo, e uma amiga, codinome Rosa (de Rosa Luxemburgo, evidente). Todos [&hellip;]","og_url":"https:\/\/www.notibras.com\/site\/tiago-morava-num-quarto-e-sala-que-dividia-com-um-amigo\/","og_site_name":"Notibras","article_publisher":"https:\/\/www.facebook.com\/notibras\/","article_published_time":"2026-01-20T03:30:24+00:00","og_image":[{"width":809,"height":1182,"url":"https:\/\/www.notibras.com\/site\/wp-content\/uploads\/2026\/01\/ec5f9452-cd45-48d3-8a56-6f2a11ad5cfe.jpg","type":"image\/jpeg"}],"author":"Eduardo Mart\u00ednez","twitter_card":"summary_large_image","twitter_creator":"@Notibras","twitter_site":"@Notibras","twitter_misc":{"Escrito por":"Eduardo Mart\u00ednez","Est. tempo de leitura":"7 minutos"},"schema":{"@context":"https:\/\/schema.org","@graph":[{"@type":"Article","@id":"https:\/\/www.notibras.com\/site\/tiago-morava-num-quarto-e-sala-que-dividia-com-um-amigo\/#article","isPartOf":{"@id":"https:\/\/www.notibras.com\/site\/tiago-morava-num-quarto-e-sala-que-dividia-com-um-amigo\/"},"author":{"name":"Eduardo Mart\u00ednez","@id":"https:\/\/www.notibras.com\/site\/#\/schema\/person\/5b7fabf2aedc3ada2105f03b22b4d3dd"},"headline":"Tiago morava num quarto e sala que dividia com um amigo","datePublished":"2026-01-20T03:30:24+00:00","mainEntityOfPage":{"@id":"https:\/\/www.notibras.com\/site\/tiago-morava-num-quarto-e-sala-que-dividia-com-um-amigo\/"},"wordCount":1162,"publisher":{"@id":"https:\/\/www.notibras.com\/site\/#organization"},"image":{"@id":"https:\/\/www.notibras.com\/site\/tiago-morava-num-quarto-e-sala-que-dividia-com-um-amigo\/#primaryimage"},"thumbnailUrl":"https:\/\/www.notibras.com\/site\/wp-content\/uploads\/2026\/01\/ec5f9452-cd45-48d3-8a56-6f2a11ad5cfe.jpg","articleSection":["Caf\u00e9 Liter\u00e1rio"],"inLanguage":"pt-BR"},{"@type":"WebPage","@id":"https:\/\/www.notibras.com\/site\/tiago-morava-num-quarto-e-sala-que-dividia-com-um-amigo\/","url":"https:\/\/www.notibras.com\/site\/tiago-morava-num-quarto-e-sala-que-dividia-com-um-amigo\/","name":"Tiago morava num quarto e sala que dividia com um amigo - Notibras","isPartOf":{"@id":"https:\/\/www.notibras.com\/site\/#website"},"primaryImageOfPage":{"@id":"https:\/\/www.notibras.com\/site\/tiago-morava-num-quarto-e-sala-que-dividia-com-um-amigo\/#primaryimage"},"image":{"@id":"https:\/\/www.notibras.com\/site\/tiago-morava-num-quarto-e-sala-que-dividia-com-um-amigo\/#primaryimage"},"thumbnailUrl":"https:\/\/www.notibras.com\/site\/wp-content\/uploads\/2026\/01\/ec5f9452-cd45-48d3-8a56-6f2a11ad5cfe.jpg","datePublished":"2026-01-20T03:30:24+00:00","breadcrumb":{"@id":"https:\/\/www.notibras.com\/site\/tiago-morava-num-quarto-e-sala-que-dividia-com-um-amigo\/#breadcrumb"},"inLanguage":"pt-BR","potentialAction":[{"@type":"ReadAction","target":["https:\/\/www.notibras.com\/site\/tiago-morava-num-quarto-e-sala-que-dividia-com-um-amigo\/"]}]},{"@type":"ImageObject","inLanguage":"pt-BR","@id":"https:\/\/www.notibras.com\/site\/tiago-morava-num-quarto-e-sala-que-dividia-com-um-amigo\/#primaryimage","url":"https:\/\/www.notibras.com\/site\/wp-content\/uploads\/2026\/01\/ec5f9452-cd45-48d3-8a56-6f2a11ad5cfe.jpg","contentUrl":"https:\/\/www.notibras.com\/site\/wp-content\/uploads\/2026\/01\/ec5f9452-cd45-48d3-8a56-6f2a11ad5cfe.jpg","width":809,"height":1182},{"@type":"BreadcrumbList","@id":"https:\/\/www.notibras.com\/site\/tiago-morava-num-quarto-e-sala-que-dividia-com-um-amigo\/#breadcrumb","itemListElement":[{"@type":"ListItem","position":1,"name":"In\u00edcio","item":"https:\/\/www.notibras.com\/site\/"},{"@type":"ListItem","position":2,"name":"Tiago morava num quarto e sala que dividia com um amigo"}]},{"@type":"WebSite","@id":"https:\/\/www.notibras.com\/site\/#website","url":"https:\/\/www.notibras.com\/site\/","name":"Notibras","description":"Not\u00edcias de Bras\u00edlia, do Brasil e do Mundo","publisher":{"@id":"https:\/\/www.notibras.com\/site\/#organization"},"potentialAction":[{"@type":"SearchAction","target":{"@type":"EntryPoint","urlTemplate":"https:\/\/www.notibras.com\/site\/?s={search_term_string}"},"query-input":{"@type":"PropertyValueSpecification","valueRequired":true,"valueName":"search_term_string"}}],"inLanguage":"pt-BR"},{"@type":"Organization","@id":"https:\/\/www.notibras.com\/site\/#organization","name":"Grupo Notibras de Comunica\u00e7\u00e3o","url":"https:\/\/www.notibras.com\/site\/","logo":{"@type":"ImageObject","inLanguage":"pt-BR","@id":"https:\/\/www.notibras.com\/site\/#\/schema\/logo\/image\/","url":"https:\/\/www.notibras.com\/site\/wp-content\/uploads\/2023\/01\/notibras23.png","contentUrl":"https:\/\/www.notibras.com\/site\/wp-content\/uploads\/2023\/01\/notibras23.png","width":350,"height":87,"caption":"Grupo Notibras de Comunica\u00e7\u00e3o"},"image":{"@id":"https:\/\/www.notibras.com\/site\/#\/schema\/logo\/image\/"},"sameAs":["https:\/\/www.facebook.com\/notibras\/","https:\/\/x.com\/Notibras","https:\/\/www.instagram.com\/notibras\/"]},{"@type":"Person","@id":"https:\/\/www.notibras.com\/site\/#\/schema\/person\/5b7fabf2aedc3ada2105f03b22b4d3dd","name":"Eduardo Mart\u00ednez","image":{"@type":"ImageObject","inLanguage":"pt-BR","@id":"https:\/\/secure.gravatar.com\/avatar\/7902f906289926289cbcda644b5197c796b893c6ffd7b9a536a42d290f7704a0?s=96&d=mm&r=g","url":"https:\/\/secure.gravatar.com\/avatar\/7902f906289926289cbcda644b5197c796b893c6ffd7b9a536a42d290f7704a0?s=96&d=mm&r=g","contentUrl":"https:\/\/secure.gravatar.com\/avatar\/7902f906289926289cbcda644b5197c796b893c6ffd7b9a536a42d290f7704a0?s=96&d=mm&r=g","caption":"Eduardo Mart\u00ednez"}}]}},"amp_enabled":true,"_links":{"self":[{"href":"https:\/\/www.notibras.com\/site\/wp-json\/wp\/v2\/posts\/379224","targetHints":{"allow":["GET"]}}],"collection":[{"href":"https:\/\/www.notibras.com\/site\/wp-json\/wp\/v2\/posts"}],"about":[{"href":"https:\/\/www.notibras.com\/site\/wp-json\/wp\/v2\/types\/post"}],"author":[{"embeddable":true,"href":"https:\/\/www.notibras.com\/site\/wp-json\/wp\/v2\/users\/21"}],"replies":[{"embeddable":true,"href":"https:\/\/www.notibras.com\/site\/wp-json\/wp\/v2\/comments?post=379224"}],"version-history":[{"count":2,"href":"https:\/\/www.notibras.com\/site\/wp-json\/wp\/v2\/posts\/379224\/revisions"}],"predecessor-version":[{"id":379227,"href":"https:\/\/www.notibras.com\/site\/wp-json\/wp\/v2\/posts\/379224\/revisions\/379227"}],"wp:featuredmedia":[{"embeddable":true,"href":"https:\/\/www.notibras.com\/site\/wp-json\/wp\/v2\/media\/379225"}],"wp:attachment":[{"href":"https:\/\/www.notibras.com\/site\/wp-json\/wp\/v2\/media?parent=379224"}],"wp:term":[{"taxonomy":"category","embeddable":true,"href":"https:\/\/www.notibras.com\/site\/wp-json\/wp\/v2\/categories?post=379224"},{"taxonomy":"post_tag","embeddable":true,"href":"https:\/\/www.notibras.com\/site\/wp-json\/wp\/v2\/tags?post=379224"}],"curies":[{"name":"wp","href":"https:\/\/api.w.org\/{rel}","templated":true}]}}