{"id":379232,"date":"2026-01-22T00:45:41","date_gmt":"2026-01-22T03:45:41","guid":{"rendered":"https:\/\/www.notibras.com\/site\/?p=379232"},"modified":"2026-01-16T01:58:45","modified_gmt":"2026-01-16T04:58:45","slug":"depois-da-quarta-cerveja-o-papo-sobre-literatura-ficou-pessoal","status":"publish","type":"post","link":"https:\/\/www.notibras.com\/site\/depois-da-quarta-cerveja-o-papo-sobre-literatura-ficou-pessoal\/","title":{"rendered":"Depois da quarta cerveja, o papo sobre literatura ficou pessoal"},"content":{"rendered":"<p>O contista recebeu um livro do romancista, gostou do que leu. Mandou um de seus livros para ele, que tamb\u00e9m gostou.<\/p>\n<p>Come\u00e7aram a trocar postagens, basicamente sobre literatura, e combinaram se encontrar. Num barzinho paulistano. Afinal, moravam relativamente perto, em S\u00e3o Paulo.<\/p>\n<p>Depois da quarta cerveja, o papo sobre literatura ficou pessoal.<\/p>\n<p>Contista: Sabe por que nossos livros n\u00e3o vendem? N\u00e3o temos um lugar de fala adequado.<\/p>\n<p>Romancista: ???<\/p>\n<p>Contista, fazendo uma longa digress\u00e3o: Li trechos do seu romance, e acho que somos tipo almas g\u00eameas liter\u00e1rias. Sexo, por exemplo, \u00e9 importante pra voc\u00ea e nos seus textos, pra mim e nos meus contos tamb\u00e9m. Mas ambos tratamos do tema com delicadeza, com um certo pudor \u2013 isso, apesar de muitos de meus contos serem escrachados, gosto de cham\u00e1-los de pornochanchadas liter\u00e1rias. Nem voc\u00ea nem eu descrevemos uma transa em detalhes l\u00fabricos, tipo historinhas de sacanagem. Por que essa delicadeza, esse pudor? De um lado, porque ambos escrevemos razoavelmente bem \u2013 n\u00e3o, chega de falsa mod\u00e9stia, escrevemos bem pacas, nos negamos a resvalar para a pornografia; mas, basicamente, porque n\u00e3o nos sentimos muito \u00e0 vontade em nosso lugar de fala.<\/p>\n<p>Romancista, com um sorriso de quem estava come\u00e7ando a entender: Lugar de escrita&#8230;<\/p>\n<p>Contista: Claro, de escrita. O que tem a ver com nossa trajet\u00f3ria. Somos ambos idosos, jornalista aposentado no meu caso, acho que no seu tamb\u00e9m&#8230; (o romancista concordou em sil\u00eancio). Podemos escrever bons textos sobre reda\u00e7\u00f5es, paquera nas reda\u00e7\u00f5es, persegui\u00e7\u00f5es de chefes est\u00fapidos, passaralhos, situa\u00e7\u00f5es rid\u00edculas, outras comoventes, conhecemos bem o peda\u00e7o (o romancista continuou concordando). Mas e o resto? Somos ambos brancos \u2013 a rigor, o que no Brasil Col\u00f4nia os portugueses chamavam de brancos da terra, quer dizer, n\u00e3o t\u00e3o brancos assim; somos ambos h\u00e9teros, ambos de esquerda&#8230; Temos consci\u00eancia de nossa posi\u00e7\u00e3o privilegiada em uma sociedade desigual e racista. E tem mais, nasci em uma fam\u00edlia de classe m\u00e9dia relativamente pr\u00f3spera, pai e av\u00f4 advogados. Formei-me em Direito, embora jamais tenha trabalhado na profiss\u00e3o&#8230;<\/p>\n<p>Romancista, cortando o contista palavroso: no meu caso \u00e9 quase a mesma coisa, pai e av\u00f4 m\u00e9dicos, fiz at\u00e9 o quarto ano de Medicina, antes de passar pro jornalismo.<\/p>\n<p>Contista, com o freio nos dentes: \u00c9 isso. N\u00e3o podemos ambientar nossos textos na periferia, ou de como nossas m\u00e3es enfrentaram a pobreza e a fome para nos criar. N\u00e3o podemos falar de racismo, n\u00e3o sofremos na pele nada disso. Ent\u00e3o nossos livros s\u00e3o gostosos de ler mas descart\u00e1veis. E um dos motivos por que vendem pouco.<\/p>\n<p>Pediram a quinta cerveja e ficaram bebendo em sil\u00eancio.<\/p>\n<p>Contista, depois do \u00faltimo gole, retomando o fio da meada: Agora vou abrir um aspecto delicado, pessoal, e depois fazer uma pergunta. Espero que voc\u00ea responda com sinceridade, \u00e9 importante para o que vem a seguir. Tenho c\u00e2ncer de pulm\u00e3o, dois meses de previs\u00e3o de vida. E voc\u00ea?<\/p>\n<p>Romancista, depois de engolir em seco, que a cerveja em seu copo tinha acabado: C\u00e2ncer de est\u00f4mago, inoper\u00e1vel. Tr\u00eas meses de vida.<\/p>\n<p>Contista: \u00c9, percebi que voc\u00ea n\u00e3o est\u00e1 nada bem. E como somos almas g\u00eameas liter\u00e1rias (o romancista sorriu), perig\u00e1vamos partir juntos, em datas bem pr\u00f3ximas. Quer saber, n\u00e3o tenho medo da morte, tenho medo da dor (o romancista concordou enfaticamente). E, como quem descortina uma epifania: Sei como assegurar, se n\u00e3o a imortalidade liter\u00e1ria, pelo menos a consagra\u00e7\u00e3o de nossos livros mais importantes.<\/p>\n<p>A ideia era se matarem um ao outro, cada um com seu livro. A morte dos autores traria os holofotes para as obras.<\/p>\n<p>&#8211; A morbidez dos leitores far\u00e1 o resto &#8211; concluiu. \u2013 V\u00e3o chamar de romance da morte, contos macabros, dizer que duelamos pela primazia de nossos respectivos textos, nossos diferentes g\u00eaneros liter\u00e1rios, coisas assim. Claro, \u00e9 conveniente preparar o terreno, avisar alguns amigos de confian\u00e7a para que divulguem a morte do autor e as circunst\u00e2ncias em suas redes sociais&#8230;<\/p>\n<p>B\u00eabado de tanta cerveja, o romancista achou a ideia genial. E, quando passou o porre, continuou a aceit\u00e1-la. A morte, afinal, se aproximava. Quem sabe trouxesse com ela a fama liter\u00e1ria?<\/p>\n<p>Na noite combinada, encontraram-se em um parque deserto. Cada um com um rev\u00f3lver e seu livro predileto. Ficaram bem perto um do outro, n\u00e3o era um duelo, antes um suic\u00eddio por interposta pessoa.<\/p>\n<p>&#8211; No tr\u00eas, ok? Um, dois, tr\u00eas!<\/p>\n<p>Ouviu-se um tiro. Um s\u00f3.<\/p>\n<p>&#8211; Traidor filho de uma \u00e9gua!<\/p>\n<p>O sobrevivente abaixou-se e pegou o livro manchado de sangue no ch\u00e3o.<\/p>\n<p>&#8211; Eu \u00e9 que n\u00e3o vou contribuir para a gl\u00f3ria liter\u00e1ria desse corno!<\/p>\n<p>E foi embora, de volta para seu lugar de fala de branco idoso, h\u00e9tero, jornalista aposentado, canceroso, quase suicida e, agora, assassino. \u00c0 espera da pol\u00edcia ou da morte, de quem chegasse antes.<\/p>\n","protected":false},"excerpt":{"rendered":"<p>O contista recebeu um livro do romancista, gostou do que leu. Mandou um de seus livros para ele, que tamb\u00e9m gostou. Come\u00e7aram a trocar postagens, basicamente sobre literatura, e combinaram se encontrar. Num barzinho paulistano. Afinal, moravam relativamente perto, em S\u00e3o Paulo. Depois da quarta cerveja, o papo sobre literatura ficou pessoal. Contista: Sabe por [&hellip;]<\/p>\n","protected":false},"author":21,"featured_media":379234,"comment_status":"closed","ping_status":"closed","sticky":false,"template":"","format":"standard","meta":{"_acf_changed":false,"footnotes":""},"categories":[234],"tags":[],"class_list":["post-379232","post","type-post","status-publish","format-standard","has-post-thumbnail","hentry","category-cafe-literario"],"acf":[],"yoast_head":"<!-- This site is optimized with the Yoast SEO plugin v27.2 - https:\/\/yoast.com\/product\/yoast-seo-wordpress\/ -->\n<title>Depois da quarta cerveja, o papo sobre literatura ficou pessoal - Notibras<\/title>\n<meta name=\"robots\" content=\"index, follow, max-snippet:-1, max-image-preview:large, max-video-preview:-1\" \/>\n<link rel=\"canonical\" href=\"https:\/\/www.notibras.com\/site\/depois-da-quarta-cerveja-o-papo-sobre-literatura-ficou-pessoal\/\" \/>\n<meta property=\"og:locale\" content=\"pt_BR\" \/>\n<meta property=\"og:type\" content=\"article\" \/>\n<meta property=\"og:title\" content=\"Depois da quarta cerveja, o papo sobre literatura ficou pessoal - Notibras\" \/>\n<meta property=\"og:description\" content=\"O contista recebeu um livro do romancista, gostou do que leu. Mandou um de seus livros para ele, que tamb\u00e9m gostou. Come\u00e7aram a trocar postagens, basicamente sobre literatura, e combinaram se encontrar. Num barzinho paulistano. Afinal, moravam relativamente perto, em S\u00e3o Paulo. Depois da quarta cerveja, o papo sobre literatura ficou pessoal. Contista: Sabe por [&hellip;]\" \/>\n<meta property=\"og:url\" content=\"https:\/\/www.notibras.com\/site\/depois-da-quarta-cerveja-o-papo-sobre-literatura-ficou-pessoal\/\" \/>\n<meta property=\"og:site_name\" content=\"Notibras\" \/>\n<meta property=\"article:publisher\" content=\"https:\/\/www.facebook.com\/notibras\/\" \/>\n<meta property=\"article:published_time\" content=\"2026-01-22T03:45:41+00:00\" \/>\n<meta property=\"og:image\" content=\"https:\/\/www.notibras.com\/site\/wp-content\/uploads\/2026\/01\/7fd8ba48-117a-4f13-9db0-afbe9352b8d6.jpg\" \/>\n\t<meta property=\"og:image:width\" content=\"809\" \/>\n\t<meta property=\"og:image:height\" content=\"968\" \/>\n\t<meta property=\"og:image:type\" content=\"image\/jpeg\" \/>\n<meta name=\"author\" content=\"Eduardo Mart\u00ednez\" \/>\n<meta name=\"twitter:card\" content=\"summary_large_image\" \/>\n<meta name=\"twitter:creator\" content=\"@Notibras\" \/>\n<meta name=\"twitter:site\" content=\"@Notibras\" \/>\n<meta name=\"twitter:label1\" content=\"Escrito por\" \/>\n\t<meta name=\"twitter:data1\" content=\"Eduardo Mart\u00ednez\" \/>\n\t<meta name=\"twitter:label2\" content=\"Est. tempo de leitura\" \/>\n\t<meta name=\"twitter:data2\" content=\"5 minutos\" \/>\n<script type=\"application\/ld+json\" class=\"yoast-schema-graph\">{\"@context\":\"https:\/\/schema.org\",\"@graph\":[{\"@type\":\"Article\",\"@id\":\"https:\/\/www.notibras.com\/site\/depois-da-quarta-cerveja-o-papo-sobre-literatura-ficou-pessoal\/#article\",\"isPartOf\":{\"@id\":\"https:\/\/www.notibras.com\/site\/depois-da-quarta-cerveja-o-papo-sobre-literatura-ficou-pessoal\/\"},\"author\":{\"name\":\"Eduardo Mart\u00ednez\",\"@id\":\"https:\/\/www.notibras.com\/site\/#\/schema\/person\/5b7fabf2aedc3ada2105f03b22b4d3dd\"},\"headline\":\"Depois da quarta cerveja, o papo sobre literatura ficou pessoal\",\"datePublished\":\"2026-01-22T03:45:41+00:00\",\"mainEntityOfPage\":{\"@id\":\"https:\/\/www.notibras.com\/site\/depois-da-quarta-cerveja-o-papo-sobre-literatura-ficou-pessoal\/\"},\"wordCount\":856,\"publisher\":{\"@id\":\"https:\/\/www.notibras.com\/site\/#organization\"},\"image\":{\"@id\":\"https:\/\/www.notibras.com\/site\/depois-da-quarta-cerveja-o-papo-sobre-literatura-ficou-pessoal\/#primaryimage\"},\"thumbnailUrl\":\"https:\/\/www.notibras.com\/site\/wp-content\/uploads\/2026\/01\/7fd8ba48-117a-4f13-9db0-afbe9352b8d6.jpg\",\"articleSection\":[\"Caf\u00e9 Liter\u00e1rio\"],\"inLanguage\":\"pt-BR\"},{\"@type\":\"WebPage\",\"@id\":\"https:\/\/www.notibras.com\/site\/depois-da-quarta-cerveja-o-papo-sobre-literatura-ficou-pessoal\/\",\"url\":\"https:\/\/www.notibras.com\/site\/depois-da-quarta-cerveja-o-papo-sobre-literatura-ficou-pessoal\/\",\"name\":\"Depois da quarta cerveja, o papo sobre literatura ficou pessoal - Notibras\",\"isPartOf\":{\"@id\":\"https:\/\/www.notibras.com\/site\/#website\"},\"primaryImageOfPage\":{\"@id\":\"https:\/\/www.notibras.com\/site\/depois-da-quarta-cerveja-o-papo-sobre-literatura-ficou-pessoal\/#primaryimage\"},\"image\":{\"@id\":\"https:\/\/www.notibras.com\/site\/depois-da-quarta-cerveja-o-papo-sobre-literatura-ficou-pessoal\/#primaryimage\"},\"thumbnailUrl\":\"https:\/\/www.notibras.com\/site\/wp-content\/uploads\/2026\/01\/7fd8ba48-117a-4f13-9db0-afbe9352b8d6.jpg\",\"datePublished\":\"2026-01-22T03:45:41+00:00\",\"breadcrumb\":{\"@id\":\"https:\/\/www.notibras.com\/site\/depois-da-quarta-cerveja-o-papo-sobre-literatura-ficou-pessoal\/#breadcrumb\"},\"inLanguage\":\"pt-BR\",\"potentialAction\":[{\"@type\":\"ReadAction\",\"target\":[\"https:\/\/www.notibras.com\/site\/depois-da-quarta-cerveja-o-papo-sobre-literatura-ficou-pessoal\/\"]}]},{\"@type\":\"ImageObject\",\"inLanguage\":\"pt-BR\",\"@id\":\"https:\/\/www.notibras.com\/site\/depois-da-quarta-cerveja-o-papo-sobre-literatura-ficou-pessoal\/#primaryimage\",\"url\":\"https:\/\/www.notibras.com\/site\/wp-content\/uploads\/2026\/01\/7fd8ba48-117a-4f13-9db0-afbe9352b8d6.jpg\",\"contentUrl\":\"https:\/\/www.notibras.com\/site\/wp-content\/uploads\/2026\/01\/7fd8ba48-117a-4f13-9db0-afbe9352b8d6.jpg\",\"width\":809,\"height\":968},{\"@type\":\"BreadcrumbList\",\"@id\":\"https:\/\/www.notibras.com\/site\/depois-da-quarta-cerveja-o-papo-sobre-literatura-ficou-pessoal\/#breadcrumb\",\"itemListElement\":[{\"@type\":\"ListItem\",\"position\":1,\"name\":\"In\u00edcio\",\"item\":\"https:\/\/www.notibras.com\/site\/\"},{\"@type\":\"ListItem\",\"position\":2,\"name\":\"Depois da quarta cerveja, o papo sobre literatura ficou pessoal\"}]},{\"@type\":\"WebSite\",\"@id\":\"https:\/\/www.notibras.com\/site\/#website\",\"url\":\"https:\/\/www.notibras.com\/site\/\",\"name\":\"Notibras\",\"description\":\"Not\u00edcias de Bras\u00edlia, do Brasil e do Mundo\",\"publisher\":{\"@id\":\"https:\/\/www.notibras.com\/site\/#organization\"},\"potentialAction\":[{\"@type\":\"SearchAction\",\"target\":{\"@type\":\"EntryPoint\",\"urlTemplate\":\"https:\/\/www.notibras.com\/site\/?s={search_term_string}\"},\"query-input\":{\"@type\":\"PropertyValueSpecification\",\"valueRequired\":true,\"valueName\":\"search_term_string\"}}],\"inLanguage\":\"pt-BR\"},{\"@type\":\"Organization\",\"@id\":\"https:\/\/www.notibras.com\/site\/#organization\",\"name\":\"Grupo Notibras de Comunica\u00e7\u00e3o\",\"url\":\"https:\/\/www.notibras.com\/site\/\",\"logo\":{\"@type\":\"ImageObject\",\"inLanguage\":\"pt-BR\",\"@id\":\"https:\/\/www.notibras.com\/site\/#\/schema\/logo\/image\/\",\"url\":\"https:\/\/www.notibras.com\/site\/wp-content\/uploads\/2023\/01\/notibras23.png\",\"contentUrl\":\"https:\/\/www.notibras.com\/site\/wp-content\/uploads\/2023\/01\/notibras23.png\",\"width\":350,\"height\":87,\"caption\":\"Grupo Notibras de Comunica\u00e7\u00e3o\"},\"image\":{\"@id\":\"https:\/\/www.notibras.com\/site\/#\/schema\/logo\/image\/\"},\"sameAs\":[\"https:\/\/www.facebook.com\/notibras\/\",\"https:\/\/x.com\/Notibras\",\"https:\/\/www.instagram.com\/notibras\/\"]},{\"@type\":\"Person\",\"@id\":\"https:\/\/www.notibras.com\/site\/#\/schema\/person\/5b7fabf2aedc3ada2105f03b22b4d3dd\",\"name\":\"Eduardo Mart\u00ednez\",\"image\":{\"@type\":\"ImageObject\",\"inLanguage\":\"pt-BR\",\"@id\":\"https:\/\/secure.gravatar.com\/avatar\/7902f906289926289cbcda644b5197c796b893c6ffd7b9a536a42d290f7704a0?s=96&d=mm&r=g\",\"url\":\"https:\/\/secure.gravatar.com\/avatar\/7902f906289926289cbcda644b5197c796b893c6ffd7b9a536a42d290f7704a0?s=96&d=mm&r=g\",\"contentUrl\":\"https:\/\/secure.gravatar.com\/avatar\/7902f906289926289cbcda644b5197c796b893c6ffd7b9a536a42d290f7704a0?s=96&d=mm&r=g\",\"caption\":\"Eduardo Mart\u00ednez\"}}]}<\/script>\n<!-- \/ Yoast SEO plugin. -->","yoast_head_json":{"title":"Depois da quarta cerveja, o papo sobre literatura ficou pessoal - Notibras","robots":{"index":"index","follow":"follow","max-snippet":"max-snippet:-1","max-image-preview":"max-image-preview:large","max-video-preview":"max-video-preview:-1"},"canonical":"https:\/\/www.notibras.com\/site\/depois-da-quarta-cerveja-o-papo-sobre-literatura-ficou-pessoal\/","og_locale":"pt_BR","og_type":"article","og_title":"Depois da quarta cerveja, o papo sobre literatura ficou pessoal - Notibras","og_description":"O contista recebeu um livro do romancista, gostou do que leu. Mandou um de seus livros para ele, que tamb\u00e9m gostou. Come\u00e7aram a trocar postagens, basicamente sobre literatura, e combinaram se encontrar. Num barzinho paulistano. Afinal, moravam relativamente perto, em S\u00e3o Paulo. Depois da quarta cerveja, o papo sobre literatura ficou pessoal. Contista: Sabe por [&hellip;]","og_url":"https:\/\/www.notibras.com\/site\/depois-da-quarta-cerveja-o-papo-sobre-literatura-ficou-pessoal\/","og_site_name":"Notibras","article_publisher":"https:\/\/www.facebook.com\/notibras\/","article_published_time":"2026-01-22T03:45:41+00:00","og_image":[{"width":809,"height":968,"url":"https:\/\/www.notibras.com\/site\/wp-content\/uploads\/2026\/01\/7fd8ba48-117a-4f13-9db0-afbe9352b8d6.jpg","type":"image\/jpeg"}],"author":"Eduardo Mart\u00ednez","twitter_card":"summary_large_image","twitter_creator":"@Notibras","twitter_site":"@Notibras","twitter_misc":{"Escrito por":"Eduardo Mart\u00ednez","Est. tempo de leitura":"5 minutos"},"schema":{"@context":"https:\/\/schema.org","@graph":[{"@type":"Article","@id":"https:\/\/www.notibras.com\/site\/depois-da-quarta-cerveja-o-papo-sobre-literatura-ficou-pessoal\/#article","isPartOf":{"@id":"https:\/\/www.notibras.com\/site\/depois-da-quarta-cerveja-o-papo-sobre-literatura-ficou-pessoal\/"},"author":{"name":"Eduardo Mart\u00ednez","@id":"https:\/\/www.notibras.com\/site\/#\/schema\/person\/5b7fabf2aedc3ada2105f03b22b4d3dd"},"headline":"Depois da quarta cerveja, o papo sobre literatura ficou pessoal","datePublished":"2026-01-22T03:45:41+00:00","mainEntityOfPage":{"@id":"https:\/\/www.notibras.com\/site\/depois-da-quarta-cerveja-o-papo-sobre-literatura-ficou-pessoal\/"},"wordCount":856,"publisher":{"@id":"https:\/\/www.notibras.com\/site\/#organization"},"image":{"@id":"https:\/\/www.notibras.com\/site\/depois-da-quarta-cerveja-o-papo-sobre-literatura-ficou-pessoal\/#primaryimage"},"thumbnailUrl":"https:\/\/www.notibras.com\/site\/wp-content\/uploads\/2026\/01\/7fd8ba48-117a-4f13-9db0-afbe9352b8d6.jpg","articleSection":["Caf\u00e9 Liter\u00e1rio"],"inLanguage":"pt-BR"},{"@type":"WebPage","@id":"https:\/\/www.notibras.com\/site\/depois-da-quarta-cerveja-o-papo-sobre-literatura-ficou-pessoal\/","url":"https:\/\/www.notibras.com\/site\/depois-da-quarta-cerveja-o-papo-sobre-literatura-ficou-pessoal\/","name":"Depois da quarta cerveja, o papo sobre literatura ficou pessoal - Notibras","isPartOf":{"@id":"https:\/\/www.notibras.com\/site\/#website"},"primaryImageOfPage":{"@id":"https:\/\/www.notibras.com\/site\/depois-da-quarta-cerveja-o-papo-sobre-literatura-ficou-pessoal\/#primaryimage"},"image":{"@id":"https:\/\/www.notibras.com\/site\/depois-da-quarta-cerveja-o-papo-sobre-literatura-ficou-pessoal\/#primaryimage"},"thumbnailUrl":"https:\/\/www.notibras.com\/site\/wp-content\/uploads\/2026\/01\/7fd8ba48-117a-4f13-9db0-afbe9352b8d6.jpg","datePublished":"2026-01-22T03:45:41+00:00","breadcrumb":{"@id":"https:\/\/www.notibras.com\/site\/depois-da-quarta-cerveja-o-papo-sobre-literatura-ficou-pessoal\/#breadcrumb"},"inLanguage":"pt-BR","potentialAction":[{"@type":"ReadAction","target":["https:\/\/www.notibras.com\/site\/depois-da-quarta-cerveja-o-papo-sobre-literatura-ficou-pessoal\/"]}]},{"@type":"ImageObject","inLanguage":"pt-BR","@id":"https:\/\/www.notibras.com\/site\/depois-da-quarta-cerveja-o-papo-sobre-literatura-ficou-pessoal\/#primaryimage","url":"https:\/\/www.notibras.com\/site\/wp-content\/uploads\/2026\/01\/7fd8ba48-117a-4f13-9db0-afbe9352b8d6.jpg","contentUrl":"https:\/\/www.notibras.com\/site\/wp-content\/uploads\/2026\/01\/7fd8ba48-117a-4f13-9db0-afbe9352b8d6.jpg","width":809,"height":968},{"@type":"BreadcrumbList","@id":"https:\/\/www.notibras.com\/site\/depois-da-quarta-cerveja-o-papo-sobre-literatura-ficou-pessoal\/#breadcrumb","itemListElement":[{"@type":"ListItem","position":1,"name":"In\u00edcio","item":"https:\/\/www.notibras.com\/site\/"},{"@type":"ListItem","position":2,"name":"Depois da quarta cerveja, o papo sobre literatura ficou pessoal"}]},{"@type":"WebSite","@id":"https:\/\/www.notibras.com\/site\/#website","url":"https:\/\/www.notibras.com\/site\/","name":"Notibras","description":"Not\u00edcias de Bras\u00edlia, do Brasil e do Mundo","publisher":{"@id":"https:\/\/www.notibras.com\/site\/#organization"},"potentialAction":[{"@type":"SearchAction","target":{"@type":"EntryPoint","urlTemplate":"https:\/\/www.notibras.com\/site\/?s={search_term_string}"},"query-input":{"@type":"PropertyValueSpecification","valueRequired":true,"valueName":"search_term_string"}}],"inLanguage":"pt-BR"},{"@type":"Organization","@id":"https:\/\/www.notibras.com\/site\/#organization","name":"Grupo Notibras de Comunica\u00e7\u00e3o","url":"https:\/\/www.notibras.com\/site\/","logo":{"@type":"ImageObject","inLanguage":"pt-BR","@id":"https:\/\/www.notibras.com\/site\/#\/schema\/logo\/image\/","url":"https:\/\/www.notibras.com\/site\/wp-content\/uploads\/2023\/01\/notibras23.png","contentUrl":"https:\/\/www.notibras.com\/site\/wp-content\/uploads\/2023\/01\/notibras23.png","width":350,"height":87,"caption":"Grupo Notibras de Comunica\u00e7\u00e3o"},"image":{"@id":"https:\/\/www.notibras.com\/site\/#\/schema\/logo\/image\/"},"sameAs":["https:\/\/www.facebook.com\/notibras\/","https:\/\/x.com\/Notibras","https:\/\/www.instagram.com\/notibras\/"]},{"@type":"Person","@id":"https:\/\/www.notibras.com\/site\/#\/schema\/person\/5b7fabf2aedc3ada2105f03b22b4d3dd","name":"Eduardo Mart\u00ednez","image":{"@type":"ImageObject","inLanguage":"pt-BR","@id":"https:\/\/secure.gravatar.com\/avatar\/7902f906289926289cbcda644b5197c796b893c6ffd7b9a536a42d290f7704a0?s=96&d=mm&r=g","url":"https:\/\/secure.gravatar.com\/avatar\/7902f906289926289cbcda644b5197c796b893c6ffd7b9a536a42d290f7704a0?s=96&d=mm&r=g","contentUrl":"https:\/\/secure.gravatar.com\/avatar\/7902f906289926289cbcda644b5197c796b893c6ffd7b9a536a42d290f7704a0?s=96&d=mm&r=g","caption":"Eduardo Mart\u00ednez"}}]}},"amp_enabled":true,"_links":{"self":[{"href":"https:\/\/www.notibras.com\/site\/wp-json\/wp\/v2\/posts\/379232","targetHints":{"allow":["GET"]}}],"collection":[{"href":"https:\/\/www.notibras.com\/site\/wp-json\/wp\/v2\/posts"}],"about":[{"href":"https:\/\/www.notibras.com\/site\/wp-json\/wp\/v2\/types\/post"}],"author":[{"embeddable":true,"href":"https:\/\/www.notibras.com\/site\/wp-json\/wp\/v2\/users\/21"}],"replies":[{"embeddable":true,"href":"https:\/\/www.notibras.com\/site\/wp-json\/wp\/v2\/comments?post=379232"}],"version-history":[{"count":3,"href":"https:\/\/www.notibras.com\/site\/wp-json\/wp\/v2\/posts\/379232\/revisions"}],"predecessor-version":[{"id":379236,"href":"https:\/\/www.notibras.com\/site\/wp-json\/wp\/v2\/posts\/379232\/revisions\/379236"}],"wp:featuredmedia":[{"embeddable":true,"href":"https:\/\/www.notibras.com\/site\/wp-json\/wp\/v2\/media\/379234"}],"wp:attachment":[{"href":"https:\/\/www.notibras.com\/site\/wp-json\/wp\/v2\/media?parent=379232"}],"wp:term":[{"taxonomy":"category","embeddable":true,"href":"https:\/\/www.notibras.com\/site\/wp-json\/wp\/v2\/categories?post=379232"},{"taxonomy":"post_tag","embeddable":true,"href":"https:\/\/www.notibras.com\/site\/wp-json\/wp\/v2\/tags?post=379232"}],"curies":[{"name":"wp","href":"https:\/\/api.w.org\/{rel}","templated":true}]}}